{"id":10419,"date":"2023-01-16T15:26:51","date_gmt":"2023-01-16T15:26:51","guid":{"rendered":"https:\/\/www.effe3ti.com\/?p=10419"},"modified":"2025-04-15T11:09:59","modified_gmt":"2025-04-15T11:09:59","slug":"abfallpressen-2","status":"publish","type":"post","link":"https:\/\/www.effe3ti.com\/de\/presse-per-rifiuti\/","title":{"rendered":"Die Ballenpressen"},"content":{"rendered":"<h2 class=\"wp-block-heading\">Abfallmanagement im Unternehmen optimieren<\/h2>\n\n\n\n<p>Abf\u00e4lle und Reststoffe im Allgemeinen werden oft als Belastung f\u00fcr den Gesch\u00e4ftsbetrieb angesehen. Durch strategisches Abfallmanagement mithilfe von Ballenpressen lassen sich Kosten senken und Ressourcen f\u00fcr Investitionen in Wachstum freisetzen. Tats\u00e4chlich kann eine vereinfachte Abfallentsorgung einen entscheidenden Unterschied f\u00fcr das Unternehmensergebnis ausmachen.\u00a0<\/p>\n\n\n\n<p>Der <strong>Verpackungspressen<\/strong> Abfall erlauben <strong>Kompresse<\/strong> Papier, Pappe, Kunststoff, Metall usw. Die Materialien werden in der Maschine gepresst und umgewandelt in <strong>B\u00e4lle<\/strong> die manuell oder mit automatischen Systemen gebunden werden, wenig Platz beanspruchen und <strong>Erleichterung der Lagerung<\/strong>.<\/p>\n\n\n\n<p>Mit einer Ballenpresse k\u00f6nnen Sie Abf\u00e4lle sofort unterscheiden: Sobald sie die Ballenpresse verlassen, sind sie zur Abholung bereit.<\/p>\n\n\n\n<figure class=\"wp-block-image\"><img decoding=\"async\" src=\"https:\/\/www.effe3ti.com\/wp-content\/uploads\/2021\/11\/RicicloScarti-1024x576.jpg\" alt=\"Abfallrecycling\"\/><\/figure>\n\n\n\n<p><\/p>\n\n\n\n<h2 class=\"wp-block-heading\">Die Vertikalpressen<\/h2>\n\n\n\n<p>Diese <strong><a href=\"https:\/\/www.effe3ti.com\/de\/verdichterlogistik\/\">Abfallpressen<\/a><\/strong> Es handelt sich um sehr effiziente Maschinen, die wenig Platz beanspruchen. Sie lassen sich problemlos installieren, ohne dass Betriebsfl\u00e4che verloren geht, und sind die beste L\u00f6sung f\u00fcr kleine und mittlere Unternehmen. Es gibt sie mit Einzel- und Mehrraumausstattung; Letztere erm\u00f6glichen es Ihnen, mit derselben Maschine Ballen aus unterschiedlichen Materialien herzustellen.<\/p>\n\n\n\n<figure class=\"wp-block-image\"><img decoding=\"async\" src=\"https:\/\/www.effe3ti.com\/wp-content\/uploads\/2021\/04\/BalePress-18-3-1024x683-1.jpeg\" alt=\"Vertikalpresse\"\/><\/figure>\n\n\n\n<p><\/p>\n\n\n\n<h2 class=\"wp-block-heading\">Gro\u00dfe Abfallmengen<\/h2>\n\n\n\n<p>F\u00fcr Unternehmen, die gro\u00dfe Materialmengen bew\u00e4ltigen m\u00fcssen, gibt es vollautomatische Abfallpressen, wie zum Beispiel <strong><a href=\"https:\/\/www.effe3ti.com\/de\/produkt\/autoloadbaler-automatische-ballenpresse\/\">AutoLoadBaler<\/a><\/strong>, ideal f\u00fcr Kaufh\u00e4user und Superm\u00e4rkte, und <a href=\"https:\/\/www.effe3ti.com\/de\/produkt\/baletainer-automatische-presse\/\"><strong>BaleTainer,<\/strong><\/a> f\u00fcr gro\u00dfe Mengen.<\/p>\n\n\n\n<p>Die Hauptmerkmale dieser Ballenpressen sind ihre gro\u00dfe Leistung und Effizienz kombiniert mit der F\u00e4higkeit, den Ballen vollautomatisch zu binden.<\/p>\n\n\n\n<figure class=\"wp-block-image\"><img decoding=\"async\" src=\"https:\/\/www.effe3ti.com\/wp-content\/uploads\/2021\/04\/BaleTainer-1.jpg\" alt=\"Baletainer\"\/><\/figure>\n\n\n\n<p><\/p>\n\n\n\n<h2 class=\"wp-block-heading\">Besondere Bed\u00fcrfnisse<\/h2>\n\n\n\n<p>F\u00fcr Unternehmen, die expandiertes Polystyrol in gro\u00dfen Mengen verarbeiten m\u00fcssen, gibt es Maschinen, die dieses Material zerkleinern und zu Briketts verdichten, die auf einer Palette gestapelt und dann direkt dem Recyclingprozess zugef\u00fchrt werden k\u00f6nnen. Dr\u00fccken Sie \u201eGef\u00e4llt mir\u201c <strong><a href=\"https:\/\/www.effe3ti.com\/de\/produkt\/cutcompact-bricchettatrice-per-polistirolo\/\">CutCompact<\/a><\/strong> erm\u00f6glichen Ihnen, diesen Prozess einfach und sicher zu automatisieren.<\/p>\n\n\n\n<figure class=\"wp-block-image\"><img decoding=\"async\" src=\"https:\/\/www.effe3ti.com\/wp-content\/uploads\/2021\/04\/Brikettausschub-2-1024x729-1.jpeg\" alt=\"Styroporpresse\"\/><\/figure>\n\n\n\n<p><\/p>\n\n\n\n<p>Wenn Sie jedoch mit Plastikflaschen zu tun haben, die erst geleert werden m\u00fcssen, <a href=\"https:\/\/www.effe3ti.com\/de\/produkt\/liquidrainer-flussigkeitsentleerungssystem\/\"><strong>LiquiDrainer,<\/strong><\/a> Komplett aus Edelstahl gefertigt, ist es die perfekte L\u00f6sung.<\/p>\n\n\n\n<figure class=\"wp-block-image\"><img decoding=\"async\" src=\"https:\/\/www.effe3ti.com\/wp-content\/uploads\/2021\/04\/Liquidrainer-1-1024x1024.jpg\" alt=\"Entleeren von Flaschen und Dosen\"\/><\/figure>\n\n\n\n<p><\/p>\n\n\n\n<h2 class=\"wp-block-heading\">Die Wichtigkeit einer Beratung<\/h2>\n\n\n\n<p>Das Thema Abfallverwertung ist hochaktuell und es gibt Regelungen, die dies regeln.<\/p>\n\n\n\n<p>Jedes Unternehmen hat seine eigenen, spezifischen Bed\u00fcrfnisse und um die richtigen L\u00f6sungen zu finden, ist es wichtig, sich an Lieferanten zu wenden, die \u00fcber Erfahrungen auf diesem Gebiet verf\u00fcgen.<\/p>","protected":false},"excerpt":{"rendered":"<p>Ottimizzare la gestione dei rifiuti in azienda Scarti e rifiuti in generale sono spesso considerati un peso nell\u2019economia delle imprese. Una loro gestione strategica con l&#8217;aiuto di presse per imballaggi, pu\u00f2 ridurre i costi e liberare risorse da reinvestire nella crescita. Infatti semplificare il trattamento degli scarti pu\u00f2 fare la differenza nell\u2019economia dell&#8217;impresa.\u00a0 Le presse [&hellip;]<\/p>\n","protected":false},"author":1,"featured_media":4948,"comment_status":"closed","ping_status":"open","sticky":false,"template":"","format":"standard","meta":{"footnotes":""},"categories":[42],"tags":[],"class_list":["post-10419","post","type-post","status-publish","format-standard","has-post-thumbnail","hentry","category-news-approfondimenti"],"yoast_head":"<!-- This site is optimized with the Yoast SEO plugin v27.4 - https:\/\/yoast.com\/product\/yoast-seo-wordpress\/ -->\n<title>Le presse per imballaggi - Effe3ti<\/title>\n<meta name=\"description\" content=\"Le presse per imballaggi di scarto sono delle attrezzature che possono far risparmiare molto denaro alle aziende e aiutare l&#039;ambiente\" \/>\n<meta name=\"robots\" content=\"index, follow, max-snippet:-1, max-image-preview:large, max-video-preview:-1\" \/>\n<link rel=\"canonical\" href=\"https:\/\/www.effe3ti.com\/de\/abfallpressen-2\/\" \/>\n<meta property=\"og:locale\" content=\"de_DE\" \/>\n<meta property=\"og:type\" content=\"article\" \/>\n<meta property=\"og:title\" content=\"Le presse per imballaggi - Effe3ti\" \/>\n<meta property=\"og:description\" content=\"Le presse per imballaggi di scarto sono delle attrezzature che possono far risparmiare molto denaro alle aziende e aiutare l&#039;ambiente\" \/>\n<meta property=\"og:url\" content=\"https:\/\/www.effe3ti.com\/de\/abfallpressen-2\/\" \/>\n<meta property=\"og:site_name\" content=\"Effe3ti\" \/>\n<meta property=\"article:publisher\" content=\"https:\/\/www.facebook.com\/effe3ti.packaging\" \/>\n<meta property=\"article:published_time\" content=\"2023-01-16T15:26:51+00:00\" \/>\n<meta property=\"article:modified_time\" content=\"2025-04-15T11:09:59+00:00\" \/>\n<meta property=\"og:image\" content=\"https:\/\/www.effe3ti.com\/wp-content\/uploads\/2021\/11\/RicicloScarti.jpg\" \/>\n\t<meta property=\"og:image:width\" content=\"1600\" \/>\n\t<meta property=\"og:image:height\" content=\"900\" \/>\n\t<meta property=\"og:image:type\" content=\"image\/jpeg\" \/>\n<meta name=\"author\" content=\"admin\" \/>\n<meta name=\"twitter:card\" content=\"summary_large_image\" \/>\n<meta name=\"twitter:label1\" content=\"Verfasst von\" \/>\n\t<meta name=\"twitter:data1\" content=\"admin\" \/>\n\t<meta name=\"twitter:label2\" content=\"Gesch\u00e4tzte Lesezeit\" \/>\n\t<meta name=\"twitter:data2\" content=\"4\u00a0Minuten\" \/>\n<script type=\"application\/ld+json\" class=\"yoast-schema-graph\">{\"@context\":\"https:\\\/\\\/schema.org\",\"@graph\":[{\"@type\":\"Article\",\"@id\":\"https:\\\/\\\/www.effe3ti.com\\\/presse-per-rifiuti\\\/#article\",\"isPartOf\":{\"@id\":\"https:\\\/\\\/www.effe3ti.com\\\/presse-per-rifiuti\\\/\"},\"author\":{\"name\":\"admin\",\"@id\":\"https:\\\/\\\/www.effe3ti.com\\\/#\\\/schema\\\/person\\\/6cef6f087618c649ebbf63a4ea46e0d6\"},\"headline\":\"Le presse per imballaggi\",\"datePublished\":\"2023-01-16T15:26:51+00:00\",\"dateModified\":\"2025-04-15T11:09:59+00:00\",\"mainEntityOfPage\":{\"@id\":\"https:\\\/\\\/www.effe3ti.com\\\/presse-per-rifiuti\\\/\"},\"wordCount\":364,\"publisher\":{\"@id\":\"https:\\\/\\\/www.effe3ti.com\\\/#organization\"},\"image\":{\"@id\":\"https:\\\/\\\/www.effe3ti.com\\\/presse-per-rifiuti\\\/#primaryimage\"},\"thumbnailUrl\":\"https:\\\/\\\/www.effe3ti.com\\\/wp-content\\\/uploads\\\/2021\\\/11\\\/RicicloScarti.jpg\",\"articleSection\":[\"Approfondimenti\"],\"inLanguage\":\"de\"},{\"@type\":\"WebPage\",\"@id\":\"https:\\\/\\\/www.effe3ti.com\\\/presse-per-rifiuti\\\/\",\"url\":\"https:\\\/\\\/www.effe3ti.com\\\/presse-per-rifiuti\\\/\",\"name\":\"Le presse per imballaggi - Effe3ti\",\"isPartOf\":{\"@id\":\"https:\\\/\\\/www.effe3ti.com\\\/#website\"},\"primaryImageOfPage\":{\"@id\":\"https:\\\/\\\/www.effe3ti.com\\\/presse-per-rifiuti\\\/#primaryimage\"},\"image\":{\"@id\":\"https:\\\/\\\/www.effe3ti.com\\\/presse-per-rifiuti\\\/#primaryimage\"},\"thumbnailUrl\":\"https:\\\/\\\/www.effe3ti.com\\\/wp-content\\\/uploads\\\/2021\\\/11\\\/RicicloScarti.jpg\",\"datePublished\":\"2023-01-16T15:26:51+00:00\",\"dateModified\":\"2025-04-15T11:09:59+00:00\",\"description\":\"Le presse per imballaggi di scarto sono delle attrezzature che possono far risparmiare molto denaro alle aziende e aiutare l'ambiente\",\"breadcrumb\":{\"@id\":\"https:\\\/\\\/www.effe3ti.com\\\/presse-per-rifiuti\\\/#breadcrumb\"},\"inLanguage\":\"de\",\"potentialAction\":[{\"@type\":\"ReadAction\",\"target\":[\"https:\\\/\\\/www.effe3ti.com\\\/presse-per-rifiuti\\\/\"]}]},{\"@type\":\"ImageObject\",\"inLanguage\":\"de\",\"@id\":\"https:\\\/\\\/www.effe3ti.com\\\/presse-per-rifiuti\\\/#primaryimage\",\"url\":\"https:\\\/\\\/www.effe3ti.com\\\/wp-content\\\/uploads\\\/2021\\\/11\\\/RicicloScarti.jpg\",\"contentUrl\":\"https:\\\/\\\/www.effe3ti.com\\\/wp-content\\\/uploads\\\/2021\\\/11\\\/RicicloScarti.jpg\",\"width\":1600,\"height\":900,\"caption\":\"riciclo scarti\"},{\"@type\":\"BreadcrumbList\",\"@id\":\"https:\\\/\\\/www.effe3ti.com\\\/presse-per-rifiuti\\\/#breadcrumb\",\"itemListElement\":[{\"@type\":\"ListItem\",\"position\":1,\"name\":\"Home\",\"item\":\"https:\\\/\\\/www.effe3ti.com\\\/\"},{\"@type\":\"ListItem\",\"position\":2,\"name\":\"Le presse per imballaggi\"}]},{\"@type\":\"WebSite\",\"@id\":\"https:\\\/\\\/www.effe3ti.com\\\/#website\",\"url\":\"https:\\\/\\\/www.effe3ti.com\\\/\",\"name\":\"Effe3ti\",\"description\":\"Packaging Technologies\",\"publisher\":{\"@id\":\"https:\\\/\\\/www.effe3ti.com\\\/#organization\"},\"potentialAction\":[{\"@type\":\"SearchAction\",\"target\":{\"@type\":\"EntryPoint\",\"urlTemplate\":\"https:\\\/\\\/www.effe3ti.com\\\/?s={search_term_string}\"},\"query-input\":{\"@type\":\"PropertyValueSpecification\",\"valueRequired\":true,\"valueName\":\"search_term_string\"}}],\"inLanguage\":\"de\"},{\"@type\":\"Organization\",\"@id\":\"https:\\\/\\\/www.effe3ti.com\\\/#organization\",\"name\":\"Effe3ti\",\"alternateName\":\"f3t\",\"url\":\"https:\\\/\\\/www.effe3ti.com\\\/\",\"logo\":{\"@type\":\"ImageObject\",\"inLanguage\":\"de\",\"@id\":\"https:\\\/\\\/www.effe3ti.com\\\/#\\\/schema\\\/logo\\\/image\\\/\",\"url\":\"https:\\\/\\\/www.effe3ti.com\\\/wp-content\\\/uploads\\\/2021\\\/04\\\/Effe3ti_logo-350.gif\",\"contentUrl\":\"https:\\\/\\\/www.effe3ti.com\\\/wp-content\\\/uploads\\\/2021\\\/04\\\/Effe3ti_logo-350.gif\",\"width\":350,\"height\":128,\"caption\":\"Effe3ti\"},\"image\":{\"@id\":\"https:\\\/\\\/www.effe3ti.com\\\/#\\\/schema\\\/logo\\\/image\\\/\"},\"sameAs\":[\"https:\\\/\\\/www.facebook.com\\\/effe3ti.packaging\",\"https:\\\/\\\/www.instagram.com\\\/EFFE3TI\\\/\",\"https:\\\/\\\/www.linkedin.com\\\/company\\\/effe3ti-srl\",\"https:\\\/\\\/www.youtube.com\\\/effe3ti\"]},{\"@type\":\"Person\",\"@id\":\"https:\\\/\\\/www.effe3ti.com\\\/#\\\/schema\\\/person\\\/6cef6f087618c649ebbf63a4ea46e0d6\",\"name\":\"admin\",\"image\":{\"@type\":\"ImageObject\",\"inLanguage\":\"de\",\"@id\":\"https:\\\/\\\/secure.gravatar.com\\\/avatar\\\/b253dd15467b2329f0e140e2e96d7a7963ee736a560580d3f5e9ae1015d2b5fd?s=96&d=mm&r=g\",\"url\":\"https:\\\/\\\/secure.gravatar.com\\\/avatar\\\/b253dd15467b2329f0e140e2e96d7a7963ee736a560580d3f5e9ae1015d2b5fd?s=96&d=mm&r=g\",\"contentUrl\":\"https:\\\/\\\/secure.gravatar.com\\\/avatar\\\/b253dd15467b2329f0e140e2e96d7a7963ee736a560580d3f5e9ae1015d2b5fd?s=96&d=mm&r=g\",\"caption\":\"admin\"}}]}<\/script>\n<!-- \/ Yoast SEO plugin. -->","yoast_head_json":{"title":"Verpackungspressen - Effe3ti","description":"Abfallballenpressen sind Ger\u00e4te, die Unternehmen viel Geld sparen und der Umwelt helfen k\u00f6nnen.","robots":{"index":"index","follow":"follow","max-snippet":"max-snippet:-1","max-image-preview":"max-image-preview:large","max-video-preview":"max-video-preview:-1"},"canonical":"https:\/\/www.effe3ti.com\/de\/abfallpressen-2\/","og_locale":"de_DE","og_type":"article","og_title":"Le presse per imballaggi - Effe3ti","og_description":"Le presse per imballaggi di scarto sono delle attrezzature che possono far risparmiare molto denaro alle aziende e aiutare l'ambiente","og_url":"https:\/\/www.effe3ti.com\/de\/abfallpressen-2\/","og_site_name":"Effe3ti","article_publisher":"https:\/\/www.facebook.com\/effe3ti.packaging","article_published_time":"2023-01-16T15:26:51+00:00","article_modified_time":"2025-04-15T11:09:59+00:00","og_image":[{"width":1600,"height":900,"url":"https:\/\/www.effe3ti.com\/wp-content\/uploads\/2021\/11\/RicicloScarti.jpg","type":"image\/jpeg"}],"author":"admin","twitter_card":"summary_large_image","twitter_misc":{"Verfasst von":"admin","Gesch\u00e4tzte Lesezeit":"4\u00a0Minuten"},"schema":{"@context":"https:\/\/schema.org","@graph":[{"@type":"Article","@id":"https:\/\/www.effe3ti.com\/presse-per-rifiuti\/#article","isPartOf":{"@id":"https:\/\/www.effe3ti.com\/presse-per-rifiuti\/"},"author":{"name":"admin","@id":"https:\/\/www.effe3ti.com\/#\/schema\/person\/6cef6f087618c649ebbf63a4ea46e0d6"},"headline":"Le presse per imballaggi","datePublished":"2023-01-16T15:26:51+00:00","dateModified":"2025-04-15T11:09:59+00:00","mainEntityOfPage":{"@id":"https:\/\/www.effe3ti.com\/presse-per-rifiuti\/"},"wordCount":364,"publisher":{"@id":"https:\/\/www.effe3ti.com\/#organization"},"image":{"@id":"https:\/\/www.effe3ti.com\/presse-per-rifiuti\/#primaryimage"},"thumbnailUrl":"https:\/\/www.effe3ti.com\/wp-content\/uploads\/2021\/11\/RicicloScarti.jpg","articleSection":["Approfondimenti"],"inLanguage":"de"},{"@type":"WebPage","@id":"https:\/\/www.effe3ti.com\/presse-per-rifiuti\/","url":"https:\/\/www.effe3ti.com\/presse-per-rifiuti\/","name":"Verpackungspressen - Effe3ti","isPartOf":{"@id":"https:\/\/www.effe3ti.com\/#website"},"primaryImageOfPage":{"@id":"https:\/\/www.effe3ti.com\/presse-per-rifiuti\/#primaryimage"},"image":{"@id":"https:\/\/www.effe3ti.com\/presse-per-rifiuti\/#primaryimage"},"thumbnailUrl":"https:\/\/www.effe3ti.com\/wp-content\/uploads\/2021\/11\/RicicloScarti.jpg","datePublished":"2023-01-16T15:26:51+00:00","dateModified":"2025-04-15T11:09:59+00:00","description":"Abfallballenpressen sind Ger\u00e4te, die Unternehmen viel Geld sparen und der Umwelt helfen k\u00f6nnen.","breadcrumb":{"@id":"https:\/\/www.effe3ti.com\/presse-per-rifiuti\/#breadcrumb"},"inLanguage":"de","potentialAction":[{"@type":"ReadAction","target":["https:\/\/www.effe3ti.com\/presse-per-rifiuti\/"]}]},{"@type":"ImageObject","inLanguage":"de","@id":"https:\/\/www.effe3ti.com\/presse-per-rifiuti\/#primaryimage","url":"https:\/\/www.effe3ti.com\/wp-content\/uploads\/2021\/11\/RicicloScarti.jpg","contentUrl":"https:\/\/www.effe3ti.com\/wp-content\/uploads\/2021\/11\/RicicloScarti.jpg","width":1600,"height":900,"caption":"riciclo scarti"},{"@type":"BreadcrumbList","@id":"https:\/\/www.effe3ti.com\/presse-per-rifiuti\/#breadcrumb","itemListElement":[{"@type":"ListItem","position":1,"name":"Home","item":"https:\/\/www.effe3ti.com\/"},{"@type":"ListItem","position":2,"name":"Le presse per imballaggi"}]},{"@type":"WebSite","@id":"https:\/\/www.effe3ti.com\/#website","url":"https:\/\/www.effe3ti.com\/","name":"Effe3ti","description":"Verpackungstechnologien","publisher":{"@id":"https:\/\/www.effe3ti.com\/#organization"},"potentialAction":[{"@type":"SearchAction","target":{"@type":"EntryPoint","urlTemplate":"https:\/\/www.effe3ti.com\/?s={search_term_string}"},"query-input":{"@type":"PropertyValueSpecification","valueRequired":true,"valueName":"search_term_string"}}],"inLanguage":"de"},{"@type":"Organization","@id":"https:\/\/www.effe3ti.com\/#organization","name":"Effe3ti","alternateName":"f3t","url":"https:\/\/www.effe3ti.com\/","logo":{"@type":"ImageObject","inLanguage":"de","@id":"https:\/\/www.effe3ti.com\/#\/schema\/logo\/image\/","url":"https:\/\/www.effe3ti.com\/wp-content\/uploads\/2021\/04\/Effe3ti_logo-350.gif","contentUrl":"https:\/\/www.effe3ti.com\/wp-content\/uploads\/2021\/04\/Effe3ti_logo-350.gif","width":350,"height":128,"caption":"Effe3ti"},"image":{"@id":"https:\/\/www.effe3ti.com\/#\/schema\/logo\/image\/"},"sameAs":["https:\/\/www.facebook.com\/effe3ti.packaging","https:\/\/www.instagram.com\/EFFE3TI\/","https:\/\/www.linkedin.com\/company\/effe3ti-srl","https:\/\/www.youtube.com\/effe3ti"]},{"@type":"Person","@id":"https:\/\/www.effe3ti.com\/#\/schema\/person\/6cef6f087618c649ebbf63a4ea46e0d6","name":"Administrator","image":{"@type":"ImageObject","inLanguage":"de","@id":"https:\/\/secure.gravatar.com\/avatar\/b253dd15467b2329f0e140e2e96d7a7963ee736a560580d3f5e9ae1015d2b5fd?s=96&d=mm&r=g","url":"https:\/\/secure.gravatar.com\/avatar\/b253dd15467b2329f0e140e2e96d7a7963ee736a560580d3f5e9ae1015d2b5fd?s=96&d=mm&r=g","contentUrl":"https:\/\/secure.gravatar.com\/avatar\/b253dd15467b2329f0e140e2e96d7a7963ee736a560580d3f5e9ae1015d2b5fd?s=96&d=mm&r=g","caption":"admin"}}]}},"_links":{"self":[{"href":"https:\/\/www.effe3ti.com\/de\/wp-json\/wp\/v2\/posts\/10419","targetHints":{"allow":["GET"]}}],"collection":[{"href":"https:\/\/www.effe3ti.com\/de\/wp-json\/wp\/v2\/posts"}],"about":[{"href":"https:\/\/www.effe3ti.com\/de\/wp-json\/wp\/v2\/types\/post"}],"author":[{"embeddable":true,"href":"https:\/\/www.effe3ti.com\/de\/wp-json\/wp\/v2\/users\/1"}],"replies":[{"embeddable":true,"href":"https:\/\/www.effe3ti.com\/de\/wp-json\/wp\/v2\/comments?post=10419"}],"version-history":[{"count":4,"href":"https:\/\/www.effe3ti.com\/de\/wp-json\/wp\/v2\/posts\/10419\/revisions"}],"predecessor-version":[{"id":22929,"href":"https:\/\/www.effe3ti.com\/de\/wp-json\/wp\/v2\/posts\/10419\/revisions\/22929"}],"wp:featuredmedia":[{"embeddable":true,"href":"https:\/\/www.effe3ti.com\/de\/wp-json\/wp\/v2\/media\/4948"}],"wp:attachment":[{"href":"https:\/\/www.effe3ti.com\/de\/wp-json\/wp\/v2\/media?parent=10419"}],"wp:term":[{"taxonomy":"category","embeddable":true,"href":"https:\/\/www.effe3ti.com\/de\/wp-json\/wp\/v2\/categories?post=10419"},{"taxonomy":"post_tag","embeddable":true,"href":"https:\/\/www.effe3ti.com\/de\/wp-json\/wp\/v2\/tags?post=10419"}],"curies":[{"name":"wp","href":"https:\/\/api.w.org\/{rel}","templated":true}]}}