{"id":11305,"date":"2023-06-30T08:22:11","date_gmt":"2023-06-30T08:22:11","guid":{"rendered":"https:\/\/www.effe3ti.com\/?p=11305"},"modified":"2025-04-15T10:15:21","modified_gmt":"2025-04-15T10:15:21","slug":"styropresse-zum-verdichten-von-styroporverpackungen","status":"publish","type":"post","link":"https:\/\/www.effe3ti.com\/de\/styropress-per-compattare-imballi-in-polistirolo\/","title":{"rendered":"Styropress zum Verdichten von Styroporverpackungen"},"content":{"rendered":"<h2 class=\"wp-block-heading\">Styroporverdichter zerkleinern und verdichten EPS-Abf\u00e4lle (expandiertes Polystyrol) zu Bl\u00f6cken, die die Lagerung, Handhabung und Entsorgung vereinfachen.<\/h2>\n\n\n\n<p>In der Transportlogistik, der Elektronikbranche und im Lebensmittelhandel fallen in Unternehmen t\u00e4glich gro\u00dfe Mengen Polystyrolabf\u00e4lle an. Diese landen in sperrigen S\u00e4cken oder auf sperrigen Paletten und nehmen Platz weg, w\u00e4hrend sie darauf warten, abgeholt und auf die M\u00fclldeponie gebracht zu werden.<\/p>\n\n\n\n<p>Es gibt jedoch ein viel effektiveres und entschieden vorteilhafteres Modell zur Bewirtschaftung dieser Abf\u00e4lle: <strong>Verdichtung.<\/strong><\/p>\n\n\n\n<h3 class=\"wp-block-heading\">Viel Qualit\u00e4t, aber viel Volumen<\/h3>\n\n\n\n<p>Expandiertes Polystyrol (EPS), allgemein als Styropor bekannt, ist ein Material, das leicht recycelt und wiederverwendet werden kann, um neue Verpackungen oder Materialien herzustellen, die in verschiedenen Bereichen eingesetzt werden k\u00f6nnen.<\/p>\n\n\n\n<p>Polystyrol ist ein ungiftiges, wasserdichtes, isolierendes, sto\u00df- und bakterienbest\u00e4ndiges Material und wird daher h\u00e4ufig zur Herstellung von Verpackungen verwendet, die jedoch sehr sperrig sind.<\/p>\n\n\n\n<p>Wenn ein Unternehmen gro\u00dfe Mengen EPS-Abfall produziert, ist es mit Schwierigkeiten wie erh\u00f6hten Kosten und Risiken im Zusammenhang mit der internen Logistik, Verlust wertvollen Platzes und erh\u00f6hten Entsorgungskosten aufgrund der zahlreichen Abholungen durch spezialisierte Unternehmen konfrontiert.<\/p>\n\n\n\n<figure class=\"wp-block-image\"><img decoding=\"async\" src=\"https:\/\/www.effe3ti.com\/wp-content\/uploads\/2023\/06\/styropress-1.jpeg\" alt=\"Verdichtetes Polystyrol\"\/><\/figure>\n\n\n\n<p><\/p>\n\n\n\n<h3 class=\"wp-block-heading\">Das Verdichten von Polystyrol wird zum Vorteil<\/h3>\n\n\n\n<p>Die Einf\u00fchrung einer Styroporpresse in die Verwaltung von Unternehmensabf\u00e4llen ist sicherlich die effektivste strategische L\u00f6sung.<\/p>\n\n\n\n<p><strong><a href=\"https:\/\/www.effe3ti.com\/de\/produkt\/styropress-brikettpresse-fur-polystyrol\/\">Styropresse<\/a><\/strong> d\u00fcrfen <strong>kalt kompakt<\/strong> EPS-Abfall durch Reduzierung seines Volumens <strong>bis zu 97%!<\/strong><\/p>\n\n\n\n<p>Die hergestellten Briketts sind stabil, gleichm\u00e4\u00dfig, leicht zu handhaben und vereinfachen die interne Logistik.<\/p>\n\n\n\n<p>Die Vorteile?<\/p>\n\n\n\n<ul class=\"wp-block-list\">\n<li><strong>reduziert den Platzbedarf f\u00fcr die Lagerung:<\/strong> Verdichtetes EPS ist problemlos auf Paletten stapelbar<\/li>\n\n\n\n<li><strong>reduziert Kosten<\/strong>: Verdichtete Bl\u00f6cke erm\u00f6glichen maximale Belastung<\/li>\n\n\n\n<li><strong>Optimierung der internen Logistik:<\/strong> Eine strategisch platzierte Presse begrenzt die Bewegung und reduziert Betriebskosten (und Unf\u00e4lle).<\/li>\n\n\n\n<li><strong>Steigern Sie Ihren Verdienst:<\/strong> Kaltverdichtetes Polystyrol kann an Recyclingunternehmen weiterverkauft werden<\/li>\n<\/ul>\n\n\n\n<h3 class=\"wp-block-heading\">Wir sind davon \u00fcberzeugt<\/h3>\n\n\n\n<p>Wir haben installiert <a href=\"https:\/\/www.effe3ti.com\/de\/produkt\/styropress-brikettpresse-fur-polystyrol\/\">Styropresse<\/a> in vielen Situationen und wir k\u00f6nnen garantieren, dass die Ergebnisse hervorragend sind!<\/p>\n\n\n\n<p>Es handelt sich au\u00dferdem um eine Presse, die rund um die Uhr automatisch arbeiten kann.<\/p>\n\n\n\n<figure class=\"wp-block-video\"><video height=\"480\" style=\"aspect-ratio: 854 \/ 480;\" width=\"854\" controls src=\"https:\/\/www.effe3ti.com\/wp-content\/uploads\/2023\/06\/styropress-effe3ti.mp4\"><\/video><\/figure>","protected":false},"excerpt":{"rendered":"<p>Le presse per compattare polistirolo triturano e compattano gli scarti di EPS (polistirolo espanso) in blocchi che ne semplificano lo stoccaggio, la movimentazione e lo smaltimento. Nella logistica dei trasporti, nell\u2019elettronica, nel commercio alimentare, le imprese ogni giorno accumulano elevati quantitativi di scarti di polistirolo. Finiscono in sacchi voluminosi o bancali ingombranti, a occupare spazio [&hellip;]<\/p>\n","protected":false},"author":1,"featured_media":282,"comment_status":"closed","ping_status":"open","sticky":false,"template":"","format":"standard","meta":{"footnotes":""},"categories":[42],"tags":[],"class_list":["post-11305","post","type-post","status-publish","format-standard","has-post-thumbnail","hentry","category-news-approfondimenti"],"yoast_head":"<!-- This site is optimized with the Yoast SEO plugin v27.5 - https:\/\/yoast.com\/product\/yoast-seo-wordpress\/ -->\n<title>Styropress per compattare imballi in polistirolo - Effe3ti<\/title>\n<meta name=\"description\" content=\"Compattare polistirolo? Con Styropress riducete il volume dell&#039;EPS di scarto fino al 97%!\" \/>\n<meta name=\"robots\" content=\"index, follow, max-snippet:-1, max-image-preview:large, max-video-preview:-1\" \/>\n<link rel=\"canonical\" href=\"https:\/\/www.effe3ti.com\/de\/styropresse-zum-verdichten-von-styroporverpackungen\/\" \/>\n<meta property=\"og:locale\" content=\"de_DE\" \/>\n<meta property=\"og:type\" content=\"article\" \/>\n<meta property=\"og:title\" content=\"Styropress per compattare imballi in polistirolo - Effe3ti\" \/>\n<meta property=\"og:description\" content=\"Compattare polistirolo? Con Styropress riducete il volume dell&#039;EPS di scarto fino al 97%!\" \/>\n<meta property=\"og:url\" content=\"https:\/\/www.effe3ti.com\/de\/styropresse-zum-verdichten-von-styroporverpackungen\/\" \/>\n<meta property=\"og:site_name\" content=\"Effe3ti\" \/>\n<meta property=\"article:publisher\" content=\"https:\/\/www.facebook.com\/effe3ti.packaging\" \/>\n<meta property=\"article:published_time\" content=\"2023-06-30T08:22:11+00:00\" \/>\n<meta property=\"article:modified_time\" content=\"2025-04-15T10:15:21+00:00\" \/>\n<meta property=\"og:image\" content=\"https:\/\/www.effe3ti.com\/wp-content\/uploads\/2021\/04\/Cutcompact.jpg\" \/>\n\t<meta property=\"og:image:width\" content=\"1200\" \/>\n\t<meta property=\"og:image:height\" content=\"1200\" \/>\n\t<meta property=\"og:image:type\" content=\"image\/jpeg\" \/>\n<meta name=\"author\" content=\"admin\" \/>\n<meta name=\"twitter:card\" content=\"summary_large_image\" \/>\n<meta name=\"twitter:label1\" content=\"Verfasst von\" \/>\n\t<meta name=\"twitter:data1\" content=\"admin\" \/>\n\t<meta name=\"twitter:label2\" content=\"Gesch\u00e4tzte Lesezeit\" \/>\n\t<meta name=\"twitter:data2\" content=\"3\u00a0Minuten\" \/>\n<script type=\"application\/ld+json\" class=\"yoast-schema-graph\">{\"@context\":\"https:\\\/\\\/schema.org\",\"@graph\":[{\"@type\":\"Article\",\"@id\":\"https:\\\/\\\/www.effe3ti.com\\\/styropress-per-compattare-imballi-in-polistirolo\\\/#article\",\"isPartOf\":{\"@id\":\"https:\\\/\\\/www.effe3ti.com\\\/styropress-per-compattare-imballi-in-polistirolo\\\/\"},\"author\":{\"name\":\"admin\",\"@id\":\"https:\\\/\\\/www.effe3ti.com\\\/#\\\/schema\\\/person\\\/6cef6f087618c649ebbf63a4ea46e0d6\"},\"headline\":\"Styropress per compattare imballi in polistirolo\",\"datePublished\":\"2023-06-30T08:22:11+00:00\",\"dateModified\":\"2025-04-15T10:15:21+00:00\",\"mainEntityOfPage\":{\"@id\":\"https:\\\/\\\/www.effe3ti.com\\\/styropress-per-compattare-imballi-in-polistirolo\\\/\"},\"wordCount\":328,\"publisher\":{\"@id\":\"https:\\\/\\\/www.effe3ti.com\\\/#organization\"},\"image\":{\"@id\":\"https:\\\/\\\/www.effe3ti.com\\\/styropress-per-compattare-imballi-in-polistirolo\\\/#primaryimage\"},\"thumbnailUrl\":\"https:\\\/\\\/www.effe3ti.com\\\/wp-content\\\/uploads\\\/2021\\\/04\\\/Cutcompact.jpg\",\"articleSection\":[\"Approfondimenti\"],\"inLanguage\":\"de\"},{\"@type\":\"WebPage\",\"@id\":\"https:\\\/\\\/www.effe3ti.com\\\/styropress-per-compattare-imballi-in-polistirolo\\\/\",\"url\":\"https:\\\/\\\/www.effe3ti.com\\\/styropress-per-compattare-imballi-in-polistirolo\\\/\",\"name\":\"Styropress per compattare imballi in polistirolo - Effe3ti\",\"isPartOf\":{\"@id\":\"https:\\\/\\\/www.effe3ti.com\\\/#website\"},\"primaryImageOfPage\":{\"@id\":\"https:\\\/\\\/www.effe3ti.com\\\/styropress-per-compattare-imballi-in-polistirolo\\\/#primaryimage\"},\"image\":{\"@id\":\"https:\\\/\\\/www.effe3ti.com\\\/styropress-per-compattare-imballi-in-polistirolo\\\/#primaryimage\"},\"thumbnailUrl\":\"https:\\\/\\\/www.effe3ti.com\\\/wp-content\\\/uploads\\\/2021\\\/04\\\/Cutcompact.jpg\",\"datePublished\":\"2023-06-30T08:22:11+00:00\",\"dateModified\":\"2025-04-15T10:15:21+00:00\",\"description\":\"Compattare polistirolo? Con Styropress riducete il volume dell'EPS di scarto fino al 97%!\",\"breadcrumb\":{\"@id\":\"https:\\\/\\\/www.effe3ti.com\\\/styropress-per-compattare-imballi-in-polistirolo\\\/#breadcrumb\"},\"inLanguage\":\"de\",\"potentialAction\":[{\"@type\":\"ReadAction\",\"target\":[\"https:\\\/\\\/www.effe3ti.com\\\/styropress-per-compattare-imballi-in-polistirolo\\\/\"]}]},{\"@type\":\"ImageObject\",\"inLanguage\":\"de\",\"@id\":\"https:\\\/\\\/www.effe3ti.com\\\/styropress-per-compattare-imballi-in-polistirolo\\\/#primaryimage\",\"url\":\"https:\\\/\\\/www.effe3ti.com\\\/wp-content\\\/uploads\\\/2021\\\/04\\\/Cutcompact.jpg\",\"contentUrl\":\"https:\\\/\\\/www.effe3ti.com\\\/wp-content\\\/uploads\\\/2021\\\/04\\\/Cutcompact.jpg\",\"width\":1200,\"height\":1200,\"caption\":\"compattazione polistirolo\"},{\"@type\":\"BreadcrumbList\",\"@id\":\"https:\\\/\\\/www.effe3ti.com\\\/styropress-per-compattare-imballi-in-polistirolo\\\/#breadcrumb\",\"itemListElement\":[{\"@type\":\"ListItem\",\"position\":1,\"name\":\"Home\",\"item\":\"https:\\\/\\\/www.effe3ti.com\\\/\"},{\"@type\":\"ListItem\",\"position\":2,\"name\":\"Styropress per compattare imballi in polistirolo\"}]},{\"@type\":\"WebSite\",\"@id\":\"https:\\\/\\\/www.effe3ti.com\\\/#website\",\"url\":\"https:\\\/\\\/www.effe3ti.com\\\/\",\"name\":\"Effe3ti\",\"description\":\"Packaging Technologies\",\"publisher\":{\"@id\":\"https:\\\/\\\/www.effe3ti.com\\\/#organization\"},\"potentialAction\":[{\"@type\":\"SearchAction\",\"target\":{\"@type\":\"EntryPoint\",\"urlTemplate\":\"https:\\\/\\\/www.effe3ti.com\\\/?s={search_term_string}\"},\"query-input\":{\"@type\":\"PropertyValueSpecification\",\"valueRequired\":true,\"valueName\":\"search_term_string\"}}],\"inLanguage\":\"de\"},{\"@type\":\"Organization\",\"@id\":\"https:\\\/\\\/www.effe3ti.com\\\/#organization\",\"name\":\"Effe3ti\",\"alternateName\":\"f3t\",\"url\":\"https:\\\/\\\/www.effe3ti.com\\\/\",\"logo\":{\"@type\":\"ImageObject\",\"inLanguage\":\"de\",\"@id\":\"https:\\\/\\\/www.effe3ti.com\\\/#\\\/schema\\\/logo\\\/image\\\/\",\"url\":\"https:\\\/\\\/www.effe3ti.com\\\/wp-content\\\/uploads\\\/2021\\\/04\\\/Effe3ti_logo-350.gif\",\"contentUrl\":\"https:\\\/\\\/www.effe3ti.com\\\/wp-content\\\/uploads\\\/2021\\\/04\\\/Effe3ti_logo-350.gif\",\"width\":350,\"height\":128,\"caption\":\"Effe3ti\"},\"image\":{\"@id\":\"https:\\\/\\\/www.effe3ti.com\\\/#\\\/schema\\\/logo\\\/image\\\/\"},\"sameAs\":[\"https:\\\/\\\/www.facebook.com\\\/effe3ti.packaging\",\"https:\\\/\\\/www.instagram.com\\\/EFFE3TI\\\/\",\"https:\\\/\\\/www.linkedin.com\\\/company\\\/effe3ti-srl\",\"https:\\\/\\\/www.youtube.com\\\/effe3ti\"]},{\"@type\":\"Person\",\"@id\":\"https:\\\/\\\/www.effe3ti.com\\\/#\\\/schema\\\/person\\\/6cef6f087618c649ebbf63a4ea46e0d6\",\"name\":\"admin\",\"image\":{\"@type\":\"ImageObject\",\"inLanguage\":\"de\",\"@id\":\"https:\\\/\\\/secure.gravatar.com\\\/avatar\\\/b253dd15467b2329f0e140e2e96d7a7963ee736a560580d3f5e9ae1015d2b5fd?s=96&d=mm&r=g\",\"url\":\"https:\\\/\\\/secure.gravatar.com\\\/avatar\\\/b253dd15467b2329f0e140e2e96d7a7963ee736a560580d3f5e9ae1015d2b5fd?s=96&d=mm&r=g\",\"contentUrl\":\"https:\\\/\\\/secure.gravatar.com\\\/avatar\\\/b253dd15467b2329f0e140e2e96d7a7963ee736a560580d3f5e9ae1015d2b5fd?s=96&d=mm&r=g\",\"caption\":\"admin\"}}]}<\/script>\n<!-- \/ Yoast SEO plugin. -->","yoast_head_json":{"title":"Styropress zum Verdichten von Styroporverpackungen - Effe3ti","description":"Styropor verdichten? Mit Styropress reduzieren Sie das EPS-Abfallvolumen um bis zu 971 t\/3 t!","robots":{"index":"index","follow":"follow","max-snippet":"max-snippet:-1","max-image-preview":"max-image-preview:large","max-video-preview":"max-video-preview:-1"},"canonical":"https:\/\/www.effe3ti.com\/de\/styropresse-zum-verdichten-von-styroporverpackungen\/","og_locale":"de_DE","og_type":"article","og_title":"Styropress per compattare imballi in polistirolo - Effe3ti","og_description":"Compattare polistirolo? Con Styropress riducete il volume dell'EPS di scarto fino al 97%!","og_url":"https:\/\/www.effe3ti.com\/de\/styropresse-zum-verdichten-von-styroporverpackungen\/","og_site_name":"Effe3ti","article_publisher":"https:\/\/www.facebook.com\/effe3ti.packaging","article_published_time":"2023-06-30T08:22:11+00:00","article_modified_time":"2025-04-15T10:15:21+00:00","og_image":[{"width":1200,"height":1200,"url":"https:\/\/www.effe3ti.com\/wp-content\/uploads\/2021\/04\/Cutcompact.jpg","type":"image\/jpeg"}],"author":"admin","twitter_card":"summary_large_image","twitter_misc":{"Verfasst von":"admin","Gesch\u00e4tzte Lesezeit":"3\u00a0Minuten"},"schema":{"@context":"https:\/\/schema.org","@graph":[{"@type":"Article","@id":"https:\/\/www.effe3ti.com\/styropress-per-compattare-imballi-in-polistirolo\/#article","isPartOf":{"@id":"https:\/\/www.effe3ti.com\/styropress-per-compattare-imballi-in-polistirolo\/"},"author":{"name":"admin","@id":"https:\/\/www.effe3ti.com\/#\/schema\/person\/6cef6f087618c649ebbf63a4ea46e0d6"},"headline":"Styropress per compattare imballi in polistirolo","datePublished":"2023-06-30T08:22:11+00:00","dateModified":"2025-04-15T10:15:21+00:00","mainEntityOfPage":{"@id":"https:\/\/www.effe3ti.com\/styropress-per-compattare-imballi-in-polistirolo\/"},"wordCount":328,"publisher":{"@id":"https:\/\/www.effe3ti.com\/#organization"},"image":{"@id":"https:\/\/www.effe3ti.com\/styropress-per-compattare-imballi-in-polistirolo\/#primaryimage"},"thumbnailUrl":"https:\/\/www.effe3ti.com\/wp-content\/uploads\/2021\/04\/Cutcompact.jpg","articleSection":["Approfondimenti"],"inLanguage":"de"},{"@type":"WebPage","@id":"https:\/\/www.effe3ti.com\/styropress-per-compattare-imballi-in-polistirolo\/","url":"https:\/\/www.effe3ti.com\/styropress-per-compattare-imballi-in-polistirolo\/","name":"Styropress zum Verdichten von Styroporverpackungen - Effe3ti","isPartOf":{"@id":"https:\/\/www.effe3ti.com\/#website"},"primaryImageOfPage":{"@id":"https:\/\/www.effe3ti.com\/styropress-per-compattare-imballi-in-polistirolo\/#primaryimage"},"image":{"@id":"https:\/\/www.effe3ti.com\/styropress-per-compattare-imballi-in-polistirolo\/#primaryimage"},"thumbnailUrl":"https:\/\/www.effe3ti.com\/wp-content\/uploads\/2021\/04\/Cutcompact.jpg","datePublished":"2023-06-30T08:22:11+00:00","dateModified":"2025-04-15T10:15:21+00:00","description":"Styropor verdichten? Mit Styropress reduzieren Sie das EPS-Abfallvolumen um bis zu 971 t\/3 t!","breadcrumb":{"@id":"https:\/\/www.effe3ti.com\/styropress-per-compattare-imballi-in-polistirolo\/#breadcrumb"},"inLanguage":"de","potentialAction":[{"@type":"ReadAction","target":["https:\/\/www.effe3ti.com\/styropress-per-compattare-imballi-in-polistirolo\/"]}]},{"@type":"ImageObject","inLanguage":"de","@id":"https:\/\/www.effe3ti.com\/styropress-per-compattare-imballi-in-polistirolo\/#primaryimage","url":"https:\/\/www.effe3ti.com\/wp-content\/uploads\/2021\/04\/Cutcompact.jpg","contentUrl":"https:\/\/www.effe3ti.com\/wp-content\/uploads\/2021\/04\/Cutcompact.jpg","width":1200,"height":1200,"caption":"compattazione polistirolo"},{"@type":"BreadcrumbList","@id":"https:\/\/www.effe3ti.com\/styropress-per-compattare-imballi-in-polistirolo\/#breadcrumb","itemListElement":[{"@type":"ListItem","position":1,"name":"Home","item":"https:\/\/www.effe3ti.com\/"},{"@type":"ListItem","position":2,"name":"Styropress per compattare imballi in polistirolo"}]},{"@type":"WebSite","@id":"https:\/\/www.effe3ti.com\/#website","url":"https:\/\/www.effe3ti.com\/","name":"Effe3ti","description":"Verpackungstechnologien","publisher":{"@id":"https:\/\/www.effe3ti.com\/#organization"},"potentialAction":[{"@type":"SearchAction","target":{"@type":"EntryPoint","urlTemplate":"https:\/\/www.effe3ti.com\/?s={search_term_string}"},"query-input":{"@type":"PropertyValueSpecification","valueRequired":true,"valueName":"search_term_string"}}],"inLanguage":"de"},{"@type":"Organization","@id":"https:\/\/www.effe3ti.com\/#organization","name":"Effe3ti","alternateName":"f3t","url":"https:\/\/www.effe3ti.com\/","logo":{"@type":"ImageObject","inLanguage":"de","@id":"https:\/\/www.effe3ti.com\/#\/schema\/logo\/image\/","url":"https:\/\/www.effe3ti.com\/wp-content\/uploads\/2021\/04\/Effe3ti_logo-350.gif","contentUrl":"https:\/\/www.effe3ti.com\/wp-content\/uploads\/2021\/04\/Effe3ti_logo-350.gif","width":350,"height":128,"caption":"Effe3ti"},"image":{"@id":"https:\/\/www.effe3ti.com\/#\/schema\/logo\/image\/"},"sameAs":["https:\/\/www.facebook.com\/effe3ti.packaging","https:\/\/www.instagram.com\/EFFE3TI\/","https:\/\/www.linkedin.com\/company\/effe3ti-srl","https:\/\/www.youtube.com\/effe3ti"]},{"@type":"Person","@id":"https:\/\/www.effe3ti.com\/#\/schema\/person\/6cef6f087618c649ebbf63a4ea46e0d6","name":"Administrator","image":{"@type":"ImageObject","inLanguage":"de","@id":"https:\/\/secure.gravatar.com\/avatar\/b253dd15467b2329f0e140e2e96d7a7963ee736a560580d3f5e9ae1015d2b5fd?s=96&d=mm&r=g","url":"https:\/\/secure.gravatar.com\/avatar\/b253dd15467b2329f0e140e2e96d7a7963ee736a560580d3f5e9ae1015d2b5fd?s=96&d=mm&r=g","contentUrl":"https:\/\/secure.gravatar.com\/avatar\/b253dd15467b2329f0e140e2e96d7a7963ee736a560580d3f5e9ae1015d2b5fd?s=96&d=mm&r=g","caption":"admin"}}]}},"_links":{"self":[{"href":"https:\/\/www.effe3ti.com\/de\/wp-json\/wp\/v2\/posts\/11305","targetHints":{"allow":["GET"]}}],"collection":[{"href":"https:\/\/www.effe3ti.com\/de\/wp-json\/wp\/v2\/posts"}],"about":[{"href":"https:\/\/www.effe3ti.com\/de\/wp-json\/wp\/v2\/types\/post"}],"author":[{"embeddable":true,"href":"https:\/\/www.effe3ti.com\/de\/wp-json\/wp\/v2\/users\/1"}],"replies":[{"embeddable":true,"href":"https:\/\/www.effe3ti.com\/de\/wp-json\/wp\/v2\/comments?post=11305"}],"version-history":[{"count":4,"href":"https:\/\/www.effe3ti.com\/de\/wp-json\/wp\/v2\/posts\/11305\/revisions"}],"predecessor-version":[{"id":22927,"href":"https:\/\/www.effe3ti.com\/de\/wp-json\/wp\/v2\/posts\/11305\/revisions\/22927"}],"wp:featuredmedia":[{"embeddable":true,"href":"https:\/\/www.effe3ti.com\/de\/wp-json\/wp\/v2\/media\/282"}],"wp:attachment":[{"href":"https:\/\/www.effe3ti.com\/de\/wp-json\/wp\/v2\/media?parent=11305"}],"wp:term":[{"taxonomy":"category","embeddable":true,"href":"https:\/\/www.effe3ti.com\/de\/wp-json\/wp\/v2\/categories?post=11305"},{"taxonomy":"post_tag","embeddable":true,"href":"https:\/\/www.effe3ti.com\/de\/wp-json\/wp\/v2\/tags?post=11305"}],"curies":[{"name":"wp","href":"https:\/\/api.w.org\/{rel}","templated":true}]}}