{"id":16518,"date":"2024-09-03T14:36:20","date_gmt":"2024-09-03T14:36:20","guid":{"rendered":"https:\/\/www.effe3ti.com\/?p=16518"},"modified":"2025-04-17T06:55:03","modified_gmt":"2025-04-17T06:55:03","slug":"effe3ti-ihre-produkte-unsere-pflege","status":"publish","type":"post","link":"https:\/\/www.effe3ti.com\/de\/effe3ti-i-vostri-prodotti-la-nostra-cura\/","title":{"rendered":"EFFE3ti Verpackungstechnologien. Ihre Produkte Unsere Sorgfalt"},"content":{"rendered":"<p>F\u00fchrendes Unternehmen in der <a href=\"https:\/\/www.effe3ti.com\/de\/uber-effe3ti-verpackungen\/\">Verpackung<\/a> von Produkten auf Paletten bieten wir Ihnen die besten L\u00f6sungen und modernsten Technologien zum Schutz Ihrer Produkte.<\/p>\n\n\n\n<p>Das Unternehmen, das im Jahr 2024 sein 25-j\u00e4hriges Bestehen feierte, besch\u00e4ftigt derzeit 24 Mitarbeiter und verf\u00fcgt \u00fcber eine Produktionsfl\u00e4che von 5000 m\u00b2 unter der direkten Aufsicht der Gr\u00fcnder.<\/p>\n\n\n\n<p>Direkte Hilfestellung, technischer Support und die M\u00f6glichkeit einer ma\u00dfgeschneiderten Verpackung f\u00fcr jedes einzelne Produkt und jeden Bedarf machen EFFE3ti zur ersten Wahl im Verpackungsbereich.<\/p>\n\n\n\n<figure class=\"wp-block-video\"><video height=\"540\" style=\"aspect-ratio: 960 \/ 540;\" width=\"960\" controls src=\"https:\/\/www.effe3ti.com\/wp-content\/uploads\/2024\/08\/EFFE3ti-Corporate-2024-ENG.mp4\"><\/video><\/figure>\n\n\n\n<h2 class=\"wp-block-heading\">Die Ziele von EFFE3ti Packaging Technologies<\/h2>\n\n\n\n<p>Die Ladungsstabilit\u00e4t ist f\u00fcr jeden, der mit dem Verpacken zu tun hat, das wichtigste Problem, das es zu l\u00f6sen gilt. EFFE3ti entwickelt Verpackungstechnologien f\u00fcr Produkte auf Paletten, die vor dieser Art von Risiken sch\u00fctzen und f\u00fcr stabile und sichere Ladungen sorgen.<\/p>\n\n\n\n<ul class=\"wp-block-list\">\n<li>Abfallreduzierung<\/li>\n\n\n\n<li>Ladungssicherung<\/li>\n\n\n\n<li>Wirtschaftlichkeit und Zeitersparnis<\/li>\n\n\n\n<li>Sicherheit f\u00fcr Bediener<\/li>\n\n\n\n<li>Produktschutz<\/li>\n<\/ul>\n\n\n\n<p><\/p>","protected":false},"excerpt":{"rendered":"<p>Azienda leader nel packaging di prodotti su pallet, vi offriamo le migliori soluzioni e le pi\u00f9 moderne tecnologie per proteggere i vostri prodotti. L\u2019azienda, che nel 2024 ha celebrato i suoi primi 25 anni di attivit\u00e0, conta ad oggi 24 dipendenti e un\u2019area produttiva di 5000 m\u00b2, sotto la diretta supervisione degli stessi fondatori. L\u2019assistenza [&hellip;]<\/p>\n","protected":false},"author":1,"featured_media":16520,"comment_status":"closed","ping_status":"closed","sticky":false,"template":"","format":"standard","meta":{"footnotes":""},"categories":[44],"tags":[],"class_list":["post-16518","post","type-post","status-publish","format-standard","has-post-thumbnail","hentry","category-news-evidenza"],"yoast_head":"<!-- This site is optimized with the Yoast SEO plugin v27.5 - https:\/\/yoast.com\/product\/yoast-seo-wordpress\/ -->\n<title>EFFE3ti Packaging Technologies. I Vostri Prodotti La Nostra Cura - Effe3ti<\/title>\n<meta name=\"description\" content=\"Effe3ti \u00e8 un&#039;azienda leader nel packaging di prodotti su pallet. Soluzioni e moderne tecnologie per proteggere i vostri prodotti\" \/>\n<meta name=\"robots\" content=\"index, follow, max-snippet:-1, max-image-preview:large, max-video-preview:-1\" \/>\n<link rel=\"canonical\" href=\"https:\/\/www.effe3ti.com\/de\/effe3ti-ihre-produkte-unsere-pflege\/\" \/>\n<meta property=\"og:locale\" content=\"de_DE\" \/>\n<meta property=\"og:type\" content=\"article\" \/>\n<meta property=\"og:title\" content=\"EFFE3ti Packaging Technologies. I Vostri Prodotti La Nostra Cura - Effe3ti\" \/>\n<meta property=\"og:description\" content=\"Effe3ti \u00e8 un&#039;azienda leader nel packaging di prodotti su pallet. Soluzioni e moderne tecnologie per proteggere i vostri prodotti\" \/>\n<meta property=\"og:url\" content=\"https:\/\/www.effe3ti.com\/de\/effe3ti-ihre-produkte-unsere-pflege\/\" \/>\n<meta property=\"og:site_name\" content=\"Effe3ti\" \/>\n<meta property=\"article:publisher\" content=\"https:\/\/www.facebook.com\/effe3ti.packaging\" \/>\n<meta property=\"article:published_time\" content=\"2024-09-03T14:36:20+00:00\" \/>\n<meta property=\"article:modified_time\" content=\"2025-04-17T06:55:03+00:00\" \/>\n<meta property=\"og:image\" content=\"https:\/\/www.effe3ti.com\/wp-content\/uploads\/2024\/09\/effe3ti-03-scaled.jpg\" \/>\n\t<meta property=\"og:image:width\" content=\"2560\" \/>\n\t<meta property=\"og:image:height\" content=\"1439\" \/>\n\t<meta property=\"og:image:type\" content=\"image\/jpeg\" \/>\n<meta name=\"author\" content=\"admin\" \/>\n<meta name=\"twitter:card\" content=\"summary_large_image\" \/>\n<meta name=\"twitter:label1\" content=\"Verfasst von\" \/>\n\t<meta name=\"twitter:data1\" content=\"admin\" \/>\n\t<meta name=\"twitter:label2\" content=\"Gesch\u00e4tzte Lesezeit\" \/>\n\t<meta name=\"twitter:data2\" content=\"1\u00a0Minute\" \/>\n<script type=\"application\/ld+json\" class=\"yoast-schema-graph\">{\"@context\":\"https:\\\/\\\/schema.org\",\"@graph\":[{\"@type\":\"Article\",\"@id\":\"https:\\\/\\\/www.effe3ti.com\\\/effe3ti-i-vostri-prodotti-la-nostra-cura\\\/#article\",\"isPartOf\":{\"@id\":\"https:\\\/\\\/www.effe3ti.com\\\/effe3ti-i-vostri-prodotti-la-nostra-cura\\\/\"},\"author\":{\"name\":\"admin\",\"@id\":\"https:\\\/\\\/www.effe3ti.com\\\/#\\\/schema\\\/person\\\/6cef6f087618c649ebbf63a4ea46e0d6\"},\"headline\":\"EFFE3ti Packaging Technologies. I Vostri Prodotti La Nostra Cura\",\"datePublished\":\"2024-09-03T14:36:20+00:00\",\"dateModified\":\"2025-04-17T06:55:03+00:00\",\"mainEntityOfPage\":{\"@id\":\"https:\\\/\\\/www.effe3ti.com\\\/effe3ti-i-vostri-prodotti-la-nostra-cura\\\/\"},\"wordCount\":156,\"publisher\":{\"@id\":\"https:\\\/\\\/www.effe3ti.com\\\/#organization\"},\"image\":{\"@id\":\"https:\\\/\\\/www.effe3ti.com\\\/effe3ti-i-vostri-prodotti-la-nostra-cura\\\/#primaryimage\"},\"thumbnailUrl\":\"https:\\\/\\\/www.effe3ti.com\\\/wp-content\\\/uploads\\\/2024\\\/09\\\/effe3ti-03-scaled.jpg\",\"articleSection\":[\"In Evidenza\"],\"inLanguage\":\"de\"},{\"@type\":\"WebPage\",\"@id\":\"https:\\\/\\\/www.effe3ti.com\\\/effe3ti-i-vostri-prodotti-la-nostra-cura\\\/\",\"url\":\"https:\\\/\\\/www.effe3ti.com\\\/effe3ti-i-vostri-prodotti-la-nostra-cura\\\/\",\"name\":\"EFFE3ti Packaging Technologies. I Vostri Prodotti La Nostra Cura - Effe3ti\",\"isPartOf\":{\"@id\":\"https:\\\/\\\/www.effe3ti.com\\\/#website\"},\"primaryImageOfPage\":{\"@id\":\"https:\\\/\\\/www.effe3ti.com\\\/effe3ti-i-vostri-prodotti-la-nostra-cura\\\/#primaryimage\"},\"image\":{\"@id\":\"https:\\\/\\\/www.effe3ti.com\\\/effe3ti-i-vostri-prodotti-la-nostra-cura\\\/#primaryimage\"},\"thumbnailUrl\":\"https:\\\/\\\/www.effe3ti.com\\\/wp-content\\\/uploads\\\/2024\\\/09\\\/effe3ti-03-scaled.jpg\",\"datePublished\":\"2024-09-03T14:36:20+00:00\",\"dateModified\":\"2025-04-17T06:55:03+00:00\",\"description\":\"Effe3ti \u00e8 un'azienda leader nel packaging di prodotti su pallet. Soluzioni e moderne tecnologie per proteggere i vostri prodotti\",\"breadcrumb\":{\"@id\":\"https:\\\/\\\/www.effe3ti.com\\\/effe3ti-i-vostri-prodotti-la-nostra-cura\\\/#breadcrumb\"},\"inLanguage\":\"de\",\"potentialAction\":[{\"@type\":\"ReadAction\",\"target\":[\"https:\\\/\\\/www.effe3ti.com\\\/effe3ti-i-vostri-prodotti-la-nostra-cura\\\/\"]}]},{\"@type\":\"ImageObject\",\"inLanguage\":\"de\",\"@id\":\"https:\\\/\\\/www.effe3ti.com\\\/effe3ti-i-vostri-prodotti-la-nostra-cura\\\/#primaryimage\",\"url\":\"https:\\\/\\\/www.effe3ti.com\\\/wp-content\\\/uploads\\\/2024\\\/09\\\/effe3ti-03-scaled.jpg\",\"contentUrl\":\"https:\\\/\\\/www.effe3ti.com\\\/wp-content\\\/uploads\\\/2024\\\/09\\\/effe3ti-03-scaled.jpg\",\"width\":2560,\"height\":1439,\"caption\":\"EFFE3ti packaging technologies\"},{\"@type\":\"BreadcrumbList\",\"@id\":\"https:\\\/\\\/www.effe3ti.com\\\/effe3ti-i-vostri-prodotti-la-nostra-cura\\\/#breadcrumb\",\"itemListElement\":[{\"@type\":\"ListItem\",\"position\":1,\"name\":\"Home\",\"item\":\"https:\\\/\\\/www.effe3ti.com\\\/\"},{\"@type\":\"ListItem\",\"position\":2,\"name\":\"EFFE3ti Packaging Technologies. I Vostri Prodotti La Nostra Cura\"}]},{\"@type\":\"WebSite\",\"@id\":\"https:\\\/\\\/www.effe3ti.com\\\/#website\",\"url\":\"https:\\\/\\\/www.effe3ti.com\\\/\",\"name\":\"Effe3ti\",\"description\":\"Packaging Technologies\",\"publisher\":{\"@id\":\"https:\\\/\\\/www.effe3ti.com\\\/#organization\"},\"potentialAction\":[{\"@type\":\"SearchAction\",\"target\":{\"@type\":\"EntryPoint\",\"urlTemplate\":\"https:\\\/\\\/www.effe3ti.com\\\/?s={search_term_string}\"},\"query-input\":{\"@type\":\"PropertyValueSpecification\",\"valueRequired\":true,\"valueName\":\"search_term_string\"}}],\"inLanguage\":\"de\"},{\"@type\":\"Organization\",\"@id\":\"https:\\\/\\\/www.effe3ti.com\\\/#organization\",\"name\":\"Effe3ti\",\"alternateName\":\"f3t\",\"url\":\"https:\\\/\\\/www.effe3ti.com\\\/\",\"logo\":{\"@type\":\"ImageObject\",\"inLanguage\":\"de\",\"@id\":\"https:\\\/\\\/www.effe3ti.com\\\/#\\\/schema\\\/logo\\\/image\\\/\",\"url\":\"https:\\\/\\\/www.effe3ti.com\\\/wp-content\\\/uploads\\\/2021\\\/04\\\/Effe3ti_logo-350.gif\",\"contentUrl\":\"https:\\\/\\\/www.effe3ti.com\\\/wp-content\\\/uploads\\\/2021\\\/04\\\/Effe3ti_logo-350.gif\",\"width\":350,\"height\":128,\"caption\":\"Effe3ti\"},\"image\":{\"@id\":\"https:\\\/\\\/www.effe3ti.com\\\/#\\\/schema\\\/logo\\\/image\\\/\"},\"sameAs\":[\"https:\\\/\\\/www.facebook.com\\\/effe3ti.packaging\",\"https:\\\/\\\/www.instagram.com\\\/EFFE3TI\\\/\",\"https:\\\/\\\/www.linkedin.com\\\/company\\\/effe3ti-srl\",\"https:\\\/\\\/www.youtube.com\\\/effe3ti\"]},{\"@type\":\"Person\",\"@id\":\"https:\\\/\\\/www.effe3ti.com\\\/#\\\/schema\\\/person\\\/6cef6f087618c649ebbf63a4ea46e0d6\",\"name\":\"admin\",\"image\":{\"@type\":\"ImageObject\",\"inLanguage\":\"de\",\"@id\":\"https:\\\/\\\/secure.gravatar.com\\\/avatar\\\/b253dd15467b2329f0e140e2e96d7a7963ee736a560580d3f5e9ae1015d2b5fd?s=96&d=mm&r=g\",\"url\":\"https:\\\/\\\/secure.gravatar.com\\\/avatar\\\/b253dd15467b2329f0e140e2e96d7a7963ee736a560580d3f5e9ae1015d2b5fd?s=96&d=mm&r=g\",\"contentUrl\":\"https:\\\/\\\/secure.gravatar.com\\\/avatar\\\/b253dd15467b2329f0e140e2e96d7a7963ee736a560580d3f5e9ae1015d2b5fd?s=96&d=mm&r=g\",\"caption\":\"admin\"}}]}<\/script>\n<!-- \/ Yoast SEO plugin. -->","yoast_head_json":{"title":"EFFE3ti Verpackungstechnologien. Ihre Produkte, unsere Sorgfalt - Effe3ti","description":"Effe3ti ist ein f\u00fchrendes Unternehmen im Bereich der Verpackung von Produkten auf Paletten. L\u00f6sungen und moderne Technologien zum Schutz Ihrer Produkte","robots":{"index":"index","follow":"follow","max-snippet":"max-snippet:-1","max-image-preview":"max-image-preview:large","max-video-preview":"max-video-preview:-1"},"canonical":"https:\/\/www.effe3ti.com\/de\/effe3ti-ihre-produkte-unsere-pflege\/","og_locale":"de_DE","og_type":"article","og_title":"EFFE3ti Packaging Technologies. I Vostri Prodotti La Nostra Cura - Effe3ti","og_description":"Effe3ti \u00e8 un'azienda leader nel packaging di prodotti su pallet. Soluzioni e moderne tecnologie per proteggere i vostri prodotti","og_url":"https:\/\/www.effe3ti.com\/de\/effe3ti-ihre-produkte-unsere-pflege\/","og_site_name":"Effe3ti","article_publisher":"https:\/\/www.facebook.com\/effe3ti.packaging","article_published_time":"2024-09-03T14:36:20+00:00","article_modified_time":"2025-04-17T06:55:03+00:00","og_image":[{"width":2560,"height":1439,"url":"https:\/\/www.effe3ti.com\/wp-content\/uploads\/2024\/09\/effe3ti-03-scaled.jpg","type":"image\/jpeg"}],"author":"admin","twitter_card":"summary_large_image","twitter_misc":{"Verfasst von":"admin","Gesch\u00e4tzte Lesezeit":"1\u00a0Minute"},"schema":{"@context":"https:\/\/schema.org","@graph":[{"@type":"Article","@id":"https:\/\/www.effe3ti.com\/effe3ti-i-vostri-prodotti-la-nostra-cura\/#article","isPartOf":{"@id":"https:\/\/www.effe3ti.com\/effe3ti-i-vostri-prodotti-la-nostra-cura\/"},"author":{"name":"admin","@id":"https:\/\/www.effe3ti.com\/#\/schema\/person\/6cef6f087618c649ebbf63a4ea46e0d6"},"headline":"EFFE3ti Packaging Technologies. I Vostri Prodotti La Nostra Cura","datePublished":"2024-09-03T14:36:20+00:00","dateModified":"2025-04-17T06:55:03+00:00","mainEntityOfPage":{"@id":"https:\/\/www.effe3ti.com\/effe3ti-i-vostri-prodotti-la-nostra-cura\/"},"wordCount":156,"publisher":{"@id":"https:\/\/www.effe3ti.com\/#organization"},"image":{"@id":"https:\/\/www.effe3ti.com\/effe3ti-i-vostri-prodotti-la-nostra-cura\/#primaryimage"},"thumbnailUrl":"https:\/\/www.effe3ti.com\/wp-content\/uploads\/2024\/09\/effe3ti-03-scaled.jpg","articleSection":["In Evidenza"],"inLanguage":"de"},{"@type":"WebPage","@id":"https:\/\/www.effe3ti.com\/effe3ti-i-vostri-prodotti-la-nostra-cura\/","url":"https:\/\/www.effe3ti.com\/effe3ti-i-vostri-prodotti-la-nostra-cura\/","name":"EFFE3ti Verpackungstechnologien. Ihre Produkte, unsere Sorgfalt - Effe3ti","isPartOf":{"@id":"https:\/\/www.effe3ti.com\/#website"},"primaryImageOfPage":{"@id":"https:\/\/www.effe3ti.com\/effe3ti-i-vostri-prodotti-la-nostra-cura\/#primaryimage"},"image":{"@id":"https:\/\/www.effe3ti.com\/effe3ti-i-vostri-prodotti-la-nostra-cura\/#primaryimage"},"thumbnailUrl":"https:\/\/www.effe3ti.com\/wp-content\/uploads\/2024\/09\/effe3ti-03-scaled.jpg","datePublished":"2024-09-03T14:36:20+00:00","dateModified":"2025-04-17T06:55:03+00:00","description":"Effe3ti ist ein f\u00fchrendes Unternehmen im Bereich der Verpackung von Produkten auf Paletten. L\u00f6sungen und moderne Technologien zum Schutz Ihrer Produkte","breadcrumb":{"@id":"https:\/\/www.effe3ti.com\/effe3ti-i-vostri-prodotti-la-nostra-cura\/#breadcrumb"},"inLanguage":"de","potentialAction":[{"@type":"ReadAction","target":["https:\/\/www.effe3ti.com\/effe3ti-i-vostri-prodotti-la-nostra-cura\/"]}]},{"@type":"ImageObject","inLanguage":"de","@id":"https:\/\/www.effe3ti.com\/effe3ti-i-vostri-prodotti-la-nostra-cura\/#primaryimage","url":"https:\/\/www.effe3ti.com\/wp-content\/uploads\/2024\/09\/effe3ti-03-scaled.jpg","contentUrl":"https:\/\/www.effe3ti.com\/wp-content\/uploads\/2024\/09\/effe3ti-03-scaled.jpg","width":2560,"height":1439,"caption":"EFFE3ti packaging technologies"},{"@type":"BreadcrumbList","@id":"https:\/\/www.effe3ti.com\/effe3ti-i-vostri-prodotti-la-nostra-cura\/#breadcrumb","itemListElement":[{"@type":"ListItem","position":1,"name":"Home","item":"https:\/\/www.effe3ti.com\/"},{"@type":"ListItem","position":2,"name":"EFFE3ti Packaging Technologies. I Vostri Prodotti La Nostra Cura"}]},{"@type":"WebSite","@id":"https:\/\/www.effe3ti.com\/#website","url":"https:\/\/www.effe3ti.com\/","name":"Effe3ti","description":"Verpackungstechnologien","publisher":{"@id":"https:\/\/www.effe3ti.com\/#organization"},"potentialAction":[{"@type":"SearchAction","target":{"@type":"EntryPoint","urlTemplate":"https:\/\/www.effe3ti.com\/?s={search_term_string}"},"query-input":{"@type":"PropertyValueSpecification","valueRequired":true,"valueName":"search_term_string"}}],"inLanguage":"de"},{"@type":"Organization","@id":"https:\/\/www.effe3ti.com\/#organization","name":"Effe3ti","alternateName":"f3t","url":"https:\/\/www.effe3ti.com\/","logo":{"@type":"ImageObject","inLanguage":"de","@id":"https:\/\/www.effe3ti.com\/#\/schema\/logo\/image\/","url":"https:\/\/www.effe3ti.com\/wp-content\/uploads\/2021\/04\/Effe3ti_logo-350.gif","contentUrl":"https:\/\/www.effe3ti.com\/wp-content\/uploads\/2021\/04\/Effe3ti_logo-350.gif","width":350,"height":128,"caption":"Effe3ti"},"image":{"@id":"https:\/\/www.effe3ti.com\/#\/schema\/logo\/image\/"},"sameAs":["https:\/\/www.facebook.com\/effe3ti.packaging","https:\/\/www.instagram.com\/EFFE3TI\/","https:\/\/www.linkedin.com\/company\/effe3ti-srl","https:\/\/www.youtube.com\/effe3ti"]},{"@type":"Person","@id":"https:\/\/www.effe3ti.com\/#\/schema\/person\/6cef6f087618c649ebbf63a4ea46e0d6","name":"Administrator","image":{"@type":"ImageObject","inLanguage":"de","@id":"https:\/\/secure.gravatar.com\/avatar\/b253dd15467b2329f0e140e2e96d7a7963ee736a560580d3f5e9ae1015d2b5fd?s=96&d=mm&r=g","url":"https:\/\/secure.gravatar.com\/avatar\/b253dd15467b2329f0e140e2e96d7a7963ee736a560580d3f5e9ae1015d2b5fd?s=96&d=mm&r=g","contentUrl":"https:\/\/secure.gravatar.com\/avatar\/b253dd15467b2329f0e140e2e96d7a7963ee736a560580d3f5e9ae1015d2b5fd?s=96&d=mm&r=g","caption":"admin"}}]}},"_links":{"self":[{"href":"https:\/\/www.effe3ti.com\/de\/wp-json\/wp\/v2\/posts\/16518","targetHints":{"allow":["GET"]}}],"collection":[{"href":"https:\/\/www.effe3ti.com\/de\/wp-json\/wp\/v2\/posts"}],"about":[{"href":"https:\/\/www.effe3ti.com\/de\/wp-json\/wp\/v2\/types\/post"}],"author":[{"embeddable":true,"href":"https:\/\/www.effe3ti.com\/de\/wp-json\/wp\/v2\/users\/1"}],"replies":[{"embeddable":true,"href":"https:\/\/www.effe3ti.com\/de\/wp-json\/wp\/v2\/comments?post=16518"}],"version-history":[{"count":3,"href":"https:\/\/www.effe3ti.com\/de\/wp-json\/wp\/v2\/posts\/16518\/revisions"}],"predecessor-version":[{"id":22992,"href":"https:\/\/www.effe3ti.com\/de\/wp-json\/wp\/v2\/posts\/16518\/revisions\/22992"}],"wp:featuredmedia":[{"embeddable":true,"href":"https:\/\/www.effe3ti.com\/de\/wp-json\/wp\/v2\/media\/16520"}],"wp:attachment":[{"href":"https:\/\/www.effe3ti.com\/de\/wp-json\/wp\/v2\/media?parent=16518"}],"wp:term":[{"taxonomy":"category","embeddable":true,"href":"https:\/\/www.effe3ti.com\/de\/wp-json\/wp\/v2\/categories?post=16518"},{"taxonomy":"post_tag","embeddable":true,"href":"https:\/\/www.effe3ti.com\/de\/wp-json\/wp\/v2\/tags?post=16518"}],"curies":[{"name":"wp","href":"https:\/\/api.w.org\/{rel}","templated":true}]}}