{"id":568,"date":"2018-04-04T08:25:00","date_gmt":"2018-04-04T08:25:00","guid":{"rendered":"https:\/\/vps-de1b14d9.vps.ovh.net\/effe3ti\/?p=568"},"modified":"2025-04-16T15:49:44","modified_gmt":"2025-04-16T15:49:44","slug":"ein-brandneuer-ofen","status":"publish","type":"post","link":"https:\/\/www.effe3ti.com\/de\/un-forno-tutto-nuovo\/","title":{"rendered":"Schrumpfverpackung"},"content":{"rendered":"<h2 class=\"wp-block-heading\">Innovation und Leistung des neuen Ofens<\/h2>\n\n\n\n<p>Wir haben v\u00f6llig\u00a0<strong>neu gestaltet unsere <a href=\"https:\/\/www.effe3ti.com\/de\/schrumpfofen\/\">Schrumpfofen<\/a><\/strong>\u00a0um noch mehr Leistung und Effizienz zu bieten. Immer ein Flaggschiff in unserem Sortiment an\u00a0<strong>Verpackungsmaschinen<\/strong>, unser Ofen zeichnet sich durch seine F\u00e4higkeit aus, eine hervorragende\u00a0<strong>W\u00e4rmeschrumpfung<\/strong>\u00a0mit Gas- und Stromanschluss. Dank seines innovativen Designs wird unser Ofen von den Kunden f\u00fcr seine Benutzerfreundlichkeit, garantierte Sicherheit und hohe Verpackungsqualit\u00e4t gesch\u00e4tzt.<\/p>\n\n\n\n<p>Mit der neuen Version wurde der Backofen weiter optimiert. Wir haben das Glockenbewegungssystem reduziert auf&nbsp;<strong>nur ein Motor<\/strong>, wodurch der Hebe- und Senkmechanismus vereinfacht und die Zuverl\u00e4ssigkeit und Haltbarkeit im Laufe der Zeit verbessert wird. Dies erleichtert nicht nur die Bedienung, sondern reduziert auch den Energieverbrauch und den Wartungsaufwand.<\/p>\n\n\n\n<h3 class=\"wp-block-heading\">Effizienz und Einsparungen mit dem neuen Schrumpfofen<\/h3>\n\n\n\n<p>Unser&nbsp;<strong>Schrumpfofen<\/strong>&nbsp;Es ist f\u00fcr einen vollautomatischen Betrieb konzipiert, wodurch die Eingriffe des Bedieners auf ein Minimum reduziert werden. Diese Automatisierung vereinfacht nicht nur den Betrieb, sondern gew\u00e4hrleistet auch eine gleichbleibende Qualit\u00e4t in&nbsp;<strong>W\u00e4rmeschrumpfung<\/strong>. Die M\u00f6glichkeit, Betriebsparameter einfach anzupassen und der reduzierte Energieverbrauch machen diesen Ofen ideal f\u00fcr Unternehmen, die nach einer effizienten, sicheren und umweltfreundlichen L\u00f6sung suchen.<\/p>\n\n\n\n<p>Dar\u00fcber hinaus dank der&nbsp;<strong>W\u00e4rmeschrumpfung<\/strong>&nbsp;Der Ofen gew\u00e4hrleistet durch seine hohe Qualit\u00e4t eine perfekte Haftung der Schrumpffolie am Produkt und sch\u00fctzt es so sicher w\u00e4hrend des Transports und der Lagerung. Die kompakte Struktur und die einfache Integration in den Verpackungsprozess machen es zur perfekten Wahl f\u00fcr Unternehmen, die ihre Abl\u00e4ufe optimieren und die Betriebskosten senken m\u00f6chten, ohne die Arbeitsqualit\u00e4t zu beeintr\u00e4chtigen.<\/p>\n\n\n\n<figure class=\"wp-block-image\"><img decoding=\"async\" src=\"https:\/\/www.effe3ti.com\/wp-content\/uploads\/2021\/04\/Effe3ti-ts-32-e-1024x1024.jpg\" alt=\"\"\/><\/figure>\n\n\n\n<p><\/p>","protected":false},"excerpt":{"rendered":"<p>Innovazione e Prestazioni del Nuovo Forno Abbiamo completamente\u00a0ridisegnato il nostro Forno di Termoretrazione\u00a0per offrire prestazioni ancora pi\u00f9 elevate e una maggiore efficienza. Da sempre un fiore all&#8217;occhiello nella nostra gamma di\u00a0macchine per l\u2019imballaggio, il nostro forno si \u00e8 contraddistinto per la sua capacit\u00e0 di garantire un&#8217;ottima\u00a0termoretrazione\u00a0con alimentazione sia a gas che elettrica. Grazie a un [&hellip;]<\/p>\n","protected":false},"author":1,"featured_media":106,"comment_status":"closed","ping_status":"closed","sticky":false,"template":"","format":"standard","meta":{"footnotes":""},"categories":[41],"tags":[],"class_list":["post-568","post","type-post","status-publish","format-standard","has-post-thumbnail","hentry","category-news-prodotto"],"yoast_head":"<!-- This site is optimized with the Yoast SEO plugin v27.4 - https:\/\/yoast.com\/product\/yoast-seo-wordpress\/ -->\n<title>Imballaggio con termoretrazione - Effe3ti<\/title>\n<meta name=\"description\" content=\"Con alimentazione a Gas o Elettrica, il nostro Forno di Termoretrazione \u00e8 un gioiello nella nostra gamma di macchine per l\u2019imballaggio\" \/>\n<meta name=\"robots\" content=\"index, follow, max-snippet:-1, max-image-preview:large, max-video-preview:-1\" \/>\n<link rel=\"canonical\" href=\"https:\/\/www.effe3ti.com\/de\/ein-brandneuer-ofen\/\" \/>\n<meta property=\"og:locale\" content=\"de_DE\" \/>\n<meta property=\"og:type\" content=\"article\" \/>\n<meta property=\"og:title\" content=\"Imballaggio con termoretrazione - Effe3ti\" \/>\n<meta property=\"og:description\" content=\"Con alimentazione a Gas o Elettrica, il nostro Forno di Termoretrazione \u00e8 un gioiello nella nostra gamma di macchine per l\u2019imballaggio\" \/>\n<meta property=\"og:url\" content=\"https:\/\/www.effe3ti.com\/de\/ein-brandneuer-ofen\/\" \/>\n<meta property=\"og:site_name\" content=\"Effe3ti\" \/>\n<meta property=\"article:publisher\" content=\"https:\/\/www.facebook.com\/effe3ti.packaging\" \/>\n<meta property=\"article:published_time\" content=\"2018-04-04T08:25:00+00:00\" \/>\n<meta property=\"article:modified_time\" content=\"2025-04-16T15:49:44+00:00\" \/>\n<meta property=\"og:image\" content=\"https:\/\/www.effe3ti.com\/wp-content\/uploads\/2021\/04\/Termoretrazione-1.jpg\" \/>\n\t<meta property=\"og:image:width\" content=\"200\" \/>\n\t<meta property=\"og:image:height\" content=\"200\" \/>\n\t<meta property=\"og:image:type\" content=\"image\/jpeg\" \/>\n<meta name=\"author\" content=\"admin\" \/>\n<meta name=\"twitter:card\" content=\"summary_large_image\" \/>\n<meta name=\"twitter:label1\" content=\"Verfasst von\" \/>\n\t<meta name=\"twitter:data1\" content=\"admin\" \/>\n\t<meta name=\"twitter:label2\" content=\"Gesch\u00e4tzte Lesezeit\" \/>\n\t<meta name=\"twitter:data2\" content=\"2\u00a0Minuten\" \/>\n<script type=\"application\/ld+json\" class=\"yoast-schema-graph\">{\"@context\":\"https:\\\/\\\/schema.org\",\"@graph\":[{\"@type\":\"Article\",\"@id\":\"https:\\\/\\\/www.effe3ti.com\\\/un-forno-tutto-nuovo\\\/#article\",\"isPartOf\":{\"@id\":\"https:\\\/\\\/www.effe3ti.com\\\/un-forno-tutto-nuovo\\\/\"},\"author\":{\"name\":\"admin\",\"@id\":\"https:\\\/\\\/www.effe3ti.com\\\/#\\\/schema\\\/person\\\/6cef6f087618c649ebbf63a4ea46e0d6\"},\"headline\":\"Imballaggio con termoretrazione\",\"datePublished\":\"2018-04-04T08:25:00+00:00\",\"dateModified\":\"2025-04-16T15:49:44+00:00\",\"mainEntityOfPage\":{\"@id\":\"https:\\\/\\\/www.effe3ti.com\\\/un-forno-tutto-nuovo\\\/\"},\"wordCount\":293,\"publisher\":{\"@id\":\"https:\\\/\\\/www.effe3ti.com\\\/#organization\"},\"image\":{\"@id\":\"https:\\\/\\\/www.effe3ti.com\\\/un-forno-tutto-nuovo\\\/#primaryimage\"},\"thumbnailUrl\":\"https:\\\/\\\/www.effe3ti.com\\\/wp-content\\\/uploads\\\/2021\\\/04\\\/Termoretrazione-1.jpg\",\"articleSection\":[\"Prodotto\"],\"inLanguage\":\"de\"},{\"@type\":\"WebPage\",\"@id\":\"https:\\\/\\\/www.effe3ti.com\\\/un-forno-tutto-nuovo\\\/\",\"url\":\"https:\\\/\\\/www.effe3ti.com\\\/un-forno-tutto-nuovo\\\/\",\"name\":\"Imballaggio con termoretrazione - Effe3ti\",\"isPartOf\":{\"@id\":\"https:\\\/\\\/www.effe3ti.com\\\/#website\"},\"primaryImageOfPage\":{\"@id\":\"https:\\\/\\\/www.effe3ti.com\\\/un-forno-tutto-nuovo\\\/#primaryimage\"},\"image\":{\"@id\":\"https:\\\/\\\/www.effe3ti.com\\\/un-forno-tutto-nuovo\\\/#primaryimage\"},\"thumbnailUrl\":\"https:\\\/\\\/www.effe3ti.com\\\/wp-content\\\/uploads\\\/2021\\\/04\\\/Termoretrazione-1.jpg\",\"datePublished\":\"2018-04-04T08:25:00+00:00\",\"dateModified\":\"2025-04-16T15:49:44+00:00\",\"description\":\"Con alimentazione a Gas o Elettrica, il nostro Forno di Termoretrazione \u00e8 un gioiello nella nostra gamma di macchine per l\u2019imballaggio\",\"breadcrumb\":{\"@id\":\"https:\\\/\\\/www.effe3ti.com\\\/un-forno-tutto-nuovo\\\/#breadcrumb\"},\"inLanguage\":\"de\",\"potentialAction\":[{\"@type\":\"ReadAction\",\"target\":[\"https:\\\/\\\/www.effe3ti.com\\\/un-forno-tutto-nuovo\\\/\"]}]},{\"@type\":\"ImageObject\",\"inLanguage\":\"de\",\"@id\":\"https:\\\/\\\/www.effe3ti.com\\\/un-forno-tutto-nuovo\\\/#primaryimage\",\"url\":\"https:\\\/\\\/www.effe3ti.com\\\/wp-content\\\/uploads\\\/2021\\\/04\\\/Termoretrazione-1.jpg\",\"contentUrl\":\"https:\\\/\\\/www.effe3ti.com\\\/wp-content\\\/uploads\\\/2021\\\/04\\\/Termoretrazione-1.jpg\",\"width\":200,\"height\":200,\"caption\":\"Termoretrazione\"},{\"@type\":\"BreadcrumbList\",\"@id\":\"https:\\\/\\\/www.effe3ti.com\\\/un-forno-tutto-nuovo\\\/#breadcrumb\",\"itemListElement\":[{\"@type\":\"ListItem\",\"position\":1,\"name\":\"Home\",\"item\":\"https:\\\/\\\/www.effe3ti.com\\\/\"},{\"@type\":\"ListItem\",\"position\":2,\"name\":\"Imballaggio con termoretrazione\"}]},{\"@type\":\"WebSite\",\"@id\":\"https:\\\/\\\/www.effe3ti.com\\\/#website\",\"url\":\"https:\\\/\\\/www.effe3ti.com\\\/\",\"name\":\"Effe3ti\",\"description\":\"Packaging Technologies\",\"publisher\":{\"@id\":\"https:\\\/\\\/www.effe3ti.com\\\/#organization\"},\"potentialAction\":[{\"@type\":\"SearchAction\",\"target\":{\"@type\":\"EntryPoint\",\"urlTemplate\":\"https:\\\/\\\/www.effe3ti.com\\\/?s={search_term_string}\"},\"query-input\":{\"@type\":\"PropertyValueSpecification\",\"valueRequired\":true,\"valueName\":\"search_term_string\"}}],\"inLanguage\":\"de\"},{\"@type\":\"Organization\",\"@id\":\"https:\\\/\\\/www.effe3ti.com\\\/#organization\",\"name\":\"Effe3ti\",\"alternateName\":\"f3t\",\"url\":\"https:\\\/\\\/www.effe3ti.com\\\/\",\"logo\":{\"@type\":\"ImageObject\",\"inLanguage\":\"de\",\"@id\":\"https:\\\/\\\/www.effe3ti.com\\\/#\\\/schema\\\/logo\\\/image\\\/\",\"url\":\"https:\\\/\\\/www.effe3ti.com\\\/wp-content\\\/uploads\\\/2021\\\/04\\\/Effe3ti_logo-350.gif\",\"contentUrl\":\"https:\\\/\\\/www.effe3ti.com\\\/wp-content\\\/uploads\\\/2021\\\/04\\\/Effe3ti_logo-350.gif\",\"width\":350,\"height\":128,\"caption\":\"Effe3ti\"},\"image\":{\"@id\":\"https:\\\/\\\/www.effe3ti.com\\\/#\\\/schema\\\/logo\\\/image\\\/\"},\"sameAs\":[\"https:\\\/\\\/www.facebook.com\\\/effe3ti.packaging\",\"https:\\\/\\\/www.instagram.com\\\/EFFE3TI\\\/\",\"https:\\\/\\\/www.linkedin.com\\\/company\\\/effe3ti-srl\",\"https:\\\/\\\/www.youtube.com\\\/effe3ti\"]},{\"@type\":\"Person\",\"@id\":\"https:\\\/\\\/www.effe3ti.com\\\/#\\\/schema\\\/person\\\/6cef6f087618c649ebbf63a4ea46e0d6\",\"name\":\"admin\",\"image\":{\"@type\":\"ImageObject\",\"inLanguage\":\"de\",\"@id\":\"https:\\\/\\\/secure.gravatar.com\\\/avatar\\\/b253dd15467b2329f0e140e2e96d7a7963ee736a560580d3f5e9ae1015d2b5fd?s=96&d=mm&r=g\",\"url\":\"https:\\\/\\\/secure.gravatar.com\\\/avatar\\\/b253dd15467b2329f0e140e2e96d7a7963ee736a560580d3f5e9ae1015d2b5fd?s=96&d=mm&r=g\",\"contentUrl\":\"https:\\\/\\\/secure.gravatar.com\\\/avatar\\\/b253dd15467b2329f0e140e2e96d7a7963ee736a560580d3f5e9ae1015d2b5fd?s=96&d=mm&r=g\",\"caption\":\"admin\"}}]}<\/script>\n<!-- \/ Yoast SEO plugin. -->","yoast_head_json":{"title":"Schrumpfverpackung - Effe3ti","description":"Unser mit Gas oder Strom betriebener Schrumpffolienofen ist ein Juwel in unserem Sortiment an Verpackungsmaschinen.","robots":{"index":"index","follow":"follow","max-snippet":"max-snippet:-1","max-image-preview":"max-image-preview:large","max-video-preview":"max-video-preview:-1"},"canonical":"https:\/\/www.effe3ti.com\/de\/ein-brandneuer-ofen\/","og_locale":"de_DE","og_type":"article","og_title":"Imballaggio con termoretrazione - Effe3ti","og_description":"Con alimentazione a Gas o Elettrica, il nostro Forno di Termoretrazione \u00e8 un gioiello nella nostra gamma di macchine per l\u2019imballaggio","og_url":"https:\/\/www.effe3ti.com\/de\/ein-brandneuer-ofen\/","og_site_name":"Effe3ti","article_publisher":"https:\/\/www.facebook.com\/effe3ti.packaging","article_published_time":"2018-04-04T08:25:00+00:00","article_modified_time":"2025-04-16T15:49:44+00:00","og_image":[{"width":200,"height":200,"url":"https:\/\/www.effe3ti.com\/wp-content\/uploads\/2021\/04\/Termoretrazione-1.jpg","type":"image\/jpeg"}],"author":"admin","twitter_card":"summary_large_image","twitter_misc":{"Verfasst von":"admin","Gesch\u00e4tzte Lesezeit":"2\u00a0Minuten"},"schema":{"@context":"https:\/\/schema.org","@graph":[{"@type":"Article","@id":"https:\/\/www.effe3ti.com\/un-forno-tutto-nuovo\/#article","isPartOf":{"@id":"https:\/\/www.effe3ti.com\/un-forno-tutto-nuovo\/"},"author":{"name":"admin","@id":"https:\/\/www.effe3ti.com\/#\/schema\/person\/6cef6f087618c649ebbf63a4ea46e0d6"},"headline":"Imballaggio con termoretrazione","datePublished":"2018-04-04T08:25:00+00:00","dateModified":"2025-04-16T15:49:44+00:00","mainEntityOfPage":{"@id":"https:\/\/www.effe3ti.com\/un-forno-tutto-nuovo\/"},"wordCount":293,"publisher":{"@id":"https:\/\/www.effe3ti.com\/#organization"},"image":{"@id":"https:\/\/www.effe3ti.com\/un-forno-tutto-nuovo\/#primaryimage"},"thumbnailUrl":"https:\/\/www.effe3ti.com\/wp-content\/uploads\/2021\/04\/Termoretrazione-1.jpg","articleSection":["Prodotto"],"inLanguage":"de"},{"@type":"WebPage","@id":"https:\/\/www.effe3ti.com\/un-forno-tutto-nuovo\/","url":"https:\/\/www.effe3ti.com\/un-forno-tutto-nuovo\/","name":"Schrumpfverpackung - Effe3ti","isPartOf":{"@id":"https:\/\/www.effe3ti.com\/#website"},"primaryImageOfPage":{"@id":"https:\/\/www.effe3ti.com\/un-forno-tutto-nuovo\/#primaryimage"},"image":{"@id":"https:\/\/www.effe3ti.com\/un-forno-tutto-nuovo\/#primaryimage"},"thumbnailUrl":"https:\/\/www.effe3ti.com\/wp-content\/uploads\/2021\/04\/Termoretrazione-1.jpg","datePublished":"2018-04-04T08:25:00+00:00","dateModified":"2025-04-16T15:49:44+00:00","description":"Unser mit Gas oder Strom betriebener Schrumpffolienofen ist ein Juwel in unserem Sortiment an Verpackungsmaschinen.","breadcrumb":{"@id":"https:\/\/www.effe3ti.com\/un-forno-tutto-nuovo\/#breadcrumb"},"inLanguage":"de","potentialAction":[{"@type":"ReadAction","target":["https:\/\/www.effe3ti.com\/un-forno-tutto-nuovo\/"]}]},{"@type":"ImageObject","inLanguage":"de","@id":"https:\/\/www.effe3ti.com\/un-forno-tutto-nuovo\/#primaryimage","url":"https:\/\/www.effe3ti.com\/wp-content\/uploads\/2021\/04\/Termoretrazione-1.jpg","contentUrl":"https:\/\/www.effe3ti.com\/wp-content\/uploads\/2021\/04\/Termoretrazione-1.jpg","width":200,"height":200,"caption":"Termoretrazione"},{"@type":"BreadcrumbList","@id":"https:\/\/www.effe3ti.com\/un-forno-tutto-nuovo\/#breadcrumb","itemListElement":[{"@type":"ListItem","position":1,"name":"Home","item":"https:\/\/www.effe3ti.com\/"},{"@type":"ListItem","position":2,"name":"Imballaggio con termoretrazione"}]},{"@type":"WebSite","@id":"https:\/\/www.effe3ti.com\/#website","url":"https:\/\/www.effe3ti.com\/","name":"Effe3ti","description":"Verpackungstechnologien","publisher":{"@id":"https:\/\/www.effe3ti.com\/#organization"},"potentialAction":[{"@type":"SearchAction","target":{"@type":"EntryPoint","urlTemplate":"https:\/\/www.effe3ti.com\/?s={search_term_string}"},"query-input":{"@type":"PropertyValueSpecification","valueRequired":true,"valueName":"search_term_string"}}],"inLanguage":"de"},{"@type":"Organization","@id":"https:\/\/www.effe3ti.com\/#organization","name":"Effe3ti","alternateName":"f3t","url":"https:\/\/www.effe3ti.com\/","logo":{"@type":"ImageObject","inLanguage":"de","@id":"https:\/\/www.effe3ti.com\/#\/schema\/logo\/image\/","url":"https:\/\/www.effe3ti.com\/wp-content\/uploads\/2021\/04\/Effe3ti_logo-350.gif","contentUrl":"https:\/\/www.effe3ti.com\/wp-content\/uploads\/2021\/04\/Effe3ti_logo-350.gif","width":350,"height":128,"caption":"Effe3ti"},"image":{"@id":"https:\/\/www.effe3ti.com\/#\/schema\/logo\/image\/"},"sameAs":["https:\/\/www.facebook.com\/effe3ti.packaging","https:\/\/www.instagram.com\/EFFE3TI\/","https:\/\/www.linkedin.com\/company\/effe3ti-srl","https:\/\/www.youtube.com\/effe3ti"]},{"@type":"Person","@id":"https:\/\/www.effe3ti.com\/#\/schema\/person\/6cef6f087618c649ebbf63a4ea46e0d6","name":"Administrator","image":{"@type":"ImageObject","inLanguage":"de","@id":"https:\/\/secure.gravatar.com\/avatar\/b253dd15467b2329f0e140e2e96d7a7963ee736a560580d3f5e9ae1015d2b5fd?s=96&d=mm&r=g","url":"https:\/\/secure.gravatar.com\/avatar\/b253dd15467b2329f0e140e2e96d7a7963ee736a560580d3f5e9ae1015d2b5fd?s=96&d=mm&r=g","contentUrl":"https:\/\/secure.gravatar.com\/avatar\/b253dd15467b2329f0e140e2e96d7a7963ee736a560580d3f5e9ae1015d2b5fd?s=96&d=mm&r=g","caption":"admin"}}]}},"_links":{"self":[{"href":"https:\/\/www.effe3ti.com\/de\/wp-json\/wp\/v2\/posts\/568","targetHints":{"allow":["GET"]}}],"collection":[{"href":"https:\/\/www.effe3ti.com\/de\/wp-json\/wp\/v2\/posts"}],"about":[{"href":"https:\/\/www.effe3ti.com\/de\/wp-json\/wp\/v2\/types\/post"}],"author":[{"embeddable":true,"href":"https:\/\/www.effe3ti.com\/de\/wp-json\/wp\/v2\/users\/1"}],"replies":[{"embeddable":true,"href":"https:\/\/www.effe3ti.com\/de\/wp-json\/wp\/v2\/comments?post=568"}],"version-history":[{"count":5,"href":"https:\/\/www.effe3ti.com\/de\/wp-json\/wp\/v2\/posts\/568\/revisions"}],"predecessor-version":[{"id":22986,"href":"https:\/\/www.effe3ti.com\/de\/wp-json\/wp\/v2\/posts\/568\/revisions\/22986"}],"wp:featuredmedia":[{"embeddable":true,"href":"https:\/\/www.effe3ti.com\/de\/wp-json\/wp\/v2\/media\/106"}],"wp:attachment":[{"href":"https:\/\/www.effe3ti.com\/de\/wp-json\/wp\/v2\/media?parent=568"}],"wp:term":[{"taxonomy":"category","embeddable":true,"href":"https:\/\/www.effe3ti.com\/de\/wp-json\/wp\/v2\/categories?post=568"},{"taxonomy":"post_tag","embeddable":true,"href":"https:\/\/www.effe3ti.com\/de\/wp-json\/wp\/v2\/tags?post=568"}],"curies":[{"name":"wp","href":"https:\/\/api.w.org\/{rel}","templated":true}]}}