{"id":630,"date":"2019-07-04T09:37:00","date_gmt":"2019-07-04T09:37:00","guid":{"rendered":"https:\/\/vps-de1b14d9.vps.ovh.net\/effe3ti\/?p=630"},"modified":"2025-04-17T08:29:22","modified_gmt":"2025-04-17T08:29:22","slug":"effe3ti-und-umwelttechnologien","status":"publish","type":"post","link":"https:\/\/www.effe3ti.com\/de\/effe3ti-e-le-tecnologie-ambientali\/","title":{"rendered":"EFFE3ti und Technologien f\u00fcr die Umwelt"},"content":{"rendered":"<h2 class=\"wp-block-heading\">Abfall, Wasserressourcen und Energie \u2013 Chancen f\u00fcr die italienische Green Economy<\/h2>\n\n\n\n<p>In Italien ist ein gro\u00dfer Teil der Infrastruktur zur Lagerung und Entsorgung von Siedlungsabf\u00e4llen sowie zur integrierten Bewirtschaftung des Wasserkreislaufs veraltet. Die Deutsch-Italienische Handelskammer m\u00f6chte \u00f6ffentliche und private Betreiber bei der Auswahl der besten technischen L\u00f6sungen unterst\u00fctzen, damit das Land seinen europ\u00e4ischen Verpflichtungen nachkommen und das Konzept der Kreislaufwirtschaft umsetzen kann.<\/p>\n\n\n\n<p>Die Herausforderung f\u00fcr die Europ\u00e4ische Union besteht darin, die Abfallmenge zu reduzieren und einen positiven Kreislauf f\u00fcr das Recycling und die Wiederverwendung wertvoller Rohstoffe in Gang zu setzen. Tats\u00e4chlich haben sich die Mitgliedsstaaten das Ziel gesetzt, bis 2020 einen europ\u00e4ischen Recyclingdurchschnitt von 451 TP3T zu erreichen.<\/p>\n\n\n\n<p><strong>EFFE3ti ist der Ansprechpartner f\u00fcr Italien von <a href=\"https:\/\/www.effe3ti.com\/de\/verdichterlogistik\/\">Strautmann<\/a>, ein f\u00fchrendes Unternehmen in der Herstellung von Systemen zum Recycling von Kunststoff, Aluminium, Papier, Pappe, Polystyrol usw.<\/strong><\/p>","protected":false},"excerpt":{"rendered":"<p>Rifiuti, risorse idriche ed energia \u2013 le opportunit\u00e0 per la green economy italiana In Italia buona parte delle infrastrutture per lo stoccaggio e lo smaltimento dei rifiuti urbani e per la gestione integrata del ciclo idrico \u00e8 obsoleta. La Camera di Commercio Italo-Germanica intende supportare gli operatori pubblici e privati nella selezione delle migliori soluzioni [&hellip;]<\/p>\n","protected":false},"author":1,"featured_media":632,"comment_status":"closed","ping_status":"closed","sticky":false,"template":"","format":"standard","meta":{"footnotes":""},"categories":[42],"tags":[],"class_list":["post-630","post","type-post","status-publish","format-standard","has-post-thumbnail","hentry","category-news-approfondimenti"],"yoast_head":"<!-- This site is optimized with the Yoast SEO plugin v27.5 - https:\/\/yoast.com\/product\/yoast-seo-wordpress\/ -->\n<title>EFFE3ti e le tecnologie per l&#039;ambiente - Effe3ti<\/title>\n<meta name=\"description\" content=\"EFFE3ti per l&#039;ambiente. Siamo il referente per l\u2019Italia di Strautmann, azienda leader nella produzione di sistemi per il riciclo\" \/>\n<meta name=\"robots\" content=\"index, follow, max-snippet:-1, max-image-preview:large, max-video-preview:-1\" \/>\n<link rel=\"canonical\" href=\"https:\/\/www.effe3ti.com\/de\/effe3ti-und-umwelttechnologien\/\" \/>\n<meta property=\"og:locale\" content=\"de_DE\" \/>\n<meta property=\"og:type\" content=\"article\" \/>\n<meta property=\"og:title\" content=\"EFFE3ti e le tecnologie per l&#039;ambiente - Effe3ti\" \/>\n<meta property=\"og:description\" content=\"EFFE3ti per l&#039;ambiente. Siamo il referente per l\u2019Italia di Strautmann, azienda leader nella produzione di sistemi per il riciclo\" \/>\n<meta property=\"og:url\" content=\"https:\/\/www.effe3ti.com\/de\/effe3ti-und-umwelttechnologien\/\" \/>\n<meta property=\"og:site_name\" content=\"Effe3ti\" \/>\n<meta property=\"article:publisher\" content=\"https:\/\/www.facebook.com\/effe3ti.packaging\" \/>\n<meta property=\"article:published_time\" content=\"2019-07-04T09:37:00+00:00\" \/>\n<meta property=\"article:modified_time\" content=\"2025-04-17T08:29:22+00:00\" \/>\n<meta property=\"og:image\" content=\"https:\/\/www.effe3ti.com\/wp-content\/uploads\/2021\/04\/TecnologieAmbientali.jpg\" \/>\n\t<meta property=\"og:image:width\" content=\"1600\" \/>\n\t<meta property=\"og:image:height\" content=\"900\" \/>\n\t<meta property=\"og:image:type\" content=\"image\/jpeg\" \/>\n<meta name=\"author\" content=\"admin\" \/>\n<meta name=\"twitter:card\" content=\"summary_large_image\" \/>\n<meta name=\"twitter:label1\" content=\"Verfasst von\" \/>\n\t<meta name=\"twitter:data1\" content=\"admin\" \/>\n\t<meta name=\"twitter:label2\" content=\"Gesch\u00e4tzte Lesezeit\" \/>\n\t<meta name=\"twitter:data2\" content=\"1\u00a0Minute\" \/>\n<script type=\"application\/ld+json\" class=\"yoast-schema-graph\">{\"@context\":\"https:\\\/\\\/schema.org\",\"@graph\":[{\"@type\":\"Article\",\"@id\":\"https:\\\/\\\/www.effe3ti.com\\\/effe3ti-e-le-tecnologie-ambientali\\\/#article\",\"isPartOf\":{\"@id\":\"https:\\\/\\\/www.effe3ti.com\\\/effe3ti-e-le-tecnologie-ambientali\\\/\"},\"author\":{\"name\":\"admin\",\"@id\":\"https:\\\/\\\/www.effe3ti.com\\\/#\\\/schema\\\/person\\\/6cef6f087618c649ebbf63a4ea46e0d6\"},\"headline\":\"EFFE3ti e le tecnologie per l&#8217;ambiente\",\"datePublished\":\"2019-07-04T09:37:00+00:00\",\"dateModified\":\"2025-04-17T08:29:22+00:00\",\"mainEntityOfPage\":{\"@id\":\"https:\\\/\\\/www.effe3ti.com\\\/effe3ti-e-le-tecnologie-ambientali\\\/\"},\"wordCount\":144,\"publisher\":{\"@id\":\"https:\\\/\\\/www.effe3ti.com\\\/#organization\"},\"image\":{\"@id\":\"https:\\\/\\\/www.effe3ti.com\\\/effe3ti-e-le-tecnologie-ambientali\\\/#primaryimage\"},\"thumbnailUrl\":\"https:\\\/\\\/www.effe3ti.com\\\/wp-content\\\/uploads\\\/2021\\\/04\\\/TecnologieAmbientali.jpg\",\"articleSection\":[\"Approfondimenti\"],\"inLanguage\":\"de\"},{\"@type\":\"WebPage\",\"@id\":\"https:\\\/\\\/www.effe3ti.com\\\/effe3ti-e-le-tecnologie-ambientali\\\/\",\"url\":\"https:\\\/\\\/www.effe3ti.com\\\/effe3ti-e-le-tecnologie-ambientali\\\/\",\"name\":\"EFFE3ti e le tecnologie per l'ambiente - Effe3ti\",\"isPartOf\":{\"@id\":\"https:\\\/\\\/www.effe3ti.com\\\/#website\"},\"primaryImageOfPage\":{\"@id\":\"https:\\\/\\\/www.effe3ti.com\\\/effe3ti-e-le-tecnologie-ambientali\\\/#primaryimage\"},\"image\":{\"@id\":\"https:\\\/\\\/www.effe3ti.com\\\/effe3ti-e-le-tecnologie-ambientali\\\/#primaryimage\"},\"thumbnailUrl\":\"https:\\\/\\\/www.effe3ti.com\\\/wp-content\\\/uploads\\\/2021\\\/04\\\/TecnologieAmbientali.jpg\",\"datePublished\":\"2019-07-04T09:37:00+00:00\",\"dateModified\":\"2025-04-17T08:29:22+00:00\",\"description\":\"EFFE3ti per l'ambiente. Siamo il referente per l\u2019Italia di Strautmann, azienda leader nella produzione di sistemi per il riciclo\",\"breadcrumb\":{\"@id\":\"https:\\\/\\\/www.effe3ti.com\\\/effe3ti-e-le-tecnologie-ambientali\\\/#breadcrumb\"},\"inLanguage\":\"de\",\"potentialAction\":[{\"@type\":\"ReadAction\",\"target\":[\"https:\\\/\\\/www.effe3ti.com\\\/effe3ti-e-le-tecnologie-ambientali\\\/\"]}]},{\"@type\":\"ImageObject\",\"inLanguage\":\"de\",\"@id\":\"https:\\\/\\\/www.effe3ti.com\\\/effe3ti-e-le-tecnologie-ambientali\\\/#primaryimage\",\"url\":\"https:\\\/\\\/www.effe3ti.com\\\/wp-content\\\/uploads\\\/2021\\\/04\\\/TecnologieAmbientali.jpg\",\"contentUrl\":\"https:\\\/\\\/www.effe3ti.com\\\/wp-content\\\/uploads\\\/2021\\\/04\\\/TecnologieAmbientali.jpg\",\"width\":1600,\"height\":900,\"caption\":\"ambiente\"},{\"@type\":\"BreadcrumbList\",\"@id\":\"https:\\\/\\\/www.effe3ti.com\\\/effe3ti-e-le-tecnologie-ambientali\\\/#breadcrumb\",\"itemListElement\":[{\"@type\":\"ListItem\",\"position\":1,\"name\":\"Home\",\"item\":\"https:\\\/\\\/www.effe3ti.com\\\/\"},{\"@type\":\"ListItem\",\"position\":2,\"name\":\"EFFE3ti e le tecnologie per l&#8217;ambiente\"}]},{\"@type\":\"WebSite\",\"@id\":\"https:\\\/\\\/www.effe3ti.com\\\/#website\",\"url\":\"https:\\\/\\\/www.effe3ti.com\\\/\",\"name\":\"Effe3ti\",\"description\":\"Packaging Technologies\",\"publisher\":{\"@id\":\"https:\\\/\\\/www.effe3ti.com\\\/#organization\"},\"potentialAction\":[{\"@type\":\"SearchAction\",\"target\":{\"@type\":\"EntryPoint\",\"urlTemplate\":\"https:\\\/\\\/www.effe3ti.com\\\/?s={search_term_string}\"},\"query-input\":{\"@type\":\"PropertyValueSpecification\",\"valueRequired\":true,\"valueName\":\"search_term_string\"}}],\"inLanguage\":\"de\"},{\"@type\":\"Organization\",\"@id\":\"https:\\\/\\\/www.effe3ti.com\\\/#organization\",\"name\":\"Effe3ti\",\"alternateName\":\"f3t\",\"url\":\"https:\\\/\\\/www.effe3ti.com\\\/\",\"logo\":{\"@type\":\"ImageObject\",\"inLanguage\":\"de\",\"@id\":\"https:\\\/\\\/www.effe3ti.com\\\/#\\\/schema\\\/logo\\\/image\\\/\",\"url\":\"https:\\\/\\\/www.effe3ti.com\\\/wp-content\\\/uploads\\\/2021\\\/04\\\/Effe3ti_logo-350.gif\",\"contentUrl\":\"https:\\\/\\\/www.effe3ti.com\\\/wp-content\\\/uploads\\\/2021\\\/04\\\/Effe3ti_logo-350.gif\",\"width\":350,\"height\":128,\"caption\":\"Effe3ti\"},\"image\":{\"@id\":\"https:\\\/\\\/www.effe3ti.com\\\/#\\\/schema\\\/logo\\\/image\\\/\"},\"sameAs\":[\"https:\\\/\\\/www.facebook.com\\\/effe3ti.packaging\",\"https:\\\/\\\/www.instagram.com\\\/EFFE3TI\\\/\",\"https:\\\/\\\/www.linkedin.com\\\/company\\\/effe3ti-srl\",\"https:\\\/\\\/www.youtube.com\\\/effe3ti\"]},{\"@type\":\"Person\",\"@id\":\"https:\\\/\\\/www.effe3ti.com\\\/#\\\/schema\\\/person\\\/6cef6f087618c649ebbf63a4ea46e0d6\",\"name\":\"admin\",\"image\":{\"@type\":\"ImageObject\",\"inLanguage\":\"de\",\"@id\":\"https:\\\/\\\/secure.gravatar.com\\\/avatar\\\/b253dd15467b2329f0e140e2e96d7a7963ee736a560580d3f5e9ae1015d2b5fd?s=96&d=mm&r=g\",\"url\":\"https:\\\/\\\/secure.gravatar.com\\\/avatar\\\/b253dd15467b2329f0e140e2e96d7a7963ee736a560580d3f5e9ae1015d2b5fd?s=96&d=mm&r=g\",\"contentUrl\":\"https:\\\/\\\/secure.gravatar.com\\\/avatar\\\/b253dd15467b2329f0e140e2e96d7a7963ee736a560580d3f5e9ae1015d2b5fd?s=96&d=mm&r=g\",\"caption\":\"admin\"}}]}<\/script>\n<!-- \/ Yoast SEO plugin. -->","yoast_head_json":{"title":"EFFE3ti und Umwelttechnologien - Effe3ti","description":"EFFE3ti f\u00fcr die Umwelt. Wir sind der italienische Vertreter von Strautmann, einem f\u00fchrenden Unternehmen in der Herstellung von Recyclingsystemen","robots":{"index":"index","follow":"follow","max-snippet":"max-snippet:-1","max-image-preview":"max-image-preview:large","max-video-preview":"max-video-preview:-1"},"canonical":"https:\/\/www.effe3ti.com\/de\/effe3ti-und-umwelttechnologien\/","og_locale":"de_DE","og_type":"article","og_title":"EFFE3ti e le tecnologie per l'ambiente - Effe3ti","og_description":"EFFE3ti per l'ambiente. Siamo il referente per l\u2019Italia di Strautmann, azienda leader nella produzione di sistemi per il riciclo","og_url":"https:\/\/www.effe3ti.com\/de\/effe3ti-und-umwelttechnologien\/","og_site_name":"Effe3ti","article_publisher":"https:\/\/www.facebook.com\/effe3ti.packaging","article_published_time":"2019-07-04T09:37:00+00:00","article_modified_time":"2025-04-17T08:29:22+00:00","og_image":[{"width":1600,"height":900,"url":"https:\/\/www.effe3ti.com\/wp-content\/uploads\/2021\/04\/TecnologieAmbientali.jpg","type":"image\/jpeg"}],"author":"admin","twitter_card":"summary_large_image","twitter_misc":{"Verfasst von":"admin","Gesch\u00e4tzte Lesezeit":"1\u00a0Minute"},"schema":{"@context":"https:\/\/schema.org","@graph":[{"@type":"Article","@id":"https:\/\/www.effe3ti.com\/effe3ti-e-le-tecnologie-ambientali\/#article","isPartOf":{"@id":"https:\/\/www.effe3ti.com\/effe3ti-e-le-tecnologie-ambientali\/"},"author":{"name":"admin","@id":"https:\/\/www.effe3ti.com\/#\/schema\/person\/6cef6f087618c649ebbf63a4ea46e0d6"},"headline":"EFFE3ti e le tecnologie per l&#8217;ambiente","datePublished":"2019-07-04T09:37:00+00:00","dateModified":"2025-04-17T08:29:22+00:00","mainEntityOfPage":{"@id":"https:\/\/www.effe3ti.com\/effe3ti-e-le-tecnologie-ambientali\/"},"wordCount":144,"publisher":{"@id":"https:\/\/www.effe3ti.com\/#organization"},"image":{"@id":"https:\/\/www.effe3ti.com\/effe3ti-e-le-tecnologie-ambientali\/#primaryimage"},"thumbnailUrl":"https:\/\/www.effe3ti.com\/wp-content\/uploads\/2021\/04\/TecnologieAmbientali.jpg","articleSection":["Approfondimenti"],"inLanguage":"de"},{"@type":"WebPage","@id":"https:\/\/www.effe3ti.com\/effe3ti-e-le-tecnologie-ambientali\/","url":"https:\/\/www.effe3ti.com\/effe3ti-e-le-tecnologie-ambientali\/","name":"EFFE3ti und Umwelttechnologien - Effe3ti","isPartOf":{"@id":"https:\/\/www.effe3ti.com\/#website"},"primaryImageOfPage":{"@id":"https:\/\/www.effe3ti.com\/effe3ti-e-le-tecnologie-ambientali\/#primaryimage"},"image":{"@id":"https:\/\/www.effe3ti.com\/effe3ti-e-le-tecnologie-ambientali\/#primaryimage"},"thumbnailUrl":"https:\/\/www.effe3ti.com\/wp-content\/uploads\/2021\/04\/TecnologieAmbientali.jpg","datePublished":"2019-07-04T09:37:00+00:00","dateModified":"2025-04-17T08:29:22+00:00","description":"EFFE3ti f\u00fcr die Umwelt. Wir sind der italienische Vertreter von Strautmann, einem f\u00fchrenden Unternehmen in der Herstellung von Recyclingsystemen","breadcrumb":{"@id":"https:\/\/www.effe3ti.com\/effe3ti-e-le-tecnologie-ambientali\/#breadcrumb"},"inLanguage":"de","potentialAction":[{"@type":"ReadAction","target":["https:\/\/www.effe3ti.com\/effe3ti-e-le-tecnologie-ambientali\/"]}]},{"@type":"ImageObject","inLanguage":"de","@id":"https:\/\/www.effe3ti.com\/effe3ti-e-le-tecnologie-ambientali\/#primaryimage","url":"https:\/\/www.effe3ti.com\/wp-content\/uploads\/2021\/04\/TecnologieAmbientali.jpg","contentUrl":"https:\/\/www.effe3ti.com\/wp-content\/uploads\/2021\/04\/TecnologieAmbientali.jpg","width":1600,"height":900,"caption":"ambiente"},{"@type":"BreadcrumbList","@id":"https:\/\/www.effe3ti.com\/effe3ti-e-le-tecnologie-ambientali\/#breadcrumb","itemListElement":[{"@type":"ListItem","position":1,"name":"Home","item":"https:\/\/www.effe3ti.com\/"},{"@type":"ListItem","position":2,"name":"EFFE3ti e le tecnologie per l&#8217;ambiente"}]},{"@type":"WebSite","@id":"https:\/\/www.effe3ti.com\/#website","url":"https:\/\/www.effe3ti.com\/","name":"Effe3ti","description":"Verpackungstechnologien","publisher":{"@id":"https:\/\/www.effe3ti.com\/#organization"},"potentialAction":[{"@type":"SearchAction","target":{"@type":"EntryPoint","urlTemplate":"https:\/\/www.effe3ti.com\/?s={search_term_string}"},"query-input":{"@type":"PropertyValueSpecification","valueRequired":true,"valueName":"search_term_string"}}],"inLanguage":"de"},{"@type":"Organization","@id":"https:\/\/www.effe3ti.com\/#organization","name":"Effe3ti","alternateName":"f3t","url":"https:\/\/www.effe3ti.com\/","logo":{"@type":"ImageObject","inLanguage":"de","@id":"https:\/\/www.effe3ti.com\/#\/schema\/logo\/image\/","url":"https:\/\/www.effe3ti.com\/wp-content\/uploads\/2021\/04\/Effe3ti_logo-350.gif","contentUrl":"https:\/\/www.effe3ti.com\/wp-content\/uploads\/2021\/04\/Effe3ti_logo-350.gif","width":350,"height":128,"caption":"Effe3ti"},"image":{"@id":"https:\/\/www.effe3ti.com\/#\/schema\/logo\/image\/"},"sameAs":["https:\/\/www.facebook.com\/effe3ti.packaging","https:\/\/www.instagram.com\/EFFE3TI\/","https:\/\/www.linkedin.com\/company\/effe3ti-srl","https:\/\/www.youtube.com\/effe3ti"]},{"@type":"Person","@id":"https:\/\/www.effe3ti.com\/#\/schema\/person\/6cef6f087618c649ebbf63a4ea46e0d6","name":"Administrator","image":{"@type":"ImageObject","inLanguage":"de","@id":"https:\/\/secure.gravatar.com\/avatar\/b253dd15467b2329f0e140e2e96d7a7963ee736a560580d3f5e9ae1015d2b5fd?s=96&d=mm&r=g","url":"https:\/\/secure.gravatar.com\/avatar\/b253dd15467b2329f0e140e2e96d7a7963ee736a560580d3f5e9ae1015d2b5fd?s=96&d=mm&r=g","contentUrl":"https:\/\/secure.gravatar.com\/avatar\/b253dd15467b2329f0e140e2e96d7a7963ee736a560580d3f5e9ae1015d2b5fd?s=96&d=mm&r=g","caption":"admin"}}]}},"_links":{"self":[{"href":"https:\/\/www.effe3ti.com\/de\/wp-json\/wp\/v2\/posts\/630","targetHints":{"allow":["GET"]}}],"collection":[{"href":"https:\/\/www.effe3ti.com\/de\/wp-json\/wp\/v2\/posts"}],"about":[{"href":"https:\/\/www.effe3ti.com\/de\/wp-json\/wp\/v2\/types\/post"}],"author":[{"embeddable":true,"href":"https:\/\/www.effe3ti.com\/de\/wp-json\/wp\/v2\/users\/1"}],"replies":[{"embeddable":true,"href":"https:\/\/www.effe3ti.com\/de\/wp-json\/wp\/v2\/comments?post=630"}],"version-history":[{"count":3,"href":"https:\/\/www.effe3ti.com\/de\/wp-json\/wp\/v2\/posts\/630\/revisions"}],"predecessor-version":[{"id":23011,"href":"https:\/\/www.effe3ti.com\/de\/wp-json\/wp\/v2\/posts\/630\/revisions\/23011"}],"wp:featuredmedia":[{"embeddable":true,"href":"https:\/\/www.effe3ti.com\/de\/wp-json\/wp\/v2\/media\/632"}],"wp:attachment":[{"href":"https:\/\/www.effe3ti.com\/de\/wp-json\/wp\/v2\/media?parent=630"}],"wp:term":[{"taxonomy":"category","embeddable":true,"href":"https:\/\/www.effe3ti.com\/de\/wp-json\/wp\/v2\/categories?post=630"},{"taxonomy":"post_tag","embeddable":true,"href":"https:\/\/www.effe3ti.com\/de\/wp-json\/wp\/v2\/tags?post=630"}],"curies":[{"name":"wp","href":"https:\/\/api.w.org\/{rel}","templated":true}]}}