{"id":8452,"date":"2022-03-09T09:22:17","date_gmt":"2022-03-09T09:22:17","guid":{"rendered":"https:\/\/www.effe3ti.com\/?p=8452"},"modified":"2025-04-16T15:07:43","modified_gmt":"2025-04-16T15:07:43","slug":"effe3ti-und-saubere-energie","status":"publish","type":"post","link":"https:\/\/www.effe3ti.com\/de\/effe3ti-e-lenergia-pulita\/","title":{"rendered":"EFFE3ti und saubere Energie"},"content":{"rendered":"<h2 class=\"wp-block-heading\">Energiewende: EFFE3ti-Dach verwandelt sich in eine saubere Energiequelle<\/h2>\n\n\n\n<h3 class=\"wp-block-heading\">Ein Schritt in Richtung Nachhaltigkeit und erneuerbare Energien<\/h3>\n\n\n\n<p>Auf dem Weg zum <strong data-start=\"302\" data-end=\"328\">Energiewende<\/strong>, <a href=\"https:\/\/www.effe3ti.com\/de\/uber-effe3ti-verpackungen\/\">EFFE3ti<\/a> Mit der Installation von Photovoltaikmodulen auf dem Dach des Hauptsitzes hat das Unternehmen 2022 einen wichtigen Schritt getan. Diese Initiative ist Teil unseres kontinuierlichen Engagements f\u00fcr Nachhaltigkeit und die Reduzierung der Umweltbelastung durch den Einsatz von <strong data-start=\"582\" data-end=\"600\">saubere Energie<\/strong> um den t\u00e4glichen Gesch\u00e4ftsbetrieb voranzutreiben.<\/p>\n\n\n\n<p>Die Entscheidung, erneuerbare Energie direkt im Unternehmen zu produzieren, ist nicht nur eine Investition in <strong data-start=\"750\" data-end=\"776\">Energiewende<\/strong>, sondern auch eine konkrete Antwort auf die wachsende Notwendigkeit, den Energieverbrauch zu senken und die CO2-Emissionen zu begrenzen. EFFE3ti achtet zunehmend auf Energieeinsparungen und konzentriert sich auf die Reduzierung von Abf\u00e4llen in jedem Gesch\u00e4ftsprozess. Mit der Installation von Photovoltaikmodulen k\u00f6nnen wir das Unternehmen nun mit Strom versorgen <strong data-start=\"1119\" data-end=\"1137\">saubere Energie<\/strong>, die direkt von der Sonne kommen, einer nat\u00fcrlichen, erneuerbaren und nachhaltigen Ressource.<\/p>\n\n\n\n<figure class=\"wp-block-image\"><img decoding=\"async\" src=\"https:\/\/www.effe3ti.com\/wp-content\/uploads\/2022\/03\/energia-pulita-effe3ti-2.jpg\" alt=\"\"\/><\/figure>\n\n\n\n<h3 class=\"wp-block-heading\">Autonome Energieerzeugung und Reduzierung der Umweltbelastung<\/h3>\n\n\n\n<p>Wir sind stolz darauf, sagen zu k\u00f6nnen, dass dieser Schritt einen bedeutenden Schritt in Richtung einer <strong data-start=\"1389\" data-end=\"1423\">autonome Energieerzeugung<\/strong>Dies verbessert nicht nur die Energieeffizienz unseres Unternehmens, sondern tr\u00e4gt auch dazu bei, unsere Auswirkungen auf die Umwelt zu reduzieren. Die Produktion von <strong data-start=\"1576\" data-end=\"1599\">erneuerbare Energien<\/strong> Dadurch k\u00f6nnen wir unsere Anlagen mit Strom versorgen und so die Abh\u00e4ngigkeit von herk\u00f6mmlichen und umweltsch\u00e4dlichen Energiequellen verringern.<\/p>\n\n\n\n<p>EFFE3ti macht weiterhin Fortschritte auf seinem Weg der <strong data-start=\"1775\" data-end=\"1801\">Energiewende<\/strong>, mit dem Ziel, unsere Umweltbelastung weiter zu reduzieren. Mit dem st\u00e4ndigen Engagement f\u00fcr die Einf\u00fchrung \u00f6kologischer L\u00f6sungen und die Aufwertung der <strong data-start=\"1964\" data-end=\"1982\">saubere Energie<\/strong>Wir wollen unser Unternehmen zu einem Vorbild f\u00fcr Effizienz und Nachhaltigkeit f\u00fcr die Zukunft machen. Unsere Vision ist klar: ein Unternehmen, das w\u00e4chst und gleichzeitig die Umwelt respektiert und erneuerbare Ressourcen nutzt.<\/p>\n\n\n\n<p><\/p>\n\n\n\n<figure class=\"wp-block-image\"><img decoding=\"async\" src=\"https:\/\/www.effe3ti.com\/wp-content\/uploads\/2022\/03\/energia-pulita-effe3ti-3-1024x576.jpg\" alt=\"\"\/><\/figure>\n\n\n\n<p><\/p>\n\n\n\n<p><\/p>","protected":false},"excerpt":{"rendered":"<p>Transizione Energetica: Il tetto di EFFE3ti si trasforma in una fonte di energia pulita Un passo verso la sostenibilit\u00e0 e l&#8217;energia rinnovabile Nel percorso verso la transizione energetica, EFFE3ti ha intrapreso un importante passo nel 2022 con l&#8217;installazione di pannelli fotovoltaici sul tetto della sua sede. Questa iniziativa fa parte del nostro impegno continuo verso [&hellip;]<\/p>\n","protected":false},"author":1,"featured_media":8454,"comment_status":"closed","ping_status":"closed","sticky":false,"template":"","format":"standard","meta":{"footnotes":""},"categories":[42],"tags":[],"class_list":["post-8452","post","type-post","status-publish","format-standard","has-post-thumbnail","hentry","category-news-approfondimenti"],"yoast_head":"<!-- This site is optimized with the Yoast SEO plugin v27.5 - https:\/\/yoast.com\/product\/yoast-seo-wordpress\/ -->\n<title>EFFE3ti e l&#039;energia pulita - Effe3ti<\/title>\n<meta name=\"description\" content=\"EFFE3ti produce ora energia pulita, iniziando la sua transizione energetica\" \/>\n<meta name=\"robots\" content=\"index, follow, max-snippet:-1, max-image-preview:large, max-video-preview:-1\" \/>\n<link rel=\"canonical\" href=\"https:\/\/www.effe3ti.com\/de\/effe3ti-und-saubere-energie\/\" \/>\n<meta property=\"og:locale\" content=\"de_DE\" \/>\n<meta property=\"og:type\" content=\"article\" \/>\n<meta property=\"og:title\" content=\"EFFE3ti e l&#039;energia pulita - Effe3ti\" \/>\n<meta property=\"og:description\" content=\"EFFE3ti produce ora energia pulita, iniziando la sua transizione energetica\" \/>\n<meta property=\"og:url\" content=\"https:\/\/www.effe3ti.com\/de\/effe3ti-und-saubere-energie\/\" \/>\n<meta property=\"og:site_name\" content=\"Effe3ti\" \/>\n<meta property=\"article:publisher\" content=\"https:\/\/www.facebook.com\/effe3ti.packaging\" \/>\n<meta property=\"article:published_time\" content=\"2022-03-09T09:22:17+00:00\" \/>\n<meta property=\"article:modified_time\" content=\"2025-04-16T15:07:43+00:00\" \/>\n<meta property=\"og:image\" content=\"https:\/\/www.effe3ti.com\/wp-content\/uploads\/2022\/03\/energia-pulita-effe3ti-1-scaled.jpg\" \/>\n\t<meta property=\"og:image:width\" content=\"2560\" \/>\n\t<meta property=\"og:image:height\" content=\"1440\" \/>\n\t<meta property=\"og:image:type\" content=\"image\/jpeg\" \/>\n<meta name=\"author\" content=\"admin\" \/>\n<meta name=\"twitter:card\" content=\"summary_large_image\" \/>\n<meta name=\"twitter:label1\" content=\"Verfasst von\" \/>\n\t<meta name=\"twitter:data1\" content=\"admin\" \/>\n\t<meta name=\"twitter:label2\" content=\"Gesch\u00e4tzte Lesezeit\" \/>\n\t<meta name=\"twitter:data2\" content=\"3\u00a0Minuten\" \/>\n<script type=\"application\/ld+json\" class=\"yoast-schema-graph\">{\"@context\":\"https:\\\/\\\/schema.org\",\"@graph\":[{\"@type\":\"Article\",\"@id\":\"https:\\\/\\\/www.effe3ti.com\\\/effe3ti-e-lenergia-pulita\\\/#article\",\"isPartOf\":{\"@id\":\"https:\\\/\\\/www.effe3ti.com\\\/effe3ti-e-lenergia-pulita\\\/\"},\"author\":{\"name\":\"admin\",\"@id\":\"https:\\\/\\\/www.effe3ti.com\\\/#\\\/schema\\\/person\\\/6cef6f087618c649ebbf63a4ea46e0d6\"},\"headline\":\"EFFE3ti e l&#8217;energia pulita\",\"datePublished\":\"2022-03-09T09:22:17+00:00\",\"dateModified\":\"2025-04-16T15:07:43+00:00\",\"mainEntityOfPage\":{\"@id\":\"https:\\\/\\\/www.effe3ti.com\\\/effe3ti-e-lenergia-pulita\\\/\"},\"wordCount\":293,\"publisher\":{\"@id\":\"https:\\\/\\\/www.effe3ti.com\\\/#organization\"},\"image\":{\"@id\":\"https:\\\/\\\/www.effe3ti.com\\\/effe3ti-e-lenergia-pulita\\\/#primaryimage\"},\"thumbnailUrl\":\"https:\\\/\\\/www.effe3ti.com\\\/wp-content\\\/uploads\\\/2022\\\/03\\\/energia-pulita-effe3ti-1-scaled.jpg\",\"articleSection\":[\"Approfondimenti\"],\"inLanguage\":\"de\"},{\"@type\":\"WebPage\",\"@id\":\"https:\\\/\\\/www.effe3ti.com\\\/effe3ti-e-lenergia-pulita\\\/\",\"url\":\"https:\\\/\\\/www.effe3ti.com\\\/effe3ti-e-lenergia-pulita\\\/\",\"name\":\"EFFE3ti e l'energia pulita - Effe3ti\",\"isPartOf\":{\"@id\":\"https:\\\/\\\/www.effe3ti.com\\\/#website\"},\"primaryImageOfPage\":{\"@id\":\"https:\\\/\\\/www.effe3ti.com\\\/effe3ti-e-lenergia-pulita\\\/#primaryimage\"},\"image\":{\"@id\":\"https:\\\/\\\/www.effe3ti.com\\\/effe3ti-e-lenergia-pulita\\\/#primaryimage\"},\"thumbnailUrl\":\"https:\\\/\\\/www.effe3ti.com\\\/wp-content\\\/uploads\\\/2022\\\/03\\\/energia-pulita-effe3ti-1-scaled.jpg\",\"datePublished\":\"2022-03-09T09:22:17+00:00\",\"dateModified\":\"2025-04-16T15:07:43+00:00\",\"description\":\"EFFE3ti produce ora energia pulita, iniziando la sua transizione energetica\",\"breadcrumb\":{\"@id\":\"https:\\\/\\\/www.effe3ti.com\\\/effe3ti-e-lenergia-pulita\\\/#breadcrumb\"},\"inLanguage\":\"de\",\"potentialAction\":[{\"@type\":\"ReadAction\",\"target\":[\"https:\\\/\\\/www.effe3ti.com\\\/effe3ti-e-lenergia-pulita\\\/\"]}]},{\"@type\":\"ImageObject\",\"inLanguage\":\"de\",\"@id\":\"https:\\\/\\\/www.effe3ti.com\\\/effe3ti-e-lenergia-pulita\\\/#primaryimage\",\"url\":\"https:\\\/\\\/www.effe3ti.com\\\/wp-content\\\/uploads\\\/2022\\\/03\\\/energia-pulita-effe3ti-1-scaled.jpg\",\"contentUrl\":\"https:\\\/\\\/www.effe3ti.com\\\/wp-content\\\/uploads\\\/2022\\\/03\\\/energia-pulita-effe3ti-1-scaled.jpg\",\"width\":2560,\"height\":1440,\"caption\":\"energia pulita\"},{\"@type\":\"BreadcrumbList\",\"@id\":\"https:\\\/\\\/www.effe3ti.com\\\/effe3ti-e-lenergia-pulita\\\/#breadcrumb\",\"itemListElement\":[{\"@type\":\"ListItem\",\"position\":1,\"name\":\"Home\",\"item\":\"https:\\\/\\\/www.effe3ti.com\\\/\"},{\"@type\":\"ListItem\",\"position\":2,\"name\":\"EFFE3ti e l&#8217;energia pulita\"}]},{\"@type\":\"WebSite\",\"@id\":\"https:\\\/\\\/www.effe3ti.com\\\/#website\",\"url\":\"https:\\\/\\\/www.effe3ti.com\\\/\",\"name\":\"Effe3ti\",\"description\":\"Packaging Technologies\",\"publisher\":{\"@id\":\"https:\\\/\\\/www.effe3ti.com\\\/#organization\"},\"potentialAction\":[{\"@type\":\"SearchAction\",\"target\":{\"@type\":\"EntryPoint\",\"urlTemplate\":\"https:\\\/\\\/www.effe3ti.com\\\/?s={search_term_string}\"},\"query-input\":{\"@type\":\"PropertyValueSpecification\",\"valueRequired\":true,\"valueName\":\"search_term_string\"}}],\"inLanguage\":\"de\"},{\"@type\":\"Organization\",\"@id\":\"https:\\\/\\\/www.effe3ti.com\\\/#organization\",\"name\":\"Effe3ti\",\"alternateName\":\"f3t\",\"url\":\"https:\\\/\\\/www.effe3ti.com\\\/\",\"logo\":{\"@type\":\"ImageObject\",\"inLanguage\":\"de\",\"@id\":\"https:\\\/\\\/www.effe3ti.com\\\/#\\\/schema\\\/logo\\\/image\\\/\",\"url\":\"https:\\\/\\\/www.effe3ti.com\\\/wp-content\\\/uploads\\\/2021\\\/04\\\/Effe3ti_logo-350.gif\",\"contentUrl\":\"https:\\\/\\\/www.effe3ti.com\\\/wp-content\\\/uploads\\\/2021\\\/04\\\/Effe3ti_logo-350.gif\",\"width\":350,\"height\":128,\"caption\":\"Effe3ti\"},\"image\":{\"@id\":\"https:\\\/\\\/www.effe3ti.com\\\/#\\\/schema\\\/logo\\\/image\\\/\"},\"sameAs\":[\"https:\\\/\\\/www.facebook.com\\\/effe3ti.packaging\",\"https:\\\/\\\/www.instagram.com\\\/EFFE3TI\\\/\",\"https:\\\/\\\/www.linkedin.com\\\/company\\\/effe3ti-srl\",\"https:\\\/\\\/www.youtube.com\\\/effe3ti\"]},{\"@type\":\"Person\",\"@id\":\"https:\\\/\\\/www.effe3ti.com\\\/#\\\/schema\\\/person\\\/6cef6f087618c649ebbf63a4ea46e0d6\",\"name\":\"admin\",\"image\":{\"@type\":\"ImageObject\",\"inLanguage\":\"de\",\"@id\":\"https:\\\/\\\/secure.gravatar.com\\\/avatar\\\/b253dd15467b2329f0e140e2e96d7a7963ee736a560580d3f5e9ae1015d2b5fd?s=96&d=mm&r=g\",\"url\":\"https:\\\/\\\/secure.gravatar.com\\\/avatar\\\/b253dd15467b2329f0e140e2e96d7a7963ee736a560580d3f5e9ae1015d2b5fd?s=96&d=mm&r=g\",\"contentUrl\":\"https:\\\/\\\/secure.gravatar.com\\\/avatar\\\/b253dd15467b2329f0e140e2e96d7a7963ee736a560580d3f5e9ae1015d2b5fd?s=96&d=mm&r=g\",\"caption\":\"admin\"}}]}<\/script>\n<!-- \/ Yoast SEO plugin. -->","yoast_head_json":{"title":"EFFE3ti und saubere Energie - Effe3ti","description":"EFFE3ti produziert jetzt saubere Energie und startet seine Energiewende","robots":{"index":"index","follow":"follow","max-snippet":"max-snippet:-1","max-image-preview":"max-image-preview:large","max-video-preview":"max-video-preview:-1"},"canonical":"https:\/\/www.effe3ti.com\/de\/effe3ti-und-saubere-energie\/","og_locale":"de_DE","og_type":"article","og_title":"EFFE3ti e l'energia pulita - Effe3ti","og_description":"EFFE3ti produce ora energia pulita, iniziando la sua transizione energetica","og_url":"https:\/\/www.effe3ti.com\/de\/effe3ti-und-saubere-energie\/","og_site_name":"Effe3ti","article_publisher":"https:\/\/www.facebook.com\/effe3ti.packaging","article_published_time":"2022-03-09T09:22:17+00:00","article_modified_time":"2025-04-16T15:07:43+00:00","og_image":[{"width":2560,"height":1440,"url":"https:\/\/www.effe3ti.com\/wp-content\/uploads\/2022\/03\/energia-pulita-effe3ti-1-scaled.jpg","type":"image\/jpeg"}],"author":"admin","twitter_card":"summary_large_image","twitter_misc":{"Verfasst von":"admin","Gesch\u00e4tzte Lesezeit":"3\u00a0Minuten"},"schema":{"@context":"https:\/\/schema.org","@graph":[{"@type":"Article","@id":"https:\/\/www.effe3ti.com\/effe3ti-e-lenergia-pulita\/#article","isPartOf":{"@id":"https:\/\/www.effe3ti.com\/effe3ti-e-lenergia-pulita\/"},"author":{"name":"admin","@id":"https:\/\/www.effe3ti.com\/#\/schema\/person\/6cef6f087618c649ebbf63a4ea46e0d6"},"headline":"EFFE3ti e l&#8217;energia pulita","datePublished":"2022-03-09T09:22:17+00:00","dateModified":"2025-04-16T15:07:43+00:00","mainEntityOfPage":{"@id":"https:\/\/www.effe3ti.com\/effe3ti-e-lenergia-pulita\/"},"wordCount":293,"publisher":{"@id":"https:\/\/www.effe3ti.com\/#organization"},"image":{"@id":"https:\/\/www.effe3ti.com\/effe3ti-e-lenergia-pulita\/#primaryimage"},"thumbnailUrl":"https:\/\/www.effe3ti.com\/wp-content\/uploads\/2022\/03\/energia-pulita-effe3ti-1-scaled.jpg","articleSection":["Approfondimenti"],"inLanguage":"de"},{"@type":"WebPage","@id":"https:\/\/www.effe3ti.com\/effe3ti-e-lenergia-pulita\/","url":"https:\/\/www.effe3ti.com\/effe3ti-e-lenergia-pulita\/","name":"EFFE3ti und saubere Energie - Effe3ti","isPartOf":{"@id":"https:\/\/www.effe3ti.com\/#website"},"primaryImageOfPage":{"@id":"https:\/\/www.effe3ti.com\/effe3ti-e-lenergia-pulita\/#primaryimage"},"image":{"@id":"https:\/\/www.effe3ti.com\/effe3ti-e-lenergia-pulita\/#primaryimage"},"thumbnailUrl":"https:\/\/www.effe3ti.com\/wp-content\/uploads\/2022\/03\/energia-pulita-effe3ti-1-scaled.jpg","datePublished":"2022-03-09T09:22:17+00:00","dateModified":"2025-04-16T15:07:43+00:00","description":"EFFE3ti produziert jetzt saubere Energie und startet seine Energiewende","breadcrumb":{"@id":"https:\/\/www.effe3ti.com\/effe3ti-e-lenergia-pulita\/#breadcrumb"},"inLanguage":"de","potentialAction":[{"@type":"ReadAction","target":["https:\/\/www.effe3ti.com\/effe3ti-e-lenergia-pulita\/"]}]},{"@type":"ImageObject","inLanguage":"de","@id":"https:\/\/www.effe3ti.com\/effe3ti-e-lenergia-pulita\/#primaryimage","url":"https:\/\/www.effe3ti.com\/wp-content\/uploads\/2022\/03\/energia-pulita-effe3ti-1-scaled.jpg","contentUrl":"https:\/\/www.effe3ti.com\/wp-content\/uploads\/2022\/03\/energia-pulita-effe3ti-1-scaled.jpg","width":2560,"height":1440,"caption":"energia pulita"},{"@type":"BreadcrumbList","@id":"https:\/\/www.effe3ti.com\/effe3ti-e-lenergia-pulita\/#breadcrumb","itemListElement":[{"@type":"ListItem","position":1,"name":"Home","item":"https:\/\/www.effe3ti.com\/"},{"@type":"ListItem","position":2,"name":"EFFE3ti e l&#8217;energia pulita"}]},{"@type":"WebSite","@id":"https:\/\/www.effe3ti.com\/#website","url":"https:\/\/www.effe3ti.com\/","name":"Effe3ti","description":"Verpackungstechnologien","publisher":{"@id":"https:\/\/www.effe3ti.com\/#organization"},"potentialAction":[{"@type":"SearchAction","target":{"@type":"EntryPoint","urlTemplate":"https:\/\/www.effe3ti.com\/?s={search_term_string}"},"query-input":{"@type":"PropertyValueSpecification","valueRequired":true,"valueName":"search_term_string"}}],"inLanguage":"de"},{"@type":"Organization","@id":"https:\/\/www.effe3ti.com\/#organization","name":"Effe3ti","alternateName":"f3t","url":"https:\/\/www.effe3ti.com\/","logo":{"@type":"ImageObject","inLanguage":"de","@id":"https:\/\/www.effe3ti.com\/#\/schema\/logo\/image\/","url":"https:\/\/www.effe3ti.com\/wp-content\/uploads\/2021\/04\/Effe3ti_logo-350.gif","contentUrl":"https:\/\/www.effe3ti.com\/wp-content\/uploads\/2021\/04\/Effe3ti_logo-350.gif","width":350,"height":128,"caption":"Effe3ti"},"image":{"@id":"https:\/\/www.effe3ti.com\/#\/schema\/logo\/image\/"},"sameAs":["https:\/\/www.facebook.com\/effe3ti.packaging","https:\/\/www.instagram.com\/EFFE3TI\/","https:\/\/www.linkedin.com\/company\/effe3ti-srl","https:\/\/www.youtube.com\/effe3ti"]},{"@type":"Person","@id":"https:\/\/www.effe3ti.com\/#\/schema\/person\/6cef6f087618c649ebbf63a4ea46e0d6","name":"Administrator","image":{"@type":"ImageObject","inLanguage":"de","@id":"https:\/\/secure.gravatar.com\/avatar\/b253dd15467b2329f0e140e2e96d7a7963ee736a560580d3f5e9ae1015d2b5fd?s=96&d=mm&r=g","url":"https:\/\/secure.gravatar.com\/avatar\/b253dd15467b2329f0e140e2e96d7a7963ee736a560580d3f5e9ae1015d2b5fd?s=96&d=mm&r=g","contentUrl":"https:\/\/secure.gravatar.com\/avatar\/b253dd15467b2329f0e140e2e96d7a7963ee736a560580d3f5e9ae1015d2b5fd?s=96&d=mm&r=g","caption":"admin"}}]}},"_links":{"self":[{"href":"https:\/\/www.effe3ti.com\/de\/wp-json\/wp\/v2\/posts\/8452","targetHints":{"allow":["GET"]}}],"collection":[{"href":"https:\/\/www.effe3ti.com\/de\/wp-json\/wp\/v2\/posts"}],"about":[{"href":"https:\/\/www.effe3ti.com\/de\/wp-json\/wp\/v2\/types\/post"}],"author":[{"embeddable":true,"href":"https:\/\/www.effe3ti.com\/de\/wp-json\/wp\/v2\/users\/1"}],"replies":[{"embeddable":true,"href":"https:\/\/www.effe3ti.com\/de\/wp-json\/wp\/v2\/comments?post=8452"}],"version-history":[{"count":2,"href":"https:\/\/www.effe3ti.com\/de\/wp-json\/wp\/v2\/posts\/8452\/revisions"}],"predecessor-version":[{"id":22974,"href":"https:\/\/www.effe3ti.com\/de\/wp-json\/wp\/v2\/posts\/8452\/revisions\/22974"}],"wp:featuredmedia":[{"embeddable":true,"href":"https:\/\/www.effe3ti.com\/de\/wp-json\/wp\/v2\/media\/8454"}],"wp:attachment":[{"href":"https:\/\/www.effe3ti.com\/de\/wp-json\/wp\/v2\/media?parent=8452"}],"wp:term":[{"taxonomy":"category","embeddable":true,"href":"https:\/\/www.effe3ti.com\/de\/wp-json\/wp\/v2\/categories?post=8452"},{"taxonomy":"post_tag","embeddable":true,"href":"https:\/\/www.effe3ti.com\/de\/wp-json\/wp\/v2\/tags?post=8452"}],"curies":[{"name":"wp","href":"https:\/\/api.w.org\/{rel}","templated":true}]}}