{"id":10419,"date":"2023-01-16T15:26:51","date_gmt":"2023-01-16T15:26:51","guid":{"rendered":"https:\/\/www.effe3ti.com\/?p=10419"},"modified":"2025-04-15T11:09:59","modified_gmt":"2025-04-15T11:09:59","slug":"prensas-de-residuos","status":"publish","type":"post","link":"https:\/\/www.effe3ti.com\/es\/presse-per-rifiuti\/","title":{"rendered":"Las prensas de balas"},"content":{"rendered":"<h2 class=\"wp-block-heading\">Optimizar la gesti\u00f3n de residuos en la empresa<\/h2>\n\n\n\n<p>Los residuos y desechos en general se consideran a menudo una carga en la econom\u00eda de las empresas. Gestionarlos estrat\u00e9gicamente con la ayuda de prensas de balas puede reducir costos y liberar recursos para reinvertir en el crecimiento. De hecho, simplificar el tratamiento de residuos puede marcar una diferencia en la econom\u00eda de la empresa.\u00a0<\/p>\n\n\n\n<p>El <strong>prensas de embalaje<\/strong> de residuos permiten <strong>comprimir<\/strong> papel, cart\u00f3n, pl\u00e1stico, metal, etc. Los materiales se prensan dentro de la m\u00e1quina y se transforman en <strong>bolas<\/strong> que se atan manualmente o con sistemas autom\u00e1ticos, ocupando poco espacio y <strong>facilitando el almacenamiento<\/strong>.<\/p>\n\n\n\n<p>Una empacadora permite diferenciar inmediatamente los residuos: una vez que salen de la empacadora, los residuos est\u00e1n listos para ser recogidos.<\/p>\n\n\n\n<figure class=\"wp-block-image\"><img decoding=\"async\" src=\"https:\/\/www.effe3ti.com\/wp-content\/uploads\/2021\/11\/RicicloScarti-1024x576.jpg\" alt=\"reciclaje de residuos\"\/><\/figure>\n\n\n\n<p><\/p>\n\n\n\n<h2 class=\"wp-block-heading\">Las prensas verticales<\/h2>\n\n\n\n<p>Estos <strong><a href=\"https:\/\/www.effe3ti.com\/es\/logistica-de-compactadores\/\">prensas de residuos<\/a><\/strong> Son m\u00e1quinas muy eficientes que ocupan poco espacio. Se pueden instalar f\u00e1cilmente sin sacrificar espacio operativo y son la mejor soluci\u00f3n para peque\u00f1as y medianas empresas. Existen con habitaciones individuales y multihabitaci\u00f3n; Estos \u00faltimos permiten obtener pacas de diferentes materiales utilizando la misma m\u00e1quina.<\/p>\n\n\n\n<figure class=\"wp-block-image\"><img decoding=\"async\" src=\"https:\/\/www.effe3ti.com\/wp-content\/uploads\/2021\/04\/BalePress-18-3-1024x683-1.jpeg\" alt=\"prensa vertical\"\/><\/figure>\n\n\n\n<p><\/p>\n\n\n\n<h2 class=\"wp-block-heading\">Grandes cantidades de residuos<\/h2>\n\n\n\n<p>Para las empresas que tienen que gestionar grandes cantidades de material, existen prensas empacadoras de residuos totalmente autom\u00e1ticas, como <strong><a href=\"https:\/\/www.effe3ti.com\/es\/producto\/empacadora-automatica-autoloadbaler\/\">Empacadora de carga autom\u00e1tica<\/a><\/strong>, ideal para grandes almacenes y supermercados, y <a href=\"https:\/\/www.effe3ti.com\/es\/producto\/prensa-automatica-baletainer\/\"><strong>BaleTainer,<\/strong><\/a> para grandes vol\u00famenes.<\/p>\n\n\n\n<p>Las principales caracter\u00edsticas de estas empacadoras son su gran potencia y eficiencia combinada con la capacidad de atar la paca de forma completamente autom\u00e1tica.<\/p>\n\n\n\n<figure class=\"wp-block-image\"><img decoding=\"async\" src=\"https:\/\/www.effe3ti.com\/wp-content\/uploads\/2021\/04\/BaleTainer-1.jpg\" alt=\"baletainero\"\/><\/figure>\n\n\n\n<p><\/p>\n\n\n\n<h2 class=\"wp-block-heading\">Necesidades especiales<\/h2>\n\n\n\n<p>Para las empresas que necesitan manipular poliestireno expandido en grandes cantidades, existen m\u00e1quinas que trituran este material y lo compactan en briquetas que pueden apilarse en un palet para luego enviarse directamente al proceso de reciclaje. Presiona me gusta <strong><a href=\"https:\/\/www.effe3ti.com\/es\/producto\/cutcompact-bricchettatrice-per-polistirolo\/\">Corte compacto<\/a><\/strong> le permitir\u00e1 automatizar este proceso de forma f\u00e1cil y segura.<\/p>\n\n\n\n<figure class=\"wp-block-image\"><img decoding=\"async\" src=\"https:\/\/www.effe3ti.com\/wp-content\/uploads\/2021\/04\/Brikettausschub-2-1024x729-1.jpeg\" alt=\"Prensa de poliestireno\"\/><\/figure>\n\n\n\n<p><\/p>\n\n\n\n<p>Sin embargo, si tiene que lidiar con botellas de pl\u00e1stico que primero deben vaciarse, <a href=\"https:\/\/www.effe3ti.com\/es\/producto\/sistema-de-vaciado-de-liquidos-liquidrainer\/\"><strong>LiquiDrainer,<\/strong><\/a> Construida \u00edntegramente en acero inoxidable, es la soluci\u00f3n perfecta.<\/p>\n\n\n\n<figure class=\"wp-block-image\"><img decoding=\"async\" src=\"https:\/\/www.effe3ti.com\/wp-content\/uploads\/2021\/04\/Liquidrainer-1-1024x1024.jpg\" alt=\"Vaciado de botellas y latas\"\/><\/figure>\n\n\n\n<p><\/p>\n\n\n\n<h2 class=\"wp-block-heading\">La importancia de una consulta<\/h2>\n\n\n\n<p>El tema de la valorizaci\u00f3n de residuos es muy actual y existen normativas que lo regulan.<\/p>\n\n\n\n<p>Cada empresa tiene sus necesidades espec\u00edficas y es importante recurrir a proveedores que tengan experiencia en este campo para encontrar las soluciones adecuadas.<\/p>","protected":false},"excerpt":{"rendered":"<p>Ottimizzare la gestione dei rifiuti in azienda Scarti e rifiuti in generale sono spesso considerati un peso nell\u2019economia delle imprese. Una loro gestione strategica con l&#8217;aiuto di presse per imballaggi, pu\u00f2 ridurre i costi e liberare risorse da reinvestire nella crescita. Infatti semplificare il trattamento degli scarti pu\u00f2 fare la differenza nell\u2019economia dell&#8217;impresa.\u00a0 Le presse [&hellip;]<\/p>\n","protected":false},"author":1,"featured_media":4948,"comment_status":"closed","ping_status":"open","sticky":false,"template":"","format":"standard","meta":{"footnotes":""},"categories":[42],"tags":[],"class_list":["post-10419","post","type-post","status-publish","format-standard","has-post-thumbnail","hentry","category-news-approfondimenti"],"yoast_head":"<!-- This site is optimized with the Yoast SEO plugin v27.5 - https:\/\/yoast.com\/product\/yoast-seo-wordpress\/ -->\n<title>Le presse per imballaggi - Effe3ti<\/title>\n<meta name=\"description\" content=\"Le presse per imballaggi di scarto sono delle attrezzature che possono far risparmiare molto denaro alle aziende e aiutare l&#039;ambiente\" \/>\n<meta name=\"robots\" content=\"index, follow, max-snippet:-1, max-image-preview:large, max-video-preview:-1\" \/>\n<link rel=\"canonical\" href=\"https:\/\/www.effe3ti.com\/es\/prensas-de-residuos\/\" \/>\n<meta property=\"og:locale\" content=\"es_ES\" \/>\n<meta property=\"og:type\" content=\"article\" \/>\n<meta property=\"og:title\" content=\"Le presse per imballaggi - Effe3ti\" \/>\n<meta property=\"og:description\" content=\"Le presse per imballaggi di scarto sono delle attrezzature che possono far risparmiare molto denaro alle aziende e aiutare l&#039;ambiente\" \/>\n<meta property=\"og:url\" content=\"https:\/\/www.effe3ti.com\/es\/prensas-de-residuos\/\" \/>\n<meta property=\"og:site_name\" content=\"Effe3ti\" \/>\n<meta property=\"article:publisher\" content=\"https:\/\/www.facebook.com\/effe3ti.packaging\" \/>\n<meta property=\"article:published_time\" content=\"2023-01-16T15:26:51+00:00\" \/>\n<meta property=\"article:modified_time\" content=\"2025-04-15T11:09:59+00:00\" \/>\n<meta property=\"og:image\" content=\"https:\/\/www.effe3ti.com\/wp-content\/uploads\/2021\/11\/RicicloScarti.jpg\" \/>\n\t<meta property=\"og:image:width\" content=\"1600\" \/>\n\t<meta property=\"og:image:height\" content=\"900\" \/>\n\t<meta property=\"og:image:type\" content=\"image\/jpeg\" \/>\n<meta name=\"author\" content=\"admin\" \/>\n<meta name=\"twitter:card\" content=\"summary_large_image\" \/>\n<meta name=\"twitter:label1\" content=\"Escrito por\" \/>\n\t<meta name=\"twitter:data1\" content=\"admin\" \/>\n\t<meta name=\"twitter:label2\" content=\"Tiempo de lectura\" \/>\n\t<meta name=\"twitter:data2\" content=\"4 minutos\" \/>\n<script type=\"application\/ld+json\" class=\"yoast-schema-graph\">{\"@context\":\"https:\\\/\\\/schema.org\",\"@graph\":[{\"@type\":\"Article\",\"@id\":\"https:\\\/\\\/www.effe3ti.com\\\/presse-per-rifiuti\\\/#article\",\"isPartOf\":{\"@id\":\"https:\\\/\\\/www.effe3ti.com\\\/presse-per-rifiuti\\\/\"},\"author\":{\"name\":\"admin\",\"@id\":\"https:\\\/\\\/www.effe3ti.com\\\/#\\\/schema\\\/person\\\/6cef6f087618c649ebbf63a4ea46e0d6\"},\"headline\":\"Le presse per imballaggi\",\"datePublished\":\"2023-01-16T15:26:51+00:00\",\"dateModified\":\"2025-04-15T11:09:59+00:00\",\"mainEntityOfPage\":{\"@id\":\"https:\\\/\\\/www.effe3ti.com\\\/presse-per-rifiuti\\\/\"},\"wordCount\":364,\"publisher\":{\"@id\":\"https:\\\/\\\/www.effe3ti.com\\\/#organization\"},\"image\":{\"@id\":\"https:\\\/\\\/www.effe3ti.com\\\/presse-per-rifiuti\\\/#primaryimage\"},\"thumbnailUrl\":\"https:\\\/\\\/www.effe3ti.com\\\/wp-content\\\/uploads\\\/2021\\\/11\\\/RicicloScarti.jpg\",\"articleSection\":[\"Approfondimenti\"],\"inLanguage\":\"es\"},{\"@type\":\"WebPage\",\"@id\":\"https:\\\/\\\/www.effe3ti.com\\\/presse-per-rifiuti\\\/\",\"url\":\"https:\\\/\\\/www.effe3ti.com\\\/presse-per-rifiuti\\\/\",\"name\":\"Le presse per imballaggi - Effe3ti\",\"isPartOf\":{\"@id\":\"https:\\\/\\\/www.effe3ti.com\\\/#website\"},\"primaryImageOfPage\":{\"@id\":\"https:\\\/\\\/www.effe3ti.com\\\/presse-per-rifiuti\\\/#primaryimage\"},\"image\":{\"@id\":\"https:\\\/\\\/www.effe3ti.com\\\/presse-per-rifiuti\\\/#primaryimage\"},\"thumbnailUrl\":\"https:\\\/\\\/www.effe3ti.com\\\/wp-content\\\/uploads\\\/2021\\\/11\\\/RicicloScarti.jpg\",\"datePublished\":\"2023-01-16T15:26:51+00:00\",\"dateModified\":\"2025-04-15T11:09:59+00:00\",\"description\":\"Le presse per imballaggi di scarto sono delle attrezzature che possono far risparmiare molto denaro alle aziende e aiutare l'ambiente\",\"breadcrumb\":{\"@id\":\"https:\\\/\\\/www.effe3ti.com\\\/presse-per-rifiuti\\\/#breadcrumb\"},\"inLanguage\":\"es\",\"potentialAction\":[{\"@type\":\"ReadAction\",\"target\":[\"https:\\\/\\\/www.effe3ti.com\\\/presse-per-rifiuti\\\/\"]}]},{\"@type\":\"ImageObject\",\"inLanguage\":\"es\",\"@id\":\"https:\\\/\\\/www.effe3ti.com\\\/presse-per-rifiuti\\\/#primaryimage\",\"url\":\"https:\\\/\\\/www.effe3ti.com\\\/wp-content\\\/uploads\\\/2021\\\/11\\\/RicicloScarti.jpg\",\"contentUrl\":\"https:\\\/\\\/www.effe3ti.com\\\/wp-content\\\/uploads\\\/2021\\\/11\\\/RicicloScarti.jpg\",\"width\":1600,\"height\":900,\"caption\":\"riciclo scarti\"},{\"@type\":\"BreadcrumbList\",\"@id\":\"https:\\\/\\\/www.effe3ti.com\\\/presse-per-rifiuti\\\/#breadcrumb\",\"itemListElement\":[{\"@type\":\"ListItem\",\"position\":1,\"name\":\"Home\",\"item\":\"https:\\\/\\\/www.effe3ti.com\\\/\"},{\"@type\":\"ListItem\",\"position\":2,\"name\":\"Le presse per imballaggi\"}]},{\"@type\":\"WebSite\",\"@id\":\"https:\\\/\\\/www.effe3ti.com\\\/#website\",\"url\":\"https:\\\/\\\/www.effe3ti.com\\\/\",\"name\":\"Effe3ti\",\"description\":\"Packaging Technologies\",\"publisher\":{\"@id\":\"https:\\\/\\\/www.effe3ti.com\\\/#organization\"},\"potentialAction\":[{\"@type\":\"SearchAction\",\"target\":{\"@type\":\"EntryPoint\",\"urlTemplate\":\"https:\\\/\\\/www.effe3ti.com\\\/?s={search_term_string}\"},\"query-input\":{\"@type\":\"PropertyValueSpecification\",\"valueRequired\":true,\"valueName\":\"search_term_string\"}}],\"inLanguage\":\"es\"},{\"@type\":\"Organization\",\"@id\":\"https:\\\/\\\/www.effe3ti.com\\\/#organization\",\"name\":\"Effe3ti\",\"alternateName\":\"f3t\",\"url\":\"https:\\\/\\\/www.effe3ti.com\\\/\",\"logo\":{\"@type\":\"ImageObject\",\"inLanguage\":\"es\",\"@id\":\"https:\\\/\\\/www.effe3ti.com\\\/#\\\/schema\\\/logo\\\/image\\\/\",\"url\":\"https:\\\/\\\/www.effe3ti.com\\\/wp-content\\\/uploads\\\/2021\\\/04\\\/Effe3ti_logo-350.gif\",\"contentUrl\":\"https:\\\/\\\/www.effe3ti.com\\\/wp-content\\\/uploads\\\/2021\\\/04\\\/Effe3ti_logo-350.gif\",\"width\":350,\"height\":128,\"caption\":\"Effe3ti\"},\"image\":{\"@id\":\"https:\\\/\\\/www.effe3ti.com\\\/#\\\/schema\\\/logo\\\/image\\\/\"},\"sameAs\":[\"https:\\\/\\\/www.facebook.com\\\/effe3ti.packaging\",\"https:\\\/\\\/www.instagram.com\\\/EFFE3TI\\\/\",\"https:\\\/\\\/www.linkedin.com\\\/company\\\/effe3ti-srl\",\"https:\\\/\\\/www.youtube.com\\\/effe3ti\"]},{\"@type\":\"Person\",\"@id\":\"https:\\\/\\\/www.effe3ti.com\\\/#\\\/schema\\\/person\\\/6cef6f087618c649ebbf63a4ea46e0d6\",\"name\":\"admin\",\"image\":{\"@type\":\"ImageObject\",\"inLanguage\":\"es\",\"@id\":\"https:\\\/\\\/secure.gravatar.com\\\/avatar\\\/b253dd15467b2329f0e140e2e96d7a7963ee736a560580d3f5e9ae1015d2b5fd?s=96&d=mm&r=g\",\"url\":\"https:\\\/\\\/secure.gravatar.com\\\/avatar\\\/b253dd15467b2329f0e140e2e96d7a7963ee736a560580d3f5e9ae1015d2b5fd?s=96&d=mm&r=g\",\"contentUrl\":\"https:\\\/\\\/secure.gravatar.com\\\/avatar\\\/b253dd15467b2329f0e140e2e96d7a7963ee736a560580d3f5e9ae1015d2b5fd?s=96&d=mm&r=g\",\"caption\":\"admin\"}}]}<\/script>\n<!-- \/ Yoast SEO plugin. -->","yoast_head_json":{"title":"Prensas de embalaje - Effe3ti","description":"Las empacadoras de residuos son equipos que pueden ahorrarles a las empresas mucho dinero y ayudar al medio ambiente.","robots":{"index":"index","follow":"follow","max-snippet":"max-snippet:-1","max-image-preview":"max-image-preview:large","max-video-preview":"max-video-preview:-1"},"canonical":"https:\/\/www.effe3ti.com\/es\/prensas-de-residuos\/","og_locale":"es_ES","og_type":"article","og_title":"Le presse per imballaggi - Effe3ti","og_description":"Le presse per imballaggi di scarto sono delle attrezzature che possono far risparmiare molto denaro alle aziende e aiutare l'ambiente","og_url":"https:\/\/www.effe3ti.com\/es\/prensas-de-residuos\/","og_site_name":"Effe3ti","article_publisher":"https:\/\/www.facebook.com\/effe3ti.packaging","article_published_time":"2023-01-16T15:26:51+00:00","article_modified_time":"2025-04-15T11:09:59+00:00","og_image":[{"width":1600,"height":900,"url":"https:\/\/www.effe3ti.com\/wp-content\/uploads\/2021\/11\/RicicloScarti.jpg","type":"image\/jpeg"}],"author":"admin","twitter_card":"summary_large_image","twitter_misc":{"Escrito por":"admin","Tiempo de lectura":"4 minutos"},"schema":{"@context":"https:\/\/schema.org","@graph":[{"@type":"Article","@id":"https:\/\/www.effe3ti.com\/presse-per-rifiuti\/#article","isPartOf":{"@id":"https:\/\/www.effe3ti.com\/presse-per-rifiuti\/"},"author":{"name":"admin","@id":"https:\/\/www.effe3ti.com\/#\/schema\/person\/6cef6f087618c649ebbf63a4ea46e0d6"},"headline":"Le presse per imballaggi","datePublished":"2023-01-16T15:26:51+00:00","dateModified":"2025-04-15T11:09:59+00:00","mainEntityOfPage":{"@id":"https:\/\/www.effe3ti.com\/presse-per-rifiuti\/"},"wordCount":364,"publisher":{"@id":"https:\/\/www.effe3ti.com\/#organization"},"image":{"@id":"https:\/\/www.effe3ti.com\/presse-per-rifiuti\/#primaryimage"},"thumbnailUrl":"https:\/\/www.effe3ti.com\/wp-content\/uploads\/2021\/11\/RicicloScarti.jpg","articleSection":["Approfondimenti"],"inLanguage":"es"},{"@type":"WebPage","@id":"https:\/\/www.effe3ti.com\/presse-per-rifiuti\/","url":"https:\/\/www.effe3ti.com\/presse-per-rifiuti\/","name":"Prensas de embalaje - Effe3ti","isPartOf":{"@id":"https:\/\/www.effe3ti.com\/#website"},"primaryImageOfPage":{"@id":"https:\/\/www.effe3ti.com\/presse-per-rifiuti\/#primaryimage"},"image":{"@id":"https:\/\/www.effe3ti.com\/presse-per-rifiuti\/#primaryimage"},"thumbnailUrl":"https:\/\/www.effe3ti.com\/wp-content\/uploads\/2021\/11\/RicicloScarti.jpg","datePublished":"2023-01-16T15:26:51+00:00","dateModified":"2025-04-15T11:09:59+00:00","description":"Las empacadoras de residuos son equipos que pueden ahorrarles a las empresas mucho dinero y ayudar al medio ambiente.","breadcrumb":{"@id":"https:\/\/www.effe3ti.com\/presse-per-rifiuti\/#breadcrumb"},"inLanguage":"es","potentialAction":[{"@type":"ReadAction","target":["https:\/\/www.effe3ti.com\/presse-per-rifiuti\/"]}]},{"@type":"ImageObject","inLanguage":"es","@id":"https:\/\/www.effe3ti.com\/presse-per-rifiuti\/#primaryimage","url":"https:\/\/www.effe3ti.com\/wp-content\/uploads\/2021\/11\/RicicloScarti.jpg","contentUrl":"https:\/\/www.effe3ti.com\/wp-content\/uploads\/2021\/11\/RicicloScarti.jpg","width":1600,"height":900,"caption":"riciclo scarti"},{"@type":"BreadcrumbList","@id":"https:\/\/www.effe3ti.com\/presse-per-rifiuti\/#breadcrumb","itemListElement":[{"@type":"ListItem","position":1,"name":"Home","item":"https:\/\/www.effe3ti.com\/"},{"@type":"ListItem","position":2,"name":"Le presse per imballaggi"}]},{"@type":"WebSite","@id":"https:\/\/www.effe3ti.com\/#website","url":"https:\/\/www.effe3ti.com\/","name":"Efectos","description":"Tecnolog\u00edas de embalaje","publisher":{"@id":"https:\/\/www.effe3ti.com\/#organization"},"potentialAction":[{"@type":"SearchAction","target":{"@type":"EntryPoint","urlTemplate":"https:\/\/www.effe3ti.com\/?s={search_term_string}"},"query-input":{"@type":"PropertyValueSpecification","valueRequired":true,"valueName":"search_term_string"}}],"inLanguage":"es"},{"@type":"Organization","@id":"https:\/\/www.effe3ti.com\/#organization","name":"Efectos","alternateName":"f3t","url":"https:\/\/www.effe3ti.com\/","logo":{"@type":"ImageObject","inLanguage":"es","@id":"https:\/\/www.effe3ti.com\/#\/schema\/logo\/image\/","url":"https:\/\/www.effe3ti.com\/wp-content\/uploads\/2021\/04\/Effe3ti_logo-350.gif","contentUrl":"https:\/\/www.effe3ti.com\/wp-content\/uploads\/2021\/04\/Effe3ti_logo-350.gif","width":350,"height":128,"caption":"Effe3ti"},"image":{"@id":"https:\/\/www.effe3ti.com\/#\/schema\/logo\/image\/"},"sameAs":["https:\/\/www.facebook.com\/effe3ti.packaging","https:\/\/www.instagram.com\/EFFE3TI\/","https:\/\/www.linkedin.com\/company\/effe3ti-srl","https:\/\/www.youtube.com\/effe3ti"]},{"@type":"Person","@id":"https:\/\/www.effe3ti.com\/#\/schema\/person\/6cef6f087618c649ebbf63a4ea46e0d6","name":"administraci\u00f3n","image":{"@type":"ImageObject","inLanguage":"es","@id":"https:\/\/secure.gravatar.com\/avatar\/b253dd15467b2329f0e140e2e96d7a7963ee736a560580d3f5e9ae1015d2b5fd?s=96&d=mm&r=g","url":"https:\/\/secure.gravatar.com\/avatar\/b253dd15467b2329f0e140e2e96d7a7963ee736a560580d3f5e9ae1015d2b5fd?s=96&d=mm&r=g","contentUrl":"https:\/\/secure.gravatar.com\/avatar\/b253dd15467b2329f0e140e2e96d7a7963ee736a560580d3f5e9ae1015d2b5fd?s=96&d=mm&r=g","caption":"admin"}}]}},"_links":{"self":[{"href":"https:\/\/www.effe3ti.com\/es\/wp-json\/wp\/v2\/posts\/10419","targetHints":{"allow":["GET"]}}],"collection":[{"href":"https:\/\/www.effe3ti.com\/es\/wp-json\/wp\/v2\/posts"}],"about":[{"href":"https:\/\/www.effe3ti.com\/es\/wp-json\/wp\/v2\/types\/post"}],"author":[{"embeddable":true,"href":"https:\/\/www.effe3ti.com\/es\/wp-json\/wp\/v2\/users\/1"}],"replies":[{"embeddable":true,"href":"https:\/\/www.effe3ti.com\/es\/wp-json\/wp\/v2\/comments?post=10419"}],"version-history":[{"count":4,"href":"https:\/\/www.effe3ti.com\/es\/wp-json\/wp\/v2\/posts\/10419\/revisions"}],"predecessor-version":[{"id":22929,"href":"https:\/\/www.effe3ti.com\/es\/wp-json\/wp\/v2\/posts\/10419\/revisions\/22929"}],"wp:featuredmedia":[{"embeddable":true,"href":"https:\/\/www.effe3ti.com\/es\/wp-json\/wp\/v2\/media\/4948"}],"wp:attachment":[{"href":"https:\/\/www.effe3ti.com\/es\/wp-json\/wp\/v2\/media?parent=10419"}],"wp:term":[{"taxonomy":"category","embeddable":true,"href":"https:\/\/www.effe3ti.com\/es\/wp-json\/wp\/v2\/categories?post=10419"},{"taxonomy":"post_tag","embeddable":true,"href":"https:\/\/www.effe3ti.com\/es\/wp-json\/wp\/v2\/tags?post=10419"}],"curies":[{"name":"wp","href":"https:\/\/api.w.org\/{rel}","templated":true}]}}