{"id":16518,"date":"2024-09-03T14:36:20","date_gmt":"2024-09-03T14:36:20","guid":{"rendered":"https:\/\/www.effe3ti.com\/?p=16518"},"modified":"2025-04-17T06:55:03","modified_gmt":"2025-04-17T06:55:03","slug":"effe3ti-sus-productos-nuestro-cuidado","status":"publish","type":"post","link":"https:\/\/www.effe3ti.com\/es\/effe3ti-i-vostri-prodotti-la-nostra-cura\/","title":{"rendered":"Tecnolog\u00edas de embalaje EFFE3ti. Tus productos Nuestro cuidado"},"content":{"rendered":"<p>Empresa l\u00edder en el <a href=\"https:\/\/www.effe3ti.com\/es\/acerca-de-los-envases-de-effe3ti\/\">embalaje<\/a> de productos sobre palets, te ofrecemos las mejores soluciones y las m\u00e1s modernas tecnolog\u00edas para proteger tus productos.<\/p>\n\n\n\n<p>La empresa, que en 2024 celebr\u00f3 sus primeros 25 a\u00f1os de actividad, cuenta actualmente con 24 empleados y una superficie de producci\u00f3n de 5000 m\u00b2, bajo la supervisi\u00f3n directa de los propios fundadores.<\/p>\n\n\n\n<p>Asistencia directa, soporte t\u00e9cnico y posibilidad de embalaje personalizado para cada producto y necesidad, hacen de EFFE3ti la primera opci\u00f3n en el sector del packaging.<\/p>\n\n\n\n<figure class=\"wp-block-video\"><video height=\"540\" style=\"aspect-ratio: 960 \/ 540;\" width=\"960\" controls src=\"https:\/\/www.effe3ti.com\/wp-content\/uploads\/2024\/08\/EFFE3ti-Corporate-2024-ENG.mp4\"><\/video><\/figure>\n\n\n\n<h2 class=\"wp-block-heading\">Los objetivos de EFFE3ti Packaging Technologies<\/h2>\n\n\n\n<p>La estabilidad de la carga es el problema m\u00e1s importante que deben resolver quienes trabajan con embalajes. EFFE3ti desarrolla tecnolog\u00edas de embalaje para productos en pal\u00e9s que protegen contra este tipo de riesgo, garantizando cargas estables y seguras.<\/p>\n\n\n\n<ul class=\"wp-block-list\">\n<li>Reducci\u00f3n de residuos<\/li>\n\n\n\n<li>Seguridad de la carga<\/li>\n\n\n\n<li>Ahorro econ\u00f3mico y de tiempo<\/li>\n\n\n\n<li>Seguridad para los operadores<\/li>\n\n\n\n<li>Protecci\u00f3n del producto<\/li>\n<\/ul>\n\n\n\n<p><\/p>","protected":false},"excerpt":{"rendered":"<p>Azienda leader nel packaging di prodotti su pallet, vi offriamo le migliori soluzioni e le pi\u00f9 moderne tecnologie per proteggere i vostri prodotti. L\u2019azienda, che nel 2024 ha celebrato i suoi primi 25 anni di attivit\u00e0, conta ad oggi 24 dipendenti e un\u2019area produttiva di 5000 m\u00b2, sotto la diretta supervisione degli stessi fondatori. L\u2019assistenza [&hellip;]<\/p>\n","protected":false},"author":1,"featured_media":16520,"comment_status":"closed","ping_status":"closed","sticky":false,"template":"","format":"standard","meta":{"footnotes":""},"categories":[44],"tags":[],"class_list":["post-16518","post","type-post","status-publish","format-standard","has-post-thumbnail","hentry","category-news-evidenza"],"yoast_head":"<!-- This site is optimized with the Yoast SEO plugin v27.5 - https:\/\/yoast.com\/product\/yoast-seo-wordpress\/ -->\n<title>EFFE3ti Packaging Technologies. I Vostri Prodotti La Nostra Cura - Effe3ti<\/title>\n<meta name=\"description\" content=\"Effe3ti \u00e8 un&#039;azienda leader nel packaging di prodotti su pallet. Soluzioni e moderne tecnologie per proteggere i vostri prodotti\" \/>\n<meta name=\"robots\" content=\"index, follow, max-snippet:-1, max-image-preview:large, max-video-preview:-1\" \/>\n<link rel=\"canonical\" href=\"https:\/\/www.effe3ti.com\/es\/effe3ti-sus-productos-nuestro-cuidado\/\" \/>\n<meta property=\"og:locale\" content=\"es_ES\" \/>\n<meta property=\"og:type\" content=\"article\" \/>\n<meta property=\"og:title\" content=\"EFFE3ti Packaging Technologies. I Vostri Prodotti La Nostra Cura - Effe3ti\" \/>\n<meta property=\"og:description\" content=\"Effe3ti \u00e8 un&#039;azienda leader nel packaging di prodotti su pallet. Soluzioni e moderne tecnologie per proteggere i vostri prodotti\" \/>\n<meta property=\"og:url\" content=\"https:\/\/www.effe3ti.com\/es\/effe3ti-sus-productos-nuestro-cuidado\/\" \/>\n<meta property=\"og:site_name\" content=\"Effe3ti\" \/>\n<meta property=\"article:publisher\" content=\"https:\/\/www.facebook.com\/effe3ti.packaging\" \/>\n<meta property=\"article:published_time\" content=\"2024-09-03T14:36:20+00:00\" \/>\n<meta property=\"article:modified_time\" content=\"2025-04-17T06:55:03+00:00\" \/>\n<meta property=\"og:image\" content=\"https:\/\/www.effe3ti.com\/wp-content\/uploads\/2024\/09\/effe3ti-03-scaled.jpg\" \/>\n\t<meta property=\"og:image:width\" content=\"2560\" \/>\n\t<meta property=\"og:image:height\" content=\"1439\" \/>\n\t<meta property=\"og:image:type\" content=\"image\/jpeg\" \/>\n<meta name=\"author\" content=\"admin\" \/>\n<meta name=\"twitter:card\" content=\"summary_large_image\" \/>\n<meta name=\"twitter:label1\" content=\"Escrito por\" \/>\n\t<meta name=\"twitter:data1\" content=\"admin\" \/>\n\t<meta name=\"twitter:label2\" content=\"Tiempo de lectura\" \/>\n\t<meta name=\"twitter:data2\" content=\"1 minuto\" \/>\n<script type=\"application\/ld+json\" class=\"yoast-schema-graph\">{\"@context\":\"https:\\\/\\\/schema.org\",\"@graph\":[{\"@type\":\"Article\",\"@id\":\"https:\\\/\\\/www.effe3ti.com\\\/effe3ti-i-vostri-prodotti-la-nostra-cura\\\/#article\",\"isPartOf\":{\"@id\":\"https:\\\/\\\/www.effe3ti.com\\\/effe3ti-i-vostri-prodotti-la-nostra-cura\\\/\"},\"author\":{\"name\":\"admin\",\"@id\":\"https:\\\/\\\/www.effe3ti.com\\\/#\\\/schema\\\/person\\\/6cef6f087618c649ebbf63a4ea46e0d6\"},\"headline\":\"EFFE3ti Packaging Technologies. I Vostri Prodotti La Nostra Cura\",\"datePublished\":\"2024-09-03T14:36:20+00:00\",\"dateModified\":\"2025-04-17T06:55:03+00:00\",\"mainEntityOfPage\":{\"@id\":\"https:\\\/\\\/www.effe3ti.com\\\/effe3ti-i-vostri-prodotti-la-nostra-cura\\\/\"},\"wordCount\":156,\"publisher\":{\"@id\":\"https:\\\/\\\/www.effe3ti.com\\\/#organization\"},\"image\":{\"@id\":\"https:\\\/\\\/www.effe3ti.com\\\/effe3ti-i-vostri-prodotti-la-nostra-cura\\\/#primaryimage\"},\"thumbnailUrl\":\"https:\\\/\\\/www.effe3ti.com\\\/wp-content\\\/uploads\\\/2024\\\/09\\\/effe3ti-03-scaled.jpg\",\"articleSection\":[\"In Evidenza\"],\"inLanguage\":\"es\"},{\"@type\":\"WebPage\",\"@id\":\"https:\\\/\\\/www.effe3ti.com\\\/effe3ti-i-vostri-prodotti-la-nostra-cura\\\/\",\"url\":\"https:\\\/\\\/www.effe3ti.com\\\/effe3ti-i-vostri-prodotti-la-nostra-cura\\\/\",\"name\":\"EFFE3ti Packaging Technologies. I Vostri Prodotti La Nostra Cura - Effe3ti\",\"isPartOf\":{\"@id\":\"https:\\\/\\\/www.effe3ti.com\\\/#website\"},\"primaryImageOfPage\":{\"@id\":\"https:\\\/\\\/www.effe3ti.com\\\/effe3ti-i-vostri-prodotti-la-nostra-cura\\\/#primaryimage\"},\"image\":{\"@id\":\"https:\\\/\\\/www.effe3ti.com\\\/effe3ti-i-vostri-prodotti-la-nostra-cura\\\/#primaryimage\"},\"thumbnailUrl\":\"https:\\\/\\\/www.effe3ti.com\\\/wp-content\\\/uploads\\\/2024\\\/09\\\/effe3ti-03-scaled.jpg\",\"datePublished\":\"2024-09-03T14:36:20+00:00\",\"dateModified\":\"2025-04-17T06:55:03+00:00\",\"description\":\"Effe3ti \u00e8 un'azienda leader nel packaging di prodotti su pallet. Soluzioni e moderne tecnologie per proteggere i vostri prodotti\",\"breadcrumb\":{\"@id\":\"https:\\\/\\\/www.effe3ti.com\\\/effe3ti-i-vostri-prodotti-la-nostra-cura\\\/#breadcrumb\"},\"inLanguage\":\"es\",\"potentialAction\":[{\"@type\":\"ReadAction\",\"target\":[\"https:\\\/\\\/www.effe3ti.com\\\/effe3ti-i-vostri-prodotti-la-nostra-cura\\\/\"]}]},{\"@type\":\"ImageObject\",\"inLanguage\":\"es\",\"@id\":\"https:\\\/\\\/www.effe3ti.com\\\/effe3ti-i-vostri-prodotti-la-nostra-cura\\\/#primaryimage\",\"url\":\"https:\\\/\\\/www.effe3ti.com\\\/wp-content\\\/uploads\\\/2024\\\/09\\\/effe3ti-03-scaled.jpg\",\"contentUrl\":\"https:\\\/\\\/www.effe3ti.com\\\/wp-content\\\/uploads\\\/2024\\\/09\\\/effe3ti-03-scaled.jpg\",\"width\":2560,\"height\":1439,\"caption\":\"EFFE3ti packaging technologies\"},{\"@type\":\"BreadcrumbList\",\"@id\":\"https:\\\/\\\/www.effe3ti.com\\\/effe3ti-i-vostri-prodotti-la-nostra-cura\\\/#breadcrumb\",\"itemListElement\":[{\"@type\":\"ListItem\",\"position\":1,\"name\":\"Home\",\"item\":\"https:\\\/\\\/www.effe3ti.com\\\/\"},{\"@type\":\"ListItem\",\"position\":2,\"name\":\"EFFE3ti Packaging Technologies. I Vostri Prodotti La Nostra Cura\"}]},{\"@type\":\"WebSite\",\"@id\":\"https:\\\/\\\/www.effe3ti.com\\\/#website\",\"url\":\"https:\\\/\\\/www.effe3ti.com\\\/\",\"name\":\"Effe3ti\",\"description\":\"Packaging Technologies\",\"publisher\":{\"@id\":\"https:\\\/\\\/www.effe3ti.com\\\/#organization\"},\"potentialAction\":[{\"@type\":\"SearchAction\",\"target\":{\"@type\":\"EntryPoint\",\"urlTemplate\":\"https:\\\/\\\/www.effe3ti.com\\\/?s={search_term_string}\"},\"query-input\":{\"@type\":\"PropertyValueSpecification\",\"valueRequired\":true,\"valueName\":\"search_term_string\"}}],\"inLanguage\":\"es\"},{\"@type\":\"Organization\",\"@id\":\"https:\\\/\\\/www.effe3ti.com\\\/#organization\",\"name\":\"Effe3ti\",\"alternateName\":\"f3t\",\"url\":\"https:\\\/\\\/www.effe3ti.com\\\/\",\"logo\":{\"@type\":\"ImageObject\",\"inLanguage\":\"es\",\"@id\":\"https:\\\/\\\/www.effe3ti.com\\\/#\\\/schema\\\/logo\\\/image\\\/\",\"url\":\"https:\\\/\\\/www.effe3ti.com\\\/wp-content\\\/uploads\\\/2021\\\/04\\\/Effe3ti_logo-350.gif\",\"contentUrl\":\"https:\\\/\\\/www.effe3ti.com\\\/wp-content\\\/uploads\\\/2021\\\/04\\\/Effe3ti_logo-350.gif\",\"width\":350,\"height\":128,\"caption\":\"Effe3ti\"},\"image\":{\"@id\":\"https:\\\/\\\/www.effe3ti.com\\\/#\\\/schema\\\/logo\\\/image\\\/\"},\"sameAs\":[\"https:\\\/\\\/www.facebook.com\\\/effe3ti.packaging\",\"https:\\\/\\\/www.instagram.com\\\/EFFE3TI\\\/\",\"https:\\\/\\\/www.linkedin.com\\\/company\\\/effe3ti-srl\",\"https:\\\/\\\/www.youtube.com\\\/effe3ti\"]},{\"@type\":\"Person\",\"@id\":\"https:\\\/\\\/www.effe3ti.com\\\/#\\\/schema\\\/person\\\/6cef6f087618c649ebbf63a4ea46e0d6\",\"name\":\"admin\",\"image\":{\"@type\":\"ImageObject\",\"inLanguage\":\"es\",\"@id\":\"https:\\\/\\\/secure.gravatar.com\\\/avatar\\\/b253dd15467b2329f0e140e2e96d7a7963ee736a560580d3f5e9ae1015d2b5fd?s=96&d=mm&r=g\",\"url\":\"https:\\\/\\\/secure.gravatar.com\\\/avatar\\\/b253dd15467b2329f0e140e2e96d7a7963ee736a560580d3f5e9ae1015d2b5fd?s=96&d=mm&r=g\",\"contentUrl\":\"https:\\\/\\\/secure.gravatar.com\\\/avatar\\\/b253dd15467b2329f0e140e2e96d7a7963ee736a560580d3f5e9ae1015d2b5fd?s=96&d=mm&r=g\",\"caption\":\"admin\"}}]}<\/script>\n<!-- \/ Yoast SEO plugin. -->","yoast_head_json":{"title":"Tecnolog\u00edas de embalaje EFFE3ti. Sus productos, nuestra prioridad - Effe3ti","description":"Effe3ti es una empresa l\u00edder en embalaje de productos paletizados. Soluciones y tecnolog\u00edas modernas para proteger sus productos.","robots":{"index":"index","follow":"follow","max-snippet":"max-snippet:-1","max-image-preview":"max-image-preview:large","max-video-preview":"max-video-preview:-1"},"canonical":"https:\/\/www.effe3ti.com\/es\/effe3ti-sus-productos-nuestro-cuidado\/","og_locale":"es_ES","og_type":"article","og_title":"EFFE3ti Packaging Technologies. I Vostri Prodotti La Nostra Cura - Effe3ti","og_description":"Effe3ti \u00e8 un'azienda leader nel packaging di prodotti su pallet. Soluzioni e moderne tecnologie per proteggere i vostri prodotti","og_url":"https:\/\/www.effe3ti.com\/es\/effe3ti-sus-productos-nuestro-cuidado\/","og_site_name":"Effe3ti","article_publisher":"https:\/\/www.facebook.com\/effe3ti.packaging","article_published_time":"2024-09-03T14:36:20+00:00","article_modified_time":"2025-04-17T06:55:03+00:00","og_image":[{"width":2560,"height":1439,"url":"https:\/\/www.effe3ti.com\/wp-content\/uploads\/2024\/09\/effe3ti-03-scaled.jpg","type":"image\/jpeg"}],"author":"admin","twitter_card":"summary_large_image","twitter_misc":{"Escrito por":"admin","Tiempo de lectura":"1 minuto"},"schema":{"@context":"https:\/\/schema.org","@graph":[{"@type":"Article","@id":"https:\/\/www.effe3ti.com\/effe3ti-i-vostri-prodotti-la-nostra-cura\/#article","isPartOf":{"@id":"https:\/\/www.effe3ti.com\/effe3ti-i-vostri-prodotti-la-nostra-cura\/"},"author":{"name":"admin","@id":"https:\/\/www.effe3ti.com\/#\/schema\/person\/6cef6f087618c649ebbf63a4ea46e0d6"},"headline":"EFFE3ti Packaging Technologies. I Vostri Prodotti La Nostra Cura","datePublished":"2024-09-03T14:36:20+00:00","dateModified":"2025-04-17T06:55:03+00:00","mainEntityOfPage":{"@id":"https:\/\/www.effe3ti.com\/effe3ti-i-vostri-prodotti-la-nostra-cura\/"},"wordCount":156,"publisher":{"@id":"https:\/\/www.effe3ti.com\/#organization"},"image":{"@id":"https:\/\/www.effe3ti.com\/effe3ti-i-vostri-prodotti-la-nostra-cura\/#primaryimage"},"thumbnailUrl":"https:\/\/www.effe3ti.com\/wp-content\/uploads\/2024\/09\/effe3ti-03-scaled.jpg","articleSection":["In Evidenza"],"inLanguage":"es"},{"@type":"WebPage","@id":"https:\/\/www.effe3ti.com\/effe3ti-i-vostri-prodotti-la-nostra-cura\/","url":"https:\/\/www.effe3ti.com\/effe3ti-i-vostri-prodotti-la-nostra-cura\/","name":"Tecnolog\u00edas de embalaje EFFE3ti. Sus productos, nuestra prioridad - Effe3ti","isPartOf":{"@id":"https:\/\/www.effe3ti.com\/#website"},"primaryImageOfPage":{"@id":"https:\/\/www.effe3ti.com\/effe3ti-i-vostri-prodotti-la-nostra-cura\/#primaryimage"},"image":{"@id":"https:\/\/www.effe3ti.com\/effe3ti-i-vostri-prodotti-la-nostra-cura\/#primaryimage"},"thumbnailUrl":"https:\/\/www.effe3ti.com\/wp-content\/uploads\/2024\/09\/effe3ti-03-scaled.jpg","datePublished":"2024-09-03T14:36:20+00:00","dateModified":"2025-04-17T06:55:03+00:00","description":"Effe3ti es una empresa l\u00edder en embalaje de productos paletizados. Soluciones y tecnolog\u00edas modernas para proteger sus productos.","breadcrumb":{"@id":"https:\/\/www.effe3ti.com\/effe3ti-i-vostri-prodotti-la-nostra-cura\/#breadcrumb"},"inLanguage":"es","potentialAction":[{"@type":"ReadAction","target":["https:\/\/www.effe3ti.com\/effe3ti-i-vostri-prodotti-la-nostra-cura\/"]}]},{"@type":"ImageObject","inLanguage":"es","@id":"https:\/\/www.effe3ti.com\/effe3ti-i-vostri-prodotti-la-nostra-cura\/#primaryimage","url":"https:\/\/www.effe3ti.com\/wp-content\/uploads\/2024\/09\/effe3ti-03-scaled.jpg","contentUrl":"https:\/\/www.effe3ti.com\/wp-content\/uploads\/2024\/09\/effe3ti-03-scaled.jpg","width":2560,"height":1439,"caption":"EFFE3ti packaging technologies"},{"@type":"BreadcrumbList","@id":"https:\/\/www.effe3ti.com\/effe3ti-i-vostri-prodotti-la-nostra-cura\/#breadcrumb","itemListElement":[{"@type":"ListItem","position":1,"name":"Home","item":"https:\/\/www.effe3ti.com\/"},{"@type":"ListItem","position":2,"name":"EFFE3ti Packaging Technologies. I Vostri Prodotti La Nostra Cura"}]},{"@type":"WebSite","@id":"https:\/\/www.effe3ti.com\/#website","url":"https:\/\/www.effe3ti.com\/","name":"Efectos","description":"Tecnolog\u00edas de embalaje","publisher":{"@id":"https:\/\/www.effe3ti.com\/#organization"},"potentialAction":[{"@type":"SearchAction","target":{"@type":"EntryPoint","urlTemplate":"https:\/\/www.effe3ti.com\/?s={search_term_string}"},"query-input":{"@type":"PropertyValueSpecification","valueRequired":true,"valueName":"search_term_string"}}],"inLanguage":"es"},{"@type":"Organization","@id":"https:\/\/www.effe3ti.com\/#organization","name":"Efectos","alternateName":"f3t","url":"https:\/\/www.effe3ti.com\/","logo":{"@type":"ImageObject","inLanguage":"es","@id":"https:\/\/www.effe3ti.com\/#\/schema\/logo\/image\/","url":"https:\/\/www.effe3ti.com\/wp-content\/uploads\/2021\/04\/Effe3ti_logo-350.gif","contentUrl":"https:\/\/www.effe3ti.com\/wp-content\/uploads\/2021\/04\/Effe3ti_logo-350.gif","width":350,"height":128,"caption":"Effe3ti"},"image":{"@id":"https:\/\/www.effe3ti.com\/#\/schema\/logo\/image\/"},"sameAs":["https:\/\/www.facebook.com\/effe3ti.packaging","https:\/\/www.instagram.com\/EFFE3TI\/","https:\/\/www.linkedin.com\/company\/effe3ti-srl","https:\/\/www.youtube.com\/effe3ti"]},{"@type":"Person","@id":"https:\/\/www.effe3ti.com\/#\/schema\/person\/6cef6f087618c649ebbf63a4ea46e0d6","name":"administraci\u00f3n","image":{"@type":"ImageObject","inLanguage":"es","@id":"https:\/\/secure.gravatar.com\/avatar\/b253dd15467b2329f0e140e2e96d7a7963ee736a560580d3f5e9ae1015d2b5fd?s=96&d=mm&r=g","url":"https:\/\/secure.gravatar.com\/avatar\/b253dd15467b2329f0e140e2e96d7a7963ee736a560580d3f5e9ae1015d2b5fd?s=96&d=mm&r=g","contentUrl":"https:\/\/secure.gravatar.com\/avatar\/b253dd15467b2329f0e140e2e96d7a7963ee736a560580d3f5e9ae1015d2b5fd?s=96&d=mm&r=g","caption":"admin"}}]}},"_links":{"self":[{"href":"https:\/\/www.effe3ti.com\/es\/wp-json\/wp\/v2\/posts\/16518","targetHints":{"allow":["GET"]}}],"collection":[{"href":"https:\/\/www.effe3ti.com\/es\/wp-json\/wp\/v2\/posts"}],"about":[{"href":"https:\/\/www.effe3ti.com\/es\/wp-json\/wp\/v2\/types\/post"}],"author":[{"embeddable":true,"href":"https:\/\/www.effe3ti.com\/es\/wp-json\/wp\/v2\/users\/1"}],"replies":[{"embeddable":true,"href":"https:\/\/www.effe3ti.com\/es\/wp-json\/wp\/v2\/comments?post=16518"}],"version-history":[{"count":3,"href":"https:\/\/www.effe3ti.com\/es\/wp-json\/wp\/v2\/posts\/16518\/revisions"}],"predecessor-version":[{"id":22992,"href":"https:\/\/www.effe3ti.com\/es\/wp-json\/wp\/v2\/posts\/16518\/revisions\/22992"}],"wp:featuredmedia":[{"embeddable":true,"href":"https:\/\/www.effe3ti.com\/es\/wp-json\/wp\/v2\/media\/16520"}],"wp:attachment":[{"href":"https:\/\/www.effe3ti.com\/es\/wp-json\/wp\/v2\/media?parent=16518"}],"wp:term":[{"taxonomy":"category","embeddable":true,"href":"https:\/\/www.effe3ti.com\/es\/wp-json\/wp\/v2\/categories?post=16518"},{"taxonomy":"post_tag","embeddable":true,"href":"https:\/\/www.effe3ti.com\/es\/wp-json\/wp\/v2\/tags?post=16518"}],"curies":[{"name":"wp","href":"https:\/\/api.w.org\/{rel}","templated":true}]}}