{"id":21416,"date":"2025-01-15T16:23:13","date_gmt":"2025-01-15T16:23:13","guid":{"rendered":"https:\/\/www.effe3ti.com\/?p=21416"},"modified":"2025-04-16T14:15:23","modified_gmt":"2025-04-16T14:15:23","slug":"compactar-los-residuos-en-contenedores-y-basureros","status":"publish","type":"post","link":"https:\/\/www.effe3ti.com\/es\/compattare-rifiuti-in-bidoni-e-cassonetti\/","title":{"rendered":"Residuos compactos en contenedores y basureros"},"content":{"rendered":"<h2 class=\"wp-block-heading\">La importancia de compactar los residuos en contenedores y contenedores<\/h2>\n\n\n\n<p>La gesti\u00f3n eficiente de residuos es una prioridad cada vez m\u00e1s importante en todos los contextos, desde hogares hasta grandes instalaciones p\u00fablicas, incluyendo condominios, oficinas, empresas y centros sanitarios como hospitales y cl\u00ednicas. En este contexto, compactar los residuos en contenedores y contenedores es una soluci\u00f3n pr\u00e1ctica, ventajosa y de f\u00e1cil aplicaci\u00f3n. Permite una reducci\u00f3n significativa del volumen, la optimizaci\u00f3n del espacio disponible y la simplificaci\u00f3n de las operaciones de recogida y eliminaci\u00f3n. Adem\u00e1s, promueve una gesti\u00f3n de residuos m\u00e1s sostenible y responsable, contribuyendo a la reducci\u00f3n del impacto ambiental y promoviendo un comportamiento m\u00e1s virtuoso incluso fuera del \u00e1mbito estrictamente industrial.<\/p>\n\n\n\n<figure class=\"wp-block-image\"><img decoding=\"async\" src=\"https:\/\/www.effe3ti.com\/wp-content\/uploads\/2025\/01\/pressa-cassonetti.jpg\" alt=\"\"\/><\/figure>\n\n\n\n<p><\/p>\n\n\n\n<h3 class=\"wp-block-heading\">\u00c1reas de aplicaci\u00f3n<\/h3>\n\n\n\n<p>El <a href=\"https:\/\/www.effe3ti.com\/es\/producto\/prensa-para-contenedores-mt240-mt120-mt360\/\"><strong>prensas para contenedores<\/strong><\/a> y esos <strong><a href=\"https:\/\/www.effe3ti.com\/es\/producto\/prensa-de-contenedores-rc1100-y-rc660-770\/\">para contenedores<\/a><\/strong> Se puede utilizar con grandes ventajas en:<\/p>\n\n\n\n<ul class=\"wp-block-list\">\n<li>escuelas<\/li>\n\n\n\n<li>edificios p\u00fablicos<\/li>\n\n\n\n<li>oficinas<\/li>\n\n\n\n<li>bibliotecas<\/li>\n\n\n\n<li>sector hotelero<\/li>\n\n\n\n<li>sector gastron\u00f3mico<\/li>\n\n\n\n<li>hospitales<\/li>\n\n\n\n<li>comunidad<\/li>\n<\/ul>\n\n\n\n<p>donde la compactaci\u00f3n de residuos permite una reducci\u00f3n de espacio, un entorno m\u00e1s limpio y decoroso y una optimizaci\u00f3n de los sistemas de recogida.<\/p>\n\n\n\n<p>Adem\u00e1s, la reducci\u00f3n del n\u00famero de contenedores registrados en las empresas de gesti\u00f3n de residuos se traduce en <strong>ahorro econ\u00f3mico y menor impacto ambiental.<\/strong><\/p>\n\n\n\n<figure class=\"wp-block-image\"><img decoding=\"async\" src=\"https:\/\/www.effe3ti.com\/wp-content\/uploads\/2025\/01\/bidoni-spazzatura-1024x230.jpg\" alt=\"\"\/><\/figure>\n\n\n\n<p><\/p>\n\n\n\n<p>Estas empacadoras est\u00e1n construidas con materiales duraderos y resistentes, se pueden colocar y utilizar tanto en interiores como en exteriores y son perfectas para compactar:<\/p>\n\n\n\n<ul class=\"wp-block-list\">\n<li>residuos generales<\/li>\n\n\n\n<li>papel<\/li>\n\n\n\n<li>cartulina<\/li>\n\n\n\n<li>pl\u00e1stico<\/li>\n<\/ul>\n\n\n\n<p>Promover el uso de sistemas de compactaci\u00f3n de residuos en contenedores y contenedores es una opci\u00f3n inteligente para mejorar la eficiencia de la gesti\u00f3n, con beneficios tangibles para el medio ambiente y para las personas.<\/p>\n\n\n\n<p><\/p>","protected":false},"excerpt":{"rendered":"<p>L&#8217;importanza della compattazione dei rifiuti nei bidoni e nei cassonetti La gestione efficiente dei rifiuti rappresenta una priorit\u00e0 sempre pi\u00f9 rilevante in tutti i contesti, dai nuclei familiari alle grandi strutture pubbliche, passando per condomini, uffici, aziende e strutture sanitarie come ospedali e cliniche. In questo scenario, la compattazione dei rifiuti contenuti nei bidoni e [&hellip;]<\/p>\n","protected":false},"author":1,"featured_media":21427,"comment_status":"closed","ping_status":"closed","sticky":false,"template":"","format":"standard","meta":{"footnotes":""},"categories":[41],"tags":[],"class_list":["post-21416","post","type-post","status-publish","format-standard","has-post-thumbnail","hentry","category-news-prodotto"],"yoast_head":"<!-- This site is optimized with the Yoast SEO plugin v27.5 - https:\/\/yoast.com\/product\/yoast-seo-wordpress\/ -->\n<title>Compattare rifiuti in bidoni e cassonetti - Effe3ti<\/title>\n<meta name=\"description\" content=\"Compattare i rifiuti nei bidoni e nei cassonetti \u00e8 una soluzione pratica e vantaggiosa per favorire una gestione pi\u00f9 sostenibile\" \/>\n<meta name=\"robots\" content=\"index, follow, max-snippet:-1, max-image-preview:large, max-video-preview:-1\" \/>\n<link rel=\"canonical\" href=\"https:\/\/www.effe3ti.com\/es\/compactar-los-residuos-en-contenedores-y-basureros\/\" \/>\n<meta property=\"og:locale\" content=\"es_ES\" \/>\n<meta property=\"og:type\" content=\"article\" \/>\n<meta property=\"og:title\" content=\"Compattare rifiuti in bidoni e cassonetti - Effe3ti\" \/>\n<meta property=\"og:description\" content=\"Compattare i rifiuti nei bidoni e nei cassonetti \u00e8 una soluzione pratica e vantaggiosa per favorire una gestione pi\u00f9 sostenibile\" \/>\n<meta property=\"og:url\" content=\"https:\/\/www.effe3ti.com\/es\/compactar-los-residuos-en-contenedores-y-basureros\/\" \/>\n<meta property=\"og:site_name\" content=\"Effe3ti\" \/>\n<meta property=\"article:publisher\" content=\"https:\/\/www.facebook.com\/effe3ti.packaging\" \/>\n<meta property=\"article:published_time\" content=\"2025-01-15T16:23:13+00:00\" \/>\n<meta property=\"article:modified_time\" content=\"2025-04-16T14:15:23+00:00\" \/>\n<meta property=\"og:image\" content=\"https:\/\/www.effe3ti.com\/wp-content\/uploads\/2025\/01\/pressa-bidoni.jpg\" \/>\n\t<meta property=\"og:image:width\" content=\"1500\" \/>\n\t<meta property=\"og:image:height\" content=\"1001\" \/>\n\t<meta property=\"og:image:type\" content=\"image\/jpeg\" \/>\n<meta name=\"author\" content=\"admin\" \/>\n<meta name=\"twitter:card\" content=\"summary_large_image\" \/>\n<meta name=\"twitter:label1\" content=\"Escrito por\" \/>\n\t<meta name=\"twitter:data1\" content=\"admin\" \/>\n\t<meta name=\"twitter:label2\" content=\"Tiempo de lectura\" \/>\n\t<meta name=\"twitter:data2\" content=\"2 minutos\" \/>\n<script type=\"application\/ld+json\" class=\"yoast-schema-graph\">{\"@context\":\"https:\\\/\\\/schema.org\",\"@graph\":[{\"@type\":\"Article\",\"@id\":\"https:\\\/\\\/www.effe3ti.com\\\/compattare-rifiuti-in-bidoni-e-cassonetti\\\/#article\",\"isPartOf\":{\"@id\":\"https:\\\/\\\/www.effe3ti.com\\\/compattare-rifiuti-in-bidoni-e-cassonetti\\\/\"},\"author\":{\"name\":\"admin\",\"@id\":\"https:\\\/\\\/www.effe3ti.com\\\/#\\\/schema\\\/person\\\/6cef6f087618c649ebbf63a4ea46e0d6\"},\"headline\":\"Compattare rifiuti in bidoni e cassonetti\",\"datePublished\":\"2025-01-15T16:23:13+00:00\",\"dateModified\":\"2025-04-16T14:15:23+00:00\",\"mainEntityOfPage\":{\"@id\":\"https:\\\/\\\/www.effe3ti.com\\\/compattare-rifiuti-in-bidoni-e-cassonetti\\\/\"},\"wordCount\":261,\"publisher\":{\"@id\":\"https:\\\/\\\/www.effe3ti.com\\\/#organization\"},\"image\":{\"@id\":\"https:\\\/\\\/www.effe3ti.com\\\/compattare-rifiuti-in-bidoni-e-cassonetti\\\/#primaryimage\"},\"thumbnailUrl\":\"https:\\\/\\\/www.effe3ti.com\\\/wp-content\\\/uploads\\\/2025\\\/01\\\/pressa-bidoni.jpg\",\"articleSection\":[\"Prodotto\"],\"inLanguage\":\"es\"},{\"@type\":\"WebPage\",\"@id\":\"https:\\\/\\\/www.effe3ti.com\\\/compattare-rifiuti-in-bidoni-e-cassonetti\\\/\",\"url\":\"https:\\\/\\\/www.effe3ti.com\\\/compattare-rifiuti-in-bidoni-e-cassonetti\\\/\",\"name\":\"Compattare rifiuti in bidoni e cassonetti - Effe3ti\",\"isPartOf\":{\"@id\":\"https:\\\/\\\/www.effe3ti.com\\\/#website\"},\"primaryImageOfPage\":{\"@id\":\"https:\\\/\\\/www.effe3ti.com\\\/compattare-rifiuti-in-bidoni-e-cassonetti\\\/#primaryimage\"},\"image\":{\"@id\":\"https:\\\/\\\/www.effe3ti.com\\\/compattare-rifiuti-in-bidoni-e-cassonetti\\\/#primaryimage\"},\"thumbnailUrl\":\"https:\\\/\\\/www.effe3ti.com\\\/wp-content\\\/uploads\\\/2025\\\/01\\\/pressa-bidoni.jpg\",\"datePublished\":\"2025-01-15T16:23:13+00:00\",\"dateModified\":\"2025-04-16T14:15:23+00:00\",\"description\":\"Compattare i rifiuti nei bidoni e nei cassonetti \u00e8 una soluzione pratica e vantaggiosa per favorire una gestione pi\u00f9 sostenibile\",\"breadcrumb\":{\"@id\":\"https:\\\/\\\/www.effe3ti.com\\\/compattare-rifiuti-in-bidoni-e-cassonetti\\\/#breadcrumb\"},\"inLanguage\":\"es\",\"potentialAction\":[{\"@type\":\"ReadAction\",\"target\":[\"https:\\\/\\\/www.effe3ti.com\\\/compattare-rifiuti-in-bidoni-e-cassonetti\\\/\"]}]},{\"@type\":\"ImageObject\",\"inLanguage\":\"es\",\"@id\":\"https:\\\/\\\/www.effe3ti.com\\\/compattare-rifiuti-in-bidoni-e-cassonetti\\\/#primaryimage\",\"url\":\"https:\\\/\\\/www.effe3ti.com\\\/wp-content\\\/uploads\\\/2025\\\/01\\\/pressa-bidoni.jpg\",\"contentUrl\":\"https:\\\/\\\/www.effe3ti.com\\\/wp-content\\\/uploads\\\/2025\\\/01\\\/pressa-bidoni.jpg\",\"width\":1500,\"height\":1001,\"caption\":\"pressa per rifiuti in bidoni e cassonetti\"},{\"@type\":\"BreadcrumbList\",\"@id\":\"https:\\\/\\\/www.effe3ti.com\\\/compattare-rifiuti-in-bidoni-e-cassonetti\\\/#breadcrumb\",\"itemListElement\":[{\"@type\":\"ListItem\",\"position\":1,\"name\":\"Home\",\"item\":\"https:\\\/\\\/www.effe3ti.com\\\/\"},{\"@type\":\"ListItem\",\"position\":2,\"name\":\"Compattare rifiuti in bidoni e cassonetti\"}]},{\"@type\":\"WebSite\",\"@id\":\"https:\\\/\\\/www.effe3ti.com\\\/#website\",\"url\":\"https:\\\/\\\/www.effe3ti.com\\\/\",\"name\":\"Effe3ti\",\"description\":\"Packaging Technologies\",\"publisher\":{\"@id\":\"https:\\\/\\\/www.effe3ti.com\\\/#organization\"},\"potentialAction\":[{\"@type\":\"SearchAction\",\"target\":{\"@type\":\"EntryPoint\",\"urlTemplate\":\"https:\\\/\\\/www.effe3ti.com\\\/?s={search_term_string}\"},\"query-input\":{\"@type\":\"PropertyValueSpecification\",\"valueRequired\":true,\"valueName\":\"search_term_string\"}}],\"inLanguage\":\"es\"},{\"@type\":\"Organization\",\"@id\":\"https:\\\/\\\/www.effe3ti.com\\\/#organization\",\"name\":\"Effe3ti\",\"alternateName\":\"f3t\",\"url\":\"https:\\\/\\\/www.effe3ti.com\\\/\",\"logo\":{\"@type\":\"ImageObject\",\"inLanguage\":\"es\",\"@id\":\"https:\\\/\\\/www.effe3ti.com\\\/#\\\/schema\\\/logo\\\/image\\\/\",\"url\":\"https:\\\/\\\/www.effe3ti.com\\\/wp-content\\\/uploads\\\/2021\\\/04\\\/Effe3ti_logo-350.gif\",\"contentUrl\":\"https:\\\/\\\/www.effe3ti.com\\\/wp-content\\\/uploads\\\/2021\\\/04\\\/Effe3ti_logo-350.gif\",\"width\":350,\"height\":128,\"caption\":\"Effe3ti\"},\"image\":{\"@id\":\"https:\\\/\\\/www.effe3ti.com\\\/#\\\/schema\\\/logo\\\/image\\\/\"},\"sameAs\":[\"https:\\\/\\\/www.facebook.com\\\/effe3ti.packaging\",\"https:\\\/\\\/www.instagram.com\\\/EFFE3TI\\\/\",\"https:\\\/\\\/www.linkedin.com\\\/company\\\/effe3ti-srl\",\"https:\\\/\\\/www.youtube.com\\\/effe3ti\"]},{\"@type\":\"Person\",\"@id\":\"https:\\\/\\\/www.effe3ti.com\\\/#\\\/schema\\\/person\\\/6cef6f087618c649ebbf63a4ea46e0d6\",\"name\":\"admin\",\"image\":{\"@type\":\"ImageObject\",\"inLanguage\":\"es\",\"@id\":\"https:\\\/\\\/secure.gravatar.com\\\/avatar\\\/b253dd15467b2329f0e140e2e96d7a7963ee736a560580d3f5e9ae1015d2b5fd?s=96&d=mm&r=g\",\"url\":\"https:\\\/\\\/secure.gravatar.com\\\/avatar\\\/b253dd15467b2329f0e140e2e96d7a7963ee736a560580d3f5e9ae1015d2b5fd?s=96&d=mm&r=g\",\"contentUrl\":\"https:\\\/\\\/secure.gravatar.com\\\/avatar\\\/b253dd15467b2329f0e140e2e96d7a7963ee736a560580d3f5e9ae1015d2b5fd?s=96&d=mm&r=g\",\"caption\":\"admin\"}}]}<\/script>\n<!-- \/ Yoast SEO plugin. -->","yoast_head_json":{"title":"Compactaci\u00f3n de residuos en contenedores y contenedores - Effe3ti","description":"Compactar los residuos en contenedores y contenedores es una soluci\u00f3n pr\u00e1ctica y ventajosa para promover una gesti\u00f3n m\u00e1s sostenible","robots":{"index":"index","follow":"follow","max-snippet":"max-snippet:-1","max-image-preview":"max-image-preview:large","max-video-preview":"max-video-preview:-1"},"canonical":"https:\/\/www.effe3ti.com\/es\/compactar-los-residuos-en-contenedores-y-basureros\/","og_locale":"es_ES","og_type":"article","og_title":"Compattare rifiuti in bidoni e cassonetti - Effe3ti","og_description":"Compattare i rifiuti nei bidoni e nei cassonetti \u00e8 una soluzione pratica e vantaggiosa per favorire una gestione pi\u00f9 sostenibile","og_url":"https:\/\/www.effe3ti.com\/es\/compactar-los-residuos-en-contenedores-y-basureros\/","og_site_name":"Effe3ti","article_publisher":"https:\/\/www.facebook.com\/effe3ti.packaging","article_published_time":"2025-01-15T16:23:13+00:00","article_modified_time":"2025-04-16T14:15:23+00:00","og_image":[{"width":1500,"height":1001,"url":"https:\/\/www.effe3ti.com\/wp-content\/uploads\/2025\/01\/pressa-bidoni.jpg","type":"image\/jpeg"}],"author":"admin","twitter_card":"summary_large_image","twitter_misc":{"Escrito por":"admin","Tiempo de lectura":"2 minutos"},"schema":{"@context":"https:\/\/schema.org","@graph":[{"@type":"Article","@id":"https:\/\/www.effe3ti.com\/compattare-rifiuti-in-bidoni-e-cassonetti\/#article","isPartOf":{"@id":"https:\/\/www.effe3ti.com\/compattare-rifiuti-in-bidoni-e-cassonetti\/"},"author":{"name":"admin","@id":"https:\/\/www.effe3ti.com\/#\/schema\/person\/6cef6f087618c649ebbf63a4ea46e0d6"},"headline":"Compattare rifiuti in bidoni e cassonetti","datePublished":"2025-01-15T16:23:13+00:00","dateModified":"2025-04-16T14:15:23+00:00","mainEntityOfPage":{"@id":"https:\/\/www.effe3ti.com\/compattare-rifiuti-in-bidoni-e-cassonetti\/"},"wordCount":261,"publisher":{"@id":"https:\/\/www.effe3ti.com\/#organization"},"image":{"@id":"https:\/\/www.effe3ti.com\/compattare-rifiuti-in-bidoni-e-cassonetti\/#primaryimage"},"thumbnailUrl":"https:\/\/www.effe3ti.com\/wp-content\/uploads\/2025\/01\/pressa-bidoni.jpg","articleSection":["Prodotto"],"inLanguage":"es"},{"@type":"WebPage","@id":"https:\/\/www.effe3ti.com\/compattare-rifiuti-in-bidoni-e-cassonetti\/","url":"https:\/\/www.effe3ti.com\/compattare-rifiuti-in-bidoni-e-cassonetti\/","name":"Compactaci\u00f3n de residuos en contenedores y contenedores - Effe3ti","isPartOf":{"@id":"https:\/\/www.effe3ti.com\/#website"},"primaryImageOfPage":{"@id":"https:\/\/www.effe3ti.com\/compattare-rifiuti-in-bidoni-e-cassonetti\/#primaryimage"},"image":{"@id":"https:\/\/www.effe3ti.com\/compattare-rifiuti-in-bidoni-e-cassonetti\/#primaryimage"},"thumbnailUrl":"https:\/\/www.effe3ti.com\/wp-content\/uploads\/2025\/01\/pressa-bidoni.jpg","datePublished":"2025-01-15T16:23:13+00:00","dateModified":"2025-04-16T14:15:23+00:00","description":"Compactar los residuos en contenedores y contenedores es una soluci\u00f3n pr\u00e1ctica y ventajosa para promover una gesti\u00f3n m\u00e1s sostenible","breadcrumb":{"@id":"https:\/\/www.effe3ti.com\/compattare-rifiuti-in-bidoni-e-cassonetti\/#breadcrumb"},"inLanguage":"es","potentialAction":[{"@type":"ReadAction","target":["https:\/\/www.effe3ti.com\/compattare-rifiuti-in-bidoni-e-cassonetti\/"]}]},{"@type":"ImageObject","inLanguage":"es","@id":"https:\/\/www.effe3ti.com\/compattare-rifiuti-in-bidoni-e-cassonetti\/#primaryimage","url":"https:\/\/www.effe3ti.com\/wp-content\/uploads\/2025\/01\/pressa-bidoni.jpg","contentUrl":"https:\/\/www.effe3ti.com\/wp-content\/uploads\/2025\/01\/pressa-bidoni.jpg","width":1500,"height":1001,"caption":"pressa per rifiuti in bidoni e cassonetti"},{"@type":"BreadcrumbList","@id":"https:\/\/www.effe3ti.com\/compattare-rifiuti-in-bidoni-e-cassonetti\/#breadcrumb","itemListElement":[{"@type":"ListItem","position":1,"name":"Home","item":"https:\/\/www.effe3ti.com\/"},{"@type":"ListItem","position":2,"name":"Compattare rifiuti in bidoni e cassonetti"}]},{"@type":"WebSite","@id":"https:\/\/www.effe3ti.com\/#website","url":"https:\/\/www.effe3ti.com\/","name":"Efectos","description":"Tecnolog\u00edas de embalaje","publisher":{"@id":"https:\/\/www.effe3ti.com\/#organization"},"potentialAction":[{"@type":"SearchAction","target":{"@type":"EntryPoint","urlTemplate":"https:\/\/www.effe3ti.com\/?s={search_term_string}"},"query-input":{"@type":"PropertyValueSpecification","valueRequired":true,"valueName":"search_term_string"}}],"inLanguage":"es"},{"@type":"Organization","@id":"https:\/\/www.effe3ti.com\/#organization","name":"Efectos","alternateName":"f3t","url":"https:\/\/www.effe3ti.com\/","logo":{"@type":"ImageObject","inLanguage":"es","@id":"https:\/\/www.effe3ti.com\/#\/schema\/logo\/image\/","url":"https:\/\/www.effe3ti.com\/wp-content\/uploads\/2021\/04\/Effe3ti_logo-350.gif","contentUrl":"https:\/\/www.effe3ti.com\/wp-content\/uploads\/2021\/04\/Effe3ti_logo-350.gif","width":350,"height":128,"caption":"Effe3ti"},"image":{"@id":"https:\/\/www.effe3ti.com\/#\/schema\/logo\/image\/"},"sameAs":["https:\/\/www.facebook.com\/effe3ti.packaging","https:\/\/www.instagram.com\/EFFE3TI\/","https:\/\/www.linkedin.com\/company\/effe3ti-srl","https:\/\/www.youtube.com\/effe3ti"]},{"@type":"Person","@id":"https:\/\/www.effe3ti.com\/#\/schema\/person\/6cef6f087618c649ebbf63a4ea46e0d6","name":"administraci\u00f3n","image":{"@type":"ImageObject","inLanguage":"es","@id":"https:\/\/secure.gravatar.com\/avatar\/b253dd15467b2329f0e140e2e96d7a7963ee736a560580d3f5e9ae1015d2b5fd?s=96&d=mm&r=g","url":"https:\/\/secure.gravatar.com\/avatar\/b253dd15467b2329f0e140e2e96d7a7963ee736a560580d3f5e9ae1015d2b5fd?s=96&d=mm&r=g","contentUrl":"https:\/\/secure.gravatar.com\/avatar\/b253dd15467b2329f0e140e2e96d7a7963ee736a560580d3f5e9ae1015d2b5fd?s=96&d=mm&r=g","caption":"admin"}}]}},"_links":{"self":[{"href":"https:\/\/www.effe3ti.com\/es\/wp-json\/wp\/v2\/posts\/21416","targetHints":{"allow":["GET"]}}],"collection":[{"href":"https:\/\/www.effe3ti.com\/es\/wp-json\/wp\/v2\/posts"}],"about":[{"href":"https:\/\/www.effe3ti.com\/es\/wp-json\/wp\/v2\/types\/post"}],"author":[{"embeddable":true,"href":"https:\/\/www.effe3ti.com\/es\/wp-json\/wp\/v2\/users\/1"}],"replies":[{"embeddable":true,"href":"https:\/\/www.effe3ti.com\/es\/wp-json\/wp\/v2\/comments?post=21416"}],"version-history":[{"count":5,"href":"https:\/\/www.effe3ti.com\/es\/wp-json\/wp\/v2\/posts\/21416\/revisions"}],"predecessor-version":[{"id":22964,"href":"https:\/\/www.effe3ti.com\/es\/wp-json\/wp\/v2\/posts\/21416\/revisions\/22964"}],"wp:featuredmedia":[{"embeddable":true,"href":"https:\/\/www.effe3ti.com\/es\/wp-json\/wp\/v2\/media\/21427"}],"wp:attachment":[{"href":"https:\/\/www.effe3ti.com\/es\/wp-json\/wp\/v2\/media?parent=21416"}],"wp:term":[{"taxonomy":"category","embeddable":true,"href":"https:\/\/www.effe3ti.com\/es\/wp-json\/wp\/v2\/categories?post=21416"},{"taxonomy":"post_tag","embeddable":true,"href":"https:\/\/www.effe3ti.com\/es\/wp-json\/wp\/v2\/tags?post=21416"}],"curies":[{"name":"wp","href":"https:\/\/api.w.org\/{rel}","templated":true}]}}