{"id":23191,"date":"2025-06-27T10:06:54","date_gmt":"2025-06-27T10:06:54","guid":{"rendered":"https:\/\/www.effe3ti.com\/?p=23191"},"modified":"2025-12-01T10:12:35","modified_gmt":"2025-12-01T10:12:35","slug":"que-compactadora-de-papel-elegir-para-grandes-volumenes-de-negocio","status":"publish","type":"post","link":"https:\/\/www.effe3ti.com\/es\/compattatore-per-carta-quale-scegliere-per-grandi-volumi-aziendali\/","title":{"rendered":"Compactadora de papel y cart\u00f3n: \u00bfcu\u00e1l elegir para grandes vol\u00famenes de negocio?"},"content":{"rendered":"<p>Una compactadora de papel responde a una necesidad muy espec\u00edfica y cada vez m\u00e1s acuciante: gestionar grandes cantidades de residuos de papel a diario, especialmente en sectores como la log\u00edstica, el comercio minorista, la gran distribuci\u00f3n y la fabricaci\u00f3n industrial. Y lo que es m\u00e1s importante, permite transformar una operaci\u00f3n rutinaria de gesti\u00f3n de residuos en una oportunidad de negocio, vendiendo directamente las pacas producidas.<\/p>\n\n\n\n<p>Por lo tanto, un compactador de papel adecuado no s\u00f3lo permite optimizar el espacio y reducir los costes de eliminaci\u00f3n, sino que tambi\u00e9n mejora la eficiencia operativa y contribuye a una gesti\u00f3n m\u00e1s sostenible de los materiales de desecho.<\/p>\n\n\n\n<p>Gracias a su estrecha colaboraci\u00f3n con una marca especializada como Strautmann, de la que es representante exclusivo en Italia, Effe3Ti ofrece soluciones eficientes, potentes y muy vers\u00e1tiles.<\/p>\n\n\n\n<h2 class=\"wp-block-heading\">\u00bfQu\u00e9 hace un compactador de papel?<\/h2>\n\n\n\n<p>A <a href=\"https:\/\/www.effe3ti.com\/es\/logistica-de-compactadores\/\">compactador de papel<\/a> Es una m\u00e1quina dise\u00f1ada para comprimir grandes vol\u00famenes de cart\u00f3n, papel y materiales similares en pacas compactas y f\u00e1ciles de manipular. La principal ventaja de este proceso es que reduce significativamente el volumen de residuos, a la vez que simplifica el almacenamiento y facilita el transporte y el reciclaje.<\/p>\n\n\n\n<p>Adem\u00e1s, reduce las emisiones de di\u00f3xido de carbono; permite trabajar independientemente de las condiciones clim\u00e1ticas; y mejora el orden y la limpieza, adem\u00e1s de generar ingresos por las pacas mediante la venta directa. Esto permite integrar el proceso de compactaci\u00f3n en el flujo de producci\u00f3n, minimizando la intervenci\u00f3n manual y optimizando los recursos.<\/p>\n\n\n\n<p>En la pr\u00e1ctica: trabajar mejor, en menos tiempo y sin desperdicios.<\/p>\n\n\n\n<h3 class=\"wp-block-heading\">Lo que necesitan las grandes empresas<\/h3>\n\n\n\n<p>Las empresas que manejan grandes cantidades de papel y cart\u00f3n tienen necesidades espec\u00edficas:<\/p>\n\n\n\n<ul class=\"wp-block-list\">\n<li>deben automatizar el trabajo para reducir la actividad manual y acelerar las operaciones;<\/li>\n\n\n\n<li>la capacidad de carga debe ser continua, a fin de evitar interrupciones en el ciclo de producci\u00f3n;<\/li>\n\n\n\n<li>Se necesitan pacas estables, densas y de tama\u00f1o est\u00e1ndar;<\/li>\n\n\n\n<li>Adem\u00e1s, un compactador de papel debe facilitar el transporte interno y la eliminaci\u00f3n.<\/li>\n<\/ul>\n\n\n\n<p>Effe3Ti ofrece, en particular, tres soluciones avanzadas: AutoLoadBaler, BaleTainer y JumboLoadBaler, que son compactadores dise\u00f1ados espec\u00edficamente para entornos industriales y comerciales de gran volumen.<\/p>\n\n\n\n<h3 class=\"wp-block-heading\">Compactador de papel AutoLoadBaler: Carga eficiente y autom\u00e1tica<\/h3>\n\n\n\n<p><a href=\"https:\/\/www.effe3ti.com\/es\/producto\/empacadora-automatica-autoloadbaler\/\">Empacadora de carga autom\u00e1tica<\/a> Es una empacadora autom\u00e1tica dise\u00f1ada para optimizar la eficiencia del proceso de compactaci\u00f3n. Su caracter\u00edstica \u00fanica es su sistema de carga autom\u00e1tica, que permite a los operadores alimentar el papel sin tener que clasificarlo ni triturarlo manualmente.<\/p>\n\n\n\n<figure class=\"wp-block-image size-large\"><img fetchpriority=\"high\" decoding=\"async\" width=\"1024\" height=\"656\" src=\"https:\/\/www.effe3ti.com\/wp-content\/uploads\/2021\/04\/Autoloadbaler-2-1024x656.jpg\" alt=\"\" class=\"wp-image-23223\" srcset=\"https:\/\/www.effe3ti.com\/wp-content\/uploads\/2021\/04\/Autoloadbaler-2-1024x656.jpg 1024w, https:\/\/www.effe3ti.com\/wp-content\/uploads\/2021\/04\/Autoloadbaler-2-300x192.jpg 300w, https:\/\/www.effe3ti.com\/wp-content\/uploads\/2021\/04\/Autoloadbaler-2-768x492.jpg 768w, https:\/\/www.effe3ti.com\/wp-content\/uploads\/2021\/04\/Autoloadbaler-2-1536x985.jpg 1536w, https:\/\/www.effe3ti.com\/wp-content\/uploads\/2021\/04\/Autoloadbaler-2-18x12.jpg 18w, https:\/\/www.effe3ti.com\/wp-content\/uploads\/2021\/04\/Autoloadbaler-2-600x385.jpg 600w, https:\/\/www.effe3ti.com\/wp-content\/uploads\/2021\/04\/Autoloadbaler-2.jpg 2000w\" sizes=\"(max-width: 1024px) 100vw, 1024px\" \/><\/figure>\n\n\n\n<p>AutoLoadBaler cuenta con una serie de caracter\u00edsticas t\u00e9cnicas muy apreciadas:<\/p>\n\n\n\n<ul class=\"wp-block-list\">\n<li>Funciona con una red el\u00e9ctrica de 400 V y tiene una potencia de 4 kW;<\/li>\n\n\n\n<li>La fuerza de prensado es de 530 kN, con un tiempo de ciclo de 37 segundos;<\/li>\n\n\n\n<li>La paca producida alcanza unas dimensiones de 1200 x 800 x 1100 mm y puede pesar hasta 400 kg.<\/li>\n<\/ul>\n\n\n\n<p>El sistema de encuadernaci\u00f3n con alambre garantiza compacidad y seguridad durante el transporte. La AutoLoadBaler es especialmente adecuada para supermercados, almacenes, centros de distribuci\u00f3n y cualquier negocio que requiera una gesti\u00f3n r\u00e1pida y continua de los residuos de papel. Adem\u00e1s, el carrito puede personalizarse para convertirse en un art\u00edculo promocional.<\/p>\n\n\n\n<p>Adem\u00e1s, el uso de la AutoLoadBaler en el campo ha demostrado que puede ahorrar hasta 3 horas y 45 minutos por paca, un aumento de productividad que supera al de la 800%. Disponer de dos carros tambi\u00e9n permite una cosecha continua: uno est\u00e1 en la m\u00e1quina y el otro en el almac\u00e9n.<\/p>\n\n\n\n<h3 class=\"wp-block-heading\">Compactador de papel BaleTainer: la soluci\u00f3n totalmente automatizada<\/h3>\n\n\n\n<p><a href=\"https:\/\/www.effe3ti.com\/es\/producto\/prensa-automatica-baletainer\/\">Contenedor de pacas<\/a> Representa un paso m\u00e1s hacia la automatizaci\u00f3n total. Es una compactadora de papel totalmente autom\u00e1tica capaz de manipular grandes vol\u00famenes de cart\u00f3n sin intervenci\u00f3n manual, desde la carga hasta la formaci\u00f3n de pacas. Tambi\u00e9n puede manipular botellas de PET vac\u00edas, latas y film.<\/p>\n\n\n\n<figure class=\"wp-block-image size-large\"><img decoding=\"async\" width=\"1024\" height=\"565\" src=\"https:\/\/www.effe3ti.com\/wp-content\/uploads\/2021\/04\/Baletainer-2-1024x565.jpg\" alt=\"\" class=\"wp-image-160\" srcset=\"https:\/\/www.effe3ti.com\/wp-content\/uploads\/2021\/04\/Baletainer-2-1024x565.jpg 1024w, https:\/\/www.effe3ti.com\/wp-content\/uploads\/2021\/04\/Baletainer-2-600x331.jpg 600w, https:\/\/www.effe3ti.com\/wp-content\/uploads\/2021\/04\/Baletainer-2-300x166.jpg 300w, https:\/\/www.effe3ti.com\/wp-content\/uploads\/2021\/04\/Baletainer-2-768x424.jpg 768w, https:\/\/www.effe3ti.com\/wp-content\/uploads\/2021\/04\/Baletainer-2.jpg 1181w\" sizes=\"(max-width: 1024px) 100vw, 1024px\" \/><\/figure>\n\n\n\n<p>Entre las caracter\u00edsticas t\u00e9cnicas del BaleTainer se encuentran:<\/p>\n\n\n\n<ul class=\"wp-block-list\">\n<li>una fuerza de compactaci\u00f3n de 600 kN;<\/li>\n\n\n\n<li>una presi\u00f3n espec\u00edfica que alcanza las 180 toneladas por metro c\u00fabico;<\/li>\n\n\n\n<li>la capacidad de llenar grandes cantidades y materiales reciclables sin trituraci\u00f3n previa;<\/li>\n\n\n\n<li>Las pacas producidas se componen de tres segmentos que, al unirse, alcanzan un peso de hasta 400 kg. Una vez terminadas, las pacas se atan y se expulsan autom\u00e1ticamente.<\/li>\n<\/ul>\n\n\n\n<p>Aqu\u00ed tambi\u00e9n, la encuadernaci\u00f3n es autom\u00e1tica mediante alambre. BaleTainer es ideal para entornos industriales complejos, centros log\u00edsticos e instalaciones donde la eficiencia y la automatizaci\u00f3n son prioritarias. <\/p>\n\n\n\n<h3 class=\"wp-block-heading\">Compactador de papel JumboLoadBaler, en muchas variantes<\/h3>\n\n\n\n<p>Una tercera opci\u00f3n es la <a href=\"https:\/\/www.effe3ti.com\/es\/producto\/empacadora-automatica-jumboloadbaler\/\">Empacadora de carga gigante<\/a>Este modelo destaca por su elevada producci\u00f3n horaria, su configuraci\u00f3n flexible y la capacidad de manipular de forma segura y profesional cart\u00f3n, pero tambi\u00e9n film de pl\u00e1stico, botellas PET vac\u00edas, latas y octabines.<\/p>\n\n\n\n<p>Las pacas producidas por la JumboLoadBaler pesan aproximadamente 400 kg. Puede producir dos pacas por hora (es decir, 800 kg por hora).<\/p>\n\n\n\n<figure class=\"wp-block-image size-large\"><img decoding=\"async\" width=\"1024\" height=\"683\" src=\"https:\/\/www.effe3ti.com\/wp-content\/uploads\/2023\/11\/Jumboloadbaler-2-1-1024x683.jpg\" alt=\"\" class=\"wp-image-23230\" srcset=\"https:\/\/www.effe3ti.com\/wp-content\/uploads\/2023\/11\/Jumboloadbaler-2-1-1024x683.jpg 1024w, https:\/\/www.effe3ti.com\/wp-content\/uploads\/2023\/11\/Jumboloadbaler-2-1-300x200.jpg 300w, https:\/\/www.effe3ti.com\/wp-content\/uploads\/2023\/11\/Jumboloadbaler-2-1-768x512.jpg 768w, https:\/\/www.effe3ti.com\/wp-content\/uploads\/2023\/11\/Jumboloadbaler-2-1-1536x1025.jpg 1536w, https:\/\/www.effe3ti.com\/wp-content\/uploads\/2023\/11\/Jumboloadbaler-2-1-18x12.jpg 18w, https:\/\/www.effe3ti.com\/wp-content\/uploads\/2023\/11\/Jumboloadbaler-2-1-600x400.jpg 600w, https:\/\/www.effe3ti.com\/wp-content\/uploads\/2023\/11\/Jumboloadbaler-2-1.jpg 2000w\" sizes=\"(max-width: 1024px) 100vw, 1024px\" \/><\/figure>\n\n\n\n<p>Entre otras caracter\u00edsticas t\u00e9cnicas cabe destacar:<\/p>\n\n\n\n<ul class=\"wp-block-list\">\n<li>el dise\u00f1o compacto, que permite la instalaci\u00f3n incluso en espacios peque\u00f1os y directamente en el punto de uso;<\/li>\n\n\n\n<li>la gran abertura de alimentaci\u00f3n (2250 x 1085 x 1700 mm);<\/li>\n\n\n\n<li>la variedad de modos de alimentaci\u00f3n: se puede elegir entre carga manual en el suelo o en altura, mediante elevador y volquete, cinta transportadora, carretilla elevadora o fijaci\u00f3n a la pared.<\/li>\n<\/ul>\n\n\n\n<p>La JumboLoadBaler es la opci\u00f3n ideal para las empresas que requieren una compactaci\u00f3n robusta, continua y flexible, incluso para materiales dif\u00edciles o voluminosos.<\/p>\n\n\n\n<h3 class=\"wp-block-heading\">\u00bfQu\u00e9 compactador de papel debo elegir?<\/h3>\n\n\n\n<p>Elegir la compactadora de papel adecuada es una decisi\u00f3n muy importante porque, como hemos visto, incide directamente en la eficiencia operativa y en los costes de gesti\u00f3n, as\u00ed como en la posibilidad de vender directamente las pacas.<\/p>\n\n\n\n<p>Los modelos AutoLoadBaler, BaleTainer y JumboLoadBaler representan tres soluciones avanzadas, cada una dise\u00f1ada para responder espec\u00edficamente a las necesidades de las empresas que manejan grandes vol\u00famenes:<\/p>\n\n\n\n<ul class=\"wp-block-list\">\n<li>AutoLoadBaler es ideal para contextos din\u00e1micos como el comercio minorista a gran escala, la log\u00edstica y los almacenes;<\/li>\n\n\n\n<li>BaleTainer est\u00e1 dirigido a empresas industriales que requieren de un sistema totalmente automatizado que pueda integrarse en los procesos de producci\u00f3n las 24 horas del d\u00eda;<\/li>\n\n\n\n<li>JumboLoadBaler es potente y vers\u00e1til, por lo tanto est\u00e1 dise\u00f1ado para materiales voluminosos y dif\u00edciles de manipular, no solo papel y cart\u00f3n.<\/li>\n<\/ul>\n\n\n\n<p>Las ventajas de estas m\u00e1quinas son realmente numerosas. Orden, limpieza, seguridad en el trabajo, rutas m\u00e1s cortas, cero esperas, ahorro energ\u00e9tico y una rentabilidad tangible: con las soluciones Effe3Ti, la gesti\u00f3n de residuos se convierte en un proceso moderno, eficiente y rentable.<\/p>","protected":false},"excerpt":{"rendered":"<p>Un compattatore per carta risponde a un\u2019esigenze molto concreta, nonch\u00e9 sempre pi\u00f9 sentita: gestire grandi quantit\u00e0 di rifiuti cartacei ogni giorno, soprattutto in settori come la logistica, il retail, la GDO e la produzione industriale. Ma ancora di pi\u00f9, permette di trasformare una normale attivit\u00e0 di gestione dei rifiuti in un\u2019opportunit\u00e0 commerciale, vendendo direttamente le [&hellip;]<\/p>\n","protected":false},"author":1,"featured_media":23233,"comment_status":"closed","ping_status":"closed","sticky":false,"template":"","format":"standard","meta":{"footnotes":""},"categories":[42],"tags":[],"class_list":["post-23191","post","type-post","status-publish","format-standard","has-post-thumbnail","hentry","category-news-approfondimenti"],"yoast_head":"<!-- This site is optimized with the Yoast SEO plugin v27.5 - https:\/\/yoast.com\/product\/yoast-seo-wordpress\/ -->\n<title>Compattatore per carta e cartone, quale scegliere per grandi volumi aziendali - Effe3ti<\/title>\n<meta name=\"description\" content=\"Un compattatore per carta \u00e8 pi\u00f9 di uno strumento per gestire i rifiuti: \u00e8 un\u2019opportunit\u00e0 per aumentare la redditivit\u00e0 dell\u2019azienda.\" \/>\n<meta name=\"robots\" content=\"index, follow, max-snippet:-1, max-image-preview:large, max-video-preview:-1\" \/>\n<link rel=\"canonical\" href=\"https:\/\/www.effe3ti.com\/es\/que-compactadora-de-papel-elegir-para-grandes-volumenes-de-negocio\/\" \/>\n<meta property=\"og:locale\" content=\"es_ES\" \/>\n<meta property=\"og:type\" content=\"article\" \/>\n<meta property=\"og:title\" content=\"Compattatore per carta e cartone, quale scegliere per grandi volumi aziendali - Effe3ti\" \/>\n<meta property=\"og:description\" content=\"Un compattatore per carta \u00e8 pi\u00f9 di uno strumento per gestire i rifiuti: \u00e8 un\u2019opportunit\u00e0 per aumentare la redditivit\u00e0 dell\u2019azienda.\" \/>\n<meta property=\"og:url\" content=\"https:\/\/www.effe3ti.com\/es\/que-compactadora-de-papel-elegir-para-grandes-volumenes-de-negocio\/\" \/>\n<meta property=\"og:site_name\" content=\"Effe3ti\" \/>\n<meta property=\"article:publisher\" content=\"https:\/\/www.facebook.com\/effe3ti.packaging\" \/>\n<meta property=\"article:published_time\" content=\"2025-06-27T10:06:54+00:00\" \/>\n<meta property=\"article:modified_time\" content=\"2025-12-01T10:12:35+00:00\" \/>\n<meta property=\"og:image\" content=\"https:\/\/www.effe3ti.com\/wp-content\/uploads\/2023\/11\/Jumboloadbaler-4.jpg\" \/>\n\t<meta property=\"og:image:width\" content=\"2000\" \/>\n\t<meta property=\"og:image:height\" content=\"1334\" \/>\n\t<meta property=\"og:image:type\" content=\"image\/jpeg\" \/>\n<meta name=\"author\" content=\"admin\" \/>\n<meta name=\"twitter:card\" content=\"summary_large_image\" \/>\n<meta name=\"twitter:label1\" content=\"Escrito por\" \/>\n\t<meta name=\"twitter:data1\" content=\"admin\" \/>\n\t<meta name=\"twitter:label2\" content=\"Tiempo de lectura\" \/>\n\t<meta name=\"twitter:data2\" content=\"7 minutos\" \/>\n<script type=\"application\/ld+json\" class=\"yoast-schema-graph\">{\"@context\":\"https:\\\/\\\/schema.org\",\"@graph\":[{\"@type\":\"Article\",\"@id\":\"https:\\\/\\\/www.effe3ti.com\\\/compattatore-per-carta-quale-scegliere-per-grandi-volumi-aziendali\\\/#article\",\"isPartOf\":{\"@id\":\"https:\\\/\\\/www.effe3ti.com\\\/compattatore-per-carta-quale-scegliere-per-grandi-volumi-aziendali\\\/\"},\"author\":{\"name\":\"admin\",\"@id\":\"https:\\\/\\\/www.effe3ti.com\\\/#\\\/schema\\\/person\\\/6cef6f087618c649ebbf63a4ea46e0d6\"},\"headline\":\"Compattatore per carta e cartone, quale scegliere per grandi volumi aziendali\",\"datePublished\":\"2025-06-27T10:06:54+00:00\",\"dateModified\":\"2025-12-01T10:12:35+00:00\",\"mainEntityOfPage\":{\"@id\":\"https:\\\/\\\/www.effe3ti.com\\\/compattatore-per-carta-quale-scegliere-per-grandi-volumi-aziendali\\\/\"},\"wordCount\":981,\"publisher\":{\"@id\":\"https:\\\/\\\/www.effe3ti.com\\\/#organization\"},\"image\":{\"@id\":\"https:\\\/\\\/www.effe3ti.com\\\/compattatore-per-carta-quale-scegliere-per-grandi-volumi-aziendali\\\/#primaryimage\"},\"thumbnailUrl\":\"https:\\\/\\\/www.effe3ti.com\\\/wp-content\\\/uploads\\\/2023\\\/11\\\/Jumboloadbaler-4.jpg\",\"articleSection\":[\"Approfondimenti\"],\"inLanguage\":\"es\"},{\"@type\":\"WebPage\",\"@id\":\"https:\\\/\\\/www.effe3ti.com\\\/compattatore-per-carta-quale-scegliere-per-grandi-volumi-aziendali\\\/\",\"url\":\"https:\\\/\\\/www.effe3ti.com\\\/compattatore-per-carta-quale-scegliere-per-grandi-volumi-aziendali\\\/\",\"name\":\"Compattatore per carta e cartone, quale scegliere per grandi volumi aziendali - Effe3ti\",\"isPartOf\":{\"@id\":\"https:\\\/\\\/www.effe3ti.com\\\/#website\"},\"primaryImageOfPage\":{\"@id\":\"https:\\\/\\\/www.effe3ti.com\\\/compattatore-per-carta-quale-scegliere-per-grandi-volumi-aziendali\\\/#primaryimage\"},\"image\":{\"@id\":\"https:\\\/\\\/www.effe3ti.com\\\/compattatore-per-carta-quale-scegliere-per-grandi-volumi-aziendali\\\/#primaryimage\"},\"thumbnailUrl\":\"https:\\\/\\\/www.effe3ti.com\\\/wp-content\\\/uploads\\\/2023\\\/11\\\/Jumboloadbaler-4.jpg\",\"datePublished\":\"2025-06-27T10:06:54+00:00\",\"dateModified\":\"2025-12-01T10:12:35+00:00\",\"description\":\"Un compattatore per carta \u00e8 pi\u00f9 di uno strumento per gestire i rifiuti: \u00e8 un\u2019opportunit\u00e0 per aumentare la redditivit\u00e0 dell\u2019azienda.\",\"breadcrumb\":{\"@id\":\"https:\\\/\\\/www.effe3ti.com\\\/compattatore-per-carta-quale-scegliere-per-grandi-volumi-aziendali\\\/#breadcrumb\"},\"inLanguage\":\"es\",\"potentialAction\":[{\"@type\":\"ReadAction\",\"target\":[\"https:\\\/\\\/www.effe3ti.com\\\/compattatore-per-carta-quale-scegliere-per-grandi-volumi-aziendali\\\/\"]}]},{\"@type\":\"ImageObject\",\"inLanguage\":\"es\",\"@id\":\"https:\\\/\\\/www.effe3ti.com\\\/compattatore-per-carta-quale-scegliere-per-grandi-volumi-aziendali\\\/#primaryimage\",\"url\":\"https:\\\/\\\/www.effe3ti.com\\\/wp-content\\\/uploads\\\/2023\\\/11\\\/Jumboloadbaler-4.jpg\",\"contentUrl\":\"https:\\\/\\\/www.effe3ti.com\\\/wp-content\\\/uploads\\\/2023\\\/11\\\/Jumboloadbaler-4.jpg\",\"width\":2000,\"height\":1334,\"caption\":\"presse\"},{\"@type\":\"BreadcrumbList\",\"@id\":\"https:\\\/\\\/www.effe3ti.com\\\/compattatore-per-carta-quale-scegliere-per-grandi-volumi-aziendali\\\/#breadcrumb\",\"itemListElement\":[{\"@type\":\"ListItem\",\"position\":1,\"name\":\"Home\",\"item\":\"https:\\\/\\\/www.effe3ti.com\\\/\"},{\"@type\":\"ListItem\",\"position\":2,\"name\":\"Compattatore per carta e cartone, quale scegliere per grandi volumi aziendali\"}]},{\"@type\":\"WebSite\",\"@id\":\"https:\\\/\\\/www.effe3ti.com\\\/#website\",\"url\":\"https:\\\/\\\/www.effe3ti.com\\\/\",\"name\":\"Effe3ti\",\"description\":\"Packaging Technologies\",\"publisher\":{\"@id\":\"https:\\\/\\\/www.effe3ti.com\\\/#organization\"},\"potentialAction\":[{\"@type\":\"SearchAction\",\"target\":{\"@type\":\"EntryPoint\",\"urlTemplate\":\"https:\\\/\\\/www.effe3ti.com\\\/?s={search_term_string}\"},\"query-input\":{\"@type\":\"PropertyValueSpecification\",\"valueRequired\":true,\"valueName\":\"search_term_string\"}}],\"inLanguage\":\"es\"},{\"@type\":\"Organization\",\"@id\":\"https:\\\/\\\/www.effe3ti.com\\\/#organization\",\"name\":\"Effe3ti\",\"alternateName\":\"f3t\",\"url\":\"https:\\\/\\\/www.effe3ti.com\\\/\",\"logo\":{\"@type\":\"ImageObject\",\"inLanguage\":\"es\",\"@id\":\"https:\\\/\\\/www.effe3ti.com\\\/#\\\/schema\\\/logo\\\/image\\\/\",\"url\":\"https:\\\/\\\/www.effe3ti.com\\\/wp-content\\\/uploads\\\/2021\\\/04\\\/Effe3ti_logo-350.gif\",\"contentUrl\":\"https:\\\/\\\/www.effe3ti.com\\\/wp-content\\\/uploads\\\/2021\\\/04\\\/Effe3ti_logo-350.gif\",\"width\":350,\"height\":128,\"caption\":\"Effe3ti\"},\"image\":{\"@id\":\"https:\\\/\\\/www.effe3ti.com\\\/#\\\/schema\\\/logo\\\/image\\\/\"},\"sameAs\":[\"https:\\\/\\\/www.facebook.com\\\/effe3ti.packaging\",\"https:\\\/\\\/www.instagram.com\\\/EFFE3TI\\\/\",\"https:\\\/\\\/www.linkedin.com\\\/company\\\/effe3ti-srl\",\"https:\\\/\\\/www.youtube.com\\\/effe3ti\"]},{\"@type\":\"Person\",\"@id\":\"https:\\\/\\\/www.effe3ti.com\\\/#\\\/schema\\\/person\\\/6cef6f087618c649ebbf63a4ea46e0d6\",\"name\":\"admin\",\"image\":{\"@type\":\"ImageObject\",\"inLanguage\":\"es\",\"@id\":\"https:\\\/\\\/secure.gravatar.com\\\/avatar\\\/b253dd15467b2329f0e140e2e96d7a7963ee736a560580d3f5e9ae1015d2b5fd?s=96&d=mm&r=g\",\"url\":\"https:\\\/\\\/secure.gravatar.com\\\/avatar\\\/b253dd15467b2329f0e140e2e96d7a7963ee736a560580d3f5e9ae1015d2b5fd?s=96&d=mm&r=g\",\"contentUrl\":\"https:\\\/\\\/secure.gravatar.com\\\/avatar\\\/b253dd15467b2329f0e140e2e96d7a7963ee736a560580d3f5e9ae1015d2b5fd?s=96&d=mm&r=g\",\"caption\":\"admin\"}}]}<\/script>\n<!-- \/ Yoast SEO plugin. -->","yoast_head_json":{"title":"Compactador de papel y cart\u00f3n: \u00bfcu\u00e1l elegir para grandes vol\u00famenes de negocio? - Effe3ti","description":"Un compactador de papel es m\u00e1s que una herramienta de gesti\u00f3n de residuos: es una oportunidad para aumentar la rentabilidad de su negocio.","robots":{"index":"index","follow":"follow","max-snippet":"max-snippet:-1","max-image-preview":"max-image-preview:large","max-video-preview":"max-video-preview:-1"},"canonical":"https:\/\/www.effe3ti.com\/es\/que-compactadora-de-papel-elegir-para-grandes-volumenes-de-negocio\/","og_locale":"es_ES","og_type":"article","og_title":"Compattatore per carta e cartone, quale scegliere per grandi volumi aziendali - Effe3ti","og_description":"Un compattatore per carta \u00e8 pi\u00f9 di uno strumento per gestire i rifiuti: \u00e8 un\u2019opportunit\u00e0 per aumentare la redditivit\u00e0 dell\u2019azienda.","og_url":"https:\/\/www.effe3ti.com\/es\/que-compactadora-de-papel-elegir-para-grandes-volumenes-de-negocio\/","og_site_name":"Effe3ti","article_publisher":"https:\/\/www.facebook.com\/effe3ti.packaging","article_published_time":"2025-06-27T10:06:54+00:00","article_modified_time":"2025-12-01T10:12:35+00:00","og_image":[{"width":2000,"height":1334,"url":"https:\/\/www.effe3ti.com\/wp-content\/uploads\/2023\/11\/Jumboloadbaler-4.jpg","type":"image\/jpeg"}],"author":"admin","twitter_card":"summary_large_image","twitter_misc":{"Escrito por":"admin","Tiempo de lectura":"7 minutos"},"schema":{"@context":"https:\/\/schema.org","@graph":[{"@type":"Article","@id":"https:\/\/www.effe3ti.com\/compattatore-per-carta-quale-scegliere-per-grandi-volumi-aziendali\/#article","isPartOf":{"@id":"https:\/\/www.effe3ti.com\/compattatore-per-carta-quale-scegliere-per-grandi-volumi-aziendali\/"},"author":{"name":"admin","@id":"https:\/\/www.effe3ti.com\/#\/schema\/person\/6cef6f087618c649ebbf63a4ea46e0d6"},"headline":"Compattatore per carta e cartone, quale scegliere per grandi volumi aziendali","datePublished":"2025-06-27T10:06:54+00:00","dateModified":"2025-12-01T10:12:35+00:00","mainEntityOfPage":{"@id":"https:\/\/www.effe3ti.com\/compattatore-per-carta-quale-scegliere-per-grandi-volumi-aziendali\/"},"wordCount":981,"publisher":{"@id":"https:\/\/www.effe3ti.com\/#organization"},"image":{"@id":"https:\/\/www.effe3ti.com\/compattatore-per-carta-quale-scegliere-per-grandi-volumi-aziendali\/#primaryimage"},"thumbnailUrl":"https:\/\/www.effe3ti.com\/wp-content\/uploads\/2023\/11\/Jumboloadbaler-4.jpg","articleSection":["Approfondimenti"],"inLanguage":"es"},{"@type":"WebPage","@id":"https:\/\/www.effe3ti.com\/compattatore-per-carta-quale-scegliere-per-grandi-volumi-aziendali\/","url":"https:\/\/www.effe3ti.com\/compattatore-per-carta-quale-scegliere-per-grandi-volumi-aziendali\/","name":"Compactador de papel y cart\u00f3n: \u00bfcu\u00e1l elegir para grandes vol\u00famenes de negocio? - Effe3ti","isPartOf":{"@id":"https:\/\/www.effe3ti.com\/#website"},"primaryImageOfPage":{"@id":"https:\/\/www.effe3ti.com\/compattatore-per-carta-quale-scegliere-per-grandi-volumi-aziendali\/#primaryimage"},"image":{"@id":"https:\/\/www.effe3ti.com\/compattatore-per-carta-quale-scegliere-per-grandi-volumi-aziendali\/#primaryimage"},"thumbnailUrl":"https:\/\/www.effe3ti.com\/wp-content\/uploads\/2023\/11\/Jumboloadbaler-4.jpg","datePublished":"2025-06-27T10:06:54+00:00","dateModified":"2025-12-01T10:12:35+00:00","description":"Un compactador de papel es m\u00e1s que una herramienta de gesti\u00f3n de residuos: es una oportunidad para aumentar la rentabilidad de su negocio.","breadcrumb":{"@id":"https:\/\/www.effe3ti.com\/compattatore-per-carta-quale-scegliere-per-grandi-volumi-aziendali\/#breadcrumb"},"inLanguage":"es","potentialAction":[{"@type":"ReadAction","target":["https:\/\/www.effe3ti.com\/compattatore-per-carta-quale-scegliere-per-grandi-volumi-aziendali\/"]}]},{"@type":"ImageObject","inLanguage":"es","@id":"https:\/\/www.effe3ti.com\/compattatore-per-carta-quale-scegliere-per-grandi-volumi-aziendali\/#primaryimage","url":"https:\/\/www.effe3ti.com\/wp-content\/uploads\/2023\/11\/Jumboloadbaler-4.jpg","contentUrl":"https:\/\/www.effe3ti.com\/wp-content\/uploads\/2023\/11\/Jumboloadbaler-4.jpg","width":2000,"height":1334,"caption":"presse"},{"@type":"BreadcrumbList","@id":"https:\/\/www.effe3ti.com\/compattatore-per-carta-quale-scegliere-per-grandi-volumi-aziendali\/#breadcrumb","itemListElement":[{"@type":"ListItem","position":1,"name":"Home","item":"https:\/\/www.effe3ti.com\/"},{"@type":"ListItem","position":2,"name":"Compattatore per carta e cartone, quale scegliere per grandi volumi aziendali"}]},{"@type":"WebSite","@id":"https:\/\/www.effe3ti.com\/#website","url":"https:\/\/www.effe3ti.com\/","name":"Efectos","description":"Tecnolog\u00edas de embalaje","publisher":{"@id":"https:\/\/www.effe3ti.com\/#organization"},"potentialAction":[{"@type":"SearchAction","target":{"@type":"EntryPoint","urlTemplate":"https:\/\/www.effe3ti.com\/?s={search_term_string}"},"query-input":{"@type":"PropertyValueSpecification","valueRequired":true,"valueName":"search_term_string"}}],"inLanguage":"es"},{"@type":"Organization","@id":"https:\/\/www.effe3ti.com\/#organization","name":"Efectos","alternateName":"f3t","url":"https:\/\/www.effe3ti.com\/","logo":{"@type":"ImageObject","inLanguage":"es","@id":"https:\/\/www.effe3ti.com\/#\/schema\/logo\/image\/","url":"https:\/\/www.effe3ti.com\/wp-content\/uploads\/2021\/04\/Effe3ti_logo-350.gif","contentUrl":"https:\/\/www.effe3ti.com\/wp-content\/uploads\/2021\/04\/Effe3ti_logo-350.gif","width":350,"height":128,"caption":"Effe3ti"},"image":{"@id":"https:\/\/www.effe3ti.com\/#\/schema\/logo\/image\/"},"sameAs":["https:\/\/www.facebook.com\/effe3ti.packaging","https:\/\/www.instagram.com\/EFFE3TI\/","https:\/\/www.linkedin.com\/company\/effe3ti-srl","https:\/\/www.youtube.com\/effe3ti"]},{"@type":"Person","@id":"https:\/\/www.effe3ti.com\/#\/schema\/person\/6cef6f087618c649ebbf63a4ea46e0d6","name":"administraci\u00f3n","image":{"@type":"ImageObject","inLanguage":"es","@id":"https:\/\/secure.gravatar.com\/avatar\/b253dd15467b2329f0e140e2e96d7a7963ee736a560580d3f5e9ae1015d2b5fd?s=96&d=mm&r=g","url":"https:\/\/secure.gravatar.com\/avatar\/b253dd15467b2329f0e140e2e96d7a7963ee736a560580d3f5e9ae1015d2b5fd?s=96&d=mm&r=g","contentUrl":"https:\/\/secure.gravatar.com\/avatar\/b253dd15467b2329f0e140e2e96d7a7963ee736a560580d3f5e9ae1015d2b5fd?s=96&d=mm&r=g","caption":"admin"}}]}},"_links":{"self":[{"href":"https:\/\/www.effe3ti.com\/es\/wp-json\/wp\/v2\/posts\/23191","targetHints":{"allow":["GET"]}}],"collection":[{"href":"https:\/\/www.effe3ti.com\/es\/wp-json\/wp\/v2\/posts"}],"about":[{"href":"https:\/\/www.effe3ti.com\/es\/wp-json\/wp\/v2\/types\/post"}],"author":[{"embeddable":true,"href":"https:\/\/www.effe3ti.com\/es\/wp-json\/wp\/v2\/users\/1"}],"replies":[{"embeddable":true,"href":"https:\/\/www.effe3ti.com\/es\/wp-json\/wp\/v2\/comments?post=23191"}],"version-history":[{"count":3,"href":"https:\/\/www.effe3ti.com\/es\/wp-json\/wp\/v2\/posts\/23191\/revisions"}],"predecessor-version":[{"id":23994,"href":"https:\/\/www.effe3ti.com\/es\/wp-json\/wp\/v2\/posts\/23191\/revisions\/23994"}],"wp:featuredmedia":[{"embeddable":true,"href":"https:\/\/www.effe3ti.com\/es\/wp-json\/wp\/v2\/media\/23233"}],"wp:attachment":[{"href":"https:\/\/www.effe3ti.com\/es\/wp-json\/wp\/v2\/media?parent=23191"}],"wp:term":[{"taxonomy":"category","embeddable":true,"href":"https:\/\/www.effe3ti.com\/es\/wp-json\/wp\/v2\/categories?post=23191"},{"taxonomy":"post_tag","embeddable":true,"href":"https:\/\/www.effe3ti.com\/es\/wp-json\/wp\/v2\/tags?post=23191"}],"curies":[{"name":"wp","href":"https:\/\/api.w.org\/{rel}","templated":true}]}}