{"id":23848,"date":"2025-11-12T09:15:30","date_gmt":"2025-11-12T09:15:30","guid":{"rendered":"https:\/\/www.effe3ti.com\/?p=23848"},"modified":"2025-12-01T08:31:45","modified_gmt":"2025-12-01T08:31:45","slug":"que-puede-manipular-una-prensa-de-balas-y-cuando-vale-la-pena","status":"publish","type":"post","link":"https:\/\/www.effe3ti.com\/es\/pressa-per-imballaggi-cosa-puo-gestire-e-quando-conviene\/","title":{"rendered":"Prensa de balas: qu\u00e9 puede manejar y cu\u00e1ndo vale la pena"},"content":{"rendered":"<p>Las empacadoras se han convertido en maquinaria esencial para todas las empresas que buscan optimizar la gesti\u00f3n de residuos y reducir los costos operativos. Si no se gestionan adecuadamente, los embalajes pueden ocupar mucho espacio y su manipulaci\u00f3n puede requerir muchas horas de trabajo manual y agotador para los operarios.&nbsp;<\/p>\n\n\n\n<p>Una empacadora ofrece enormes beneficios tanto a peque\u00f1as empresas artesanales como a grandes centros log\u00edsticos. Permite compactar papel y cart\u00f3n, as\u00ed como pl\u00e1stico, poliestireno y otros materiales de embalaje, transformando vol\u00famenes voluminosos en pacas listas para reciclar.\u00a0<\/p>\n\n\n\n<p>Pero \u00bfqu\u00e9 puede manipular realmente una empacadora y cu\u00e1ndo vale la pena adoptar una?<\/p>\n\n\n\n<h2 class=\"wp-block-heading\">Prensa de balas: \u00bfqu\u00e9 materiales puede manipular?<\/h2>\n\n\n\n<p><a href=\"https:\/\/www.effe3ti.com\/es\/5-ventajas-de-las-empacadoras-de-residuos-en-el-sector-industrial\/\" target=\"_blank\" rel=\"noreferrer noopener\">Prensas de embalaje<\/a> Est\u00e1n dise\u00f1adas para trabajar con una amplia gama de materiales. El papel y el cart\u00f3n, que constituyen la mayor parte de los residuos en almacenes y supermercados, pueden reducirse f\u00e1cilmente en m\u00e1s de 801 TP\u00b3 de su volumen. Incluso el pl\u00e1stico y el film estirable, tambi\u00e9n ampliamente utilizados en el embalaje industrial, se compactan en pacas estables y f\u00e1ciles de almacenar.&nbsp;<\/p>\n\n\n\n<p>Algunos modelos m\u00e1s avanzados est\u00e1n dise\u00f1ados para materiales complejos como poliestireno expandido o botellas de PET.<\/p>\n\n\n\n<figure class=\"wp-block-image size-large\"><img fetchpriority=\"high\" decoding=\"async\" width=\"1024\" height=\"686\" src=\"https:\/\/www.effe3ti.com\/wp-content\/uploads\/2024\/10\/Materiali-1024x686.jpg\" alt=\"prensas de residuos\" class=\"wp-image-20954\" srcset=\"https:\/\/www.effe3ti.com\/wp-content\/uploads\/2024\/10\/Materiali-1024x686.jpg 1024w, https:\/\/www.effe3ti.com\/wp-content\/uploads\/2024\/10\/Materiali-300x201.jpg 300w, https:\/\/www.effe3ti.com\/wp-content\/uploads\/2024\/10\/Materiali-768x514.jpg 768w, https:\/\/www.effe3ti.com\/wp-content\/uploads\/2024\/10\/Materiali-1536x1029.jpg 1536w, https:\/\/www.effe3ti.com\/wp-content\/uploads\/2024\/10\/Materiali-2048x1371.jpg 2048w, https:\/\/www.effe3ti.com\/wp-content\/uploads\/2024\/10\/Materiali-600x402.jpg 600w\" sizes=\"(max-width: 1024px) 100vw, 1024px\" \/><\/figure>\n\n\n\n<h2 class=\"wp-block-heading\">\u00bfCu\u00e1ndo es \u00fatil una prensa de balas?<\/h2>\n\n\n\n<p>Adoptar una empacadora es especialmente conveniente en aquellos contextos donde el volumen de residuos es significativo y, si no se gestiona, corre el riesgo de comprometer el orden y los espacios operativos:<\/p>\n\n\n\n<ul class=\"wp-block-list\">\n<li>Para un peque\u00f1o taller artesanal significa liberar espacio y reducir costes de eliminaci\u00f3n;<\/li>\n\n\n\n<li>Para un almac\u00e9n o supermercado significa agilizar procesos y mejorar la seguridad en el trabajo;<\/li>\n\n\n\n<li>Mientras que para los grandes centros log\u00edsticos una prensa de balas es una inversi\u00f3n que aumenta la eficiencia general y reduce significativamente los costos de transporte y gesti\u00f3n de residuos.<\/li>\n<\/ul>\n\n\n\n<h2 class=\"wp-block-heading\">Prensas de balas: las mejores ofertas de Effe3Ti<\/h2>\n\n\n\n<p>Dado que no existe una empacadora ideal para todas las empresas, Effe3Ti ofrece una amplia gama de soluciones para satisfacer diversas necesidades de producci\u00f3n y log\u00edstica. Entre los modelos m\u00e1s representativos se encuentran tres ejemplos que demuestran la versatilidad y eficiencia de las tecnolog\u00edas actuales.<\/p>\n\n\n\n<h3 class=\"wp-block-heading\">Styropress: la soluci\u00f3n para el poliestireno expandido<\/h3>\n\n\n\n<p><a href=\"https:\/\/www.effe3ti.com\/es\/producto\/prensa-briquetadora-de-poliestireno-para-poliestireno\/\" target=\"_blank\" rel=\"noreferrer noopener\">Styropress es una prensa de embalaje espec\u00edfica para poliestireno expandido.<\/a>, muy com\u00fan en los embalajes de electrodom\u00e9sticos y productos electr\u00f3nicos: transforma material voluminoso y ligero en briquetas compactas, reduciendo hasta 97% el volumen original.\u00a0<\/p>\n\n\n\n<p>Esto no s\u00f3lo libera espacio de almac\u00e9n, que luego puede utilizarse para otras actividades, sino que tambi\u00e9n reduce significativamente los costes de transporte y proporciona un material f\u00e1cilmente reciclable y recuperable.<\/p>\n\n\n\n<h3 class=\"wp-block-heading\">BP28: potencia vertical para papel y cart\u00f3n<\/h3>\n\n\n\n<p><a href=\"https:\/\/www.effe3ti.com\/es\/producto\/prensa-de-camara-vertical-bp28-de-28t\/\" target=\"_blank\" rel=\"noreferrer noopener\">BP28 por otro lado es una prensa de c\u00e1mara vertical.<\/a> con una fuerza de compresi\u00f3n de 28 toneladas, ideal para quienes necesitan manipular grandes vol\u00famenes de papel y cart\u00f3n.\u00a0<\/p>\n\n\n\n<p>Puede producir pacas de entre 280 y 350 kg, ideales para su manipulaci\u00f3n con transpaletas o carretillas elevadoras. Su sistema semiautom\u00e1tico facilita su uso y es ideal para empresas medianas y grandes que buscan optimizar la gesti\u00f3n de residuos de envases sin sacrificar la robustez y la seguridad operativa.<\/p>\n\n\n\n<h3 class=\"wp-block-heading\">JumboLoadBaler: la empacadora autom\u00e1tica para grandes vol\u00famenes<\/h3>\n\n\n\n<p><a href=\"https:\/\/www.effe3ti.com\/es\/producto\/empacadora-automatica-jumboloadbaler\/\" target=\"_blank\" rel=\"noreferrer noopener\">JumboLoadBaler representa la soluci\u00f3n ideal para contextos de muy alta productividad<\/a>, como centros log\u00edsticos y distribuci\u00f3n a gran escala. Esta es una de las m\u00e1quinas de envasado m\u00e1s avanzadas del cat\u00e1logo de Effe3Ti.<\/p>\n\n\n\n<p>Equipada con sistemas autom\u00e1ticos de carga y precompresi\u00f3n, puede producir hasta dos pacas de 400 kg por hora, garantizando la continuidad operativa y minimizando la intervenci\u00f3n manual. Gracias a sus diversas opciones de alimentaci\u00f3n (tolva, brazo oscilante, empujador hidr\u00e1ulico), se adapta a m\u00faltiples configuraciones industriales y puede compactar cart\u00f3n y film pl\u00e1stico, as\u00ed como PET y latas.<\/p>\n\n\n\n<h2 class=\"wp-block-heading\">La prensa de balas es una inversi\u00f3n estrat\u00e9gica<\/h2>\n\n\n\n<p>Ya sea un peque\u00f1o taller, un supermercado o un gran centro log\u00edstico, una prensa de balas es una inversi\u00f3n cada vez m\u00e1s esencial. Las razones son obvias:<\/p>\n\n\n\n<ul class=\"wp-block-list\">\n<li>reduce vol\u00famenes y costos;<\/li>\n\n\n\n<li>permite mejorar la organizaci\u00f3n de los espacios;<\/li>\n\n\n\n<li>aumenta la seguridad en el lugar de trabajo;<\/li>\n\n\n\n<li>contribuye concretamente a la sostenibilidad empresarial;<\/li>\n\n\n\n<li>produce valor a\u00f1adido gracias a la comerciabilidad de las pacas producidas.\u00a0<\/li>\n<\/ul>\n\n\n\n<p>Con m\u00e1quinas como Styropress, BP28 y JumboLoadBaler, Effe3Ti demuestra c\u00f3mo es posible encontrar la m\u00e1quina adecuada para cada necesidad.<\/p>","protected":false},"excerpt":{"rendered":"<p>La pressa per imballaggi \u00e8 ormai un macchinario essenziale per tutte le aziende che vogliono ottimizzare la gestione dei rifiuti e ridurre i costi operativi. Se non adeguatamente gestiti, gli imballaggi possono occupare molto spazio e la loro gestione pu\u00f2 richiedere molte ore di lavoro manuale e stancante agli operatori.&nbsp; Una pressa per imballaggi porta [&hellip;]<\/p>\n","protected":false},"author":1,"featured_media":23858,"comment_status":"closed","ping_status":"closed","sticky":false,"template":"","format":"standard","meta":{"footnotes":""},"categories":[42],"tags":[],"class_list":["post-23848","post","type-post","status-publish","format-standard","has-post-thumbnail","hentry","category-news-approfondimenti"],"yoast_head":"<!-- This site is optimized with the Yoast SEO plugin v27.5 - https:\/\/yoast.com\/product\/yoast-seo-wordpress\/ -->\n<title>Pressa per imballaggi: cosa pu\u00f2 gestire e quando conviene - Effe3ti<\/title>\n<meta name=\"description\" content=\"Cosa pu\u00f2 gestire una pressa per imballaggi e quando conviene adottarla? Scopri i migliori modelli di Effe3Ti.\" \/>\n<meta name=\"robots\" content=\"index, follow, max-snippet:-1, max-image-preview:large, max-video-preview:-1\" \/>\n<link rel=\"canonical\" href=\"https:\/\/www.effe3ti.com\/es\/que-puede-manipular-una-prensa-de-balas-y-cuando-vale-la-pena\/\" \/>\n<meta property=\"og:locale\" content=\"es_ES\" \/>\n<meta property=\"og:type\" content=\"article\" \/>\n<meta property=\"og:title\" content=\"Pressa per imballaggi: cosa pu\u00f2 gestire e quando conviene - Effe3ti\" \/>\n<meta property=\"og:description\" content=\"Cosa pu\u00f2 gestire una pressa per imballaggi e quando conviene adottarla? Scopri i migliori modelli di Effe3Ti.\" \/>\n<meta property=\"og:url\" content=\"https:\/\/www.effe3ti.com\/es\/que-puede-manipular-una-prensa-de-balas-y-cuando-vale-la-pena\/\" \/>\n<meta property=\"og:site_name\" content=\"Effe3ti\" \/>\n<meta property=\"article:publisher\" content=\"https:\/\/www.facebook.com\/effe3ti.packaging\" \/>\n<meta property=\"article:published_time\" content=\"2025-11-12T09:15:30+00:00\" \/>\n<meta property=\"article:modified_time\" content=\"2025-12-01T08:31:45+00:00\" \/>\n<meta property=\"og:image\" content=\"https:\/\/www.effe3ti.com\/wp-content\/uploads\/2025\/11\/Strautmann_Maschinen_BalePress53_20230405_3133-scaled-1.jpg\" \/>\n\t<meta property=\"og:image:width\" content=\"2560\" \/>\n\t<meta property=\"og:image:height\" content=\"1641\" \/>\n\t<meta property=\"og:image:type\" content=\"image\/jpeg\" \/>\n<meta name=\"author\" content=\"admin\" \/>\n<meta name=\"twitter:card\" content=\"summary_large_image\" \/>\n<meta name=\"twitter:label1\" content=\"Escrito por\" \/>\n\t<meta name=\"twitter:data1\" content=\"admin\" \/>\n\t<meta name=\"twitter:label2\" content=\"Tiempo de lectura\" \/>\n\t<meta name=\"twitter:data2\" content=\"5 minutos\" \/>\n<script type=\"application\/ld+json\" class=\"yoast-schema-graph\">{\"@context\":\"https:\\\/\\\/schema.org\",\"@graph\":[{\"@type\":\"Article\",\"@id\":\"https:\\\/\\\/www.effe3ti.com\\\/pressa-per-imballaggi-cosa-puo-gestire-e-quando-conviene\\\/#article\",\"isPartOf\":{\"@id\":\"https:\\\/\\\/www.effe3ti.com\\\/pressa-per-imballaggi-cosa-puo-gestire-e-quando-conviene\\\/\"},\"author\":{\"name\":\"admin\",\"@id\":\"https:\\\/\\\/www.effe3ti.com\\\/#\\\/schema\\\/person\\\/6cef6f087618c649ebbf63a4ea46e0d6\"},\"headline\":\"Pressa per imballaggi: cosa pu\u00f2 gestire e quando conviene\",\"datePublished\":\"2025-11-12T09:15:30+00:00\",\"dateModified\":\"2025-12-01T08:31:45+00:00\",\"mainEntityOfPage\":{\"@id\":\"https:\\\/\\\/www.effe3ti.com\\\/pressa-per-imballaggi-cosa-puo-gestire-e-quando-conviene\\\/\"},\"wordCount\":717,\"publisher\":{\"@id\":\"https:\\\/\\\/www.effe3ti.com\\\/#organization\"},\"image\":{\"@id\":\"https:\\\/\\\/www.effe3ti.com\\\/pressa-per-imballaggi-cosa-puo-gestire-e-quando-conviene\\\/#primaryimage\"},\"thumbnailUrl\":\"https:\\\/\\\/www.effe3ti.com\\\/wp-content\\\/uploads\\\/2025\\\/11\\\/Strautmann_Maschinen_BalePress53_20230405_3133-scaled-1.jpg\",\"articleSection\":[\"Approfondimenti\"],\"inLanguage\":\"es\"},{\"@type\":\"WebPage\",\"@id\":\"https:\\\/\\\/www.effe3ti.com\\\/pressa-per-imballaggi-cosa-puo-gestire-e-quando-conviene\\\/\",\"url\":\"https:\\\/\\\/www.effe3ti.com\\\/pressa-per-imballaggi-cosa-puo-gestire-e-quando-conviene\\\/\",\"name\":\"Pressa per imballaggi: cosa pu\u00f2 gestire e quando conviene - Effe3ti\",\"isPartOf\":{\"@id\":\"https:\\\/\\\/www.effe3ti.com\\\/#website\"},\"primaryImageOfPage\":{\"@id\":\"https:\\\/\\\/www.effe3ti.com\\\/pressa-per-imballaggi-cosa-puo-gestire-e-quando-conviene\\\/#primaryimage\"},\"image\":{\"@id\":\"https:\\\/\\\/www.effe3ti.com\\\/pressa-per-imballaggi-cosa-puo-gestire-e-quando-conviene\\\/#primaryimage\"},\"thumbnailUrl\":\"https:\\\/\\\/www.effe3ti.com\\\/wp-content\\\/uploads\\\/2025\\\/11\\\/Strautmann_Maschinen_BalePress53_20230405_3133-scaled-1.jpg\",\"datePublished\":\"2025-11-12T09:15:30+00:00\",\"dateModified\":\"2025-12-01T08:31:45+00:00\",\"description\":\"Cosa pu\u00f2 gestire una pressa per imballaggi e quando conviene adottarla? Scopri i migliori modelli di Effe3Ti.\",\"breadcrumb\":{\"@id\":\"https:\\\/\\\/www.effe3ti.com\\\/pressa-per-imballaggi-cosa-puo-gestire-e-quando-conviene\\\/#breadcrumb\"},\"inLanguage\":\"es\",\"potentialAction\":[{\"@type\":\"ReadAction\",\"target\":[\"https:\\\/\\\/www.effe3ti.com\\\/pressa-per-imballaggi-cosa-puo-gestire-e-quando-conviene\\\/\"]}]},{\"@type\":\"ImageObject\",\"inLanguage\":\"es\",\"@id\":\"https:\\\/\\\/www.effe3ti.com\\\/pressa-per-imballaggi-cosa-puo-gestire-e-quando-conviene\\\/#primaryimage\",\"url\":\"https:\\\/\\\/www.effe3ti.com\\\/wp-content\\\/uploads\\\/2025\\\/11\\\/Strautmann_Maschinen_BalePress53_20230405_3133-scaled-1.jpg\",\"contentUrl\":\"https:\\\/\\\/www.effe3ti.com\\\/wp-content\\\/uploads\\\/2025\\\/11\\\/Strautmann_Maschinen_BalePress53_20230405_3133-scaled-1.jpg\",\"width\":2560,\"height\":1641,\"caption\":\"pressa per imballaggi\"},{\"@type\":\"BreadcrumbList\",\"@id\":\"https:\\\/\\\/www.effe3ti.com\\\/pressa-per-imballaggi-cosa-puo-gestire-e-quando-conviene\\\/#breadcrumb\",\"itemListElement\":[{\"@type\":\"ListItem\",\"position\":1,\"name\":\"Home\",\"item\":\"https:\\\/\\\/www.effe3ti.com\\\/\"},{\"@type\":\"ListItem\",\"position\":2,\"name\":\"Pressa per imballaggi: cosa pu\u00f2 gestire e quando conviene\"}]},{\"@type\":\"WebSite\",\"@id\":\"https:\\\/\\\/www.effe3ti.com\\\/#website\",\"url\":\"https:\\\/\\\/www.effe3ti.com\\\/\",\"name\":\"Effe3ti\",\"description\":\"Packaging Technologies\",\"publisher\":{\"@id\":\"https:\\\/\\\/www.effe3ti.com\\\/#organization\"},\"potentialAction\":[{\"@type\":\"SearchAction\",\"target\":{\"@type\":\"EntryPoint\",\"urlTemplate\":\"https:\\\/\\\/www.effe3ti.com\\\/?s={search_term_string}\"},\"query-input\":{\"@type\":\"PropertyValueSpecification\",\"valueRequired\":true,\"valueName\":\"search_term_string\"}}],\"inLanguage\":\"es\"},{\"@type\":\"Organization\",\"@id\":\"https:\\\/\\\/www.effe3ti.com\\\/#organization\",\"name\":\"Effe3ti\",\"alternateName\":\"f3t\",\"url\":\"https:\\\/\\\/www.effe3ti.com\\\/\",\"logo\":{\"@type\":\"ImageObject\",\"inLanguage\":\"es\",\"@id\":\"https:\\\/\\\/www.effe3ti.com\\\/#\\\/schema\\\/logo\\\/image\\\/\",\"url\":\"https:\\\/\\\/www.effe3ti.com\\\/wp-content\\\/uploads\\\/2021\\\/04\\\/Effe3ti_logo-350.gif\",\"contentUrl\":\"https:\\\/\\\/www.effe3ti.com\\\/wp-content\\\/uploads\\\/2021\\\/04\\\/Effe3ti_logo-350.gif\",\"width\":350,\"height\":128,\"caption\":\"Effe3ti\"},\"image\":{\"@id\":\"https:\\\/\\\/www.effe3ti.com\\\/#\\\/schema\\\/logo\\\/image\\\/\"},\"sameAs\":[\"https:\\\/\\\/www.facebook.com\\\/effe3ti.packaging\",\"https:\\\/\\\/www.instagram.com\\\/EFFE3TI\\\/\",\"https:\\\/\\\/www.linkedin.com\\\/company\\\/effe3ti-srl\",\"https:\\\/\\\/www.youtube.com\\\/effe3ti\"]},{\"@type\":\"Person\",\"@id\":\"https:\\\/\\\/www.effe3ti.com\\\/#\\\/schema\\\/person\\\/6cef6f087618c649ebbf63a4ea46e0d6\",\"name\":\"admin\",\"image\":{\"@type\":\"ImageObject\",\"inLanguage\":\"es\",\"@id\":\"https:\\\/\\\/secure.gravatar.com\\\/avatar\\\/b253dd15467b2329f0e140e2e96d7a7963ee736a560580d3f5e9ae1015d2b5fd?s=96&d=mm&r=g\",\"url\":\"https:\\\/\\\/secure.gravatar.com\\\/avatar\\\/b253dd15467b2329f0e140e2e96d7a7963ee736a560580d3f5e9ae1015d2b5fd?s=96&d=mm&r=g\",\"contentUrl\":\"https:\\\/\\\/secure.gravatar.com\\\/avatar\\\/b253dd15467b2329f0e140e2e96d7a7963ee736a560580d3f5e9ae1015d2b5fd?s=96&d=mm&r=g\",\"caption\":\"admin\"}}]}<\/script>\n<!-- \/ Yoast SEO plugin. -->","yoast_head_json":{"title":"Prensa de balas: qu\u00e9 puede manejar y cu\u00e1ndo vale la pena - Effe3ti","description":"\u00bfQu\u00e9 capacidad tiene una empacadora y cu\u00e1ndo es mejor usarla? Descubra los mejores modelos de Effe3Ti.","robots":{"index":"index","follow":"follow","max-snippet":"max-snippet:-1","max-image-preview":"max-image-preview:large","max-video-preview":"max-video-preview:-1"},"canonical":"https:\/\/www.effe3ti.com\/es\/que-puede-manipular-una-prensa-de-balas-y-cuando-vale-la-pena\/","og_locale":"es_ES","og_type":"article","og_title":"Pressa per imballaggi: cosa pu\u00f2 gestire e quando conviene - Effe3ti","og_description":"Cosa pu\u00f2 gestire una pressa per imballaggi e quando conviene adottarla? Scopri i migliori modelli di Effe3Ti.","og_url":"https:\/\/www.effe3ti.com\/es\/que-puede-manipular-una-prensa-de-balas-y-cuando-vale-la-pena\/","og_site_name":"Effe3ti","article_publisher":"https:\/\/www.facebook.com\/effe3ti.packaging","article_published_time":"2025-11-12T09:15:30+00:00","article_modified_time":"2025-12-01T08:31:45+00:00","og_image":[{"width":2560,"height":1641,"url":"https:\/\/www.effe3ti.com\/wp-content\/uploads\/2025\/11\/Strautmann_Maschinen_BalePress53_20230405_3133-scaled-1.jpg","type":"image\/jpeg"}],"author":"admin","twitter_card":"summary_large_image","twitter_misc":{"Escrito por":"admin","Tiempo de lectura":"5 minutos"},"schema":{"@context":"https:\/\/schema.org","@graph":[{"@type":"Article","@id":"https:\/\/www.effe3ti.com\/pressa-per-imballaggi-cosa-puo-gestire-e-quando-conviene\/#article","isPartOf":{"@id":"https:\/\/www.effe3ti.com\/pressa-per-imballaggi-cosa-puo-gestire-e-quando-conviene\/"},"author":{"name":"admin","@id":"https:\/\/www.effe3ti.com\/#\/schema\/person\/6cef6f087618c649ebbf63a4ea46e0d6"},"headline":"Pressa per imballaggi: cosa pu\u00f2 gestire e quando conviene","datePublished":"2025-11-12T09:15:30+00:00","dateModified":"2025-12-01T08:31:45+00:00","mainEntityOfPage":{"@id":"https:\/\/www.effe3ti.com\/pressa-per-imballaggi-cosa-puo-gestire-e-quando-conviene\/"},"wordCount":717,"publisher":{"@id":"https:\/\/www.effe3ti.com\/#organization"},"image":{"@id":"https:\/\/www.effe3ti.com\/pressa-per-imballaggi-cosa-puo-gestire-e-quando-conviene\/#primaryimage"},"thumbnailUrl":"https:\/\/www.effe3ti.com\/wp-content\/uploads\/2025\/11\/Strautmann_Maschinen_BalePress53_20230405_3133-scaled-1.jpg","articleSection":["Approfondimenti"],"inLanguage":"es"},{"@type":"WebPage","@id":"https:\/\/www.effe3ti.com\/pressa-per-imballaggi-cosa-puo-gestire-e-quando-conviene\/","url":"https:\/\/www.effe3ti.com\/pressa-per-imballaggi-cosa-puo-gestire-e-quando-conviene\/","name":"Prensa de balas: qu\u00e9 puede manejar y cu\u00e1ndo vale la pena - Effe3ti","isPartOf":{"@id":"https:\/\/www.effe3ti.com\/#website"},"primaryImageOfPage":{"@id":"https:\/\/www.effe3ti.com\/pressa-per-imballaggi-cosa-puo-gestire-e-quando-conviene\/#primaryimage"},"image":{"@id":"https:\/\/www.effe3ti.com\/pressa-per-imballaggi-cosa-puo-gestire-e-quando-conviene\/#primaryimage"},"thumbnailUrl":"https:\/\/www.effe3ti.com\/wp-content\/uploads\/2025\/11\/Strautmann_Maschinen_BalePress53_20230405_3133-scaled-1.jpg","datePublished":"2025-11-12T09:15:30+00:00","dateModified":"2025-12-01T08:31:45+00:00","description":"\u00bfQu\u00e9 capacidad tiene una empacadora y cu\u00e1ndo es mejor usarla? Descubra los mejores modelos de Effe3Ti.","breadcrumb":{"@id":"https:\/\/www.effe3ti.com\/pressa-per-imballaggi-cosa-puo-gestire-e-quando-conviene\/#breadcrumb"},"inLanguage":"es","potentialAction":[{"@type":"ReadAction","target":["https:\/\/www.effe3ti.com\/pressa-per-imballaggi-cosa-puo-gestire-e-quando-conviene\/"]}]},{"@type":"ImageObject","inLanguage":"es","@id":"https:\/\/www.effe3ti.com\/pressa-per-imballaggi-cosa-puo-gestire-e-quando-conviene\/#primaryimage","url":"https:\/\/www.effe3ti.com\/wp-content\/uploads\/2025\/11\/Strautmann_Maschinen_BalePress53_20230405_3133-scaled-1.jpg","contentUrl":"https:\/\/www.effe3ti.com\/wp-content\/uploads\/2025\/11\/Strautmann_Maschinen_BalePress53_20230405_3133-scaled-1.jpg","width":2560,"height":1641,"caption":"pressa per imballaggi"},{"@type":"BreadcrumbList","@id":"https:\/\/www.effe3ti.com\/pressa-per-imballaggi-cosa-puo-gestire-e-quando-conviene\/#breadcrumb","itemListElement":[{"@type":"ListItem","position":1,"name":"Home","item":"https:\/\/www.effe3ti.com\/"},{"@type":"ListItem","position":2,"name":"Pressa per imballaggi: cosa pu\u00f2 gestire e quando conviene"}]},{"@type":"WebSite","@id":"https:\/\/www.effe3ti.com\/#website","url":"https:\/\/www.effe3ti.com\/","name":"Efectos","description":"Tecnolog\u00edas de embalaje","publisher":{"@id":"https:\/\/www.effe3ti.com\/#organization"},"potentialAction":[{"@type":"SearchAction","target":{"@type":"EntryPoint","urlTemplate":"https:\/\/www.effe3ti.com\/?s={search_term_string}"},"query-input":{"@type":"PropertyValueSpecification","valueRequired":true,"valueName":"search_term_string"}}],"inLanguage":"es"},{"@type":"Organization","@id":"https:\/\/www.effe3ti.com\/#organization","name":"Efectos","alternateName":"f3t","url":"https:\/\/www.effe3ti.com\/","logo":{"@type":"ImageObject","inLanguage":"es","@id":"https:\/\/www.effe3ti.com\/#\/schema\/logo\/image\/","url":"https:\/\/www.effe3ti.com\/wp-content\/uploads\/2021\/04\/Effe3ti_logo-350.gif","contentUrl":"https:\/\/www.effe3ti.com\/wp-content\/uploads\/2021\/04\/Effe3ti_logo-350.gif","width":350,"height":128,"caption":"Effe3ti"},"image":{"@id":"https:\/\/www.effe3ti.com\/#\/schema\/logo\/image\/"},"sameAs":["https:\/\/www.facebook.com\/effe3ti.packaging","https:\/\/www.instagram.com\/EFFE3TI\/","https:\/\/www.linkedin.com\/company\/effe3ti-srl","https:\/\/www.youtube.com\/effe3ti"]},{"@type":"Person","@id":"https:\/\/www.effe3ti.com\/#\/schema\/person\/6cef6f087618c649ebbf63a4ea46e0d6","name":"administraci\u00f3n","image":{"@type":"ImageObject","inLanguage":"es","@id":"https:\/\/secure.gravatar.com\/avatar\/b253dd15467b2329f0e140e2e96d7a7963ee736a560580d3f5e9ae1015d2b5fd?s=96&d=mm&r=g","url":"https:\/\/secure.gravatar.com\/avatar\/b253dd15467b2329f0e140e2e96d7a7963ee736a560580d3f5e9ae1015d2b5fd?s=96&d=mm&r=g","contentUrl":"https:\/\/secure.gravatar.com\/avatar\/b253dd15467b2329f0e140e2e96d7a7963ee736a560580d3f5e9ae1015d2b5fd?s=96&d=mm&r=g","caption":"admin"}}]}},"_links":{"self":[{"href":"https:\/\/www.effe3ti.com\/es\/wp-json\/wp\/v2\/posts\/23848","targetHints":{"allow":["GET"]}}],"collection":[{"href":"https:\/\/www.effe3ti.com\/es\/wp-json\/wp\/v2\/posts"}],"about":[{"href":"https:\/\/www.effe3ti.com\/es\/wp-json\/wp\/v2\/types\/post"}],"author":[{"embeddable":true,"href":"https:\/\/www.effe3ti.com\/es\/wp-json\/wp\/v2\/users\/1"}],"replies":[{"embeddable":true,"href":"https:\/\/www.effe3ti.com\/es\/wp-json\/wp\/v2\/comments?post=23848"}],"version-history":[{"count":4,"href":"https:\/\/www.effe3ti.com\/es\/wp-json\/wp\/v2\/posts\/23848\/revisions"}],"predecessor-version":[{"id":23982,"href":"https:\/\/www.effe3ti.com\/es\/wp-json\/wp\/v2\/posts\/23848\/revisions\/23982"}],"wp:featuredmedia":[{"embeddable":true,"href":"https:\/\/www.effe3ti.com\/es\/wp-json\/wp\/v2\/media\/23858"}],"wp:attachment":[{"href":"https:\/\/www.effe3ti.com\/es\/wp-json\/wp\/v2\/media?parent=23848"}],"wp:term":[{"taxonomy":"category","embeddable":true,"href":"https:\/\/www.effe3ti.com\/es\/wp-json\/wp\/v2\/categories?post=23848"},{"taxonomy":"post_tag","embeddable":true,"href":"https:\/\/www.effe3ti.com\/es\/wp-json\/wp\/v2\/tags?post=23848"}],"curies":[{"name":"wp","href":"https:\/\/api.w.org\/{rel}","templated":true}]}}