{"id":810,"date":"2018-04-25T08:47:53","date_gmt":"2018-04-25T08:47:53","guid":{"rendered":"https:\/\/vps-de1b14d9.vps.ovh.net\/effe3ti\/?p=810"},"modified":"2025-04-15T12:43:08","modified_gmt":"2025-04-15T12:43:08","slug":"effe3ti-y-eficiencia-energetica","status":"publish","type":"post","link":"https:\/\/www.effe3ti.com\/es\/effe3ti-e-lefficienza-energetica\/","title":{"rendered":"Tecnolog\u00edas de embalaje Effe3ti y eficiencia energ\u00e9tica"},"content":{"rendered":"<p>La capacidad de un sistema f\u00edsico de lograr un determinado resultado utilizando menos energ\u00eda que otros sistemas (llamado menos eficiente) generalmente aumenta el rendimiento y permite un ahorro de energ\u00eda y una reducci\u00f3n de los costos operativos. La eficiencia energ\u00e9tica es por tanto la capacidad de <strong>Poder \u201chacer m\u00e1s con menos\u201d<\/strong>, adoptando las mejores tecnolog\u00edas y t\u00e9cnicas as\u00ed como un comportamiento m\u00e1s consciente y responsable hacia el uso de la energ\u00eda.<\/p>\n\n\n\n<figure class=\"wp-block-image\"><img decoding=\"async\" src=\"https:\/\/www.effe3ti.com\/wp-content\/uploads\/2021\/04\/Azienda-1024x576.jpg\" alt=\"embalaje effe3ti\"\/><\/figure>\n\n\n\n<p><\/p>\n\n\n\n<h3 class=\"wp-block-heading\">\u00bfC\u00f3mo se comporta EFFE3ti Packaging Technologies?<\/h3>\n\n\n\n<p>EFFE3ti Packaging Technologies es una empresa que se dedica al estudio y dise\u00f1o de <a href=\"https:\/\/www.effe3ti.com\/es\/productos-effe3ti\/\">m\u00e1quinas y sistemas de bobinado<\/a> para productos sobre palets, dedicado a todo tipo de industrias: desde las m\u00e1s peque\u00f1as a las m\u00e1s grandes. Para ello damos trabajo a varias otras empresas: carpinter\u00eda, soldadura, pintura, electricistas, etc.<\/p>\n\n\n\n<p>A excepci\u00f3n de algunos componentes que nos vemos obligados a comprar a grandes empresas (por ejemplo, paneles de control Siemens), nuestra filosof\u00eda siempre ha sido buscar <strong>El mejor producto a la distancia m\u00e1s corta<\/strong>. Por eso nuestros socios de producci\u00f3n est\u00e1n todos situados en un radio de 30 km de Gattinara, donde se encuentra nuestra sede.<\/p>\n\n\n\n<p>Esto supone poder disfrutar de una serie de ventajas, como la posibilidad de <strong>controlar<\/strong> del artefacto, la posibilidad de realizar alguna <strong>correcciones<\/strong> Durante la fase de trabajo, la ventaja de tener un <strong>entrevista<\/strong> directo con quienes producen las piezas que necesitamos, el placer de poder regalar <strong>Trabajar<\/strong> a los artesanos de nuestra regi\u00f3n, etc.<\/p>\n\n\n\n<h3 class=\"wp-block-heading\">\u00bfQu\u00e9 resultados?<\/h3>\n\n\n\n<p>Junto a todas nuestras ventajas podemos se\u00f1alar con orgullo que de esta manera nuestra empresa consigue una <strong>Mejor eficiencia energ\u00e9tica.<\/strong><\/p>\n\n\n\n<ul class=\"wp-block-list\">\n<li>Seleccionamos los materiales que utilizamos<\/li>\n\n\n\n<li>Conocemos personalmente a nuestros artesanos.<\/li>\n\n\n\n<li>Producimos menos CO2 gracias a la reducci\u00f3n del transporte de materiales<\/li>\n\n\n\n<li>Producimos menos residuos de producci\u00f3n gracias a la capacidad de corregir errores en tiempo real<\/li>\n<\/ul>\n\n\n\n<p>\u2026y tambi\u00e9n<\/p>\n\n\n\n<ul class=\"wp-block-list\">\n<li>Intentamos optimizar los entornos de trabajo<\/li>\n\n\n\n<li>Hemos eliminado elementos contaminantes como el Eternit de nuestros almacenes<\/li>\n\n\n\n<li>Reciclamos al m\u00e1ximo los embalajes de los productos que recibimos, prensando papel, cart\u00f3n y pl\u00e1stico y enviando las balas a empresas que se ocupan del reciclaje de materiales.<\/li>\n\n\n\n<li>Enviamos nuestros productos a nuestros clientes mediante embalajes met\u00e1licos que pueden reutilizarse pr\u00e1cticamente indefinidamente.<\/li>\n<\/ul>\n\n\n\n<figure class=\"wp-block-image\"><img decoding=\"async\" src=\"https:\/\/www.effe3ti.com\/wp-content\/uploads\/2021\/04\/Riciclo-1024x576.jpg\" alt=\"materiales de reciclaje\"\/><\/figure>\n\n\n\n<p><\/p>\n\n\n\n<p>En estos tiempos en los que el packaging es se\u00f1alado como la principal causa de contaminaci\u00f3n, desde nuestra peque\u00f1a aportaci\u00f3n intentamos dar nuestro aporte al medio ambiente, desarrollando dispositivos que utilicen la menor cantidad posible de consumibles y entre todos intentamos ser lo m\u00e1s eficientes energ\u00e9ticamente posible.<\/p>\n\n\n\n<h4 class=\"wp-block-heading\">Preg\u00fantenos qu\u00e9 podemos hacer para mejorar su embalaje<\/h4>","protected":false},"excerpt":{"rendered":"<p>La capacit\u00e0 di un sistema fisico di ottenere un certo risultato utilizzando meno energia rispetto ad altri sistemi (detti a minor efficienza), aumenta generalmente il rendimento e consente un risparmio energetico ed una riduzione dei costi di esercizio. Efficienza energetica \u00e8 dunque la capacit\u00e0 di riuscire a \u201cfare di pi\u00f9 con meno\u201d, adottando le migliori [&hellip;]<\/p>\n","protected":false},"author":1,"featured_media":814,"comment_status":"closed","ping_status":"closed","sticky":false,"template":"","format":"standard","meta":{"footnotes":""},"categories":[42],"tags":[],"class_list":["post-810","post","type-post","status-publish","format-standard","has-post-thumbnail","hentry","category-news-approfondimenti"],"yoast_head":"<!-- This site is optimized with the Yoast SEO plugin v27.5 - https:\/\/yoast.com\/product\/yoast-seo-wordpress\/ -->\n<title>Effe3ti Packaging Technologies e l&#039;efficienza energetica - Effe3ti<\/title>\n<meta name=\"description\" content=\"EFFE3ti packaging si occupa dello studio e progettazione di macchine e impianti di avvolgimento per tutti i tipi di industria\" \/>\n<meta name=\"robots\" content=\"index, follow, max-snippet:-1, max-image-preview:large, max-video-preview:-1\" \/>\n<link rel=\"canonical\" href=\"https:\/\/www.effe3ti.com\/es\/effe3ti-y-eficiencia-energetica\/\" \/>\n<meta property=\"og:locale\" content=\"es_ES\" \/>\n<meta property=\"og:type\" content=\"article\" \/>\n<meta property=\"og:title\" content=\"Effe3ti Packaging Technologies e l&#039;efficienza energetica - Effe3ti\" \/>\n<meta property=\"og:description\" content=\"EFFE3ti packaging si occupa dello studio e progettazione di macchine e impianti di avvolgimento per tutti i tipi di industria\" \/>\n<meta property=\"og:url\" content=\"https:\/\/www.effe3ti.com\/es\/effe3ti-y-eficiencia-energetica\/\" \/>\n<meta property=\"og:site_name\" content=\"Effe3ti\" \/>\n<meta property=\"article:publisher\" content=\"https:\/\/www.facebook.com\/effe3ti.packaging\" \/>\n<meta property=\"article:published_time\" content=\"2018-04-25T08:47:53+00:00\" \/>\n<meta property=\"article:modified_time\" content=\"2025-04-15T12:43:08+00:00\" \/>\n<meta property=\"og:image\" content=\"https:\/\/www.effe3ti.com\/wp-content\/uploads\/2021\/04\/Riciclo.jpg\" \/>\n\t<meta property=\"og:image:width\" content=\"1600\" \/>\n\t<meta property=\"og:image:height\" content=\"900\" \/>\n\t<meta property=\"og:image:type\" content=\"image\/jpeg\" \/>\n<meta name=\"author\" content=\"admin\" \/>\n<meta name=\"twitter:card\" content=\"summary_large_image\" \/>\n<meta name=\"twitter:label1\" content=\"Escrito por\" \/>\n\t<meta name=\"twitter:data1\" content=\"admin\" \/>\n\t<meta name=\"twitter:label2\" content=\"Tiempo de lectura\" \/>\n\t<meta name=\"twitter:data2\" content=\"3 minutos\" \/>\n<script type=\"application\/ld+json\" class=\"yoast-schema-graph\">{\"@context\":\"https:\\\/\\\/schema.org\",\"@graph\":[{\"@type\":\"Article\",\"@id\":\"https:\\\/\\\/www.effe3ti.com\\\/effe3ti-e-lefficienza-energetica\\\/#article\",\"isPartOf\":{\"@id\":\"https:\\\/\\\/www.effe3ti.com\\\/effe3ti-e-lefficienza-energetica\\\/\"},\"author\":{\"name\":\"admin\",\"@id\":\"https:\\\/\\\/www.effe3ti.com\\\/#\\\/schema\\\/person\\\/6cef6f087618c649ebbf63a4ea46e0d6\"},\"headline\":\"Effe3ti Packaging Technologies e l&#8217;efficienza energetica\",\"datePublished\":\"2018-04-25T08:47:53+00:00\",\"dateModified\":\"2025-04-15T12:43:08+00:00\",\"mainEntityOfPage\":{\"@id\":\"https:\\\/\\\/www.effe3ti.com\\\/effe3ti-e-lefficienza-energetica\\\/\"},\"wordCount\":431,\"publisher\":{\"@id\":\"https:\\\/\\\/www.effe3ti.com\\\/#organization\"},\"image\":{\"@id\":\"https:\\\/\\\/www.effe3ti.com\\\/effe3ti-e-lefficienza-energetica\\\/#primaryimage\"},\"thumbnailUrl\":\"https:\\\/\\\/www.effe3ti.com\\\/wp-content\\\/uploads\\\/2021\\\/04\\\/Riciclo.jpg\",\"articleSection\":[\"Approfondimenti\"],\"inLanguage\":\"es\"},{\"@type\":\"WebPage\",\"@id\":\"https:\\\/\\\/www.effe3ti.com\\\/effe3ti-e-lefficienza-energetica\\\/\",\"url\":\"https:\\\/\\\/www.effe3ti.com\\\/effe3ti-e-lefficienza-energetica\\\/\",\"name\":\"Effe3ti Packaging Technologies e l'efficienza energetica - Effe3ti\",\"isPartOf\":{\"@id\":\"https:\\\/\\\/www.effe3ti.com\\\/#website\"},\"primaryImageOfPage\":{\"@id\":\"https:\\\/\\\/www.effe3ti.com\\\/effe3ti-e-lefficienza-energetica\\\/#primaryimage\"},\"image\":{\"@id\":\"https:\\\/\\\/www.effe3ti.com\\\/effe3ti-e-lefficienza-energetica\\\/#primaryimage\"},\"thumbnailUrl\":\"https:\\\/\\\/www.effe3ti.com\\\/wp-content\\\/uploads\\\/2021\\\/04\\\/Riciclo.jpg\",\"datePublished\":\"2018-04-25T08:47:53+00:00\",\"dateModified\":\"2025-04-15T12:43:08+00:00\",\"description\":\"EFFE3ti packaging si occupa dello studio e progettazione di macchine e impianti di avvolgimento per tutti i tipi di industria\",\"breadcrumb\":{\"@id\":\"https:\\\/\\\/www.effe3ti.com\\\/effe3ti-e-lefficienza-energetica\\\/#breadcrumb\"},\"inLanguage\":\"es\",\"potentialAction\":[{\"@type\":\"ReadAction\",\"target\":[\"https:\\\/\\\/www.effe3ti.com\\\/effe3ti-e-lefficienza-energetica\\\/\"]}]},{\"@type\":\"ImageObject\",\"inLanguage\":\"es\",\"@id\":\"https:\\\/\\\/www.effe3ti.com\\\/effe3ti-e-lefficienza-energetica\\\/#primaryimage\",\"url\":\"https:\\\/\\\/www.effe3ti.com\\\/wp-content\\\/uploads\\\/2021\\\/04\\\/Riciclo.jpg\",\"contentUrl\":\"https:\\\/\\\/www.effe3ti.com\\\/wp-content\\\/uploads\\\/2021\\\/04\\\/Riciclo.jpg\",\"width\":1600,\"height\":900,\"caption\":\"riciclo materiali\"},{\"@type\":\"BreadcrumbList\",\"@id\":\"https:\\\/\\\/www.effe3ti.com\\\/effe3ti-e-lefficienza-energetica\\\/#breadcrumb\",\"itemListElement\":[{\"@type\":\"ListItem\",\"position\":1,\"name\":\"Home\",\"item\":\"https:\\\/\\\/www.effe3ti.com\\\/\"},{\"@type\":\"ListItem\",\"position\":2,\"name\":\"Effe3ti Packaging Technologies e l&#8217;efficienza energetica\"}]},{\"@type\":\"WebSite\",\"@id\":\"https:\\\/\\\/www.effe3ti.com\\\/#website\",\"url\":\"https:\\\/\\\/www.effe3ti.com\\\/\",\"name\":\"Effe3ti\",\"description\":\"Packaging Technologies\",\"publisher\":{\"@id\":\"https:\\\/\\\/www.effe3ti.com\\\/#organization\"},\"potentialAction\":[{\"@type\":\"SearchAction\",\"target\":{\"@type\":\"EntryPoint\",\"urlTemplate\":\"https:\\\/\\\/www.effe3ti.com\\\/?s={search_term_string}\"},\"query-input\":{\"@type\":\"PropertyValueSpecification\",\"valueRequired\":true,\"valueName\":\"search_term_string\"}}],\"inLanguage\":\"es\"},{\"@type\":\"Organization\",\"@id\":\"https:\\\/\\\/www.effe3ti.com\\\/#organization\",\"name\":\"Effe3ti\",\"alternateName\":\"f3t\",\"url\":\"https:\\\/\\\/www.effe3ti.com\\\/\",\"logo\":{\"@type\":\"ImageObject\",\"inLanguage\":\"es\",\"@id\":\"https:\\\/\\\/www.effe3ti.com\\\/#\\\/schema\\\/logo\\\/image\\\/\",\"url\":\"https:\\\/\\\/www.effe3ti.com\\\/wp-content\\\/uploads\\\/2021\\\/04\\\/Effe3ti_logo-350.gif\",\"contentUrl\":\"https:\\\/\\\/www.effe3ti.com\\\/wp-content\\\/uploads\\\/2021\\\/04\\\/Effe3ti_logo-350.gif\",\"width\":350,\"height\":128,\"caption\":\"Effe3ti\"},\"image\":{\"@id\":\"https:\\\/\\\/www.effe3ti.com\\\/#\\\/schema\\\/logo\\\/image\\\/\"},\"sameAs\":[\"https:\\\/\\\/www.facebook.com\\\/effe3ti.packaging\",\"https:\\\/\\\/www.instagram.com\\\/EFFE3TI\\\/\",\"https:\\\/\\\/www.linkedin.com\\\/company\\\/effe3ti-srl\",\"https:\\\/\\\/www.youtube.com\\\/effe3ti\"]},{\"@type\":\"Person\",\"@id\":\"https:\\\/\\\/www.effe3ti.com\\\/#\\\/schema\\\/person\\\/6cef6f087618c649ebbf63a4ea46e0d6\",\"name\":\"admin\",\"image\":{\"@type\":\"ImageObject\",\"inLanguage\":\"es\",\"@id\":\"https:\\\/\\\/secure.gravatar.com\\\/avatar\\\/b253dd15467b2329f0e140e2e96d7a7963ee736a560580d3f5e9ae1015d2b5fd?s=96&d=mm&r=g\",\"url\":\"https:\\\/\\\/secure.gravatar.com\\\/avatar\\\/b253dd15467b2329f0e140e2e96d7a7963ee736a560580d3f5e9ae1015d2b5fd?s=96&d=mm&r=g\",\"contentUrl\":\"https:\\\/\\\/secure.gravatar.com\\\/avatar\\\/b253dd15467b2329f0e140e2e96d7a7963ee736a560580d3f5e9ae1015d2b5fd?s=96&d=mm&r=g\",\"caption\":\"admin\"}}]}<\/script>\n<!-- \/ Yoast SEO plugin. -->","yoast_head_json":{"title":"Tecnolog\u00edas de embalaje Effe3ti y eficiencia energ\u00e9tica - Effe3ti","description":"EFFE3ti packaging se ocupa del estudio y dise\u00f1o de m\u00e1quinas y sistemas de embalaje para todo tipo de industria.","robots":{"index":"index","follow":"follow","max-snippet":"max-snippet:-1","max-image-preview":"max-image-preview:large","max-video-preview":"max-video-preview:-1"},"canonical":"https:\/\/www.effe3ti.com\/es\/effe3ti-y-eficiencia-energetica\/","og_locale":"es_ES","og_type":"article","og_title":"Effe3ti Packaging Technologies e l'efficienza energetica - Effe3ti","og_description":"EFFE3ti packaging si occupa dello studio e progettazione di macchine e impianti di avvolgimento per tutti i tipi di industria","og_url":"https:\/\/www.effe3ti.com\/es\/effe3ti-y-eficiencia-energetica\/","og_site_name":"Effe3ti","article_publisher":"https:\/\/www.facebook.com\/effe3ti.packaging","article_published_time":"2018-04-25T08:47:53+00:00","article_modified_time":"2025-04-15T12:43:08+00:00","og_image":[{"width":1600,"height":900,"url":"https:\/\/www.effe3ti.com\/wp-content\/uploads\/2021\/04\/Riciclo.jpg","type":"image\/jpeg"}],"author":"admin","twitter_card":"summary_large_image","twitter_misc":{"Escrito por":"admin","Tiempo de lectura":"3 minutos"},"schema":{"@context":"https:\/\/schema.org","@graph":[{"@type":"Article","@id":"https:\/\/www.effe3ti.com\/effe3ti-e-lefficienza-energetica\/#article","isPartOf":{"@id":"https:\/\/www.effe3ti.com\/effe3ti-e-lefficienza-energetica\/"},"author":{"name":"admin","@id":"https:\/\/www.effe3ti.com\/#\/schema\/person\/6cef6f087618c649ebbf63a4ea46e0d6"},"headline":"Effe3ti Packaging Technologies e l&#8217;efficienza energetica","datePublished":"2018-04-25T08:47:53+00:00","dateModified":"2025-04-15T12:43:08+00:00","mainEntityOfPage":{"@id":"https:\/\/www.effe3ti.com\/effe3ti-e-lefficienza-energetica\/"},"wordCount":431,"publisher":{"@id":"https:\/\/www.effe3ti.com\/#organization"},"image":{"@id":"https:\/\/www.effe3ti.com\/effe3ti-e-lefficienza-energetica\/#primaryimage"},"thumbnailUrl":"https:\/\/www.effe3ti.com\/wp-content\/uploads\/2021\/04\/Riciclo.jpg","articleSection":["Approfondimenti"],"inLanguage":"es"},{"@type":"WebPage","@id":"https:\/\/www.effe3ti.com\/effe3ti-e-lefficienza-energetica\/","url":"https:\/\/www.effe3ti.com\/effe3ti-e-lefficienza-energetica\/","name":"Tecnolog\u00edas de embalaje Effe3ti y eficiencia energ\u00e9tica - Effe3ti","isPartOf":{"@id":"https:\/\/www.effe3ti.com\/#website"},"primaryImageOfPage":{"@id":"https:\/\/www.effe3ti.com\/effe3ti-e-lefficienza-energetica\/#primaryimage"},"image":{"@id":"https:\/\/www.effe3ti.com\/effe3ti-e-lefficienza-energetica\/#primaryimage"},"thumbnailUrl":"https:\/\/www.effe3ti.com\/wp-content\/uploads\/2021\/04\/Riciclo.jpg","datePublished":"2018-04-25T08:47:53+00:00","dateModified":"2025-04-15T12:43:08+00:00","description":"EFFE3ti packaging se ocupa del estudio y dise\u00f1o de m\u00e1quinas y sistemas de embalaje para todo tipo de industria.","breadcrumb":{"@id":"https:\/\/www.effe3ti.com\/effe3ti-e-lefficienza-energetica\/#breadcrumb"},"inLanguage":"es","potentialAction":[{"@type":"ReadAction","target":["https:\/\/www.effe3ti.com\/effe3ti-e-lefficienza-energetica\/"]}]},{"@type":"ImageObject","inLanguage":"es","@id":"https:\/\/www.effe3ti.com\/effe3ti-e-lefficienza-energetica\/#primaryimage","url":"https:\/\/www.effe3ti.com\/wp-content\/uploads\/2021\/04\/Riciclo.jpg","contentUrl":"https:\/\/www.effe3ti.com\/wp-content\/uploads\/2021\/04\/Riciclo.jpg","width":1600,"height":900,"caption":"riciclo materiali"},{"@type":"BreadcrumbList","@id":"https:\/\/www.effe3ti.com\/effe3ti-e-lefficienza-energetica\/#breadcrumb","itemListElement":[{"@type":"ListItem","position":1,"name":"Home","item":"https:\/\/www.effe3ti.com\/"},{"@type":"ListItem","position":2,"name":"Effe3ti Packaging Technologies e l&#8217;efficienza energetica"}]},{"@type":"WebSite","@id":"https:\/\/www.effe3ti.com\/#website","url":"https:\/\/www.effe3ti.com\/","name":"Efectos","description":"Tecnolog\u00edas de embalaje","publisher":{"@id":"https:\/\/www.effe3ti.com\/#organization"},"potentialAction":[{"@type":"SearchAction","target":{"@type":"EntryPoint","urlTemplate":"https:\/\/www.effe3ti.com\/?s={search_term_string}"},"query-input":{"@type":"PropertyValueSpecification","valueRequired":true,"valueName":"search_term_string"}}],"inLanguage":"es"},{"@type":"Organization","@id":"https:\/\/www.effe3ti.com\/#organization","name":"Efectos","alternateName":"f3t","url":"https:\/\/www.effe3ti.com\/","logo":{"@type":"ImageObject","inLanguage":"es","@id":"https:\/\/www.effe3ti.com\/#\/schema\/logo\/image\/","url":"https:\/\/www.effe3ti.com\/wp-content\/uploads\/2021\/04\/Effe3ti_logo-350.gif","contentUrl":"https:\/\/www.effe3ti.com\/wp-content\/uploads\/2021\/04\/Effe3ti_logo-350.gif","width":350,"height":128,"caption":"Effe3ti"},"image":{"@id":"https:\/\/www.effe3ti.com\/#\/schema\/logo\/image\/"},"sameAs":["https:\/\/www.facebook.com\/effe3ti.packaging","https:\/\/www.instagram.com\/EFFE3TI\/","https:\/\/www.linkedin.com\/company\/effe3ti-srl","https:\/\/www.youtube.com\/effe3ti"]},{"@type":"Person","@id":"https:\/\/www.effe3ti.com\/#\/schema\/person\/6cef6f087618c649ebbf63a4ea46e0d6","name":"administraci\u00f3n","image":{"@type":"ImageObject","inLanguage":"es","@id":"https:\/\/secure.gravatar.com\/avatar\/b253dd15467b2329f0e140e2e96d7a7963ee736a560580d3f5e9ae1015d2b5fd?s=96&d=mm&r=g","url":"https:\/\/secure.gravatar.com\/avatar\/b253dd15467b2329f0e140e2e96d7a7963ee736a560580d3f5e9ae1015d2b5fd?s=96&d=mm&r=g","contentUrl":"https:\/\/secure.gravatar.com\/avatar\/b253dd15467b2329f0e140e2e96d7a7963ee736a560580d3f5e9ae1015d2b5fd?s=96&d=mm&r=g","caption":"admin"}}]}},"_links":{"self":[{"href":"https:\/\/www.effe3ti.com\/es\/wp-json\/wp\/v2\/posts\/810","targetHints":{"allow":["GET"]}}],"collection":[{"href":"https:\/\/www.effe3ti.com\/es\/wp-json\/wp\/v2\/posts"}],"about":[{"href":"https:\/\/www.effe3ti.com\/es\/wp-json\/wp\/v2\/types\/post"}],"author":[{"embeddable":true,"href":"https:\/\/www.effe3ti.com\/es\/wp-json\/wp\/v2\/users\/1"}],"replies":[{"embeddable":true,"href":"https:\/\/www.effe3ti.com\/es\/wp-json\/wp\/v2\/comments?post=810"}],"version-history":[{"count":4,"href":"https:\/\/www.effe3ti.com\/es\/wp-json\/wp\/v2\/posts\/810\/revisions"}],"predecessor-version":[{"id":22962,"href":"https:\/\/www.effe3ti.com\/es\/wp-json\/wp\/v2\/posts\/810\/revisions\/22962"}],"wp:featuredmedia":[{"embeddable":true,"href":"https:\/\/www.effe3ti.com\/es\/wp-json\/wp\/v2\/media\/814"}],"wp:attachment":[{"href":"https:\/\/www.effe3ti.com\/es\/wp-json\/wp\/v2\/media?parent=810"}],"wp:term":[{"taxonomy":"category","embeddable":true,"href":"https:\/\/www.effe3ti.com\/es\/wp-json\/wp\/v2\/categories?post=810"},{"taxonomy":"post_tag","embeddable":true,"href":"https:\/\/www.effe3ti.com\/es\/wp-json\/wp\/v2\/tags?post=810"}],"curies":[{"name":"wp","href":"https:\/\/api.w.org\/{rel}","templated":true}]}}