{"id":8452,"date":"2022-03-09T09:22:17","date_gmt":"2022-03-09T09:22:17","guid":{"rendered":"https:\/\/www.effe3ti.com\/?p=8452"},"modified":"2025-04-16T15:07:43","modified_gmt":"2025-04-16T15:07:43","slug":"effe3ti-y-energia-limpia","status":"publish","type":"post","link":"https:\/\/www.effe3ti.com\/es\/effe3ti-e-lenergia-pulita\/","title":{"rendered":"EFFE3ti y la energ\u00eda limpia"},"content":{"rendered":"<h2 class=\"wp-block-heading\">Transici\u00f3n energ\u00e9tica: El techo de EFFE3ti se transforma en una fuente de energ\u00eda limpia<\/h2>\n\n\n\n<h3 class=\"wp-block-heading\">Un paso hacia la sostenibilidad y las energ\u00edas renovables<\/h3>\n\n\n\n<p>De camino a la <strong data-start=\"302\" data-end=\"328\">transici\u00f3n energ\u00e9tica<\/strong>, <a href=\"https:\/\/www.effe3ti.com\/es\/acerca-de-los-envases-de-effe3ti\/\">EFFE3ti<\/a> En 2022, dio un paso importante con la instalaci\u00f3n de paneles fotovoltaicos en la cubierta de su sede. Esta iniciativa forma parte de nuestro compromiso continuo con la sostenibilidad y la reducci\u00f3n del impacto ambiental, utilizando <strong data-start=\"582\" data-end=\"600\">energ\u00eda limpia<\/strong> para impulsar las operaciones comerciales diarias.<\/p>\n\n\n\n<p>La elecci\u00f3n de producir energ\u00eda renovable directamente en la empresa no es s\u00f3lo una inversi\u00f3n en <strong data-start=\"750\" data-end=\"776\">transici\u00f3n energ\u00e9tica<\/strong>, sino tambi\u00e9n una respuesta concreta a la creciente necesidad de reducir el consumo energ\u00e9tico y limitar las emisiones de CO2. EFFE3ti, de hecho, presta cada vez m\u00e1s atenci\u00f3n al ahorro energ\u00e9tico, centr\u00e1ndose en la reducci\u00f3n de residuos en todos los procesos empresariales. Con la instalaci\u00f3n de paneles fotovoltaicos, ahora podemos alimentar a la empresa con... <strong data-start=\"1119\" data-end=\"1137\">energ\u00eda limpia<\/strong>, procedente directamente del sol, que es un recurso natural, renovable y sostenible.<\/p>\n\n\n\n<figure class=\"wp-block-image\"><img decoding=\"async\" src=\"https:\/\/www.effe3ti.com\/wp-content\/uploads\/2022\/03\/energia-pulita-effe3ti-2.jpg\" alt=\"\"\/><\/figure>\n\n\n\n<h3 class=\"wp-block-heading\">Producci\u00f3n aut\u00f3noma de energ\u00eda y reducci\u00f3n del impacto ambiental<\/h3>\n\n\n\n<p>Estamos orgullosos de decir que este movimiento representa un paso significativo hacia una <strong data-start=\"1389\" data-end=\"1423\">producci\u00f3n de energ\u00eda aut\u00f3noma<\/strong>Lo cual no solo mejora la eficiencia energ\u00e9tica de nuestra empresa, sino que tambi\u00e9n ayuda a reducir nuestro impacto ambiental. La producci\u00f3n de <strong data-start=\"1576\" data-end=\"1599\">energ\u00eda renovable<\/strong> Nos permite alimentar nuestras plantas, reduciendo la dependencia de fuentes energ\u00e9ticas tradicionales y contaminantes.<\/p>\n\n\n\n<p>EFFE3ti contin\u00faa avanzando en su camino hacia la <strong data-start=\"1775\" data-end=\"1801\">transici\u00f3n energ\u00e9tica<\/strong>Con el objetivo de reducir a\u00fan m\u00e1s nuestro impacto ambiental, y con el compromiso constante de adoptar soluciones ecol\u00f3gicas y valorizar los recursos... <strong data-start=\"1964\" data-end=\"1982\">energ\u00eda limpia<\/strong>Nuestro objetivo es convertir nuestra empresa en un modelo de eficiencia y sostenibilidad para el futuro. Nuestra visi\u00f3n es clara: una empresa que crece respetando el medio ambiente y utilizando recursos renovables.<\/p>\n\n\n\n<p><\/p>\n\n\n\n<figure class=\"wp-block-image\"><img decoding=\"async\" src=\"https:\/\/www.effe3ti.com\/wp-content\/uploads\/2022\/03\/energia-pulita-effe3ti-3-1024x576.jpg\" alt=\"\"\/><\/figure>\n\n\n\n<p><\/p>\n\n\n\n<p><\/p>","protected":false},"excerpt":{"rendered":"<p>Transizione Energetica: Il tetto di EFFE3ti si trasforma in una fonte di energia pulita Un passo verso la sostenibilit\u00e0 e l&#8217;energia rinnovabile Nel percorso verso la transizione energetica, EFFE3ti ha intrapreso un importante passo nel 2022 con l&#8217;installazione di pannelli fotovoltaici sul tetto della sua sede. Questa iniziativa fa parte del nostro impegno continuo verso [&hellip;]<\/p>\n","protected":false},"author":1,"featured_media":8454,"comment_status":"closed","ping_status":"closed","sticky":false,"template":"","format":"standard","meta":{"footnotes":""},"categories":[42],"tags":[],"class_list":["post-8452","post","type-post","status-publish","format-standard","has-post-thumbnail","hentry","category-news-approfondimenti"],"yoast_head":"<!-- This site is optimized with the Yoast SEO plugin v27.5 - https:\/\/yoast.com\/product\/yoast-seo-wordpress\/ -->\n<title>EFFE3ti e l&#039;energia pulita - Effe3ti<\/title>\n<meta name=\"description\" content=\"EFFE3ti produce ora energia pulita, iniziando la sua transizione energetica\" \/>\n<meta name=\"robots\" content=\"index, follow, max-snippet:-1, max-image-preview:large, max-video-preview:-1\" \/>\n<link rel=\"canonical\" href=\"https:\/\/www.effe3ti.com\/es\/effe3ti-y-energia-limpia\/\" \/>\n<meta property=\"og:locale\" content=\"es_ES\" \/>\n<meta property=\"og:type\" content=\"article\" \/>\n<meta property=\"og:title\" content=\"EFFE3ti e l&#039;energia pulita - Effe3ti\" \/>\n<meta property=\"og:description\" content=\"EFFE3ti produce ora energia pulita, iniziando la sua transizione energetica\" \/>\n<meta property=\"og:url\" content=\"https:\/\/www.effe3ti.com\/es\/effe3ti-y-energia-limpia\/\" \/>\n<meta property=\"og:site_name\" content=\"Effe3ti\" \/>\n<meta property=\"article:publisher\" content=\"https:\/\/www.facebook.com\/effe3ti.packaging\" \/>\n<meta property=\"article:published_time\" content=\"2022-03-09T09:22:17+00:00\" \/>\n<meta property=\"article:modified_time\" content=\"2025-04-16T15:07:43+00:00\" \/>\n<meta property=\"og:image\" content=\"https:\/\/www.effe3ti.com\/wp-content\/uploads\/2022\/03\/energia-pulita-effe3ti-1-scaled.jpg\" \/>\n\t<meta property=\"og:image:width\" content=\"2560\" \/>\n\t<meta property=\"og:image:height\" content=\"1440\" \/>\n\t<meta property=\"og:image:type\" content=\"image\/jpeg\" \/>\n<meta name=\"author\" content=\"admin\" \/>\n<meta name=\"twitter:card\" content=\"summary_large_image\" \/>\n<meta name=\"twitter:label1\" content=\"Escrito por\" \/>\n\t<meta name=\"twitter:data1\" content=\"admin\" \/>\n\t<meta name=\"twitter:label2\" content=\"Tiempo de lectura\" \/>\n\t<meta name=\"twitter:data2\" content=\"3 minutos\" \/>\n<script type=\"application\/ld+json\" class=\"yoast-schema-graph\">{\"@context\":\"https:\\\/\\\/schema.org\",\"@graph\":[{\"@type\":\"Article\",\"@id\":\"https:\\\/\\\/www.effe3ti.com\\\/effe3ti-e-lenergia-pulita\\\/#article\",\"isPartOf\":{\"@id\":\"https:\\\/\\\/www.effe3ti.com\\\/effe3ti-e-lenergia-pulita\\\/\"},\"author\":{\"name\":\"admin\",\"@id\":\"https:\\\/\\\/www.effe3ti.com\\\/#\\\/schema\\\/person\\\/6cef6f087618c649ebbf63a4ea46e0d6\"},\"headline\":\"EFFE3ti e l&#8217;energia pulita\",\"datePublished\":\"2022-03-09T09:22:17+00:00\",\"dateModified\":\"2025-04-16T15:07:43+00:00\",\"mainEntityOfPage\":{\"@id\":\"https:\\\/\\\/www.effe3ti.com\\\/effe3ti-e-lenergia-pulita\\\/\"},\"wordCount\":293,\"publisher\":{\"@id\":\"https:\\\/\\\/www.effe3ti.com\\\/#organization\"},\"image\":{\"@id\":\"https:\\\/\\\/www.effe3ti.com\\\/effe3ti-e-lenergia-pulita\\\/#primaryimage\"},\"thumbnailUrl\":\"https:\\\/\\\/www.effe3ti.com\\\/wp-content\\\/uploads\\\/2022\\\/03\\\/energia-pulita-effe3ti-1-scaled.jpg\",\"articleSection\":[\"Approfondimenti\"],\"inLanguage\":\"es\"},{\"@type\":\"WebPage\",\"@id\":\"https:\\\/\\\/www.effe3ti.com\\\/effe3ti-e-lenergia-pulita\\\/\",\"url\":\"https:\\\/\\\/www.effe3ti.com\\\/effe3ti-e-lenergia-pulita\\\/\",\"name\":\"EFFE3ti e l'energia pulita - Effe3ti\",\"isPartOf\":{\"@id\":\"https:\\\/\\\/www.effe3ti.com\\\/#website\"},\"primaryImageOfPage\":{\"@id\":\"https:\\\/\\\/www.effe3ti.com\\\/effe3ti-e-lenergia-pulita\\\/#primaryimage\"},\"image\":{\"@id\":\"https:\\\/\\\/www.effe3ti.com\\\/effe3ti-e-lenergia-pulita\\\/#primaryimage\"},\"thumbnailUrl\":\"https:\\\/\\\/www.effe3ti.com\\\/wp-content\\\/uploads\\\/2022\\\/03\\\/energia-pulita-effe3ti-1-scaled.jpg\",\"datePublished\":\"2022-03-09T09:22:17+00:00\",\"dateModified\":\"2025-04-16T15:07:43+00:00\",\"description\":\"EFFE3ti produce ora energia pulita, iniziando la sua transizione energetica\",\"breadcrumb\":{\"@id\":\"https:\\\/\\\/www.effe3ti.com\\\/effe3ti-e-lenergia-pulita\\\/#breadcrumb\"},\"inLanguage\":\"es\",\"potentialAction\":[{\"@type\":\"ReadAction\",\"target\":[\"https:\\\/\\\/www.effe3ti.com\\\/effe3ti-e-lenergia-pulita\\\/\"]}]},{\"@type\":\"ImageObject\",\"inLanguage\":\"es\",\"@id\":\"https:\\\/\\\/www.effe3ti.com\\\/effe3ti-e-lenergia-pulita\\\/#primaryimage\",\"url\":\"https:\\\/\\\/www.effe3ti.com\\\/wp-content\\\/uploads\\\/2022\\\/03\\\/energia-pulita-effe3ti-1-scaled.jpg\",\"contentUrl\":\"https:\\\/\\\/www.effe3ti.com\\\/wp-content\\\/uploads\\\/2022\\\/03\\\/energia-pulita-effe3ti-1-scaled.jpg\",\"width\":2560,\"height\":1440,\"caption\":\"energia pulita\"},{\"@type\":\"BreadcrumbList\",\"@id\":\"https:\\\/\\\/www.effe3ti.com\\\/effe3ti-e-lenergia-pulita\\\/#breadcrumb\",\"itemListElement\":[{\"@type\":\"ListItem\",\"position\":1,\"name\":\"Home\",\"item\":\"https:\\\/\\\/www.effe3ti.com\\\/\"},{\"@type\":\"ListItem\",\"position\":2,\"name\":\"EFFE3ti e l&#8217;energia pulita\"}]},{\"@type\":\"WebSite\",\"@id\":\"https:\\\/\\\/www.effe3ti.com\\\/#website\",\"url\":\"https:\\\/\\\/www.effe3ti.com\\\/\",\"name\":\"Effe3ti\",\"description\":\"Packaging Technologies\",\"publisher\":{\"@id\":\"https:\\\/\\\/www.effe3ti.com\\\/#organization\"},\"potentialAction\":[{\"@type\":\"SearchAction\",\"target\":{\"@type\":\"EntryPoint\",\"urlTemplate\":\"https:\\\/\\\/www.effe3ti.com\\\/?s={search_term_string}\"},\"query-input\":{\"@type\":\"PropertyValueSpecification\",\"valueRequired\":true,\"valueName\":\"search_term_string\"}}],\"inLanguage\":\"es\"},{\"@type\":\"Organization\",\"@id\":\"https:\\\/\\\/www.effe3ti.com\\\/#organization\",\"name\":\"Effe3ti\",\"alternateName\":\"f3t\",\"url\":\"https:\\\/\\\/www.effe3ti.com\\\/\",\"logo\":{\"@type\":\"ImageObject\",\"inLanguage\":\"es\",\"@id\":\"https:\\\/\\\/www.effe3ti.com\\\/#\\\/schema\\\/logo\\\/image\\\/\",\"url\":\"https:\\\/\\\/www.effe3ti.com\\\/wp-content\\\/uploads\\\/2021\\\/04\\\/Effe3ti_logo-350.gif\",\"contentUrl\":\"https:\\\/\\\/www.effe3ti.com\\\/wp-content\\\/uploads\\\/2021\\\/04\\\/Effe3ti_logo-350.gif\",\"width\":350,\"height\":128,\"caption\":\"Effe3ti\"},\"image\":{\"@id\":\"https:\\\/\\\/www.effe3ti.com\\\/#\\\/schema\\\/logo\\\/image\\\/\"},\"sameAs\":[\"https:\\\/\\\/www.facebook.com\\\/effe3ti.packaging\",\"https:\\\/\\\/www.instagram.com\\\/EFFE3TI\\\/\",\"https:\\\/\\\/www.linkedin.com\\\/company\\\/effe3ti-srl\",\"https:\\\/\\\/www.youtube.com\\\/effe3ti\"]},{\"@type\":\"Person\",\"@id\":\"https:\\\/\\\/www.effe3ti.com\\\/#\\\/schema\\\/person\\\/6cef6f087618c649ebbf63a4ea46e0d6\",\"name\":\"admin\",\"image\":{\"@type\":\"ImageObject\",\"inLanguage\":\"es\",\"@id\":\"https:\\\/\\\/secure.gravatar.com\\\/avatar\\\/b253dd15467b2329f0e140e2e96d7a7963ee736a560580d3f5e9ae1015d2b5fd?s=96&d=mm&r=g\",\"url\":\"https:\\\/\\\/secure.gravatar.com\\\/avatar\\\/b253dd15467b2329f0e140e2e96d7a7963ee736a560580d3f5e9ae1015d2b5fd?s=96&d=mm&r=g\",\"contentUrl\":\"https:\\\/\\\/secure.gravatar.com\\\/avatar\\\/b253dd15467b2329f0e140e2e96d7a7963ee736a560580d3f5e9ae1015d2b5fd?s=96&d=mm&r=g\",\"caption\":\"admin\"}}]}<\/script>\n<!-- \/ Yoast SEO plugin. -->","yoast_head_json":{"title":"EFFE3ti y la energ\u00eda limpia - Effe3ti","description":"EFFE3ti ahora produce energ\u00eda limpia, iniciando su transici\u00f3n energ\u00e9tica","robots":{"index":"index","follow":"follow","max-snippet":"max-snippet:-1","max-image-preview":"max-image-preview:large","max-video-preview":"max-video-preview:-1"},"canonical":"https:\/\/www.effe3ti.com\/es\/effe3ti-y-energia-limpia\/","og_locale":"es_ES","og_type":"article","og_title":"EFFE3ti e l'energia pulita - Effe3ti","og_description":"EFFE3ti produce ora energia pulita, iniziando la sua transizione energetica","og_url":"https:\/\/www.effe3ti.com\/es\/effe3ti-y-energia-limpia\/","og_site_name":"Effe3ti","article_publisher":"https:\/\/www.facebook.com\/effe3ti.packaging","article_published_time":"2022-03-09T09:22:17+00:00","article_modified_time":"2025-04-16T15:07:43+00:00","og_image":[{"width":2560,"height":1440,"url":"https:\/\/www.effe3ti.com\/wp-content\/uploads\/2022\/03\/energia-pulita-effe3ti-1-scaled.jpg","type":"image\/jpeg"}],"author":"admin","twitter_card":"summary_large_image","twitter_misc":{"Escrito por":"admin","Tiempo de lectura":"3 minutos"},"schema":{"@context":"https:\/\/schema.org","@graph":[{"@type":"Article","@id":"https:\/\/www.effe3ti.com\/effe3ti-e-lenergia-pulita\/#article","isPartOf":{"@id":"https:\/\/www.effe3ti.com\/effe3ti-e-lenergia-pulita\/"},"author":{"name":"admin","@id":"https:\/\/www.effe3ti.com\/#\/schema\/person\/6cef6f087618c649ebbf63a4ea46e0d6"},"headline":"EFFE3ti e l&#8217;energia pulita","datePublished":"2022-03-09T09:22:17+00:00","dateModified":"2025-04-16T15:07:43+00:00","mainEntityOfPage":{"@id":"https:\/\/www.effe3ti.com\/effe3ti-e-lenergia-pulita\/"},"wordCount":293,"publisher":{"@id":"https:\/\/www.effe3ti.com\/#organization"},"image":{"@id":"https:\/\/www.effe3ti.com\/effe3ti-e-lenergia-pulita\/#primaryimage"},"thumbnailUrl":"https:\/\/www.effe3ti.com\/wp-content\/uploads\/2022\/03\/energia-pulita-effe3ti-1-scaled.jpg","articleSection":["Approfondimenti"],"inLanguage":"es"},{"@type":"WebPage","@id":"https:\/\/www.effe3ti.com\/effe3ti-e-lenergia-pulita\/","url":"https:\/\/www.effe3ti.com\/effe3ti-e-lenergia-pulita\/","name":"EFFE3ti y la energ\u00eda limpia - Effe3ti","isPartOf":{"@id":"https:\/\/www.effe3ti.com\/#website"},"primaryImageOfPage":{"@id":"https:\/\/www.effe3ti.com\/effe3ti-e-lenergia-pulita\/#primaryimage"},"image":{"@id":"https:\/\/www.effe3ti.com\/effe3ti-e-lenergia-pulita\/#primaryimage"},"thumbnailUrl":"https:\/\/www.effe3ti.com\/wp-content\/uploads\/2022\/03\/energia-pulita-effe3ti-1-scaled.jpg","datePublished":"2022-03-09T09:22:17+00:00","dateModified":"2025-04-16T15:07:43+00:00","description":"EFFE3ti ahora produce energ\u00eda limpia, iniciando su transici\u00f3n energ\u00e9tica","breadcrumb":{"@id":"https:\/\/www.effe3ti.com\/effe3ti-e-lenergia-pulita\/#breadcrumb"},"inLanguage":"es","potentialAction":[{"@type":"ReadAction","target":["https:\/\/www.effe3ti.com\/effe3ti-e-lenergia-pulita\/"]}]},{"@type":"ImageObject","inLanguage":"es","@id":"https:\/\/www.effe3ti.com\/effe3ti-e-lenergia-pulita\/#primaryimage","url":"https:\/\/www.effe3ti.com\/wp-content\/uploads\/2022\/03\/energia-pulita-effe3ti-1-scaled.jpg","contentUrl":"https:\/\/www.effe3ti.com\/wp-content\/uploads\/2022\/03\/energia-pulita-effe3ti-1-scaled.jpg","width":2560,"height":1440,"caption":"energia pulita"},{"@type":"BreadcrumbList","@id":"https:\/\/www.effe3ti.com\/effe3ti-e-lenergia-pulita\/#breadcrumb","itemListElement":[{"@type":"ListItem","position":1,"name":"Home","item":"https:\/\/www.effe3ti.com\/"},{"@type":"ListItem","position":2,"name":"EFFE3ti e l&#8217;energia pulita"}]},{"@type":"WebSite","@id":"https:\/\/www.effe3ti.com\/#website","url":"https:\/\/www.effe3ti.com\/","name":"Efectos","description":"Tecnolog\u00edas de embalaje","publisher":{"@id":"https:\/\/www.effe3ti.com\/#organization"},"potentialAction":[{"@type":"SearchAction","target":{"@type":"EntryPoint","urlTemplate":"https:\/\/www.effe3ti.com\/?s={search_term_string}"},"query-input":{"@type":"PropertyValueSpecification","valueRequired":true,"valueName":"search_term_string"}}],"inLanguage":"es"},{"@type":"Organization","@id":"https:\/\/www.effe3ti.com\/#organization","name":"Efectos","alternateName":"f3t","url":"https:\/\/www.effe3ti.com\/","logo":{"@type":"ImageObject","inLanguage":"es","@id":"https:\/\/www.effe3ti.com\/#\/schema\/logo\/image\/","url":"https:\/\/www.effe3ti.com\/wp-content\/uploads\/2021\/04\/Effe3ti_logo-350.gif","contentUrl":"https:\/\/www.effe3ti.com\/wp-content\/uploads\/2021\/04\/Effe3ti_logo-350.gif","width":350,"height":128,"caption":"Effe3ti"},"image":{"@id":"https:\/\/www.effe3ti.com\/#\/schema\/logo\/image\/"},"sameAs":["https:\/\/www.facebook.com\/effe3ti.packaging","https:\/\/www.instagram.com\/EFFE3TI\/","https:\/\/www.linkedin.com\/company\/effe3ti-srl","https:\/\/www.youtube.com\/effe3ti"]},{"@type":"Person","@id":"https:\/\/www.effe3ti.com\/#\/schema\/person\/6cef6f087618c649ebbf63a4ea46e0d6","name":"administraci\u00f3n","image":{"@type":"ImageObject","inLanguage":"es","@id":"https:\/\/secure.gravatar.com\/avatar\/b253dd15467b2329f0e140e2e96d7a7963ee736a560580d3f5e9ae1015d2b5fd?s=96&d=mm&r=g","url":"https:\/\/secure.gravatar.com\/avatar\/b253dd15467b2329f0e140e2e96d7a7963ee736a560580d3f5e9ae1015d2b5fd?s=96&d=mm&r=g","contentUrl":"https:\/\/secure.gravatar.com\/avatar\/b253dd15467b2329f0e140e2e96d7a7963ee736a560580d3f5e9ae1015d2b5fd?s=96&d=mm&r=g","caption":"admin"}}]}},"_links":{"self":[{"href":"https:\/\/www.effe3ti.com\/es\/wp-json\/wp\/v2\/posts\/8452","targetHints":{"allow":["GET"]}}],"collection":[{"href":"https:\/\/www.effe3ti.com\/es\/wp-json\/wp\/v2\/posts"}],"about":[{"href":"https:\/\/www.effe3ti.com\/es\/wp-json\/wp\/v2\/types\/post"}],"author":[{"embeddable":true,"href":"https:\/\/www.effe3ti.com\/es\/wp-json\/wp\/v2\/users\/1"}],"replies":[{"embeddable":true,"href":"https:\/\/www.effe3ti.com\/es\/wp-json\/wp\/v2\/comments?post=8452"}],"version-history":[{"count":2,"href":"https:\/\/www.effe3ti.com\/es\/wp-json\/wp\/v2\/posts\/8452\/revisions"}],"predecessor-version":[{"id":22974,"href":"https:\/\/www.effe3ti.com\/es\/wp-json\/wp\/v2\/posts\/8452\/revisions\/22974"}],"wp:featuredmedia":[{"embeddable":true,"href":"https:\/\/www.effe3ti.com\/es\/wp-json\/wp\/v2\/media\/8454"}],"wp:attachment":[{"href":"https:\/\/www.effe3ti.com\/es\/wp-json\/wp\/v2\/media?parent=8452"}],"wp:term":[{"taxonomy":"category","embeddable":true,"href":"https:\/\/www.effe3ti.com\/es\/wp-json\/wp\/v2\/categories?post=8452"},{"taxonomy":"post_tag","embeddable":true,"href":"https:\/\/www.effe3ti.com\/es\/wp-json\/wp\/v2\/tags?post=8452"}],"curies":[{"name":"wp","href":"https:\/\/api.w.org\/{rel}","templated":true}]}}