{"id":17316,"date":"2024-09-09T14:54:21","date_gmt":"2024-09-09T14:54:21","guid":{"rendered":"https:\/\/www.effe3ti.com\/?p=17316"},"modified":"2025-04-16T14:24:59","modified_gmt":"2025-04-16T14:24:59","slug":"innovation-en-matiere-demballage-de-palettes-pour-la-protection-des-charges","status":"publish","type":"post","link":"https:\/\/www.effe3ti.com\/fr\/avvolgimento-pallet-innovazione-nella-protezione-del-carico\/","title":{"rendered":"Emballage de palettes. Innovation dans la protection du chargement"},"content":{"rendered":"<h2 class=\"wp-block-heading\">Machines automatiques d&#039;emballage de palettes avec dispositif d&#039;alimentation en feuilles<\/h2>\n\n\n\n<p>Dans le domaine de la logistique moderne et de la gestion des exp\u00e9ditions, l&#039;efficacit\u00e9 op\u00e9rationnelle et la s\u00e9curit\u00e9 du transport de marchandises sont des \u00e9l\u00e9ments cl\u00e9s pour garantir la fiabilit\u00e9, la r\u00e9duction des co\u00fbts et la satisfaction du client final. Dans ce contexte, le <a href=\"https:\/\/www.effe3ti.com\/fr\/produits-effe3ti\/\">machines d&#039;emballage de palettes<\/a> Ils sont configur\u00e9s comme des outils technologiquement avanc\u00e9s, capables d&#039;optimiser les phases d&#039;emballage, d&#039;am\u00e9liorer la productivit\u00e9 et d&#039;assurer une manipulation plus s\u00fbre et plus efficace des marchandises, avec une attention particuli\u00e8re \u00e0\u00a0<strong>protection de charge<\/strong>.<\/p>\n\n\n\n<p>Gr\u00e2ce \u00e0 un film \u00e9tirable, ces machines enveloppent et stabilisent les produits plac\u00e9s sur des palettes, \u00e9vitant ainsi les mouvements accidentels et les dommages pendant le transport ou le stockage en entrep\u00f4t. En plus d&#039;assurer la compacit\u00e9 de la charge, l&#039;emballage contribue de mani\u00e8re significative \u00e0 la&nbsp;<strong>protection de charge<\/strong>, prot\u00e9geant les marchandises des agents ext\u00e9rieurs tels que la poussi\u00e8re, l&#039;humidit\u00e9 et les chocs, et pr\u00e9servant leur int\u00e9grit\u00e9 jusqu&#039;\u00e0 leur destination finale. Les solutions les plus modernes offrent \u00e9galement la possibilit\u00e9 de r\u00e9guler la tension du film, en s&#039;adaptant \u00e0 diff\u00e9rents types de produits et en r\u00e9duisant le gaspillage de mat\u00e9riaux, avec des avantages \u00e0 la fois \u00e9conomiques et environnementaux.<\/p>\n\n\n\n<h3 class=\"wp-block-heading\">Le dispositif d&#039;alimentation en feuilles pour une protection totale de la charge<\/h3>\n\n\n\n<p>Le chargeur automatique est un composant suppl\u00e9mentaire qui rend la charge plus prot\u00e9g\u00e9e. Con\u00e7u pour placer une feuille sur le dessus de la palette pendant le cycle d&#039;emballage, il a pour fonction de prot\u00e9ger de la poussi\u00e8re et\/ou de l&#039;humidit\u00e9.<\/p>\n\n\n\n<figure class=\"wp-block-embed is-type-video is-provider-youtube wp-block-embed-youtube wp-embed-aspect-16-9 wp-has-aspect-ratio\"><div class=\"wp-block-embed__wrapper\">\n<iframe title=\"Machine d&#039;emballage automatique avec distributeur de feuilles sup\u00e9rieures\" width=\"800\" height=\"450\" src=\"https:\/\/www.youtube.com\/embed\/boeEVqbLKPo?feature=oembed\" frameborder=\"0\" allow=\"accelerometer; autoplay; clipboard-write; encrypted-media; gyroscope; picture-in-picture; web-share\" referrerpolicy=\"strict-origin-when-cross-origin\" allowfullscreen><\/iframe>\n<\/div><\/figure>\n\n\n\n<p>Cette solution offre une valeur ajout\u00e9e significative en r\u00e9duisant les risques d\u2019endommagement des marchandises : un investissement strat\u00e9gique pour les entreprises souhaitant maximiser l\u2019efficacit\u00e9 et la s\u00e9curit\u00e9 de leur logistique.<\/p>","protected":false},"excerpt":{"rendered":"<p>Macchine automatiche avvolgitrici di pallet con dispositivo mettifoglio Nell\u2019ambito della logistica moderna e della gestione delle spedizioni, l\u2019efficienza operativa e la sicurezza nel trasporto delle merci rappresentano elementi chiave per garantire affidabilit\u00e0, riduzione dei costi e soddisfazione del cliente finale. In questo contesto, le macchine avvolgitrici di pallet si configurano come strumenti tecnologicamente avanzati, capaci [&hellip;]<\/p>\n","protected":false},"author":1,"featured_media":17317,"comment_status":"closed","ping_status":"closed","sticky":false,"template":"","format":"standard","meta":{"footnotes":""},"categories":[42],"tags":[],"class_list":["post-17316","post","type-post","status-publish","format-standard","has-post-thumbnail","hentry","category-news-approfondimenti"],"yoast_head":"<!-- This site is optimized with the Yoast SEO plugin v27.5 - https:\/\/yoast.com\/product\/yoast-seo-wordpress\/ -->\n<title>Avvolgimento pallet. Innovazione nella protezione del carico - Effe3ti<\/title>\n<meta name=\"description\" content=\"Le macchine per l&#039;avvolgimento di pallet con dispositivo mettifoglio, la soluzione per la protezione del carico\" \/>\n<meta name=\"robots\" content=\"index, follow, max-snippet:-1, max-image-preview:large, max-video-preview:-1\" \/>\n<link rel=\"canonical\" href=\"https:\/\/www.effe3ti.com\/fr\/innovation-en-matiere-demballage-de-palettes-pour-la-protection-des-charges\/\" \/>\n<meta property=\"og:locale\" content=\"fr_FR\" \/>\n<meta property=\"og:type\" content=\"article\" \/>\n<meta property=\"og:title\" content=\"Avvolgimento pallet. Innovazione nella protezione del carico - Effe3ti\" \/>\n<meta property=\"og:description\" content=\"Le macchine per l&#039;avvolgimento di pallet con dispositivo mettifoglio, la soluzione per la protezione del carico\" \/>\n<meta property=\"og:url\" content=\"https:\/\/www.effe3ti.com\/fr\/innovation-en-matiere-demballage-de-palettes-pour-la-protection-des-charges\/\" \/>\n<meta property=\"og:site_name\" content=\"Effe3ti\" \/>\n<meta property=\"article:publisher\" content=\"https:\/\/www.facebook.com\/effe3ti.packaging\" \/>\n<meta property=\"article:published_time\" content=\"2024-09-09T14:54:21+00:00\" \/>\n<meta property=\"article:modified_time\" content=\"2025-04-16T14:24:59+00:00\" \/>\n<meta property=\"og:image\" content=\"https:\/\/www.effe3ti.com\/wp-content\/uploads\/2024\/09\/S2300P-MF2000-240215-web.jpg\" \/>\n\t<meta property=\"og:image:width\" content=\"668\" \/>\n\t<meta property=\"og:image:height\" content=\"1000\" \/>\n\t<meta property=\"og:image:type\" content=\"image\/jpeg\" \/>\n<meta name=\"author\" content=\"admin\" \/>\n<meta name=\"twitter:card\" content=\"summary_large_image\" \/>\n<meta name=\"twitter:label1\" content=\"\u00c9crit par\" \/>\n\t<meta name=\"twitter:data1\" content=\"admin\" \/>\n\t<meta name=\"twitter:label2\" content=\"Dur\u00e9e de lecture estim\u00e9e\" \/>\n\t<meta name=\"twitter:data2\" content=\"2 minutes\" \/>\n<script type=\"application\/ld+json\" class=\"yoast-schema-graph\">{\"@context\":\"https:\\\/\\\/schema.org\",\"@graph\":[{\"@type\":\"Article\",\"@id\":\"https:\\\/\\\/www.effe3ti.com\\\/avvolgimento-pallet-innovazione-nella-protezione-del-carico\\\/#article\",\"isPartOf\":{\"@id\":\"https:\\\/\\\/www.effe3ti.com\\\/avvolgimento-pallet-innovazione-nella-protezione-del-carico\\\/\"},\"author\":{\"name\":\"admin\",\"@id\":\"https:\\\/\\\/www.effe3ti.com\\\/#\\\/schema\\\/person\\\/6cef6f087618c649ebbf63a4ea46e0d6\"},\"headline\":\"Avvolgimento pallet. Innovazione nella protezione del carico\",\"datePublished\":\"2024-09-09T14:54:21+00:00\",\"dateModified\":\"2025-04-16T14:24:59+00:00\",\"mainEntityOfPage\":{\"@id\":\"https:\\\/\\\/www.effe3ti.com\\\/avvolgimento-pallet-innovazione-nella-protezione-del-carico\\\/\"},\"wordCount\":276,\"publisher\":{\"@id\":\"https:\\\/\\\/www.effe3ti.com\\\/#organization\"},\"image\":{\"@id\":\"https:\\\/\\\/www.effe3ti.com\\\/avvolgimento-pallet-innovazione-nella-protezione-del-carico\\\/#primaryimage\"},\"thumbnailUrl\":\"https:\\\/\\\/www.effe3ti.com\\\/wp-content\\\/uploads\\\/2024\\\/09\\\/S2300P-MF2000-240215-web.jpg\",\"articleSection\":[\"Approfondimenti\"],\"inLanguage\":\"fr-FR\"},{\"@type\":\"WebPage\",\"@id\":\"https:\\\/\\\/www.effe3ti.com\\\/avvolgimento-pallet-innovazione-nella-protezione-del-carico\\\/\",\"url\":\"https:\\\/\\\/www.effe3ti.com\\\/avvolgimento-pallet-innovazione-nella-protezione-del-carico\\\/\",\"name\":\"Avvolgimento pallet. Innovazione nella protezione del carico - Effe3ti\",\"isPartOf\":{\"@id\":\"https:\\\/\\\/www.effe3ti.com\\\/#website\"},\"primaryImageOfPage\":{\"@id\":\"https:\\\/\\\/www.effe3ti.com\\\/avvolgimento-pallet-innovazione-nella-protezione-del-carico\\\/#primaryimage\"},\"image\":{\"@id\":\"https:\\\/\\\/www.effe3ti.com\\\/avvolgimento-pallet-innovazione-nella-protezione-del-carico\\\/#primaryimage\"},\"thumbnailUrl\":\"https:\\\/\\\/www.effe3ti.com\\\/wp-content\\\/uploads\\\/2024\\\/09\\\/S2300P-MF2000-240215-web.jpg\",\"datePublished\":\"2024-09-09T14:54:21+00:00\",\"dateModified\":\"2025-04-16T14:24:59+00:00\",\"description\":\"Le macchine per l'avvolgimento di pallet con dispositivo mettifoglio, la soluzione per la protezione del carico\",\"breadcrumb\":{\"@id\":\"https:\\\/\\\/www.effe3ti.com\\\/avvolgimento-pallet-innovazione-nella-protezione-del-carico\\\/#breadcrumb\"},\"inLanguage\":\"fr-FR\",\"potentialAction\":[{\"@type\":\"ReadAction\",\"target\":[\"https:\\\/\\\/www.effe3ti.com\\\/avvolgimento-pallet-innovazione-nella-protezione-del-carico\\\/\"]}]},{\"@type\":\"ImageObject\",\"inLanguage\":\"fr-FR\",\"@id\":\"https:\\\/\\\/www.effe3ti.com\\\/avvolgimento-pallet-innovazione-nella-protezione-del-carico\\\/#primaryimage\",\"url\":\"https:\\\/\\\/www.effe3ti.com\\\/wp-content\\\/uploads\\\/2024\\\/09\\\/S2300P-MF2000-240215-web.jpg\",\"contentUrl\":\"https:\\\/\\\/www.effe3ti.com\\\/wp-content\\\/uploads\\\/2024\\\/09\\\/S2300P-MF2000-240215-web.jpg\",\"width\":668,\"height\":1000,\"caption\":\"Avvolgitrice con mettifoglio protezione del carico\"},{\"@type\":\"BreadcrumbList\",\"@id\":\"https:\\\/\\\/www.effe3ti.com\\\/avvolgimento-pallet-innovazione-nella-protezione-del-carico\\\/#breadcrumb\",\"itemListElement\":[{\"@type\":\"ListItem\",\"position\":1,\"name\":\"Home\",\"item\":\"https:\\\/\\\/www.effe3ti.com\\\/\"},{\"@type\":\"ListItem\",\"position\":2,\"name\":\"Avvolgimento pallet. Innovazione nella protezione del carico\"}]},{\"@type\":\"WebSite\",\"@id\":\"https:\\\/\\\/www.effe3ti.com\\\/#website\",\"url\":\"https:\\\/\\\/www.effe3ti.com\\\/\",\"name\":\"Effe3ti\",\"description\":\"Packaging Technologies\",\"publisher\":{\"@id\":\"https:\\\/\\\/www.effe3ti.com\\\/#organization\"},\"potentialAction\":[{\"@type\":\"SearchAction\",\"target\":{\"@type\":\"EntryPoint\",\"urlTemplate\":\"https:\\\/\\\/www.effe3ti.com\\\/?s={search_term_string}\"},\"query-input\":{\"@type\":\"PropertyValueSpecification\",\"valueRequired\":true,\"valueName\":\"search_term_string\"}}],\"inLanguage\":\"fr-FR\"},{\"@type\":\"Organization\",\"@id\":\"https:\\\/\\\/www.effe3ti.com\\\/#organization\",\"name\":\"Effe3ti\",\"alternateName\":\"f3t\",\"url\":\"https:\\\/\\\/www.effe3ti.com\\\/\",\"logo\":{\"@type\":\"ImageObject\",\"inLanguage\":\"fr-FR\",\"@id\":\"https:\\\/\\\/www.effe3ti.com\\\/#\\\/schema\\\/logo\\\/image\\\/\",\"url\":\"https:\\\/\\\/www.effe3ti.com\\\/wp-content\\\/uploads\\\/2021\\\/04\\\/Effe3ti_logo-350.gif\",\"contentUrl\":\"https:\\\/\\\/www.effe3ti.com\\\/wp-content\\\/uploads\\\/2021\\\/04\\\/Effe3ti_logo-350.gif\",\"width\":350,\"height\":128,\"caption\":\"Effe3ti\"},\"image\":{\"@id\":\"https:\\\/\\\/www.effe3ti.com\\\/#\\\/schema\\\/logo\\\/image\\\/\"},\"sameAs\":[\"https:\\\/\\\/www.facebook.com\\\/effe3ti.packaging\",\"https:\\\/\\\/www.instagram.com\\\/EFFE3TI\\\/\",\"https:\\\/\\\/www.linkedin.com\\\/company\\\/effe3ti-srl\",\"https:\\\/\\\/www.youtube.com\\\/effe3ti\"]},{\"@type\":\"Person\",\"@id\":\"https:\\\/\\\/www.effe3ti.com\\\/#\\\/schema\\\/person\\\/6cef6f087618c649ebbf63a4ea46e0d6\",\"name\":\"admin\",\"image\":{\"@type\":\"ImageObject\",\"inLanguage\":\"fr-FR\",\"@id\":\"https:\\\/\\\/secure.gravatar.com\\\/avatar\\\/b253dd15467b2329f0e140e2e96d7a7963ee736a560580d3f5e9ae1015d2b5fd?s=96&d=mm&r=g\",\"url\":\"https:\\\/\\\/secure.gravatar.com\\\/avatar\\\/b253dd15467b2329f0e140e2e96d7a7963ee736a560580d3f5e9ae1015d2b5fd?s=96&d=mm&r=g\",\"contentUrl\":\"https:\\\/\\\/secure.gravatar.com\\\/avatar\\\/b253dd15467b2329f0e140e2e96d7a7963ee736a560580d3f5e9ae1015d2b5fd?s=96&d=mm&r=g\",\"caption\":\"admin\"}}]}<\/script>\n<!-- \/ Yoast SEO plugin. -->","yoast_head_json":{"title":"Emballage de palettes. Innovation dans la protection du fret - Effe3ti","description":"Banderoleuses de palettes avec alimentateur de feuilles, la solution pour la protection des charges","robots":{"index":"index","follow":"follow","max-snippet":"max-snippet:-1","max-image-preview":"max-image-preview:large","max-video-preview":"max-video-preview:-1"},"canonical":"https:\/\/www.effe3ti.com\/fr\/innovation-en-matiere-demballage-de-palettes-pour-la-protection-des-charges\/","og_locale":"fr_FR","og_type":"article","og_title":"Avvolgimento pallet. Innovazione nella protezione del carico - Effe3ti","og_description":"Le macchine per l'avvolgimento di pallet con dispositivo mettifoglio, la soluzione per la protezione del carico","og_url":"https:\/\/www.effe3ti.com\/fr\/innovation-en-matiere-demballage-de-palettes-pour-la-protection-des-charges\/","og_site_name":"Effe3ti","article_publisher":"https:\/\/www.facebook.com\/effe3ti.packaging","article_published_time":"2024-09-09T14:54:21+00:00","article_modified_time":"2025-04-16T14:24:59+00:00","og_image":[{"width":668,"height":1000,"url":"https:\/\/www.effe3ti.com\/wp-content\/uploads\/2024\/09\/S2300P-MF2000-240215-web.jpg","type":"image\/jpeg"}],"author":"admin","twitter_card":"summary_large_image","twitter_misc":{"\u00c9crit par":"admin","Dur\u00e9e de lecture estim\u00e9e":"2 minutes"},"schema":{"@context":"https:\/\/schema.org","@graph":[{"@type":"Article","@id":"https:\/\/www.effe3ti.com\/avvolgimento-pallet-innovazione-nella-protezione-del-carico\/#article","isPartOf":{"@id":"https:\/\/www.effe3ti.com\/avvolgimento-pallet-innovazione-nella-protezione-del-carico\/"},"author":{"name":"admin","@id":"https:\/\/www.effe3ti.com\/#\/schema\/person\/6cef6f087618c649ebbf63a4ea46e0d6"},"headline":"Avvolgimento pallet. Innovazione nella protezione del carico","datePublished":"2024-09-09T14:54:21+00:00","dateModified":"2025-04-16T14:24:59+00:00","mainEntityOfPage":{"@id":"https:\/\/www.effe3ti.com\/avvolgimento-pallet-innovazione-nella-protezione-del-carico\/"},"wordCount":276,"publisher":{"@id":"https:\/\/www.effe3ti.com\/#organization"},"image":{"@id":"https:\/\/www.effe3ti.com\/avvolgimento-pallet-innovazione-nella-protezione-del-carico\/#primaryimage"},"thumbnailUrl":"https:\/\/www.effe3ti.com\/wp-content\/uploads\/2024\/09\/S2300P-MF2000-240215-web.jpg","articleSection":["Approfondimenti"],"inLanguage":"fr-FR"},{"@type":"WebPage","@id":"https:\/\/www.effe3ti.com\/avvolgimento-pallet-innovazione-nella-protezione-del-carico\/","url":"https:\/\/www.effe3ti.com\/avvolgimento-pallet-innovazione-nella-protezione-del-carico\/","name":"Emballage de palettes. Innovation dans la protection du fret - Effe3ti","isPartOf":{"@id":"https:\/\/www.effe3ti.com\/#website"},"primaryImageOfPage":{"@id":"https:\/\/www.effe3ti.com\/avvolgimento-pallet-innovazione-nella-protezione-del-carico\/#primaryimage"},"image":{"@id":"https:\/\/www.effe3ti.com\/avvolgimento-pallet-innovazione-nella-protezione-del-carico\/#primaryimage"},"thumbnailUrl":"https:\/\/www.effe3ti.com\/wp-content\/uploads\/2024\/09\/S2300P-MF2000-240215-web.jpg","datePublished":"2024-09-09T14:54:21+00:00","dateModified":"2025-04-16T14:24:59+00:00","description":"Banderoleuses de palettes avec alimentateur de feuilles, la solution pour la protection des charges","breadcrumb":{"@id":"https:\/\/www.effe3ti.com\/avvolgimento-pallet-innovazione-nella-protezione-del-carico\/#breadcrumb"},"inLanguage":"fr-FR","potentialAction":[{"@type":"ReadAction","target":["https:\/\/www.effe3ti.com\/avvolgimento-pallet-innovazione-nella-protezione-del-carico\/"]}]},{"@type":"ImageObject","inLanguage":"fr-FR","@id":"https:\/\/www.effe3ti.com\/avvolgimento-pallet-innovazione-nella-protezione-del-carico\/#primaryimage","url":"https:\/\/www.effe3ti.com\/wp-content\/uploads\/2024\/09\/S2300P-MF2000-240215-web.jpg","contentUrl":"https:\/\/www.effe3ti.com\/wp-content\/uploads\/2024\/09\/S2300P-MF2000-240215-web.jpg","width":668,"height":1000,"caption":"Avvolgitrice con mettifoglio protezione del carico"},{"@type":"BreadcrumbList","@id":"https:\/\/www.effe3ti.com\/avvolgimento-pallet-innovazione-nella-protezione-del-carico\/#breadcrumb","itemListElement":[{"@type":"ListItem","position":1,"name":"Home","item":"https:\/\/www.effe3ti.com\/"},{"@type":"ListItem","position":2,"name":"Avvolgimento pallet. Innovazione nella protezione del carico"}]},{"@type":"WebSite","@id":"https:\/\/www.effe3ti.com\/#website","url":"https:\/\/www.effe3ti.com\/","name":"Effe3ti","description":"Technologies d&#039;emballage","publisher":{"@id":"https:\/\/www.effe3ti.com\/#organization"},"potentialAction":[{"@type":"SearchAction","target":{"@type":"EntryPoint","urlTemplate":"https:\/\/www.effe3ti.com\/?s={search_term_string}"},"query-input":{"@type":"PropertyValueSpecification","valueRequired":true,"valueName":"search_term_string"}}],"inLanguage":"fr-FR"},{"@type":"Organization","@id":"https:\/\/www.effe3ti.com\/#organization","name":"Effe3ti","alternateName":"f3t","url":"https:\/\/www.effe3ti.com\/","logo":{"@type":"ImageObject","inLanguage":"fr-FR","@id":"https:\/\/www.effe3ti.com\/#\/schema\/logo\/image\/","url":"https:\/\/www.effe3ti.com\/wp-content\/uploads\/2021\/04\/Effe3ti_logo-350.gif","contentUrl":"https:\/\/www.effe3ti.com\/wp-content\/uploads\/2021\/04\/Effe3ti_logo-350.gif","width":350,"height":128,"caption":"Effe3ti"},"image":{"@id":"https:\/\/www.effe3ti.com\/#\/schema\/logo\/image\/"},"sameAs":["https:\/\/www.facebook.com\/effe3ti.packaging","https:\/\/www.instagram.com\/EFFE3TI\/","https:\/\/www.linkedin.com\/company\/effe3ti-srl","https:\/\/www.youtube.com\/effe3ti"]},{"@type":"Person","@id":"https:\/\/www.effe3ti.com\/#\/schema\/person\/6cef6f087618c649ebbf63a4ea46e0d6","name":"administrateur","image":{"@type":"ImageObject","inLanguage":"fr-FR","@id":"https:\/\/secure.gravatar.com\/avatar\/b253dd15467b2329f0e140e2e96d7a7963ee736a560580d3f5e9ae1015d2b5fd?s=96&d=mm&r=g","url":"https:\/\/secure.gravatar.com\/avatar\/b253dd15467b2329f0e140e2e96d7a7963ee736a560580d3f5e9ae1015d2b5fd?s=96&d=mm&r=g","contentUrl":"https:\/\/secure.gravatar.com\/avatar\/b253dd15467b2329f0e140e2e96d7a7963ee736a560580d3f5e9ae1015d2b5fd?s=96&d=mm&r=g","caption":"admin"}}]}},"_links":{"self":[{"href":"https:\/\/www.effe3ti.com\/fr\/wp-json\/wp\/v2\/posts\/17316","targetHints":{"allow":["GET"]}}],"collection":[{"href":"https:\/\/www.effe3ti.com\/fr\/wp-json\/wp\/v2\/posts"}],"about":[{"href":"https:\/\/www.effe3ti.com\/fr\/wp-json\/wp\/v2\/types\/post"}],"author":[{"embeddable":true,"href":"https:\/\/www.effe3ti.com\/fr\/wp-json\/wp\/v2\/users\/1"}],"replies":[{"embeddable":true,"href":"https:\/\/www.effe3ti.com\/fr\/wp-json\/wp\/v2\/comments?post=17316"}],"version-history":[{"count":5,"href":"https:\/\/www.effe3ti.com\/fr\/wp-json\/wp\/v2\/posts\/17316\/revisions"}],"predecessor-version":[{"id":22965,"href":"https:\/\/www.effe3ti.com\/fr\/wp-json\/wp\/v2\/posts\/17316\/revisions\/22965"}],"wp:featuredmedia":[{"embeddable":true,"href":"https:\/\/www.effe3ti.com\/fr\/wp-json\/wp\/v2\/media\/17317"}],"wp:attachment":[{"href":"https:\/\/www.effe3ti.com\/fr\/wp-json\/wp\/v2\/media?parent=17316"}],"wp:term":[{"taxonomy":"category","embeddable":true,"href":"https:\/\/www.effe3ti.com\/fr\/wp-json\/wp\/v2\/categories?post=17316"},{"taxonomy":"post_tag","embeddable":true,"href":"https:\/\/www.effe3ti.com\/fr\/wp-json\/wp\/v2\/tags?post=17316"}],"curies":[{"name":"wp","href":"https:\/\/api.w.org\/{rel}","templated":true}]}}