{"id":21416,"date":"2025-01-15T16:23:13","date_gmt":"2025-01-15T16:23:13","guid":{"rendered":"https:\/\/www.effe3ti.com\/?p=21416"},"modified":"2025-04-16T14:15:23","modified_gmt":"2025-04-16T14:15:23","slug":"compacter-les-dechets-dans-des-poubelles-et-des-bennes-a-ordures","status":"publish","type":"post","link":"https:\/\/www.effe3ti.com\/fr\/compattare-rifiuti-in-bidoni-e-cassonetti\/","title":{"rendered":"Compacter les d\u00e9chets dans des poubelles et des conteneurs"},"content":{"rendered":"<h2 class=\"wp-block-heading\">L&#039;importance de compacter les d\u00e9chets dans les poubelles et les bennes<\/h2>\n\n\n\n<p>La gestion efficace des d\u00e9chets est une priorit\u00e9 de plus en plus importante dans tous les contextes, des m\u00e9nages aux grands \u00e9tablissements publics, en passant par les copropri\u00e9t\u00e9s, les bureaux, les entreprises et les \u00e9tablissements de sant\u00e9 tels que les h\u00f4pitaux et les cliniques. Dans ce contexte, le compactage des d\u00e9chets contenus dans les poubelles et les bennes \u00e0 ordures est une solution pratique, avantageuse et facilement applicable. Elle permet une r\u00e9duction significative des volumes, une optimisation de l&#039;utilisation des espaces disponibles et une simplification des op\u00e9rations de collecte et d&#039;\u00e9limination. De plus, elle favorise une gestion plus durable et responsable des d\u00e9chets, contribuant \u00e0 la r\u00e9duction de l&#039;impact environnemental et \u00e0 l&#039;adoption de comportements plus vertueux, m\u00eame en dehors du contexte strictement industriel.<\/p>\n\n\n\n<figure class=\"wp-block-image\"><img decoding=\"async\" src=\"https:\/\/www.effe3ti.com\/wp-content\/uploads\/2025\/01\/pressa-cassonetti.jpg\" alt=\"\"\/><\/figure>\n\n\n\n<p><\/p>\n\n\n\n<h3 class=\"wp-block-heading\">Domaines d&#039;application<\/h3>\n\n\n\n<p>Le <a href=\"https:\/\/www.effe3ti.com\/fr\/produit\/presse-a-bacs-mt240-mt120-mt360\/\"><strong>presses pour bacs<\/strong><\/a> et ceux <strong><a href=\"https:\/\/www.effe3ti.com\/fr\/produit\/presse-a-conteneurs-rc1100-et-rc660-770\/\">pour les poubelles<\/a><\/strong> peut \u00eatre utilis\u00e9 avec de grands avantages dans :<\/p>\n\n\n\n<ul class=\"wp-block-list\">\n<li>\u00e9coles<\/li>\n\n\n\n<li>b\u00e2timents publics<\/li>\n\n\n\n<li>bureaux<\/li>\n\n\n\n<li>biblioth\u00e8ques<\/li>\n\n\n\n<li>secteur h\u00f4telier<\/li>\n\n\n\n<li>secteur gastronomique<\/li>\n\n\n\n<li>h\u00f4pitaux<\/li>\n\n\n\n<li>communaut\u00e9<\/li>\n<\/ul>\n\n\n\n<p>o\u00f9 le compactage des d\u00e9chets permet une r\u00e9duction de l\u2019espace, un environnement plus propre et plus d\u00e9coratif, et une optimisation des syst\u00e8mes de collecte.<\/p>\n\n\n\n<p>De plus, la r\u00e9duction du nombre de poubelles enregistr\u00e9es aupr\u00e8s des entreprises d\u2019\u00e9limination des d\u00e9chets se traduit par <strong>\u00e9conomies \u00e9conomiques et impact environnemental r\u00e9duit.<\/strong><\/p>\n\n\n\n<figure class=\"wp-block-image\"><img decoding=\"async\" src=\"https:\/\/www.effe3ti.com\/wp-content\/uploads\/2025\/01\/bidoni-spazzatura-1024x230.jpg\" alt=\"\"\/><\/figure>\n\n\n\n<p><\/p>\n\n\n\n<p>Ces presses \u00e0 balles sont construites \u00e0 partir de mat\u00e9riaux durables et r\u00e9sistants, peuvent \u00eatre positionn\u00e9es et utilis\u00e9es aussi bien \u00e0 l&#039;int\u00e9rieur qu&#039;\u00e0 l&#039;ext\u00e9rieur et sont parfaites pour compacter :<\/p>\n\n\n\n<ul class=\"wp-block-list\">\n<li>d\u00e9chets g\u00e9n\u00e9raux<\/li>\n\n\n\n<li>papier<\/li>\n\n\n\n<li>carton<\/li>\n\n\n\n<li>plastique<\/li>\n<\/ul>\n\n\n\n<p>Promouvoir l\u2019utilisation de syst\u00e8mes de compactage des d\u00e9chets dans les poubelles et les bennes est un choix judicieux pour am\u00e9liorer l\u2019efficacit\u00e9 de la gestion, avec des avantages tangibles pour l\u2019environnement et pour les personnes.<\/p>\n\n\n\n<p><\/p>","protected":false},"excerpt":{"rendered":"<p>L&#8217;importanza della compattazione dei rifiuti nei bidoni e nei cassonetti La gestione efficiente dei rifiuti rappresenta una priorit\u00e0 sempre pi\u00f9 rilevante in tutti i contesti, dai nuclei familiari alle grandi strutture pubbliche, passando per condomini, uffici, aziende e strutture sanitarie come ospedali e cliniche. In questo scenario, la compattazione dei rifiuti contenuti nei bidoni e [&hellip;]<\/p>\n","protected":false},"author":1,"featured_media":21427,"comment_status":"closed","ping_status":"closed","sticky":false,"template":"","format":"standard","meta":{"footnotes":""},"categories":[41],"tags":[],"class_list":["post-21416","post","type-post","status-publish","format-standard","has-post-thumbnail","hentry","category-news-prodotto"],"yoast_head":"<!-- This site is optimized with the Yoast SEO plugin v27.4 - https:\/\/yoast.com\/product\/yoast-seo-wordpress\/ -->\n<title>Compattare rifiuti in bidoni e cassonetti - Effe3ti<\/title>\n<meta name=\"description\" content=\"Compattare i rifiuti nei bidoni e nei cassonetti \u00e8 una soluzione pratica e vantaggiosa per favorire una gestione pi\u00f9 sostenibile\" \/>\n<meta name=\"robots\" content=\"index, follow, max-snippet:-1, max-image-preview:large, max-video-preview:-1\" \/>\n<link rel=\"canonical\" href=\"https:\/\/www.effe3ti.com\/fr\/compacter-les-dechets-dans-des-poubelles-et-des-bennes-a-ordures\/\" \/>\n<meta property=\"og:locale\" content=\"fr_FR\" \/>\n<meta property=\"og:type\" content=\"article\" \/>\n<meta property=\"og:title\" content=\"Compattare rifiuti in bidoni e cassonetti - Effe3ti\" \/>\n<meta property=\"og:description\" content=\"Compattare i rifiuti nei bidoni e nei cassonetti \u00e8 una soluzione pratica e vantaggiosa per favorire una gestione pi\u00f9 sostenibile\" \/>\n<meta property=\"og:url\" content=\"https:\/\/www.effe3ti.com\/fr\/compacter-les-dechets-dans-des-poubelles-et-des-bennes-a-ordures\/\" \/>\n<meta property=\"og:site_name\" content=\"Effe3ti\" \/>\n<meta property=\"article:publisher\" content=\"https:\/\/www.facebook.com\/effe3ti.packaging\" \/>\n<meta property=\"article:published_time\" content=\"2025-01-15T16:23:13+00:00\" \/>\n<meta property=\"article:modified_time\" content=\"2025-04-16T14:15:23+00:00\" \/>\n<meta property=\"og:image\" content=\"https:\/\/www.effe3ti.com\/wp-content\/uploads\/2025\/01\/pressa-bidoni.jpg\" \/>\n\t<meta property=\"og:image:width\" content=\"1500\" \/>\n\t<meta property=\"og:image:height\" content=\"1001\" \/>\n\t<meta property=\"og:image:type\" content=\"image\/jpeg\" \/>\n<meta name=\"author\" content=\"admin\" \/>\n<meta name=\"twitter:card\" content=\"summary_large_image\" \/>\n<meta name=\"twitter:label1\" content=\"\u00c9crit par\" \/>\n\t<meta name=\"twitter:data1\" content=\"admin\" \/>\n\t<meta name=\"twitter:label2\" content=\"Dur\u00e9e de lecture estim\u00e9e\" \/>\n\t<meta name=\"twitter:data2\" content=\"2 minutes\" \/>\n<script type=\"application\/ld+json\" class=\"yoast-schema-graph\">{\"@context\":\"https:\\\/\\\/schema.org\",\"@graph\":[{\"@type\":\"Article\",\"@id\":\"https:\\\/\\\/www.effe3ti.com\\\/compattare-rifiuti-in-bidoni-e-cassonetti\\\/#article\",\"isPartOf\":{\"@id\":\"https:\\\/\\\/www.effe3ti.com\\\/compattare-rifiuti-in-bidoni-e-cassonetti\\\/\"},\"author\":{\"name\":\"admin\",\"@id\":\"https:\\\/\\\/www.effe3ti.com\\\/#\\\/schema\\\/person\\\/6cef6f087618c649ebbf63a4ea46e0d6\"},\"headline\":\"Compattare rifiuti in bidoni e cassonetti\",\"datePublished\":\"2025-01-15T16:23:13+00:00\",\"dateModified\":\"2025-04-16T14:15:23+00:00\",\"mainEntityOfPage\":{\"@id\":\"https:\\\/\\\/www.effe3ti.com\\\/compattare-rifiuti-in-bidoni-e-cassonetti\\\/\"},\"wordCount\":261,\"publisher\":{\"@id\":\"https:\\\/\\\/www.effe3ti.com\\\/#organization\"},\"image\":{\"@id\":\"https:\\\/\\\/www.effe3ti.com\\\/compattare-rifiuti-in-bidoni-e-cassonetti\\\/#primaryimage\"},\"thumbnailUrl\":\"https:\\\/\\\/www.effe3ti.com\\\/wp-content\\\/uploads\\\/2025\\\/01\\\/pressa-bidoni.jpg\",\"articleSection\":[\"Prodotto\"],\"inLanguage\":\"fr-FR\"},{\"@type\":\"WebPage\",\"@id\":\"https:\\\/\\\/www.effe3ti.com\\\/compattare-rifiuti-in-bidoni-e-cassonetti\\\/\",\"url\":\"https:\\\/\\\/www.effe3ti.com\\\/compattare-rifiuti-in-bidoni-e-cassonetti\\\/\",\"name\":\"Compattare rifiuti in bidoni e cassonetti - Effe3ti\",\"isPartOf\":{\"@id\":\"https:\\\/\\\/www.effe3ti.com\\\/#website\"},\"primaryImageOfPage\":{\"@id\":\"https:\\\/\\\/www.effe3ti.com\\\/compattare-rifiuti-in-bidoni-e-cassonetti\\\/#primaryimage\"},\"image\":{\"@id\":\"https:\\\/\\\/www.effe3ti.com\\\/compattare-rifiuti-in-bidoni-e-cassonetti\\\/#primaryimage\"},\"thumbnailUrl\":\"https:\\\/\\\/www.effe3ti.com\\\/wp-content\\\/uploads\\\/2025\\\/01\\\/pressa-bidoni.jpg\",\"datePublished\":\"2025-01-15T16:23:13+00:00\",\"dateModified\":\"2025-04-16T14:15:23+00:00\",\"description\":\"Compattare i rifiuti nei bidoni e nei cassonetti \u00e8 una soluzione pratica e vantaggiosa per favorire una gestione pi\u00f9 sostenibile\",\"breadcrumb\":{\"@id\":\"https:\\\/\\\/www.effe3ti.com\\\/compattare-rifiuti-in-bidoni-e-cassonetti\\\/#breadcrumb\"},\"inLanguage\":\"fr-FR\",\"potentialAction\":[{\"@type\":\"ReadAction\",\"target\":[\"https:\\\/\\\/www.effe3ti.com\\\/compattare-rifiuti-in-bidoni-e-cassonetti\\\/\"]}]},{\"@type\":\"ImageObject\",\"inLanguage\":\"fr-FR\",\"@id\":\"https:\\\/\\\/www.effe3ti.com\\\/compattare-rifiuti-in-bidoni-e-cassonetti\\\/#primaryimage\",\"url\":\"https:\\\/\\\/www.effe3ti.com\\\/wp-content\\\/uploads\\\/2025\\\/01\\\/pressa-bidoni.jpg\",\"contentUrl\":\"https:\\\/\\\/www.effe3ti.com\\\/wp-content\\\/uploads\\\/2025\\\/01\\\/pressa-bidoni.jpg\",\"width\":1500,\"height\":1001,\"caption\":\"pressa per rifiuti in bidoni e cassonetti\"},{\"@type\":\"BreadcrumbList\",\"@id\":\"https:\\\/\\\/www.effe3ti.com\\\/compattare-rifiuti-in-bidoni-e-cassonetti\\\/#breadcrumb\",\"itemListElement\":[{\"@type\":\"ListItem\",\"position\":1,\"name\":\"Home\",\"item\":\"https:\\\/\\\/www.effe3ti.com\\\/\"},{\"@type\":\"ListItem\",\"position\":2,\"name\":\"Compattare rifiuti in bidoni e cassonetti\"}]},{\"@type\":\"WebSite\",\"@id\":\"https:\\\/\\\/www.effe3ti.com\\\/#website\",\"url\":\"https:\\\/\\\/www.effe3ti.com\\\/\",\"name\":\"Effe3ti\",\"description\":\"Packaging Technologies\",\"publisher\":{\"@id\":\"https:\\\/\\\/www.effe3ti.com\\\/#organization\"},\"potentialAction\":[{\"@type\":\"SearchAction\",\"target\":{\"@type\":\"EntryPoint\",\"urlTemplate\":\"https:\\\/\\\/www.effe3ti.com\\\/?s={search_term_string}\"},\"query-input\":{\"@type\":\"PropertyValueSpecification\",\"valueRequired\":true,\"valueName\":\"search_term_string\"}}],\"inLanguage\":\"fr-FR\"},{\"@type\":\"Organization\",\"@id\":\"https:\\\/\\\/www.effe3ti.com\\\/#organization\",\"name\":\"Effe3ti\",\"alternateName\":\"f3t\",\"url\":\"https:\\\/\\\/www.effe3ti.com\\\/\",\"logo\":{\"@type\":\"ImageObject\",\"inLanguage\":\"fr-FR\",\"@id\":\"https:\\\/\\\/www.effe3ti.com\\\/#\\\/schema\\\/logo\\\/image\\\/\",\"url\":\"https:\\\/\\\/www.effe3ti.com\\\/wp-content\\\/uploads\\\/2021\\\/04\\\/Effe3ti_logo-350.gif\",\"contentUrl\":\"https:\\\/\\\/www.effe3ti.com\\\/wp-content\\\/uploads\\\/2021\\\/04\\\/Effe3ti_logo-350.gif\",\"width\":350,\"height\":128,\"caption\":\"Effe3ti\"},\"image\":{\"@id\":\"https:\\\/\\\/www.effe3ti.com\\\/#\\\/schema\\\/logo\\\/image\\\/\"},\"sameAs\":[\"https:\\\/\\\/www.facebook.com\\\/effe3ti.packaging\",\"https:\\\/\\\/www.instagram.com\\\/EFFE3TI\\\/\",\"https:\\\/\\\/www.linkedin.com\\\/company\\\/effe3ti-srl\",\"https:\\\/\\\/www.youtube.com\\\/effe3ti\"]},{\"@type\":\"Person\",\"@id\":\"https:\\\/\\\/www.effe3ti.com\\\/#\\\/schema\\\/person\\\/6cef6f087618c649ebbf63a4ea46e0d6\",\"name\":\"admin\",\"image\":{\"@type\":\"ImageObject\",\"inLanguage\":\"fr-FR\",\"@id\":\"https:\\\/\\\/secure.gravatar.com\\\/avatar\\\/b253dd15467b2329f0e140e2e96d7a7963ee736a560580d3f5e9ae1015d2b5fd?s=96&d=mm&r=g\",\"url\":\"https:\\\/\\\/secure.gravatar.com\\\/avatar\\\/b253dd15467b2329f0e140e2e96d7a7963ee736a560580d3f5e9ae1015d2b5fd?s=96&d=mm&r=g\",\"contentUrl\":\"https:\\\/\\\/secure.gravatar.com\\\/avatar\\\/b253dd15467b2329f0e140e2e96d7a7963ee736a560580d3f5e9ae1015d2b5fd?s=96&d=mm&r=g\",\"caption\":\"admin\"}}]}<\/script>\n<!-- \/ Yoast SEO plugin. -->","yoast_head_json":{"title":"Compactage des d\u00e9chets dans les poubelles et les bennes - Effe3ti","description":"Le compactage des d\u00e9chets dans des bacs et des bennes est une solution pratique et avantageuse pour favoriser une gestion plus durable","robots":{"index":"index","follow":"follow","max-snippet":"max-snippet:-1","max-image-preview":"max-image-preview:large","max-video-preview":"max-video-preview:-1"},"canonical":"https:\/\/www.effe3ti.com\/fr\/compacter-les-dechets-dans-des-poubelles-et-des-bennes-a-ordures\/","og_locale":"fr_FR","og_type":"article","og_title":"Compattare rifiuti in bidoni e cassonetti - Effe3ti","og_description":"Compattare i rifiuti nei bidoni e nei cassonetti \u00e8 una soluzione pratica e vantaggiosa per favorire una gestione pi\u00f9 sostenibile","og_url":"https:\/\/www.effe3ti.com\/fr\/compacter-les-dechets-dans-des-poubelles-et-des-bennes-a-ordures\/","og_site_name":"Effe3ti","article_publisher":"https:\/\/www.facebook.com\/effe3ti.packaging","article_published_time":"2025-01-15T16:23:13+00:00","article_modified_time":"2025-04-16T14:15:23+00:00","og_image":[{"width":1500,"height":1001,"url":"https:\/\/www.effe3ti.com\/wp-content\/uploads\/2025\/01\/pressa-bidoni.jpg","type":"image\/jpeg"}],"author":"admin","twitter_card":"summary_large_image","twitter_misc":{"\u00c9crit par":"admin","Dur\u00e9e de lecture estim\u00e9e":"2 minutes"},"schema":{"@context":"https:\/\/schema.org","@graph":[{"@type":"Article","@id":"https:\/\/www.effe3ti.com\/compattare-rifiuti-in-bidoni-e-cassonetti\/#article","isPartOf":{"@id":"https:\/\/www.effe3ti.com\/compattare-rifiuti-in-bidoni-e-cassonetti\/"},"author":{"name":"admin","@id":"https:\/\/www.effe3ti.com\/#\/schema\/person\/6cef6f087618c649ebbf63a4ea46e0d6"},"headline":"Compattare rifiuti in bidoni e cassonetti","datePublished":"2025-01-15T16:23:13+00:00","dateModified":"2025-04-16T14:15:23+00:00","mainEntityOfPage":{"@id":"https:\/\/www.effe3ti.com\/compattare-rifiuti-in-bidoni-e-cassonetti\/"},"wordCount":261,"publisher":{"@id":"https:\/\/www.effe3ti.com\/#organization"},"image":{"@id":"https:\/\/www.effe3ti.com\/compattare-rifiuti-in-bidoni-e-cassonetti\/#primaryimage"},"thumbnailUrl":"https:\/\/www.effe3ti.com\/wp-content\/uploads\/2025\/01\/pressa-bidoni.jpg","articleSection":["Prodotto"],"inLanguage":"fr-FR"},{"@type":"WebPage","@id":"https:\/\/www.effe3ti.com\/compattare-rifiuti-in-bidoni-e-cassonetti\/","url":"https:\/\/www.effe3ti.com\/compattare-rifiuti-in-bidoni-e-cassonetti\/","name":"Compactage des d\u00e9chets dans les poubelles et les bennes - Effe3ti","isPartOf":{"@id":"https:\/\/www.effe3ti.com\/#website"},"primaryImageOfPage":{"@id":"https:\/\/www.effe3ti.com\/compattare-rifiuti-in-bidoni-e-cassonetti\/#primaryimage"},"image":{"@id":"https:\/\/www.effe3ti.com\/compattare-rifiuti-in-bidoni-e-cassonetti\/#primaryimage"},"thumbnailUrl":"https:\/\/www.effe3ti.com\/wp-content\/uploads\/2025\/01\/pressa-bidoni.jpg","datePublished":"2025-01-15T16:23:13+00:00","dateModified":"2025-04-16T14:15:23+00:00","description":"Le compactage des d\u00e9chets dans des bacs et des bennes est une solution pratique et avantageuse pour favoriser une gestion plus durable","breadcrumb":{"@id":"https:\/\/www.effe3ti.com\/compattare-rifiuti-in-bidoni-e-cassonetti\/#breadcrumb"},"inLanguage":"fr-FR","potentialAction":[{"@type":"ReadAction","target":["https:\/\/www.effe3ti.com\/compattare-rifiuti-in-bidoni-e-cassonetti\/"]}]},{"@type":"ImageObject","inLanguage":"fr-FR","@id":"https:\/\/www.effe3ti.com\/compattare-rifiuti-in-bidoni-e-cassonetti\/#primaryimage","url":"https:\/\/www.effe3ti.com\/wp-content\/uploads\/2025\/01\/pressa-bidoni.jpg","contentUrl":"https:\/\/www.effe3ti.com\/wp-content\/uploads\/2025\/01\/pressa-bidoni.jpg","width":1500,"height":1001,"caption":"pressa per rifiuti in bidoni e cassonetti"},{"@type":"BreadcrumbList","@id":"https:\/\/www.effe3ti.com\/compattare-rifiuti-in-bidoni-e-cassonetti\/#breadcrumb","itemListElement":[{"@type":"ListItem","position":1,"name":"Home","item":"https:\/\/www.effe3ti.com\/"},{"@type":"ListItem","position":2,"name":"Compattare rifiuti in bidoni e cassonetti"}]},{"@type":"WebSite","@id":"https:\/\/www.effe3ti.com\/#website","url":"https:\/\/www.effe3ti.com\/","name":"Effe3ti","description":"Technologies d&#039;emballage","publisher":{"@id":"https:\/\/www.effe3ti.com\/#organization"},"potentialAction":[{"@type":"SearchAction","target":{"@type":"EntryPoint","urlTemplate":"https:\/\/www.effe3ti.com\/?s={search_term_string}"},"query-input":{"@type":"PropertyValueSpecification","valueRequired":true,"valueName":"search_term_string"}}],"inLanguage":"fr-FR"},{"@type":"Organization","@id":"https:\/\/www.effe3ti.com\/#organization","name":"Effe3ti","alternateName":"f3t","url":"https:\/\/www.effe3ti.com\/","logo":{"@type":"ImageObject","inLanguage":"fr-FR","@id":"https:\/\/www.effe3ti.com\/#\/schema\/logo\/image\/","url":"https:\/\/www.effe3ti.com\/wp-content\/uploads\/2021\/04\/Effe3ti_logo-350.gif","contentUrl":"https:\/\/www.effe3ti.com\/wp-content\/uploads\/2021\/04\/Effe3ti_logo-350.gif","width":350,"height":128,"caption":"Effe3ti"},"image":{"@id":"https:\/\/www.effe3ti.com\/#\/schema\/logo\/image\/"},"sameAs":["https:\/\/www.facebook.com\/effe3ti.packaging","https:\/\/www.instagram.com\/EFFE3TI\/","https:\/\/www.linkedin.com\/company\/effe3ti-srl","https:\/\/www.youtube.com\/effe3ti"]},{"@type":"Person","@id":"https:\/\/www.effe3ti.com\/#\/schema\/person\/6cef6f087618c649ebbf63a4ea46e0d6","name":"administrateur","image":{"@type":"ImageObject","inLanguage":"fr-FR","@id":"https:\/\/secure.gravatar.com\/avatar\/b253dd15467b2329f0e140e2e96d7a7963ee736a560580d3f5e9ae1015d2b5fd?s=96&d=mm&r=g","url":"https:\/\/secure.gravatar.com\/avatar\/b253dd15467b2329f0e140e2e96d7a7963ee736a560580d3f5e9ae1015d2b5fd?s=96&d=mm&r=g","contentUrl":"https:\/\/secure.gravatar.com\/avatar\/b253dd15467b2329f0e140e2e96d7a7963ee736a560580d3f5e9ae1015d2b5fd?s=96&d=mm&r=g","caption":"admin"}}]}},"_links":{"self":[{"href":"https:\/\/www.effe3ti.com\/fr\/wp-json\/wp\/v2\/posts\/21416","targetHints":{"allow":["GET"]}}],"collection":[{"href":"https:\/\/www.effe3ti.com\/fr\/wp-json\/wp\/v2\/posts"}],"about":[{"href":"https:\/\/www.effe3ti.com\/fr\/wp-json\/wp\/v2\/types\/post"}],"author":[{"embeddable":true,"href":"https:\/\/www.effe3ti.com\/fr\/wp-json\/wp\/v2\/users\/1"}],"replies":[{"embeddable":true,"href":"https:\/\/www.effe3ti.com\/fr\/wp-json\/wp\/v2\/comments?post=21416"}],"version-history":[{"count":5,"href":"https:\/\/www.effe3ti.com\/fr\/wp-json\/wp\/v2\/posts\/21416\/revisions"}],"predecessor-version":[{"id":22964,"href":"https:\/\/www.effe3ti.com\/fr\/wp-json\/wp\/v2\/posts\/21416\/revisions\/22964"}],"wp:featuredmedia":[{"embeddable":true,"href":"https:\/\/www.effe3ti.com\/fr\/wp-json\/wp\/v2\/media\/21427"}],"wp:attachment":[{"href":"https:\/\/www.effe3ti.com\/fr\/wp-json\/wp\/v2\/media?parent=21416"}],"wp:term":[{"taxonomy":"category","embeddable":true,"href":"https:\/\/www.effe3ti.com\/fr\/wp-json\/wp\/v2\/categories?post=21416"},{"taxonomy":"post_tag","embeddable":true,"href":"https:\/\/www.effe3ti.com\/fr\/wp-json\/wp\/v2\/tags?post=21416"}],"curies":[{"name":"wp","href":"https:\/\/api.w.org\/{rel}","templated":true}]}}