{"id":24438,"date":"2026-03-12T14:21:23","date_gmt":"2026-03-12T14:21:23","guid":{"rendered":"https:\/\/www.effe3ti.com\/?p=24438"},"modified":"2026-03-12T14:21:24","modified_gmt":"2026-03-12T14:21:24","slug":"presses-a-balles-et-compacteurs-de-carton-verticaux-avantages-et-applications","status":"publish","type":"post","link":"https:\/\/www.effe3ti.com\/fr\/presse-e-compattatori-cartone-verticali-vantaggi-e-applicazioni\/","title":{"rendered":"Presses \u00e0 balles et compacteurs de carton verticaux\u00a0: avantages et applications"},"content":{"rendered":"<p>Les presses \u00e0 balles et les compacteurs verticaux pour carton occupent une place de plus en plus strat\u00e9gique dans les entrep\u00f4ts, la logistique et les services de production. Pour de nombreuses entreprises, il ne s&#039;agit plus simplement de \u201c g\u00e9rer le carton \u201d, mais de le faire intelligemment et durablement, transformant ainsi ce qui \u00e9tait autrefois un simple d\u00e9chet en un flux de travail organis\u00e9, voire rentable.<\/p>\n\n\n\n<p>Ces derni\u00e8res ann\u00e9es, la croissance exponentielle du e-commerce et l&#039;augmentation des volumes d&#039;emballages entrants et sortants ont accentu\u00e9 la pression sur l&#039;espace et les processus internes. Les entreprises se retrouvent ainsi confront\u00e9es \u00e0 des all\u00e9es satur\u00e9es de cartons vides, \u00e0 des co\u00fbts d&#039;\u00e9limination croissants et \u00e0 une gestion manuelle chronophage et co\u00fbteuse. C&#039;est l\u00e0 que les presses \u00e0 balles verticales entrent en jeu\u00a0: non pas comme de simples outils marginaux, mais comme de v\u00e9ritables alli\u00e9es op\u00e9rationnelles capables de lib\u00e9rer de l&#039;espace, de r\u00e9duire les co\u00fbts et de rationaliser l&#039;ensemble du cycle logistique.<\/p>\n\n\n\n<h2 class=\"wp-block-heading\">Les avantages des presses \u00e0 balles verticales et des compacteurs pour le carton<\/h2>\n\n\n\n<p>L&#039;utilisation de presses \u00e0 balles et de compacteurs verticaux pour le carton pr\u00e9sente des avantages concrets. La compression du mat\u00e9riau permet\u00a0:<\/p>\n\n\n\n<ul class=\"wp-block-list\">\n<li>obtenir une r\u00e9duction de volume jusqu&#039;\u00e0 80-90%\u00a0;<\/li>\n\n\n\n<li>lib\u00e9rer de l&#039;espace d&#039;entrep\u00f4t\u00a0;<\/li>\n\n\n\n<li>R\u00e9duire la fr\u00e9quence de vidange.<\/li>\n<\/ul>\n\n\n\n<p>De plus, la formation de balles compactes facilite et s\u00e9curise le transport et le recyclage du carton.<\/p>\n\n\n\n<p>Ces machines sont elles aussi con\u00e7ues pour \u00eatre efficaces. Elles sont peu encombrantes, peuvent \u00eatre install\u00e9es m\u00eame dans des espaces restreints et n\u00e9cessitent g\u00e9n\u00e9ralement une intervention manuelle minimale.<\/p>\n\n\n\n<p>D&#039;un point de vue op\u00e9rationnel, elles permettent de rationaliser les flux internes, de r\u00e9duire les co\u00fbts de gestion des d\u00e9chets et d&#039;am\u00e9liorer l&#039;ordre et la s\u00e9curit\u00e9 dans les services.<\/p>\n\n\n\n<h2 class=\"wp-block-heading\">Applications en entreprise : o\u00f9 installer des presses \u00e0 balles verticales et des compacteurs<\/h2>\n\n\n\n<p>Les presses \u00e0 balles verticales et les compacteurs pour carton trouvent leur application dans divers contextes commerciaux, chacun ayant des besoins sp\u00e9cifiques auxquels ces syst\u00e8mes sont capables de r\u00e9pondre efficacement.<\/p>\n\n\n\n<p>Dans une petite entreprise ou un atelier artisanal, o\u00f9 la production g\u00e9n\u00e8re des bo\u00eetes en carton et des emballages de mani\u00e8re dilu\u00e9e mais constante, une presse \u00e0 balles verticale compacte permet de g\u00e9rer les d\u00e9chets en interne, \u00e9vitant ainsi les accumulations dans les couloirs ou les d\u00e9partements.<\/p>\n\n\n\n<p>Dans le secteur du commerce \u00e9lectronique ou de la vente au d\u00e9tail, o\u00f9 les bo\u00eetes en carton sont utilis\u00e9es et remplac\u00e9es tr\u00e8s rapidement, l&#039;installation d&#039;une presse \u00e0 balles pr\u00e8s de la zone logistique ou de r\u00e9ception des marchandises permet de transformer un potentiel encombrement en un flux efficace.<\/p>\n\n\n\n<p>Pour les grandes entreprises industrielles ou les centres logistiques, qui doivent traiter des tonnes de carton chaque jour, les presses \u00e0 balles verticales offrent la possibilit\u00e9 d&#039;entrer dans un processus structur\u00e9 de collecte et de compactage, avec des avantages en termes de co\u00fbts de stockage, de transport et d&#039;\u00e9limination.<\/p>\n\n\n\n<h2 class=\"wp-block-heading\">Presses \u00e0 balles verticales et compacteurs de carton Effe3Ti<\/h2>\n\n\n\n<p>Effe3Ti propose diverses solutions de compactage de carton, adapt\u00e9es \u00e0 diff\u00e9rents sc\u00e9narios, des machines compactes aux machines \u00e0 haute productivit\u00e9.<\/p>\n\n\n\n<h3 class=\"wp-block-heading\">BP28, la presse \u00e0 chambre verticale<\/h3>\n\n\n\n<p>L\u00e0 <a href=\"https:\/\/www.effe3ti.com\/fr\/produit\/presse-a-chambre-verticale-bp28-28t\/\">BP28<\/a> Il s&#039;agit d&#039;une presse \u00e0 balles verticale d&#039;une force de compression de 280 kN (soit environ 28 tonnes) et d&#039;un cycle de 48 secondes. L&#039;ouverture de chargement mesure 1190 x 555 mm et la machine produit des balles pesant jusqu&#039;\u00e0 320 kg, de dimensions standard 1200 x 800 x 800 mm. Ce syst\u00e8me est con\u00e7u pour traiter des mat\u00e9riaux tels que le papier, le carton, le film plastique, le PET et les canettes.<\/p>\n\n\n\n<p>C&#039;est la solution id\u00e9ale pour les PME qui g\u00e9n\u00e8rent un flux constant, mais mod\u00e9r\u00e9, de d\u00e9chets de papier. Elle permet de r\u00e9duire le volume et d&#039;optimiser la logistique interne.<\/p>\n\n\n\n<figure class=\"wp-block-image size-large\"><img fetchpriority=\"high\" decoding=\"async\" width=\"1024\" height=\"656\" src=\"https:\/\/www.effe3ti.com\/wp-content\/uploads\/2025\/11\/Strautmann_Maschinen_BalePress53_20230405_3133-scaled-1-1024x656.jpg\" alt=\"presse d&#039;emballage\" class=\"wp-image-23858\" srcset=\"https:\/\/www.effe3ti.com\/wp-content\/uploads\/2025\/11\/Strautmann_Maschinen_BalePress53_20230405_3133-scaled-1-1024x656.jpg 1024w, https:\/\/www.effe3ti.com\/wp-content\/uploads\/2025\/11\/Strautmann_Maschinen_BalePress53_20230405_3133-scaled-1-300x192.jpg 300w, https:\/\/www.effe3ti.com\/wp-content\/uploads\/2025\/11\/Strautmann_Maschinen_BalePress53_20230405_3133-scaled-1-768x492.jpg 768w, https:\/\/www.effe3ti.com\/wp-content\/uploads\/2025\/11\/Strautmann_Maschinen_BalePress53_20230405_3133-scaled-1-1536x985.jpg 1536w, https:\/\/www.effe3ti.com\/wp-content\/uploads\/2025\/11\/Strautmann_Maschinen_BalePress53_20230405_3133-scaled-1-2048x1313.jpg 2048w, https:\/\/www.effe3ti.com\/wp-content\/uploads\/2025\/11\/Strautmann_Maschinen_BalePress53_20230405_3133-scaled-1-18x12.jpg 18w, https:\/\/www.effe3ti.com\/wp-content\/uploads\/2025\/11\/Strautmann_Maschinen_BalePress53_20230405_3133-scaled-1-600x385.jpg 600w\" sizes=\"(max-width: 1024px) 100vw, 1024px\" \/><\/figure>\n\n\n\n<h3 class=\"wp-block-heading\">AutoLoadBaler, la presse \u00e0 balles automatique pour carton<\/h3>\n\n\n\n<p><a href=\"https:\/\/www.effe3ti.com\/fr\/produit\/presse-a-balles-automatique-autoloadbaler\/\">Presse \u00e0 balles \u00e0 chargement automatique<\/a> Il s&#039;agit d&#039;une presse \u00e0 balles automatique con\u00e7ue pour des environnements tels que les grandes surfaces ou les centres de tri. Elle offre une force de compression de 530 kN, un cycle de 37 secondes, un poids de 2\u00a0100 kg, une ouverture de chargement de 1\u00a0192 x 575 mm et produit des balles de 400 kg de dimensions 1\u00a0200 x 800 x 1\u00a0100 mm. Le syst\u00e8me permet le chargement automatique d&#039;un chariot d\u00e9di\u00e9 sans manutention manuelle, offrant des r\u00e9ductions de volume jusqu&#039;au mod\u00e8le 90%.<\/p>\n\n\n\n<p>Ce mod\u00e8le est particuli\u00e8rement adapt\u00e9 aux entreprises qui souhaitent centraliser et automatiser la collecte des cartons, avec une intervention humaine minimale.<\/p>\n\n\n\n<figure class=\"wp-block-image size-large\"><img decoding=\"async\" width=\"1024\" height=\"656\" src=\"https:\/\/www.effe3ti.com\/wp-content\/uploads\/2021\/04\/Autoloadbaler-2-1024x656.jpg\" alt=\"\" class=\"wp-image-23223\" srcset=\"https:\/\/www.effe3ti.com\/wp-content\/uploads\/2021\/04\/Autoloadbaler-2-1024x656.jpg 1024w, https:\/\/www.effe3ti.com\/wp-content\/uploads\/2021\/04\/Autoloadbaler-2-300x192.jpg 300w, https:\/\/www.effe3ti.com\/wp-content\/uploads\/2021\/04\/Autoloadbaler-2-768x492.jpg 768w, https:\/\/www.effe3ti.com\/wp-content\/uploads\/2021\/04\/Autoloadbaler-2-1536x985.jpg 1536w, https:\/\/www.effe3ti.com\/wp-content\/uploads\/2021\/04\/Autoloadbaler-2-18x12.jpg 18w, https:\/\/www.effe3ti.com\/wp-content\/uploads\/2021\/04\/Autoloadbaler-2-600x385.jpg 600w, https:\/\/www.effe3ti.com\/wp-content\/uploads\/2021\/04\/Autoloadbaler-2.jpg 2000w\" sizes=\"(max-width: 1024px) 100vw, 1024px\" \/><\/figure>\n\n\n\n<h3 class=\"wp-block-heading\">JumboLoadBaler, la presse \u00e0 balles automatique pour les grands volumes<\/h3>\n\n\n\n<p><a href=\"https:\/\/www.effe3ti.com\/fr\/produit\/presse-a-balles-automatique-jumboloadbaler\/\">Presse \u00e0 balles JumboLoad<\/a> Elle repr\u00e9sente en revanche la solution optimale pour les entreprises qui ont besoin de g\u00e9rer de grandes quantit\u00e9s de mat\u00e9riaux.<\/p>\n\n\n\n<p>Avec une ouverture de chargement de 2250 x 1085 x 1700 mm, elle peut traiter le carton, le film, les bouteilles PET et les canettes, produisant des balles d&#039;environ 400 kg \u00e0 raison de deux balles par heure gr\u00e2ce au syst\u00e8me de pr\u00e9-compression. Elle est donc id\u00e9ale pour les op\u00e9rations logistiques \u00e0 forte activit\u00e9, les grandes surfaces ou les environnements o\u00f9 l&#039;efficacit\u00e9 en fin de ligne est un facteur de comp\u00e9titivit\u00e9 cl\u00e9.<\/p>\n\n\n\n<figure class=\"wp-block-image size-large\"><img decoding=\"async\" width=\"1024\" height=\"683\" src=\"https:\/\/www.effe3ti.com\/wp-content\/uploads\/2023\/11\/Jumboloadbaler-2-1-1024x683.jpg\" alt=\"\" class=\"wp-image-23230\" srcset=\"https:\/\/www.effe3ti.com\/wp-content\/uploads\/2023\/11\/Jumboloadbaler-2-1-1024x683.jpg 1024w, https:\/\/www.effe3ti.com\/wp-content\/uploads\/2023\/11\/Jumboloadbaler-2-1-300x200.jpg 300w, https:\/\/www.effe3ti.com\/wp-content\/uploads\/2023\/11\/Jumboloadbaler-2-1-768x512.jpg 768w, https:\/\/www.effe3ti.com\/wp-content\/uploads\/2023\/11\/Jumboloadbaler-2-1-1536x1025.jpg 1536w, https:\/\/www.effe3ti.com\/wp-content\/uploads\/2023\/11\/Jumboloadbaler-2-1-18x12.jpg 18w, https:\/\/www.effe3ti.com\/wp-content\/uploads\/2023\/11\/Jumboloadbaler-2-1-600x400.jpg 600w, https:\/\/www.effe3ti.com\/wp-content\/uploads\/2023\/11\/Jumboloadbaler-2-1.jpg 2000w\" sizes=\"(max-width: 1024px) 100vw, 1024px\" \/><\/figure>\n\n\n\n<h2 class=\"wp-block-heading\">Carton compact, augmente l&#039;efficacit\u00e9<\/h2>\n\n\n\n<p>Le <a href=\"https:\/\/www.effe3ti.com\/fr\/presses-a-carton-guide-dachat-pour-les-petites-et-grandes-entreprises\/\">presses \u00e0 carton<\/a> Les compacteurs verticaux offrent aux entreprises un avantage concret\u00a0: transformer une activit\u00e9 souvent n\u00e9glig\u00e9e \u2013 la gestion des emballages \u2013 en un levier op\u00e9rationnel durable. Choisir le bon mod\u00e8le implique de prendre en compte non seulement le co\u00fbt initial, mais aussi d\u2019autres param\u00e8tres tels que l\u2019espace occup\u00e9, la fr\u00e9quence d\u2019utilisation, le d\u00e9bit de mat\u00e9riaux et le flux interne.<\/p>\n\n\n\n<p>Avec des solutions telles que le BP28, l&#039;AutoLoadBaler ou le JumboLoadBaler, Effe3Ti couvre tout l&#039;\u00e9ventail des besoins, apportant ordre, efficacit\u00e9 et durabilit\u00e9 \u00e0 la gestion du carton.<\/p>","protected":false},"excerpt":{"rendered":"<p>Le presse e i compattatori verticali per il cartone stanno diventando sempre pi\u00f9 strategici all\u2019interno di magazzini, logistiche e reparti produttivi. Per molte aziende, infatti, non si tratta pi\u00f9 solo di \u201cgestire il cartone\u201d, ma di farlo in modo intelligente e sostenibile, arrivando a trasformare quello che era un semplice scarto in un flusso di [&hellip;]<\/p>\n","protected":false},"author":1,"featured_media":23857,"comment_status":"closed","ping_status":"closed","sticky":false,"template":"","format":"standard","meta":{"footnotes":""},"categories":[42],"tags":[],"class_list":["post-24438","post","type-post","status-publish","format-standard","has-post-thumbnail","hentry","category-news-approfondimenti"],"yoast_head":"<!-- This site is optimized with the Yoast SEO plugin v27.4 - https:\/\/yoast.com\/product\/yoast-seo-wordpress\/ -->\n<title>Presse e compattatori cartone verticali: vantaggi e applicazioni - Effe3ti<\/title>\n<meta name=\"description\" content=\"Scopri i vantaggi delle presse e compattatori cartone verticali e le migliori soluzioni Effe3Ti. Per una gestione efficiente e sostenibile degli imballaggi.\" \/>\n<meta name=\"robots\" content=\"index, follow, max-snippet:-1, max-image-preview:large, max-video-preview:-1\" \/>\n<link rel=\"canonical\" href=\"https:\/\/www.effe3ti.com\/fr\/presses-a-balles-et-compacteurs-de-carton-verticaux-avantages-et-applications\/\" \/>\n<meta property=\"og:locale\" content=\"fr_FR\" \/>\n<meta property=\"og:type\" content=\"article\" \/>\n<meta property=\"og:title\" content=\"Presse e compattatori cartone verticali: vantaggi e applicazioni - Effe3ti\" \/>\n<meta property=\"og:description\" content=\"Scopri i vantaggi delle presse e compattatori cartone verticali e le migliori soluzioni Effe3Ti. Per una gestione efficiente e sostenibile degli imballaggi.\" \/>\n<meta property=\"og:url\" content=\"https:\/\/www.effe3ti.com\/fr\/presses-a-balles-et-compacteurs-de-carton-verticaux-avantages-et-applications\/\" \/>\n<meta property=\"og:site_name\" content=\"Effe3ti\" \/>\n<meta property=\"article:publisher\" content=\"https:\/\/www.facebook.com\/effe3ti.packaging\" \/>\n<meta property=\"article:published_time\" content=\"2026-03-12T14:21:23+00:00\" \/>\n<meta property=\"article:modified_time\" content=\"2026-03-12T14:21:24+00:00\" \/>\n<meta property=\"og:image\" content=\"https:\/\/www.effe3ti.com\/wp-content\/uploads\/2025\/11\/Strautmann_Maschinen_BalePress03_20230405_2965_Tuer_Mensch_V01-1-scaled-1.jpg\" \/>\n\t<meta property=\"og:image:width\" content=\"2560\" \/>\n\t<meta property=\"og:image:height\" content=\"1642\" \/>\n\t<meta property=\"og:image:type\" content=\"image\/jpeg\" \/>\n<meta name=\"author\" content=\"admin\" \/>\n<meta name=\"twitter:card\" content=\"summary_large_image\" \/>\n<meta name=\"twitter:label1\" content=\"\u00c9crit par\" \/>\n\t<meta name=\"twitter:data1\" content=\"admin\" \/>\n\t<meta name=\"twitter:label2\" content=\"Dur\u00e9e de lecture estim\u00e9e\" \/>\n\t<meta name=\"twitter:data2\" content=\"6 minutes\" \/>\n<script type=\"application\/ld+json\" class=\"yoast-schema-graph\">{\"@context\":\"https:\\\/\\\/schema.org\",\"@graph\":[{\"@type\":\"Article\",\"@id\":\"https:\\\/\\\/www.effe3ti.com\\\/presse-e-compattatori-cartone-verticali-vantaggi-e-applicazioni\\\/#article\",\"isPartOf\":{\"@id\":\"https:\\\/\\\/www.effe3ti.com\\\/presse-e-compattatori-cartone-verticali-vantaggi-e-applicazioni\\\/\"},\"author\":{\"name\":\"admin\",\"@id\":\"https:\\\/\\\/www.effe3ti.com\\\/#\\\/schema\\\/person\\\/6cef6f087618c649ebbf63a4ea46e0d6\"},\"headline\":\"Presse e compattatori cartone verticali: vantaggi e applicazioni\",\"datePublished\":\"2026-03-12T14:21:23+00:00\",\"dateModified\":\"2026-03-12T14:21:24+00:00\",\"mainEntityOfPage\":{\"@id\":\"https:\\\/\\\/www.effe3ti.com\\\/presse-e-compattatori-cartone-verticali-vantaggi-e-applicazioni\\\/\"},\"wordCount\":840,\"publisher\":{\"@id\":\"https:\\\/\\\/www.effe3ti.com\\\/#organization\"},\"image\":{\"@id\":\"https:\\\/\\\/www.effe3ti.com\\\/presse-e-compattatori-cartone-verticali-vantaggi-e-applicazioni\\\/#primaryimage\"},\"thumbnailUrl\":\"https:\\\/\\\/www.effe3ti.com\\\/wp-content\\\/uploads\\\/2025\\\/11\\\/Strautmann_Maschinen_BalePress03_20230405_2965_Tuer_Mensch_V01-1-scaled-1.jpg\",\"articleSection\":[\"Approfondimenti\"],\"inLanguage\":\"fr-FR\"},{\"@type\":\"WebPage\",\"@id\":\"https:\\\/\\\/www.effe3ti.com\\\/presse-e-compattatori-cartone-verticali-vantaggi-e-applicazioni\\\/\",\"url\":\"https:\\\/\\\/www.effe3ti.com\\\/presse-e-compattatori-cartone-verticali-vantaggi-e-applicazioni\\\/\",\"name\":\"Presse e compattatori cartone verticali: vantaggi e applicazioni - Effe3ti\",\"isPartOf\":{\"@id\":\"https:\\\/\\\/www.effe3ti.com\\\/#website\"},\"primaryImageOfPage\":{\"@id\":\"https:\\\/\\\/www.effe3ti.com\\\/presse-e-compattatori-cartone-verticali-vantaggi-e-applicazioni\\\/#primaryimage\"},\"image\":{\"@id\":\"https:\\\/\\\/www.effe3ti.com\\\/presse-e-compattatori-cartone-verticali-vantaggi-e-applicazioni\\\/#primaryimage\"},\"thumbnailUrl\":\"https:\\\/\\\/www.effe3ti.com\\\/wp-content\\\/uploads\\\/2025\\\/11\\\/Strautmann_Maschinen_BalePress03_20230405_2965_Tuer_Mensch_V01-1-scaled-1.jpg\",\"datePublished\":\"2026-03-12T14:21:23+00:00\",\"dateModified\":\"2026-03-12T14:21:24+00:00\",\"description\":\"Scopri i vantaggi delle presse e compattatori cartone verticali e le migliori soluzioni Effe3Ti. Per una gestione efficiente e sostenibile degli imballaggi.\",\"breadcrumb\":{\"@id\":\"https:\\\/\\\/www.effe3ti.com\\\/presse-e-compattatori-cartone-verticali-vantaggi-e-applicazioni\\\/#breadcrumb\"},\"inLanguage\":\"fr-FR\",\"potentialAction\":[{\"@type\":\"ReadAction\",\"target\":[\"https:\\\/\\\/www.effe3ti.com\\\/presse-e-compattatori-cartone-verticali-vantaggi-e-applicazioni\\\/\"]}]},{\"@type\":\"ImageObject\",\"inLanguage\":\"fr-FR\",\"@id\":\"https:\\\/\\\/www.effe3ti.com\\\/presse-e-compattatori-cartone-verticali-vantaggi-e-applicazioni\\\/#primaryimage\",\"url\":\"https:\\\/\\\/www.effe3ti.com\\\/wp-content\\\/uploads\\\/2025\\\/11\\\/Strautmann_Maschinen_BalePress03_20230405_2965_Tuer_Mensch_V01-1-scaled-1.jpg\",\"contentUrl\":\"https:\\\/\\\/www.effe3ti.com\\\/wp-content\\\/uploads\\\/2025\\\/11\\\/Strautmann_Maschinen_BalePress03_20230405_2965_Tuer_Mensch_V01-1-scaled-1.jpg\",\"width\":2560,\"height\":1642,\"caption\":\"presse per cartone\"},{\"@type\":\"BreadcrumbList\",\"@id\":\"https:\\\/\\\/www.effe3ti.com\\\/presse-e-compattatori-cartone-verticali-vantaggi-e-applicazioni\\\/#breadcrumb\",\"itemListElement\":[{\"@type\":\"ListItem\",\"position\":1,\"name\":\"Home\",\"item\":\"https:\\\/\\\/www.effe3ti.com\\\/\"},{\"@type\":\"ListItem\",\"position\":2,\"name\":\"Presse e compattatori cartone verticali: vantaggi e applicazioni\"}]},{\"@type\":\"WebSite\",\"@id\":\"https:\\\/\\\/www.effe3ti.com\\\/#website\",\"url\":\"https:\\\/\\\/www.effe3ti.com\\\/\",\"name\":\"Effe3ti\",\"description\":\"Packaging Technologies\",\"publisher\":{\"@id\":\"https:\\\/\\\/www.effe3ti.com\\\/#organization\"},\"potentialAction\":[{\"@type\":\"SearchAction\",\"target\":{\"@type\":\"EntryPoint\",\"urlTemplate\":\"https:\\\/\\\/www.effe3ti.com\\\/?s={search_term_string}\"},\"query-input\":{\"@type\":\"PropertyValueSpecification\",\"valueRequired\":true,\"valueName\":\"search_term_string\"}}],\"inLanguage\":\"fr-FR\"},{\"@type\":\"Organization\",\"@id\":\"https:\\\/\\\/www.effe3ti.com\\\/#organization\",\"name\":\"Effe3ti\",\"alternateName\":\"f3t\",\"url\":\"https:\\\/\\\/www.effe3ti.com\\\/\",\"logo\":{\"@type\":\"ImageObject\",\"inLanguage\":\"fr-FR\",\"@id\":\"https:\\\/\\\/www.effe3ti.com\\\/#\\\/schema\\\/logo\\\/image\\\/\",\"url\":\"https:\\\/\\\/www.effe3ti.com\\\/wp-content\\\/uploads\\\/2021\\\/04\\\/Effe3ti_logo-350.gif\",\"contentUrl\":\"https:\\\/\\\/www.effe3ti.com\\\/wp-content\\\/uploads\\\/2021\\\/04\\\/Effe3ti_logo-350.gif\",\"width\":350,\"height\":128,\"caption\":\"Effe3ti\"},\"image\":{\"@id\":\"https:\\\/\\\/www.effe3ti.com\\\/#\\\/schema\\\/logo\\\/image\\\/\"},\"sameAs\":[\"https:\\\/\\\/www.facebook.com\\\/effe3ti.packaging\",\"https:\\\/\\\/www.instagram.com\\\/EFFE3TI\\\/\",\"https:\\\/\\\/www.linkedin.com\\\/company\\\/effe3ti-srl\",\"https:\\\/\\\/www.youtube.com\\\/effe3ti\"]},{\"@type\":\"Person\",\"@id\":\"https:\\\/\\\/www.effe3ti.com\\\/#\\\/schema\\\/person\\\/6cef6f087618c649ebbf63a4ea46e0d6\",\"name\":\"admin\",\"image\":{\"@type\":\"ImageObject\",\"inLanguage\":\"fr-FR\",\"@id\":\"https:\\\/\\\/secure.gravatar.com\\\/avatar\\\/b253dd15467b2329f0e140e2e96d7a7963ee736a560580d3f5e9ae1015d2b5fd?s=96&d=mm&r=g\",\"url\":\"https:\\\/\\\/secure.gravatar.com\\\/avatar\\\/b253dd15467b2329f0e140e2e96d7a7963ee736a560580d3f5e9ae1015d2b5fd?s=96&d=mm&r=g\",\"contentUrl\":\"https:\\\/\\\/secure.gravatar.com\\\/avatar\\\/b253dd15467b2329f0e140e2e96d7a7963ee736a560580d3f5e9ae1015d2b5fd?s=96&d=mm&r=g\",\"caption\":\"admin\"}}]}<\/script>\n<!-- \/ Yoast SEO plugin. -->","yoast_head_json":{"title":"Presses \u00e0 balles et compacteurs verticaux pour carton : avantages et applications - Effe3ti","description":"D\u00e9couvrez les avantages des presses \u00e0 balles et compacteurs verticaux pour carton et les meilleures solutions Effe3Ti. Pour une gestion des emballages efficace et durable.","robots":{"index":"index","follow":"follow","max-snippet":"max-snippet:-1","max-image-preview":"max-image-preview:large","max-video-preview":"max-video-preview:-1"},"canonical":"https:\/\/www.effe3ti.com\/fr\/presses-a-balles-et-compacteurs-de-carton-verticaux-avantages-et-applications\/","og_locale":"fr_FR","og_type":"article","og_title":"Presse e compattatori cartone verticali: vantaggi e applicazioni - Effe3ti","og_description":"Scopri i vantaggi delle presse e compattatori cartone verticali e le migliori soluzioni Effe3Ti. Per una gestione efficiente e sostenibile degli imballaggi.","og_url":"https:\/\/www.effe3ti.com\/fr\/presses-a-balles-et-compacteurs-de-carton-verticaux-avantages-et-applications\/","og_site_name":"Effe3ti","article_publisher":"https:\/\/www.facebook.com\/effe3ti.packaging","article_published_time":"2026-03-12T14:21:23+00:00","article_modified_time":"2026-03-12T14:21:24+00:00","og_image":[{"width":2560,"height":1642,"url":"https:\/\/www.effe3ti.com\/wp-content\/uploads\/2025\/11\/Strautmann_Maschinen_BalePress03_20230405_2965_Tuer_Mensch_V01-1-scaled-1.jpg","type":"image\/jpeg"}],"author":"admin","twitter_card":"summary_large_image","twitter_misc":{"\u00c9crit par":"admin","Dur\u00e9e de lecture estim\u00e9e":"6 minutes"},"schema":{"@context":"https:\/\/schema.org","@graph":[{"@type":"Article","@id":"https:\/\/www.effe3ti.com\/presse-e-compattatori-cartone-verticali-vantaggi-e-applicazioni\/#article","isPartOf":{"@id":"https:\/\/www.effe3ti.com\/presse-e-compattatori-cartone-verticali-vantaggi-e-applicazioni\/"},"author":{"name":"admin","@id":"https:\/\/www.effe3ti.com\/#\/schema\/person\/6cef6f087618c649ebbf63a4ea46e0d6"},"headline":"Presse e compattatori cartone verticali: vantaggi e applicazioni","datePublished":"2026-03-12T14:21:23+00:00","dateModified":"2026-03-12T14:21:24+00:00","mainEntityOfPage":{"@id":"https:\/\/www.effe3ti.com\/presse-e-compattatori-cartone-verticali-vantaggi-e-applicazioni\/"},"wordCount":840,"publisher":{"@id":"https:\/\/www.effe3ti.com\/#organization"},"image":{"@id":"https:\/\/www.effe3ti.com\/presse-e-compattatori-cartone-verticali-vantaggi-e-applicazioni\/#primaryimage"},"thumbnailUrl":"https:\/\/www.effe3ti.com\/wp-content\/uploads\/2025\/11\/Strautmann_Maschinen_BalePress03_20230405_2965_Tuer_Mensch_V01-1-scaled-1.jpg","articleSection":["Approfondimenti"],"inLanguage":"fr-FR"},{"@type":"WebPage","@id":"https:\/\/www.effe3ti.com\/presse-e-compattatori-cartone-verticali-vantaggi-e-applicazioni\/","url":"https:\/\/www.effe3ti.com\/presse-e-compattatori-cartone-verticali-vantaggi-e-applicazioni\/","name":"Presses \u00e0 balles et compacteurs verticaux pour carton : avantages et applications - Effe3ti","isPartOf":{"@id":"https:\/\/www.effe3ti.com\/#website"},"primaryImageOfPage":{"@id":"https:\/\/www.effe3ti.com\/presse-e-compattatori-cartone-verticali-vantaggi-e-applicazioni\/#primaryimage"},"image":{"@id":"https:\/\/www.effe3ti.com\/presse-e-compattatori-cartone-verticali-vantaggi-e-applicazioni\/#primaryimage"},"thumbnailUrl":"https:\/\/www.effe3ti.com\/wp-content\/uploads\/2025\/11\/Strautmann_Maschinen_BalePress03_20230405_2965_Tuer_Mensch_V01-1-scaled-1.jpg","datePublished":"2026-03-12T14:21:23+00:00","dateModified":"2026-03-12T14:21:24+00:00","description":"D\u00e9couvrez les avantages des presses \u00e0 balles et compacteurs verticaux pour carton et les meilleures solutions Effe3Ti. Pour une gestion des emballages efficace et durable.","breadcrumb":{"@id":"https:\/\/www.effe3ti.com\/presse-e-compattatori-cartone-verticali-vantaggi-e-applicazioni\/#breadcrumb"},"inLanguage":"fr-FR","potentialAction":[{"@type":"ReadAction","target":["https:\/\/www.effe3ti.com\/presse-e-compattatori-cartone-verticali-vantaggi-e-applicazioni\/"]}]},{"@type":"ImageObject","inLanguage":"fr-FR","@id":"https:\/\/www.effe3ti.com\/presse-e-compattatori-cartone-verticali-vantaggi-e-applicazioni\/#primaryimage","url":"https:\/\/www.effe3ti.com\/wp-content\/uploads\/2025\/11\/Strautmann_Maschinen_BalePress03_20230405_2965_Tuer_Mensch_V01-1-scaled-1.jpg","contentUrl":"https:\/\/www.effe3ti.com\/wp-content\/uploads\/2025\/11\/Strautmann_Maschinen_BalePress03_20230405_2965_Tuer_Mensch_V01-1-scaled-1.jpg","width":2560,"height":1642,"caption":"presse per cartone"},{"@type":"BreadcrumbList","@id":"https:\/\/www.effe3ti.com\/presse-e-compattatori-cartone-verticali-vantaggi-e-applicazioni\/#breadcrumb","itemListElement":[{"@type":"ListItem","position":1,"name":"Home","item":"https:\/\/www.effe3ti.com\/"},{"@type":"ListItem","position":2,"name":"Presse e compattatori cartone verticali: vantaggi e applicazioni"}]},{"@type":"WebSite","@id":"https:\/\/www.effe3ti.com\/#website","url":"https:\/\/www.effe3ti.com\/","name":"Effe3ti","description":"Technologies d&#039;emballage","publisher":{"@id":"https:\/\/www.effe3ti.com\/#organization"},"potentialAction":[{"@type":"SearchAction","target":{"@type":"EntryPoint","urlTemplate":"https:\/\/www.effe3ti.com\/?s={search_term_string}"},"query-input":{"@type":"PropertyValueSpecification","valueRequired":true,"valueName":"search_term_string"}}],"inLanguage":"fr-FR"},{"@type":"Organization","@id":"https:\/\/www.effe3ti.com\/#organization","name":"Effe3ti","alternateName":"f3t","url":"https:\/\/www.effe3ti.com\/","logo":{"@type":"ImageObject","inLanguage":"fr-FR","@id":"https:\/\/www.effe3ti.com\/#\/schema\/logo\/image\/","url":"https:\/\/www.effe3ti.com\/wp-content\/uploads\/2021\/04\/Effe3ti_logo-350.gif","contentUrl":"https:\/\/www.effe3ti.com\/wp-content\/uploads\/2021\/04\/Effe3ti_logo-350.gif","width":350,"height":128,"caption":"Effe3ti"},"image":{"@id":"https:\/\/www.effe3ti.com\/#\/schema\/logo\/image\/"},"sameAs":["https:\/\/www.facebook.com\/effe3ti.packaging","https:\/\/www.instagram.com\/EFFE3TI\/","https:\/\/www.linkedin.com\/company\/effe3ti-srl","https:\/\/www.youtube.com\/effe3ti"]},{"@type":"Person","@id":"https:\/\/www.effe3ti.com\/#\/schema\/person\/6cef6f087618c649ebbf63a4ea46e0d6","name":"administrateur","image":{"@type":"ImageObject","inLanguage":"fr-FR","@id":"https:\/\/secure.gravatar.com\/avatar\/b253dd15467b2329f0e140e2e96d7a7963ee736a560580d3f5e9ae1015d2b5fd?s=96&d=mm&r=g","url":"https:\/\/secure.gravatar.com\/avatar\/b253dd15467b2329f0e140e2e96d7a7963ee736a560580d3f5e9ae1015d2b5fd?s=96&d=mm&r=g","contentUrl":"https:\/\/secure.gravatar.com\/avatar\/b253dd15467b2329f0e140e2e96d7a7963ee736a560580d3f5e9ae1015d2b5fd?s=96&d=mm&r=g","caption":"admin"}}]}},"_links":{"self":[{"href":"https:\/\/www.effe3ti.com\/fr\/wp-json\/wp\/v2\/posts\/24438","targetHints":{"allow":["GET"]}}],"collection":[{"href":"https:\/\/www.effe3ti.com\/fr\/wp-json\/wp\/v2\/posts"}],"about":[{"href":"https:\/\/www.effe3ti.com\/fr\/wp-json\/wp\/v2\/types\/post"}],"author":[{"embeddable":true,"href":"https:\/\/www.effe3ti.com\/fr\/wp-json\/wp\/v2\/users\/1"}],"replies":[{"embeddable":true,"href":"https:\/\/www.effe3ti.com\/fr\/wp-json\/wp\/v2\/comments?post=24438"}],"version-history":[{"count":2,"href":"https:\/\/www.effe3ti.com\/fr\/wp-json\/wp\/v2\/posts\/24438\/revisions"}],"predecessor-version":[{"id":24604,"href":"https:\/\/www.effe3ti.com\/fr\/wp-json\/wp\/v2\/posts\/24438\/revisions\/24604"}],"wp:featuredmedia":[{"embeddable":true,"href":"https:\/\/www.effe3ti.com\/fr\/wp-json\/wp\/v2\/media\/23857"}],"wp:attachment":[{"href":"https:\/\/www.effe3ti.com\/fr\/wp-json\/wp\/v2\/media?parent=24438"}],"wp:term":[{"taxonomy":"category","embeddable":true,"href":"https:\/\/www.effe3ti.com\/fr\/wp-json\/wp\/v2\/categories?post=24438"},{"taxonomy":"post_tag","embeddable":true,"href":"https:\/\/www.effe3ti.com\/fr\/wp-json\/wp\/v2\/tags?post=24438"}],"curies":[{"name":"wp","href":"https:\/\/api.w.org\/{rel}","templated":true}]}}