{"id":630,"date":"2019-07-04T09:37:00","date_gmt":"2019-07-04T09:37:00","guid":{"rendered":"https:\/\/vps-de1b14d9.vps.ovh.net\/effe3ti\/?p=630"},"modified":"2025-04-17T08:29:22","modified_gmt":"2025-04-17T08:29:22","slug":"effe3ti-et-technologies-environnementales","status":"publish","type":"post","link":"https:\/\/www.effe3ti.com\/fr\/effe3ti-e-le-tecnologie-ambientali\/","title":{"rendered":"EFFE3ti et les technologies pour l&#039;environnement"},"content":{"rendered":"<h2 class=\"wp-block-heading\">D\u00e9chets, ressources en eau et \u00e9nergie\u00a0: opportunit\u00e9s pour l\u2019\u00e9conomie verte italienne<\/h2>\n\n\n\n<p>En Italie, une grande partie des infrastructures de stockage et d&#039;\u00e9limination des d\u00e9chets urbains et de gestion int\u00e9gr\u00e9e du cycle de l&#039;eau sont obsol\u00e8tes. La Chambre de commerce italo-allemande entend accompagner les op\u00e9rateurs publics et priv\u00e9s dans le choix des meilleures solutions techniques afin que le pays puisse respecter les engagements europ\u00e9ens et mettre en \u0153uvre le concept d&#039;\u00e9conomie circulaire.<\/p>\n\n\n\n<p>Le d\u00e9fi de l&#039;Union europ\u00e9enne est de r\u00e9duire ses d\u00e9chets et d&#039;initier un cercle vertueux de recyclage et de r\u00e9utilisation des mati\u00e8res premi\u00e8res pr\u00e9cieuses. Les \u00c9tats membres se sont d&#039;ailleurs fix\u00e9 comme objectif d&#039;atteindre une moyenne europ\u00e9enne de recyclage de 45% d&#039;ici 2020.<\/p>\n\n\n\n<p><strong>EFFE3ti est le contact pour l&#039;Italie de <a href=\"https:\/\/www.effe3ti.com\/fr\/logistique-des-compacteurs\/\">Strautmann<\/a>, entreprise leader dans la production de syst\u00e8mes pour le recyclage du plastique, de l&#039;aluminium, du papier, du carton, du polystyr\u00e8ne, etc.<\/strong><\/p>","protected":false},"excerpt":{"rendered":"<p>Rifiuti, risorse idriche ed energia \u2013 le opportunit\u00e0 per la green economy italiana In Italia buona parte delle infrastrutture per lo stoccaggio e lo smaltimento dei rifiuti urbani e per la gestione integrata del ciclo idrico \u00e8 obsoleta. La Camera di Commercio Italo-Germanica intende supportare gli operatori pubblici e privati nella selezione delle migliori soluzioni [&hellip;]<\/p>\n","protected":false},"author":1,"featured_media":632,"comment_status":"closed","ping_status":"closed","sticky":false,"template":"","format":"standard","meta":{"footnotes":""},"categories":[42],"tags":[],"class_list":["post-630","post","type-post","status-publish","format-standard","has-post-thumbnail","hentry","category-news-approfondimenti"],"yoast_head":"<!-- This site is optimized with the Yoast SEO plugin v27.5 - https:\/\/yoast.com\/product\/yoast-seo-wordpress\/ -->\n<title>EFFE3ti e le tecnologie per l&#039;ambiente - Effe3ti<\/title>\n<meta name=\"description\" content=\"EFFE3ti per l&#039;ambiente. Siamo il referente per l\u2019Italia di Strautmann, azienda leader nella produzione di sistemi per il riciclo\" \/>\n<meta name=\"robots\" content=\"index, follow, max-snippet:-1, max-image-preview:large, max-video-preview:-1\" \/>\n<link rel=\"canonical\" href=\"https:\/\/www.effe3ti.com\/fr\/effe3ti-et-technologies-environnementales\/\" \/>\n<meta property=\"og:locale\" content=\"fr_FR\" \/>\n<meta property=\"og:type\" content=\"article\" \/>\n<meta property=\"og:title\" content=\"EFFE3ti e le tecnologie per l&#039;ambiente - Effe3ti\" \/>\n<meta property=\"og:description\" content=\"EFFE3ti per l&#039;ambiente. Siamo il referente per l\u2019Italia di Strautmann, azienda leader nella produzione di sistemi per il riciclo\" \/>\n<meta property=\"og:url\" content=\"https:\/\/www.effe3ti.com\/fr\/effe3ti-et-technologies-environnementales\/\" \/>\n<meta property=\"og:site_name\" content=\"Effe3ti\" \/>\n<meta property=\"article:publisher\" content=\"https:\/\/www.facebook.com\/effe3ti.packaging\" \/>\n<meta property=\"article:published_time\" content=\"2019-07-04T09:37:00+00:00\" \/>\n<meta property=\"article:modified_time\" content=\"2025-04-17T08:29:22+00:00\" \/>\n<meta property=\"og:image\" content=\"https:\/\/www.effe3ti.com\/wp-content\/uploads\/2021\/04\/TecnologieAmbientali.jpg\" \/>\n\t<meta property=\"og:image:width\" content=\"1600\" \/>\n\t<meta property=\"og:image:height\" content=\"900\" \/>\n\t<meta property=\"og:image:type\" content=\"image\/jpeg\" \/>\n<meta name=\"author\" content=\"admin\" \/>\n<meta name=\"twitter:card\" content=\"summary_large_image\" \/>\n<meta name=\"twitter:label1\" content=\"\u00c9crit par\" \/>\n\t<meta name=\"twitter:data1\" content=\"admin\" \/>\n\t<meta name=\"twitter:label2\" content=\"Dur\u00e9e de lecture estim\u00e9e\" \/>\n\t<meta name=\"twitter:data2\" content=\"1 minute\" \/>\n<script type=\"application\/ld+json\" class=\"yoast-schema-graph\">{\"@context\":\"https:\\\/\\\/schema.org\",\"@graph\":[{\"@type\":\"Article\",\"@id\":\"https:\\\/\\\/www.effe3ti.com\\\/effe3ti-e-le-tecnologie-ambientali\\\/#article\",\"isPartOf\":{\"@id\":\"https:\\\/\\\/www.effe3ti.com\\\/effe3ti-e-le-tecnologie-ambientali\\\/\"},\"author\":{\"name\":\"admin\",\"@id\":\"https:\\\/\\\/www.effe3ti.com\\\/#\\\/schema\\\/person\\\/6cef6f087618c649ebbf63a4ea46e0d6\"},\"headline\":\"EFFE3ti e le tecnologie per l&#8217;ambiente\",\"datePublished\":\"2019-07-04T09:37:00+00:00\",\"dateModified\":\"2025-04-17T08:29:22+00:00\",\"mainEntityOfPage\":{\"@id\":\"https:\\\/\\\/www.effe3ti.com\\\/effe3ti-e-le-tecnologie-ambientali\\\/\"},\"wordCount\":144,\"publisher\":{\"@id\":\"https:\\\/\\\/www.effe3ti.com\\\/#organization\"},\"image\":{\"@id\":\"https:\\\/\\\/www.effe3ti.com\\\/effe3ti-e-le-tecnologie-ambientali\\\/#primaryimage\"},\"thumbnailUrl\":\"https:\\\/\\\/www.effe3ti.com\\\/wp-content\\\/uploads\\\/2021\\\/04\\\/TecnologieAmbientali.jpg\",\"articleSection\":[\"Approfondimenti\"],\"inLanguage\":\"fr-FR\"},{\"@type\":\"WebPage\",\"@id\":\"https:\\\/\\\/www.effe3ti.com\\\/effe3ti-e-le-tecnologie-ambientali\\\/\",\"url\":\"https:\\\/\\\/www.effe3ti.com\\\/effe3ti-e-le-tecnologie-ambientali\\\/\",\"name\":\"EFFE3ti e le tecnologie per l'ambiente - Effe3ti\",\"isPartOf\":{\"@id\":\"https:\\\/\\\/www.effe3ti.com\\\/#website\"},\"primaryImageOfPage\":{\"@id\":\"https:\\\/\\\/www.effe3ti.com\\\/effe3ti-e-le-tecnologie-ambientali\\\/#primaryimage\"},\"image\":{\"@id\":\"https:\\\/\\\/www.effe3ti.com\\\/effe3ti-e-le-tecnologie-ambientali\\\/#primaryimage\"},\"thumbnailUrl\":\"https:\\\/\\\/www.effe3ti.com\\\/wp-content\\\/uploads\\\/2021\\\/04\\\/TecnologieAmbientali.jpg\",\"datePublished\":\"2019-07-04T09:37:00+00:00\",\"dateModified\":\"2025-04-17T08:29:22+00:00\",\"description\":\"EFFE3ti per l'ambiente. Siamo il referente per l\u2019Italia di Strautmann, azienda leader nella produzione di sistemi per il riciclo\",\"breadcrumb\":{\"@id\":\"https:\\\/\\\/www.effe3ti.com\\\/effe3ti-e-le-tecnologie-ambientali\\\/#breadcrumb\"},\"inLanguage\":\"fr-FR\",\"potentialAction\":[{\"@type\":\"ReadAction\",\"target\":[\"https:\\\/\\\/www.effe3ti.com\\\/effe3ti-e-le-tecnologie-ambientali\\\/\"]}]},{\"@type\":\"ImageObject\",\"inLanguage\":\"fr-FR\",\"@id\":\"https:\\\/\\\/www.effe3ti.com\\\/effe3ti-e-le-tecnologie-ambientali\\\/#primaryimage\",\"url\":\"https:\\\/\\\/www.effe3ti.com\\\/wp-content\\\/uploads\\\/2021\\\/04\\\/TecnologieAmbientali.jpg\",\"contentUrl\":\"https:\\\/\\\/www.effe3ti.com\\\/wp-content\\\/uploads\\\/2021\\\/04\\\/TecnologieAmbientali.jpg\",\"width\":1600,\"height\":900,\"caption\":\"ambiente\"},{\"@type\":\"BreadcrumbList\",\"@id\":\"https:\\\/\\\/www.effe3ti.com\\\/effe3ti-e-le-tecnologie-ambientali\\\/#breadcrumb\",\"itemListElement\":[{\"@type\":\"ListItem\",\"position\":1,\"name\":\"Home\",\"item\":\"https:\\\/\\\/www.effe3ti.com\\\/\"},{\"@type\":\"ListItem\",\"position\":2,\"name\":\"EFFE3ti e le tecnologie per l&#8217;ambiente\"}]},{\"@type\":\"WebSite\",\"@id\":\"https:\\\/\\\/www.effe3ti.com\\\/#website\",\"url\":\"https:\\\/\\\/www.effe3ti.com\\\/\",\"name\":\"Effe3ti\",\"description\":\"Packaging Technologies\",\"publisher\":{\"@id\":\"https:\\\/\\\/www.effe3ti.com\\\/#organization\"},\"potentialAction\":[{\"@type\":\"SearchAction\",\"target\":{\"@type\":\"EntryPoint\",\"urlTemplate\":\"https:\\\/\\\/www.effe3ti.com\\\/?s={search_term_string}\"},\"query-input\":{\"@type\":\"PropertyValueSpecification\",\"valueRequired\":true,\"valueName\":\"search_term_string\"}}],\"inLanguage\":\"fr-FR\"},{\"@type\":\"Organization\",\"@id\":\"https:\\\/\\\/www.effe3ti.com\\\/#organization\",\"name\":\"Effe3ti\",\"alternateName\":\"f3t\",\"url\":\"https:\\\/\\\/www.effe3ti.com\\\/\",\"logo\":{\"@type\":\"ImageObject\",\"inLanguage\":\"fr-FR\",\"@id\":\"https:\\\/\\\/www.effe3ti.com\\\/#\\\/schema\\\/logo\\\/image\\\/\",\"url\":\"https:\\\/\\\/www.effe3ti.com\\\/wp-content\\\/uploads\\\/2021\\\/04\\\/Effe3ti_logo-350.gif\",\"contentUrl\":\"https:\\\/\\\/www.effe3ti.com\\\/wp-content\\\/uploads\\\/2021\\\/04\\\/Effe3ti_logo-350.gif\",\"width\":350,\"height\":128,\"caption\":\"Effe3ti\"},\"image\":{\"@id\":\"https:\\\/\\\/www.effe3ti.com\\\/#\\\/schema\\\/logo\\\/image\\\/\"},\"sameAs\":[\"https:\\\/\\\/www.facebook.com\\\/effe3ti.packaging\",\"https:\\\/\\\/www.instagram.com\\\/EFFE3TI\\\/\",\"https:\\\/\\\/www.linkedin.com\\\/company\\\/effe3ti-srl\",\"https:\\\/\\\/www.youtube.com\\\/effe3ti\"]},{\"@type\":\"Person\",\"@id\":\"https:\\\/\\\/www.effe3ti.com\\\/#\\\/schema\\\/person\\\/6cef6f087618c649ebbf63a4ea46e0d6\",\"name\":\"admin\",\"image\":{\"@type\":\"ImageObject\",\"inLanguage\":\"fr-FR\",\"@id\":\"https:\\\/\\\/secure.gravatar.com\\\/avatar\\\/b253dd15467b2329f0e140e2e96d7a7963ee736a560580d3f5e9ae1015d2b5fd?s=96&d=mm&r=g\",\"url\":\"https:\\\/\\\/secure.gravatar.com\\\/avatar\\\/b253dd15467b2329f0e140e2e96d7a7963ee736a560580d3f5e9ae1015d2b5fd?s=96&d=mm&r=g\",\"contentUrl\":\"https:\\\/\\\/secure.gravatar.com\\\/avatar\\\/b253dd15467b2329f0e140e2e96d7a7963ee736a560580d3f5e9ae1015d2b5fd?s=96&d=mm&r=g\",\"caption\":\"admin\"}}]}<\/script>\n<!-- \/ Yoast SEO plugin. -->","yoast_head_json":{"title":"EFFE3ti et les technologies environnementales - Effe3ti","description":"EFFE3ti pour l&#039;environnement. Nous sommes le repr\u00e9sentant italien de Strautmann, entreprise leader dans la production de syst\u00e8mes de recyclage.","robots":{"index":"index","follow":"follow","max-snippet":"max-snippet:-1","max-image-preview":"max-image-preview:large","max-video-preview":"max-video-preview:-1"},"canonical":"https:\/\/www.effe3ti.com\/fr\/effe3ti-et-technologies-environnementales\/","og_locale":"fr_FR","og_type":"article","og_title":"EFFE3ti e le tecnologie per l'ambiente - Effe3ti","og_description":"EFFE3ti per l'ambiente. Siamo il referente per l\u2019Italia di Strautmann, azienda leader nella produzione di sistemi per il riciclo","og_url":"https:\/\/www.effe3ti.com\/fr\/effe3ti-et-technologies-environnementales\/","og_site_name":"Effe3ti","article_publisher":"https:\/\/www.facebook.com\/effe3ti.packaging","article_published_time":"2019-07-04T09:37:00+00:00","article_modified_time":"2025-04-17T08:29:22+00:00","og_image":[{"width":1600,"height":900,"url":"https:\/\/www.effe3ti.com\/wp-content\/uploads\/2021\/04\/TecnologieAmbientali.jpg","type":"image\/jpeg"}],"author":"admin","twitter_card":"summary_large_image","twitter_misc":{"\u00c9crit par":"admin","Dur\u00e9e de lecture estim\u00e9e":"1 minute"},"schema":{"@context":"https:\/\/schema.org","@graph":[{"@type":"Article","@id":"https:\/\/www.effe3ti.com\/effe3ti-e-le-tecnologie-ambientali\/#article","isPartOf":{"@id":"https:\/\/www.effe3ti.com\/effe3ti-e-le-tecnologie-ambientali\/"},"author":{"name":"admin","@id":"https:\/\/www.effe3ti.com\/#\/schema\/person\/6cef6f087618c649ebbf63a4ea46e0d6"},"headline":"EFFE3ti e le tecnologie per l&#8217;ambiente","datePublished":"2019-07-04T09:37:00+00:00","dateModified":"2025-04-17T08:29:22+00:00","mainEntityOfPage":{"@id":"https:\/\/www.effe3ti.com\/effe3ti-e-le-tecnologie-ambientali\/"},"wordCount":144,"publisher":{"@id":"https:\/\/www.effe3ti.com\/#organization"},"image":{"@id":"https:\/\/www.effe3ti.com\/effe3ti-e-le-tecnologie-ambientali\/#primaryimage"},"thumbnailUrl":"https:\/\/www.effe3ti.com\/wp-content\/uploads\/2021\/04\/TecnologieAmbientali.jpg","articleSection":["Approfondimenti"],"inLanguage":"fr-FR"},{"@type":"WebPage","@id":"https:\/\/www.effe3ti.com\/effe3ti-e-le-tecnologie-ambientali\/","url":"https:\/\/www.effe3ti.com\/effe3ti-e-le-tecnologie-ambientali\/","name":"EFFE3ti et les technologies environnementales - Effe3ti","isPartOf":{"@id":"https:\/\/www.effe3ti.com\/#website"},"primaryImageOfPage":{"@id":"https:\/\/www.effe3ti.com\/effe3ti-e-le-tecnologie-ambientali\/#primaryimage"},"image":{"@id":"https:\/\/www.effe3ti.com\/effe3ti-e-le-tecnologie-ambientali\/#primaryimage"},"thumbnailUrl":"https:\/\/www.effe3ti.com\/wp-content\/uploads\/2021\/04\/TecnologieAmbientali.jpg","datePublished":"2019-07-04T09:37:00+00:00","dateModified":"2025-04-17T08:29:22+00:00","description":"EFFE3ti pour l&#039;environnement. Nous sommes le repr\u00e9sentant italien de Strautmann, entreprise leader dans la production de syst\u00e8mes de recyclage.","breadcrumb":{"@id":"https:\/\/www.effe3ti.com\/effe3ti-e-le-tecnologie-ambientali\/#breadcrumb"},"inLanguage":"fr-FR","potentialAction":[{"@type":"ReadAction","target":["https:\/\/www.effe3ti.com\/effe3ti-e-le-tecnologie-ambientali\/"]}]},{"@type":"ImageObject","inLanguage":"fr-FR","@id":"https:\/\/www.effe3ti.com\/effe3ti-e-le-tecnologie-ambientali\/#primaryimage","url":"https:\/\/www.effe3ti.com\/wp-content\/uploads\/2021\/04\/TecnologieAmbientali.jpg","contentUrl":"https:\/\/www.effe3ti.com\/wp-content\/uploads\/2021\/04\/TecnologieAmbientali.jpg","width":1600,"height":900,"caption":"ambiente"},{"@type":"BreadcrumbList","@id":"https:\/\/www.effe3ti.com\/effe3ti-e-le-tecnologie-ambientali\/#breadcrumb","itemListElement":[{"@type":"ListItem","position":1,"name":"Home","item":"https:\/\/www.effe3ti.com\/"},{"@type":"ListItem","position":2,"name":"EFFE3ti e le tecnologie per l&#8217;ambiente"}]},{"@type":"WebSite","@id":"https:\/\/www.effe3ti.com\/#website","url":"https:\/\/www.effe3ti.com\/","name":"Effe3ti","description":"Technologies d&#039;emballage","publisher":{"@id":"https:\/\/www.effe3ti.com\/#organization"},"potentialAction":[{"@type":"SearchAction","target":{"@type":"EntryPoint","urlTemplate":"https:\/\/www.effe3ti.com\/?s={search_term_string}"},"query-input":{"@type":"PropertyValueSpecification","valueRequired":true,"valueName":"search_term_string"}}],"inLanguage":"fr-FR"},{"@type":"Organization","@id":"https:\/\/www.effe3ti.com\/#organization","name":"Effe3ti","alternateName":"f3t","url":"https:\/\/www.effe3ti.com\/","logo":{"@type":"ImageObject","inLanguage":"fr-FR","@id":"https:\/\/www.effe3ti.com\/#\/schema\/logo\/image\/","url":"https:\/\/www.effe3ti.com\/wp-content\/uploads\/2021\/04\/Effe3ti_logo-350.gif","contentUrl":"https:\/\/www.effe3ti.com\/wp-content\/uploads\/2021\/04\/Effe3ti_logo-350.gif","width":350,"height":128,"caption":"Effe3ti"},"image":{"@id":"https:\/\/www.effe3ti.com\/#\/schema\/logo\/image\/"},"sameAs":["https:\/\/www.facebook.com\/effe3ti.packaging","https:\/\/www.instagram.com\/EFFE3TI\/","https:\/\/www.linkedin.com\/company\/effe3ti-srl","https:\/\/www.youtube.com\/effe3ti"]},{"@type":"Person","@id":"https:\/\/www.effe3ti.com\/#\/schema\/person\/6cef6f087618c649ebbf63a4ea46e0d6","name":"administrateur","image":{"@type":"ImageObject","inLanguage":"fr-FR","@id":"https:\/\/secure.gravatar.com\/avatar\/b253dd15467b2329f0e140e2e96d7a7963ee736a560580d3f5e9ae1015d2b5fd?s=96&d=mm&r=g","url":"https:\/\/secure.gravatar.com\/avatar\/b253dd15467b2329f0e140e2e96d7a7963ee736a560580d3f5e9ae1015d2b5fd?s=96&d=mm&r=g","contentUrl":"https:\/\/secure.gravatar.com\/avatar\/b253dd15467b2329f0e140e2e96d7a7963ee736a560580d3f5e9ae1015d2b5fd?s=96&d=mm&r=g","caption":"admin"}}]}},"_links":{"self":[{"href":"https:\/\/www.effe3ti.com\/fr\/wp-json\/wp\/v2\/posts\/630","targetHints":{"allow":["GET"]}}],"collection":[{"href":"https:\/\/www.effe3ti.com\/fr\/wp-json\/wp\/v2\/posts"}],"about":[{"href":"https:\/\/www.effe3ti.com\/fr\/wp-json\/wp\/v2\/types\/post"}],"author":[{"embeddable":true,"href":"https:\/\/www.effe3ti.com\/fr\/wp-json\/wp\/v2\/users\/1"}],"replies":[{"embeddable":true,"href":"https:\/\/www.effe3ti.com\/fr\/wp-json\/wp\/v2\/comments?post=630"}],"version-history":[{"count":3,"href":"https:\/\/www.effe3ti.com\/fr\/wp-json\/wp\/v2\/posts\/630\/revisions"}],"predecessor-version":[{"id":23011,"href":"https:\/\/www.effe3ti.com\/fr\/wp-json\/wp\/v2\/posts\/630\/revisions\/23011"}],"wp:featuredmedia":[{"embeddable":true,"href":"https:\/\/www.effe3ti.com\/fr\/wp-json\/wp\/v2\/media\/632"}],"wp:attachment":[{"href":"https:\/\/www.effe3ti.com\/fr\/wp-json\/wp\/v2\/media?parent=630"}],"wp:term":[{"taxonomy":"category","embeddable":true,"href":"https:\/\/www.effe3ti.com\/fr\/wp-json\/wp\/v2\/categories?post=630"},{"taxonomy":"post_tag","embeddable":true,"href":"https:\/\/www.effe3ti.com\/fr\/wp-json\/wp\/v2\/tags?post=630"}],"curies":[{"name":"wp","href":"https:\/\/api.w.org\/{rel}","templated":true}]}}