{"id":7977,"date":"2022-02-09T15:41:54","date_gmt":"2022-02-09T15:41:54","guid":{"rendered":"https:\/\/www.effe3ti.com\/?p=7977"},"modified":"2025-04-16T15:23:35","modified_gmt":"2025-04-16T15:23:35","slug":"dans-quelle-mesure-est-il-utile-de-pre-etirer-le-film-etirable","status":"publish","type":"post","link":"https:\/\/www.effe3ti.com\/fr\/quanto-e-utile-prestirare-il-film-estensibile\/","title":{"rendered":"Quelle est l\u2019utilit\u00e9 du pr\u00e9-\u00e9tirage motoris\u00e9 pour le film \u00e9tirable ?"},"content":{"rendered":"<h2 class=\"wp-block-heading\">\u00c9conomies garanties avec le pr\u00e9-\u00e9tirage motoris\u00e9<\/h2>\n\n\n\n<p>Avez-vous d\u00e9j\u00e0 eu des doutes sur l\u2019utilit\u00e9 du&nbsp;<strong>dispositif de pr\u00e9-\u00e9tirage motoris\u00e9<\/strong>? Nous vous proposons un petit quiz pour vous d\u00e9montrer son efficacit\u00e9 et les \u00e9conomies qu&#039;il peut apporter \u00e0 votre processus d&#039;emballage.<\/p>\n\n\n\n<h3 class=\"wp-block-heading\">Combien \u00e9conomisez-vous avec le pr\u00e9-\u00e9tirage motoris\u00e9 ?<\/h3>\n\n\n\n<p>Un m\u00e8tre de film non pr\u00e9-\u00e9tir\u00e9 p\u00e8se\u00a0<strong>11,2 g<\/strong>, tandis que le m\u00eame m\u00e8tre de film pr\u00e9-\u00e9tir\u00e9 \u00e0 200% ne p\u00e8se que\u00a0<strong>3,74 g<\/strong>Imaginez devoir emballer une palette avec\u00a0<strong>11 tours de film<\/strong>\u00a0en utilisant par exemple notre <a href=\"https:\/\/www.effe3ti.com\/fr\/robots-demballage\/\">Robot d&#039;enroulement Oscar<\/a>, qui offre un\u00a0<strong>Je pr\u00eate \u00e0 200%<\/strong>: dans ce cas, vous ne consommerez que\u00a0<strong>181 g de film \u00e9tirable<\/strong>.<\/p>\n\n\n\n<p>Mais que se passe-t-il sans cet outil\u00a0? Sans l&#039;effet de pr\u00e9-\u00e9tirage, pour le m\u00eame nombre de tours, la consommation de film augmenterait de bien plus\u00a0<strong>542 g<\/strong>. La diff\u00e9rence ? Une \u00e9conomie de\u00a0<strong>361 g par palette<\/strong>, ce qui peut conduire en un an \u00e0 une r\u00e9duction significative des co\u00fbts et des d\u00e9chets.<\/p>\n\n\n\n<h3 class=\"wp-block-heading\">\u00c9conomies et durabilit\u00e9 environnementale<\/h3>\n\n\n\n<p>Ces \u00e9conomies se traduisent non seulement par une r\u00e9duction des co\u00fbts, mais aussi par un b\u00e9n\u00e9fice environnemental significatif. Un emballage utilisant moins de film signifie moins de d\u00e9chets et un impact environnemental moindre. Il est important de rappeler qu&#039;une charge plus stable ne d\u00e9pend pas uniquement de la quantit\u00e9 de film utilis\u00e9e, mais aussi de la qualit\u00e9 et de l&#039;efficacit\u00e9 du film.&nbsp;<strong>pr\u00e9-\u00e9tirage motoris\u00e9<\/strong>, qui assure une tension optimale du film, prot\u00e9geant efficacement la charge et r\u00e9duisant les d\u00e9chets.<\/p>\n\n\n\n<p>En r\u00e9sum\u00e9, l\u2019adoption de la&nbsp;<strong>pr\u00e9-\u00e9tirage motoris\u00e9<\/strong>&nbsp;Cela permet non seulement de r\u00e9aliser des \u00e9conomies \u00e9conomiques importantes, mais contribue \u00e9galement \u00e0 promouvoir une logistique plus durable, r\u00e9duisant la consommation de mat\u00e9riaux et l\u2019impact environnemental.<\/p>\n\n\n\n<figure class=\"wp-block-image size-large\"><img fetchpriority=\"high\" decoding=\"async\" width=\"1024\" height=\"653\" src=\"https:\/\/www.effe3ti.com\/wp-content\/uploads\/2021\/04\/oscar-pre-stretch-1024x653.jpg\" alt=\"pr\u00e9-\u00e9tirage motoris\u00e9\" class=\"wp-image-6237\" srcset=\"https:\/\/www.effe3ti.com\/wp-content\/uploads\/2021\/04\/oscar-pre-stretch-1024x653.jpg 1024w, https:\/\/www.effe3ti.com\/wp-content\/uploads\/2021\/04\/oscar-pre-stretch-600x382.jpg 600w, https:\/\/www.effe3ti.com\/wp-content\/uploads\/2021\/04\/oscar-pre-stretch-300x191.jpg 300w, https:\/\/www.effe3ti.com\/wp-content\/uploads\/2021\/04\/oscar-pre-stretch-768x489.jpg 768w, https:\/\/www.effe3ti.com\/wp-content\/uploads\/2021\/04\/oscar-pre-stretch-1536x979.jpg 1536w, https:\/\/www.effe3ti.com\/wp-content\/uploads\/2021\/04\/oscar-pre-stretch-2048x1305.jpg 2048w\" sizes=\"(max-width: 1024px) 100vw, 1024px\" \/><\/figure>\n\n\n\n<h3 class=\"wp-block-heading\">N&#039;oubliez pas : un emballage avec une plus grande quantit\u00e9 de film utilis\u00e9 n&#039;\u00e9quivaut PAS \u00e0 une charge plus stable !<\/h3>\n\n\n\n<p>Le pr\u00e9-\u00e9tirage motoris\u00e9 est install\u00e9 en standard sur les machines<\/p>\n\n\n\n<ul class=\"wp-block-list\">\n<li><a href=\"https:\/\/www.effe3ti.com\/fr\/produit\/machine-demballage-semi-automatique-avec-table-rotative-facile\/\">Facile z\u00e9ro,5<\/a><\/li>\n\n\n\n<li><a href=\"https:\/\/www.effe3ti.com\/fr\/produit\/robot-demballage-de-palettes-oscar-touch-v-5\/\">Oscar V.5<\/a><\/li>\n\n\n\n<li><a href=\"https:\/\/www.effe3ti.com\/fr\/produit\/machine-demballage-semi-automatique-a-table-rotative-spinny-s300\/\">Spinny S300<\/a><\/li>\n\n\n\n<li><a href=\"https:\/\/www.effe3ti.com\/fr\/produit\/machine-demballage-semi-automatique-a-table-rotative-spinny-s350\/\">Spinny S350<\/a><\/li>\n\n\n\n<li><a href=\"https:\/\/www.effe3ti.com\/fr\/produit\/machine-demballage-semi-automatique-a-table-rotative-spinny-s500-touch\/\">Spinny S500<\/a><\/li>\n\n\n\n<li><a href=\"https:\/\/www.effe3ti.com\/fr\/produit\/machine-demballage-automatique-a-table-rotative-spinny-s2300\/\">Spinny S2300<\/a><\/li>\n\n\n\n<li><a href=\"https:\/\/www.effe3ti.com\/fr\/produit\/machine-demballage-semi-automatique-a-bras-rotatif-rotax-s3300\/\">Rotax S3300<\/a><\/li>\n\n\n\n<li><a href=\"https:\/\/www.effe3ti.com\/fr\/produit\/machine-demballage-semi-automatique-a-bras-rotatif-rotax-s3350-touch\/\">Rotax S3350<\/a><\/li>\n\n\n\n<li><a href=\"https:\/\/www.effe3ti.com\/fr\/produit\/machine-demballage-automatique-a-bras-rotatif-rotax-s5300\/\">Rotax S5300<\/a><\/li>\n\n\n\n<li><a href=\"https:\/\/www.effe3ti.com\/fr\/produit\/machine-demballage-automatique-a-bras-rotatif-rotax-s5500\/\">Rotax S5500<\/a><\/li>\n<\/ul>\n\n\n\n<p><\/p>","protected":false},"excerpt":{"rendered":"<p>Risparmio Garantito con il Prestiro Motorizzato Avete mai avuto dubbi sull\u2019utilit\u00e0 del&nbsp;dispositivo di prestiro motorizzato? Vi proponiamo un piccolo quiz per dimostrarne l&#8217;efficacia e il risparmio che pu\u00f2 portare al vostro processo di imballaggio. Quanto risparmi con il Prestiro Motorizzato? Un metro di film non pre-stirato pesa\u00a011,2 g, mentre lo stesso metro di film pre-stirato [&hellip;]<\/p>\n","protected":false},"author":1,"featured_media":6237,"comment_status":"closed","ping_status":"closed","sticky":false,"template":"","format":"standard","meta":{"footnotes":""},"categories":[42],"tags":[],"class_list":["post-7977","post","type-post","status-publish","format-standard","has-post-thumbnail","hentry","category-news-approfondimenti"],"yoast_head":"<!-- This site is optimized with the Yoast SEO plugin v27.5 - https:\/\/yoast.com\/product\/yoast-seo-wordpress\/ -->\n<title>Quanto \u00e8 utile il prestiro motorizzato per il film estensibile? - Effe3ti<\/title>\n<meta name=\"description\" content=\"Risparmio \u00e8 la parola chiave, cos\u00ec come Ambiente. Il prestiro motorizzato \u00e8 di grande aiuto per la vostra azienda e per il pianeta\" \/>\n<meta name=\"robots\" content=\"index, follow, max-snippet:-1, max-image-preview:large, max-video-preview:-1\" \/>\n<link rel=\"canonical\" href=\"https:\/\/www.effe3ti.com\/fr\/dans-quelle-mesure-est-il-utile-de-pre-etirer-le-film-etirable\/\" \/>\n<meta property=\"og:locale\" content=\"fr_FR\" \/>\n<meta property=\"og:type\" content=\"article\" \/>\n<meta property=\"og:title\" content=\"Quanto \u00e8 utile il prestiro motorizzato per il film estensibile? - Effe3ti\" \/>\n<meta property=\"og:description\" content=\"Risparmio \u00e8 la parola chiave, cos\u00ec come Ambiente. Il prestiro motorizzato \u00e8 di grande aiuto per la vostra azienda e per il pianeta\" \/>\n<meta property=\"og:url\" content=\"https:\/\/www.effe3ti.com\/fr\/dans-quelle-mesure-est-il-utile-de-pre-etirer-le-film-etirable\/\" \/>\n<meta property=\"og:site_name\" content=\"Effe3ti\" \/>\n<meta property=\"article:publisher\" content=\"https:\/\/www.facebook.com\/effe3ti.packaging\" \/>\n<meta property=\"article:published_time\" content=\"2022-02-09T15:41:54+00:00\" \/>\n<meta property=\"article:modified_time\" content=\"2025-04-16T15:23:35+00:00\" \/>\n<meta property=\"og:image\" content=\"https:\/\/www.effe3ti.com\/wp-content\/uploads\/2021\/04\/oscar-pre-stretch-scaled.jpg\" \/>\n\t<meta property=\"og:image:width\" content=\"2560\" \/>\n\t<meta property=\"og:image:height\" content=\"1631\" \/>\n\t<meta property=\"og:image:type\" content=\"image\/jpeg\" \/>\n<meta name=\"author\" content=\"admin\" \/>\n<meta name=\"twitter:card\" content=\"summary_large_image\" \/>\n<meta name=\"twitter:label1\" content=\"\u00c9crit par\" \/>\n\t<meta name=\"twitter:data1\" content=\"admin\" \/>\n\t<meta name=\"twitter:label2\" content=\"Dur\u00e9e de lecture estim\u00e9e\" \/>\n\t<meta name=\"twitter:data2\" content=\"3 minutes\" \/>\n<script type=\"application\/ld+json\" class=\"yoast-schema-graph\">{\"@context\":\"https:\\\/\\\/schema.org\",\"@graph\":[{\"@type\":\"Article\",\"@id\":\"https:\\\/\\\/www.effe3ti.com\\\/quanto-e-utile-prestirare-il-film-estensibile\\\/#article\",\"isPartOf\":{\"@id\":\"https:\\\/\\\/www.effe3ti.com\\\/quanto-e-utile-prestirare-il-film-estensibile\\\/\"},\"author\":{\"name\":\"admin\",\"@id\":\"https:\\\/\\\/www.effe3ti.com\\\/#\\\/schema\\\/person\\\/6cef6f087618c649ebbf63a4ea46e0d6\"},\"headline\":\"Quanto \u00e8 utile il prestiro motorizzato per il film estensibile?\",\"datePublished\":\"2022-02-09T15:41:54+00:00\",\"dateModified\":\"2025-04-16T15:23:35+00:00\",\"mainEntityOfPage\":{\"@id\":\"https:\\\/\\\/www.effe3ti.com\\\/quanto-e-utile-prestirare-il-film-estensibile\\\/\"},\"wordCount\":313,\"publisher\":{\"@id\":\"https:\\\/\\\/www.effe3ti.com\\\/#organization\"},\"image\":{\"@id\":\"https:\\\/\\\/www.effe3ti.com\\\/quanto-e-utile-prestirare-il-film-estensibile\\\/#primaryimage\"},\"thumbnailUrl\":\"https:\\\/\\\/www.effe3ti.com\\\/wp-content\\\/uploads\\\/2021\\\/04\\\/oscar-pre-stretch-scaled.jpg\",\"articleSection\":[\"Approfondimenti\"],\"inLanguage\":\"fr-FR\"},{\"@type\":\"WebPage\",\"@id\":\"https:\\\/\\\/www.effe3ti.com\\\/quanto-e-utile-prestirare-il-film-estensibile\\\/\",\"url\":\"https:\\\/\\\/www.effe3ti.com\\\/quanto-e-utile-prestirare-il-film-estensibile\\\/\",\"name\":\"Quanto \u00e8 utile il prestiro motorizzato per il film estensibile? - Effe3ti\",\"isPartOf\":{\"@id\":\"https:\\\/\\\/www.effe3ti.com\\\/#website\"},\"primaryImageOfPage\":{\"@id\":\"https:\\\/\\\/www.effe3ti.com\\\/quanto-e-utile-prestirare-il-film-estensibile\\\/#primaryimage\"},\"image\":{\"@id\":\"https:\\\/\\\/www.effe3ti.com\\\/quanto-e-utile-prestirare-il-film-estensibile\\\/#primaryimage\"},\"thumbnailUrl\":\"https:\\\/\\\/www.effe3ti.com\\\/wp-content\\\/uploads\\\/2021\\\/04\\\/oscar-pre-stretch-scaled.jpg\",\"datePublished\":\"2022-02-09T15:41:54+00:00\",\"dateModified\":\"2025-04-16T15:23:35+00:00\",\"description\":\"Risparmio \u00e8 la parola chiave, cos\u00ec come Ambiente. Il prestiro motorizzato \u00e8 di grande aiuto per la vostra azienda e per il pianeta\",\"breadcrumb\":{\"@id\":\"https:\\\/\\\/www.effe3ti.com\\\/quanto-e-utile-prestirare-il-film-estensibile\\\/#breadcrumb\"},\"inLanguage\":\"fr-FR\",\"potentialAction\":[{\"@type\":\"ReadAction\",\"target\":[\"https:\\\/\\\/www.effe3ti.com\\\/quanto-e-utile-prestirare-il-film-estensibile\\\/\"]}]},{\"@type\":\"ImageObject\",\"inLanguage\":\"fr-FR\",\"@id\":\"https:\\\/\\\/www.effe3ti.com\\\/quanto-e-utile-prestirare-il-film-estensibile\\\/#primaryimage\",\"url\":\"https:\\\/\\\/www.effe3ti.com\\\/wp-content\\\/uploads\\\/2021\\\/04\\\/oscar-pre-stretch-scaled.jpg\",\"contentUrl\":\"https:\\\/\\\/www.effe3ti.com\\\/wp-content\\\/uploads\\\/2021\\\/04\\\/oscar-pre-stretch-scaled.jpg\",\"width\":2560,\"height\":1631,\"caption\":\"prestiro motorizzato\"},{\"@type\":\"BreadcrumbList\",\"@id\":\"https:\\\/\\\/www.effe3ti.com\\\/quanto-e-utile-prestirare-il-film-estensibile\\\/#breadcrumb\",\"itemListElement\":[{\"@type\":\"ListItem\",\"position\":1,\"name\":\"Home\",\"item\":\"https:\\\/\\\/www.effe3ti.com\\\/\"},{\"@type\":\"ListItem\",\"position\":2,\"name\":\"Quanto \u00e8 utile il prestiro motorizzato per il film estensibile?\"}]},{\"@type\":\"WebSite\",\"@id\":\"https:\\\/\\\/www.effe3ti.com\\\/#website\",\"url\":\"https:\\\/\\\/www.effe3ti.com\\\/\",\"name\":\"Effe3ti\",\"description\":\"Packaging Technologies\",\"publisher\":{\"@id\":\"https:\\\/\\\/www.effe3ti.com\\\/#organization\"},\"potentialAction\":[{\"@type\":\"SearchAction\",\"target\":{\"@type\":\"EntryPoint\",\"urlTemplate\":\"https:\\\/\\\/www.effe3ti.com\\\/?s={search_term_string}\"},\"query-input\":{\"@type\":\"PropertyValueSpecification\",\"valueRequired\":true,\"valueName\":\"search_term_string\"}}],\"inLanguage\":\"fr-FR\"},{\"@type\":\"Organization\",\"@id\":\"https:\\\/\\\/www.effe3ti.com\\\/#organization\",\"name\":\"Effe3ti\",\"alternateName\":\"f3t\",\"url\":\"https:\\\/\\\/www.effe3ti.com\\\/\",\"logo\":{\"@type\":\"ImageObject\",\"inLanguage\":\"fr-FR\",\"@id\":\"https:\\\/\\\/www.effe3ti.com\\\/#\\\/schema\\\/logo\\\/image\\\/\",\"url\":\"https:\\\/\\\/www.effe3ti.com\\\/wp-content\\\/uploads\\\/2021\\\/04\\\/Effe3ti_logo-350.gif\",\"contentUrl\":\"https:\\\/\\\/www.effe3ti.com\\\/wp-content\\\/uploads\\\/2021\\\/04\\\/Effe3ti_logo-350.gif\",\"width\":350,\"height\":128,\"caption\":\"Effe3ti\"},\"image\":{\"@id\":\"https:\\\/\\\/www.effe3ti.com\\\/#\\\/schema\\\/logo\\\/image\\\/\"},\"sameAs\":[\"https:\\\/\\\/www.facebook.com\\\/effe3ti.packaging\",\"https:\\\/\\\/www.instagram.com\\\/EFFE3TI\\\/\",\"https:\\\/\\\/www.linkedin.com\\\/company\\\/effe3ti-srl\",\"https:\\\/\\\/www.youtube.com\\\/effe3ti\"]},{\"@type\":\"Person\",\"@id\":\"https:\\\/\\\/www.effe3ti.com\\\/#\\\/schema\\\/person\\\/6cef6f087618c649ebbf63a4ea46e0d6\",\"name\":\"admin\",\"image\":{\"@type\":\"ImageObject\",\"inLanguage\":\"fr-FR\",\"@id\":\"https:\\\/\\\/secure.gravatar.com\\\/avatar\\\/b253dd15467b2329f0e140e2e96d7a7963ee736a560580d3f5e9ae1015d2b5fd?s=96&d=mm&r=g\",\"url\":\"https:\\\/\\\/secure.gravatar.com\\\/avatar\\\/b253dd15467b2329f0e140e2e96d7a7963ee736a560580d3f5e9ae1015d2b5fd?s=96&d=mm&r=g\",\"contentUrl\":\"https:\\\/\\\/secure.gravatar.com\\\/avatar\\\/b253dd15467b2329f0e140e2e96d7a7963ee736a560580d3f5e9ae1015d2b5fd?s=96&d=mm&r=g\",\"caption\":\"admin\"}}]}<\/script>\n<!-- \/ Yoast SEO plugin. -->","yoast_head_json":{"title":"Quelle est l&#039;utilit\u00e9 du pr\u00e9-\u00e9tirage motoris\u00e9 pour film \u00e9tirable\u00a0? - Effe3ti","description":"\u00c9conomies et environnement sont les ma\u00eetres mots. Le pr\u00e9-\u00e9tirage motoris\u00e9 est un atout pr\u00e9cieux pour votre entreprise et pour la plan\u00e8te.","robots":{"index":"index","follow":"follow","max-snippet":"max-snippet:-1","max-image-preview":"max-image-preview:large","max-video-preview":"max-video-preview:-1"},"canonical":"https:\/\/www.effe3ti.com\/fr\/dans-quelle-mesure-est-il-utile-de-pre-etirer-le-film-etirable\/","og_locale":"fr_FR","og_type":"article","og_title":"Quanto \u00e8 utile il prestiro motorizzato per il film estensibile? - Effe3ti","og_description":"Risparmio \u00e8 la parola chiave, cos\u00ec come Ambiente. Il prestiro motorizzato \u00e8 di grande aiuto per la vostra azienda e per il pianeta","og_url":"https:\/\/www.effe3ti.com\/fr\/dans-quelle-mesure-est-il-utile-de-pre-etirer-le-film-etirable\/","og_site_name":"Effe3ti","article_publisher":"https:\/\/www.facebook.com\/effe3ti.packaging","article_published_time":"2022-02-09T15:41:54+00:00","article_modified_time":"2025-04-16T15:23:35+00:00","og_image":[{"width":2560,"height":1631,"url":"https:\/\/www.effe3ti.com\/wp-content\/uploads\/2021\/04\/oscar-pre-stretch-scaled.jpg","type":"image\/jpeg"}],"author":"admin","twitter_card":"summary_large_image","twitter_misc":{"\u00c9crit par":"admin","Dur\u00e9e de lecture estim\u00e9e":"3 minutes"},"schema":{"@context":"https:\/\/schema.org","@graph":[{"@type":"Article","@id":"https:\/\/www.effe3ti.com\/quanto-e-utile-prestirare-il-film-estensibile\/#article","isPartOf":{"@id":"https:\/\/www.effe3ti.com\/quanto-e-utile-prestirare-il-film-estensibile\/"},"author":{"name":"admin","@id":"https:\/\/www.effe3ti.com\/#\/schema\/person\/6cef6f087618c649ebbf63a4ea46e0d6"},"headline":"Quanto \u00e8 utile il prestiro motorizzato per il film estensibile?","datePublished":"2022-02-09T15:41:54+00:00","dateModified":"2025-04-16T15:23:35+00:00","mainEntityOfPage":{"@id":"https:\/\/www.effe3ti.com\/quanto-e-utile-prestirare-il-film-estensibile\/"},"wordCount":313,"publisher":{"@id":"https:\/\/www.effe3ti.com\/#organization"},"image":{"@id":"https:\/\/www.effe3ti.com\/quanto-e-utile-prestirare-il-film-estensibile\/#primaryimage"},"thumbnailUrl":"https:\/\/www.effe3ti.com\/wp-content\/uploads\/2021\/04\/oscar-pre-stretch-scaled.jpg","articleSection":["Approfondimenti"],"inLanguage":"fr-FR"},{"@type":"WebPage","@id":"https:\/\/www.effe3ti.com\/quanto-e-utile-prestirare-il-film-estensibile\/","url":"https:\/\/www.effe3ti.com\/quanto-e-utile-prestirare-il-film-estensibile\/","name":"Quelle est l&#039;utilit\u00e9 du pr\u00e9-\u00e9tirage motoris\u00e9 pour film \u00e9tirable\u00a0? - Effe3ti","isPartOf":{"@id":"https:\/\/www.effe3ti.com\/#website"},"primaryImageOfPage":{"@id":"https:\/\/www.effe3ti.com\/quanto-e-utile-prestirare-il-film-estensibile\/#primaryimage"},"image":{"@id":"https:\/\/www.effe3ti.com\/quanto-e-utile-prestirare-il-film-estensibile\/#primaryimage"},"thumbnailUrl":"https:\/\/www.effe3ti.com\/wp-content\/uploads\/2021\/04\/oscar-pre-stretch-scaled.jpg","datePublished":"2022-02-09T15:41:54+00:00","dateModified":"2025-04-16T15:23:35+00:00","description":"\u00c9conomies et environnement sont les ma\u00eetres mots. Le pr\u00e9-\u00e9tirage motoris\u00e9 est un atout pr\u00e9cieux pour votre entreprise et pour la plan\u00e8te.","breadcrumb":{"@id":"https:\/\/www.effe3ti.com\/quanto-e-utile-prestirare-il-film-estensibile\/#breadcrumb"},"inLanguage":"fr-FR","potentialAction":[{"@type":"ReadAction","target":["https:\/\/www.effe3ti.com\/quanto-e-utile-prestirare-il-film-estensibile\/"]}]},{"@type":"ImageObject","inLanguage":"fr-FR","@id":"https:\/\/www.effe3ti.com\/quanto-e-utile-prestirare-il-film-estensibile\/#primaryimage","url":"https:\/\/www.effe3ti.com\/wp-content\/uploads\/2021\/04\/oscar-pre-stretch-scaled.jpg","contentUrl":"https:\/\/www.effe3ti.com\/wp-content\/uploads\/2021\/04\/oscar-pre-stretch-scaled.jpg","width":2560,"height":1631,"caption":"prestiro motorizzato"},{"@type":"BreadcrumbList","@id":"https:\/\/www.effe3ti.com\/quanto-e-utile-prestirare-il-film-estensibile\/#breadcrumb","itemListElement":[{"@type":"ListItem","position":1,"name":"Home","item":"https:\/\/www.effe3ti.com\/"},{"@type":"ListItem","position":2,"name":"Quanto \u00e8 utile il prestiro motorizzato per il film estensibile?"}]},{"@type":"WebSite","@id":"https:\/\/www.effe3ti.com\/#website","url":"https:\/\/www.effe3ti.com\/","name":"Effe3ti","description":"Technologies d&#039;emballage","publisher":{"@id":"https:\/\/www.effe3ti.com\/#organization"},"potentialAction":[{"@type":"SearchAction","target":{"@type":"EntryPoint","urlTemplate":"https:\/\/www.effe3ti.com\/?s={search_term_string}"},"query-input":{"@type":"PropertyValueSpecification","valueRequired":true,"valueName":"search_term_string"}}],"inLanguage":"fr-FR"},{"@type":"Organization","@id":"https:\/\/www.effe3ti.com\/#organization","name":"Effe3ti","alternateName":"f3t","url":"https:\/\/www.effe3ti.com\/","logo":{"@type":"ImageObject","inLanguage":"fr-FR","@id":"https:\/\/www.effe3ti.com\/#\/schema\/logo\/image\/","url":"https:\/\/www.effe3ti.com\/wp-content\/uploads\/2021\/04\/Effe3ti_logo-350.gif","contentUrl":"https:\/\/www.effe3ti.com\/wp-content\/uploads\/2021\/04\/Effe3ti_logo-350.gif","width":350,"height":128,"caption":"Effe3ti"},"image":{"@id":"https:\/\/www.effe3ti.com\/#\/schema\/logo\/image\/"},"sameAs":["https:\/\/www.facebook.com\/effe3ti.packaging","https:\/\/www.instagram.com\/EFFE3TI\/","https:\/\/www.linkedin.com\/company\/effe3ti-srl","https:\/\/www.youtube.com\/effe3ti"]},{"@type":"Person","@id":"https:\/\/www.effe3ti.com\/#\/schema\/person\/6cef6f087618c649ebbf63a4ea46e0d6","name":"administrateur","image":{"@type":"ImageObject","inLanguage":"fr-FR","@id":"https:\/\/secure.gravatar.com\/avatar\/b253dd15467b2329f0e140e2e96d7a7963ee736a560580d3f5e9ae1015d2b5fd?s=96&d=mm&r=g","url":"https:\/\/secure.gravatar.com\/avatar\/b253dd15467b2329f0e140e2e96d7a7963ee736a560580d3f5e9ae1015d2b5fd?s=96&d=mm&r=g","contentUrl":"https:\/\/secure.gravatar.com\/avatar\/b253dd15467b2329f0e140e2e96d7a7963ee736a560580d3f5e9ae1015d2b5fd?s=96&d=mm&r=g","caption":"admin"}}]}},"_links":{"self":[{"href":"https:\/\/www.effe3ti.com\/fr\/wp-json\/wp\/v2\/posts\/7977","targetHints":{"allow":["GET"]}}],"collection":[{"href":"https:\/\/www.effe3ti.com\/fr\/wp-json\/wp\/v2\/posts"}],"about":[{"href":"https:\/\/www.effe3ti.com\/fr\/wp-json\/wp\/v2\/types\/post"}],"author":[{"embeddable":true,"href":"https:\/\/www.effe3ti.com\/fr\/wp-json\/wp\/v2\/users\/1"}],"replies":[{"embeddable":true,"href":"https:\/\/www.effe3ti.com\/fr\/wp-json\/wp\/v2\/comments?post=7977"}],"version-history":[{"count":5,"href":"https:\/\/www.effe3ti.com\/fr\/wp-json\/wp\/v2\/posts\/7977\/revisions"}],"predecessor-version":[{"id":22980,"href":"https:\/\/www.effe3ti.com\/fr\/wp-json\/wp\/v2\/posts\/7977\/revisions\/22980"}],"wp:featuredmedia":[{"embeddable":true,"href":"https:\/\/www.effe3ti.com\/fr\/wp-json\/wp\/v2\/media\/6237"}],"wp:attachment":[{"href":"https:\/\/www.effe3ti.com\/fr\/wp-json\/wp\/v2\/media?parent=7977"}],"wp:term":[{"taxonomy":"category","embeddable":true,"href":"https:\/\/www.effe3ti.com\/fr\/wp-json\/wp\/v2\/categories?post=7977"},{"taxonomy":"post_tag","embeddable":true,"href":"https:\/\/www.effe3ti.com\/fr\/wp-json\/wp\/v2\/tags?post=7977"}],"curies":[{"name":"wp","href":"https:\/\/api.w.org\/{rel}","templated":true}]}}