{"id":810,"date":"2018-04-25T08:47:53","date_gmt":"2018-04-25T08:47:53","guid":{"rendered":"https:\/\/vps-de1b14d9.vps.ovh.net\/effe3ti\/?p=810"},"modified":"2025-04-15T12:43:08","modified_gmt":"2025-04-15T12:43:08","slug":"effe3ti-et-efficacite-energetique","status":"publish","type":"post","link":"https:\/\/www.effe3ti.com\/fr\/effe3ti-e-lefficienza-energetica\/","title":{"rendered":"Technologies d&#039;emballage Effe3ti et efficacit\u00e9 \u00e9nerg\u00e9tique"},"content":{"rendered":"<p>La capacit\u00e9 d\u2019un syst\u00e8me physique \u00e0 atteindre un certain r\u00e9sultat en utilisant moins d\u2019\u00e9nergie que d\u2019autres syst\u00e8mes (appel\u00e9s moins efficaces) augmente g\u00e9n\u00e9ralement les performances et permet des \u00e9conomies d\u2019\u00e9nergie et une r\u00e9duction des co\u00fbts d\u2019exploitation. L\u2019efficacit\u00e9 \u00e9nerg\u00e9tique est donc la capacit\u00e9 \u00e0 <strong>\u00eatre capable de \u00ab faire plus avec moins \u00bb<\/strong>, en adoptant les meilleures technologies et techniques ainsi qu\u2019un comportement plus conscient et responsable envers l\u2019utilisation de l\u2019\u00e9nergie.<\/p>\n\n\n\n<figure class=\"wp-block-image\"><img decoding=\"async\" src=\"https:\/\/www.effe3ti.com\/wp-content\/uploads\/2021\/04\/Azienda-1024x576.jpg\" alt=\"emballage effe3ti\"\/><\/figure>\n\n\n\n<p><\/p>\n\n\n\n<h3 class=\"wp-block-heading\">Comment se comporte EFFE3ti Packaging Technologies ?<\/h3>\n\n\n\n<p>EFFE3ti Packaging Technologies est une soci\u00e9t\u00e9 qui s&#039;occupe de l&#039;\u00e9tude et de la conception de <a href=\"https:\/\/www.effe3ti.com\/fr\/produits-effe3ti\/\">machines et syst\u00e8mes de bobinage<\/a> pour produits sur palettes, d\u00e9di\u00e9s \u00e0 tous types d&#039;industries : des plus petites aux plus grandes. Pour ce faire, nous donnons du travail \u00e0 plusieurs autres entreprises : menuiserie, soudure, peinture, \u00e9lectriciens, etc.<\/p>\n\n\n\n<p>\u00c0 l&#039;exception de certains composants que nous sommes oblig\u00e9s d&#039;acheter aupr\u00e8s de grandes entreprises (par exemple les panneaux de contr\u00f4le Siemens), notre philosophie a toujours \u00e9t\u00e9 de rechercher <strong>le meilleur produit \u00e0 la distance la plus courte<\/strong>. C&#039;est pourquoi nos partenaires de production sont tous situ\u00e9s dans un rayon de 30 km autour de Gattinara, o\u00f9 se trouve notre si\u00e8ge social.<\/p>\n\n\n\n<p>Cela signifie pouvoir b\u00e9n\u00e9ficier d\u2019une s\u00e9rie d\u2019avantages, comme la possibilit\u00e9 de <strong>v\u00e9rifier<\/strong> de l&#039;artefact, la possibilit\u00e9 d&#039;effectuer certaines <strong>corrections<\/strong> pendant la phase de travail, l&#039;avantage d&#039;avoir un <strong>entretien<\/strong> direct avec ceux qui produisent les pi\u00e8ces dont nous avons besoin, le plaisir de pouvoir donner <strong>Travail<\/strong> aux artisans de notre r\u00e9gion, etc.<\/p>\n\n\n\n<h3 class=\"wp-block-heading\">Quels r\u00e9sultats ?<\/h3>\n\n\n\n<p>En plus de tous nos avantages, nous pouvons fi\u00e8rement souligner que de cette fa\u00e7on, notre entreprise obtient une <strong>une meilleure efficacit\u00e9 \u00e9nerg\u00e9tique.<\/strong><\/p>\n\n\n\n<ul class=\"wp-block-list\">\n<li>Nous s\u00e9lectionnons les mat\u00e9riaux que nous utilisons<\/li>\n\n\n\n<li>Nous connaissons personnellement nos artisans<\/li>\n\n\n\n<li>Nous produisons moins de CO2 gr\u00e2ce \u00e0 la r\u00e9duction du transport de mat\u00e9riaux<\/li>\n\n\n\n<li>Nous produisons moins de d\u00e9chets de production gr\u00e2ce \u00e0 la possibilit\u00e9 de corriger les erreurs en temps r\u00e9el<\/li>\n<\/ul>\n\n\n\n<p>\u2026et aussi<\/p>\n\n\n\n<ul class=\"wp-block-list\">\n<li>Nous essayons d&#039;optimiser les environnements de travail<\/li>\n\n\n\n<li>Nous avons \u00e9limin\u00e9 les \u00e9l\u00e9ments polluants tels que l&#039;Eternit de nos entrep\u00f4ts<\/li>\n\n\n\n<li>Nous recyclons autant que possible les emballages des produits que nous recevons, en pressant du papier, du carton et du plastique et en envoyant les balles \u00e0 des entreprises qui s&#039;occupent du recyclage des mat\u00e9riaux.<\/li>\n\n\n\n<li>Nous exp\u00e9dions nos produits aux clients en utilisant des emballages m\u00e9talliques qui peuvent \u00eatre r\u00e9utilis\u00e9s pratiquement \u00e0 l\u2019infini.<\/li>\n<\/ul>\n\n\n\n<figure class=\"wp-block-image\"><img decoding=\"async\" src=\"https:\/\/www.effe3ti.com\/wp-content\/uploads\/2021\/04\/Riciclo-1024x576.jpg\" alt=\"recyclage des mat\u00e9riaux\"\/><\/figure>\n\n\n\n<p><\/p>\n\n\n\n<p>\u00c0 une \u00e9poque o\u00f9 l&#039;emballage est indiqu\u00e9 comme la principale cause de pollution, nous essayons, \u00e0 notre petite \u00e9chelle, d&#039;apporter notre contribution \u00e0 l&#039;environnement, en d\u00e9veloppant des appareils qui utilisent le moins de consommables possible et, ensemble, nous essayons d&#039;\u00eatre aussi \u00e9conomes en \u00e9nergie que possible.<\/p>\n\n\n\n<h4 class=\"wp-block-heading\">Demandez-nous ce que nous pouvons faire pour am\u00e9liorer votre emballage<\/h4>","protected":false},"excerpt":{"rendered":"<p>La capacit\u00e0 di un sistema fisico di ottenere un certo risultato utilizzando meno energia rispetto ad altri sistemi (detti a minor efficienza), aumenta generalmente il rendimento e consente un risparmio energetico ed una riduzione dei costi di esercizio. Efficienza energetica \u00e8 dunque la capacit\u00e0 di riuscire a \u201cfare di pi\u00f9 con meno\u201d, adottando le migliori [&hellip;]<\/p>\n","protected":false},"author":1,"featured_media":814,"comment_status":"closed","ping_status":"closed","sticky":false,"template":"","format":"standard","meta":{"footnotes":""},"categories":[42],"tags":[],"class_list":["post-810","post","type-post","status-publish","format-standard","has-post-thumbnail","hentry","category-news-approfondimenti"],"yoast_head":"<!-- This site is optimized with the Yoast SEO plugin v27.4 - https:\/\/yoast.com\/product\/yoast-seo-wordpress\/ -->\n<title>Effe3ti Packaging Technologies e l&#039;efficienza energetica - Effe3ti<\/title>\n<meta name=\"description\" content=\"EFFE3ti packaging si occupa dello studio e progettazione di macchine e impianti di avvolgimento per tutti i tipi di industria\" \/>\n<meta name=\"robots\" content=\"index, follow, max-snippet:-1, max-image-preview:large, max-video-preview:-1\" \/>\n<link rel=\"canonical\" href=\"https:\/\/www.effe3ti.com\/fr\/effe3ti-et-efficacite-energetique\/\" \/>\n<meta property=\"og:locale\" content=\"fr_FR\" \/>\n<meta property=\"og:type\" content=\"article\" \/>\n<meta property=\"og:title\" content=\"Effe3ti Packaging Technologies e l&#039;efficienza energetica - Effe3ti\" \/>\n<meta property=\"og:description\" content=\"EFFE3ti packaging si occupa dello studio e progettazione di macchine e impianti di avvolgimento per tutti i tipi di industria\" \/>\n<meta property=\"og:url\" content=\"https:\/\/www.effe3ti.com\/fr\/effe3ti-et-efficacite-energetique\/\" \/>\n<meta property=\"og:site_name\" content=\"Effe3ti\" \/>\n<meta property=\"article:publisher\" content=\"https:\/\/www.facebook.com\/effe3ti.packaging\" \/>\n<meta property=\"article:published_time\" content=\"2018-04-25T08:47:53+00:00\" \/>\n<meta property=\"article:modified_time\" content=\"2025-04-15T12:43:08+00:00\" \/>\n<meta property=\"og:image\" content=\"https:\/\/www.effe3ti.com\/wp-content\/uploads\/2021\/04\/Riciclo.jpg\" \/>\n\t<meta property=\"og:image:width\" content=\"1600\" \/>\n\t<meta property=\"og:image:height\" content=\"900\" \/>\n\t<meta property=\"og:image:type\" content=\"image\/jpeg\" \/>\n<meta name=\"author\" content=\"admin\" \/>\n<meta name=\"twitter:card\" content=\"summary_large_image\" \/>\n<meta name=\"twitter:label1\" content=\"\u00c9crit par\" \/>\n\t<meta name=\"twitter:data1\" content=\"admin\" \/>\n\t<meta name=\"twitter:label2\" content=\"Dur\u00e9e de lecture estim\u00e9e\" \/>\n\t<meta name=\"twitter:data2\" content=\"3 minutes\" \/>\n<script type=\"application\/ld+json\" class=\"yoast-schema-graph\">{\"@context\":\"https:\\\/\\\/schema.org\",\"@graph\":[{\"@type\":\"Article\",\"@id\":\"https:\\\/\\\/www.effe3ti.com\\\/effe3ti-e-lefficienza-energetica\\\/#article\",\"isPartOf\":{\"@id\":\"https:\\\/\\\/www.effe3ti.com\\\/effe3ti-e-lefficienza-energetica\\\/\"},\"author\":{\"name\":\"admin\",\"@id\":\"https:\\\/\\\/www.effe3ti.com\\\/#\\\/schema\\\/person\\\/6cef6f087618c649ebbf63a4ea46e0d6\"},\"headline\":\"Effe3ti Packaging Technologies e l&#8217;efficienza energetica\",\"datePublished\":\"2018-04-25T08:47:53+00:00\",\"dateModified\":\"2025-04-15T12:43:08+00:00\",\"mainEntityOfPage\":{\"@id\":\"https:\\\/\\\/www.effe3ti.com\\\/effe3ti-e-lefficienza-energetica\\\/\"},\"wordCount\":431,\"publisher\":{\"@id\":\"https:\\\/\\\/www.effe3ti.com\\\/#organization\"},\"image\":{\"@id\":\"https:\\\/\\\/www.effe3ti.com\\\/effe3ti-e-lefficienza-energetica\\\/#primaryimage\"},\"thumbnailUrl\":\"https:\\\/\\\/www.effe3ti.com\\\/wp-content\\\/uploads\\\/2021\\\/04\\\/Riciclo.jpg\",\"articleSection\":[\"Approfondimenti\"],\"inLanguage\":\"fr-FR\"},{\"@type\":\"WebPage\",\"@id\":\"https:\\\/\\\/www.effe3ti.com\\\/effe3ti-e-lefficienza-energetica\\\/\",\"url\":\"https:\\\/\\\/www.effe3ti.com\\\/effe3ti-e-lefficienza-energetica\\\/\",\"name\":\"Effe3ti Packaging Technologies e l'efficienza energetica - Effe3ti\",\"isPartOf\":{\"@id\":\"https:\\\/\\\/www.effe3ti.com\\\/#website\"},\"primaryImageOfPage\":{\"@id\":\"https:\\\/\\\/www.effe3ti.com\\\/effe3ti-e-lefficienza-energetica\\\/#primaryimage\"},\"image\":{\"@id\":\"https:\\\/\\\/www.effe3ti.com\\\/effe3ti-e-lefficienza-energetica\\\/#primaryimage\"},\"thumbnailUrl\":\"https:\\\/\\\/www.effe3ti.com\\\/wp-content\\\/uploads\\\/2021\\\/04\\\/Riciclo.jpg\",\"datePublished\":\"2018-04-25T08:47:53+00:00\",\"dateModified\":\"2025-04-15T12:43:08+00:00\",\"description\":\"EFFE3ti packaging si occupa dello studio e progettazione di macchine e impianti di avvolgimento per tutti i tipi di industria\",\"breadcrumb\":{\"@id\":\"https:\\\/\\\/www.effe3ti.com\\\/effe3ti-e-lefficienza-energetica\\\/#breadcrumb\"},\"inLanguage\":\"fr-FR\",\"potentialAction\":[{\"@type\":\"ReadAction\",\"target\":[\"https:\\\/\\\/www.effe3ti.com\\\/effe3ti-e-lefficienza-energetica\\\/\"]}]},{\"@type\":\"ImageObject\",\"inLanguage\":\"fr-FR\",\"@id\":\"https:\\\/\\\/www.effe3ti.com\\\/effe3ti-e-lefficienza-energetica\\\/#primaryimage\",\"url\":\"https:\\\/\\\/www.effe3ti.com\\\/wp-content\\\/uploads\\\/2021\\\/04\\\/Riciclo.jpg\",\"contentUrl\":\"https:\\\/\\\/www.effe3ti.com\\\/wp-content\\\/uploads\\\/2021\\\/04\\\/Riciclo.jpg\",\"width\":1600,\"height\":900,\"caption\":\"riciclo materiali\"},{\"@type\":\"BreadcrumbList\",\"@id\":\"https:\\\/\\\/www.effe3ti.com\\\/effe3ti-e-lefficienza-energetica\\\/#breadcrumb\",\"itemListElement\":[{\"@type\":\"ListItem\",\"position\":1,\"name\":\"Home\",\"item\":\"https:\\\/\\\/www.effe3ti.com\\\/\"},{\"@type\":\"ListItem\",\"position\":2,\"name\":\"Effe3ti Packaging Technologies e l&#8217;efficienza energetica\"}]},{\"@type\":\"WebSite\",\"@id\":\"https:\\\/\\\/www.effe3ti.com\\\/#website\",\"url\":\"https:\\\/\\\/www.effe3ti.com\\\/\",\"name\":\"Effe3ti\",\"description\":\"Packaging Technologies\",\"publisher\":{\"@id\":\"https:\\\/\\\/www.effe3ti.com\\\/#organization\"},\"potentialAction\":[{\"@type\":\"SearchAction\",\"target\":{\"@type\":\"EntryPoint\",\"urlTemplate\":\"https:\\\/\\\/www.effe3ti.com\\\/?s={search_term_string}\"},\"query-input\":{\"@type\":\"PropertyValueSpecification\",\"valueRequired\":true,\"valueName\":\"search_term_string\"}}],\"inLanguage\":\"fr-FR\"},{\"@type\":\"Organization\",\"@id\":\"https:\\\/\\\/www.effe3ti.com\\\/#organization\",\"name\":\"Effe3ti\",\"alternateName\":\"f3t\",\"url\":\"https:\\\/\\\/www.effe3ti.com\\\/\",\"logo\":{\"@type\":\"ImageObject\",\"inLanguage\":\"fr-FR\",\"@id\":\"https:\\\/\\\/www.effe3ti.com\\\/#\\\/schema\\\/logo\\\/image\\\/\",\"url\":\"https:\\\/\\\/www.effe3ti.com\\\/wp-content\\\/uploads\\\/2021\\\/04\\\/Effe3ti_logo-350.gif\",\"contentUrl\":\"https:\\\/\\\/www.effe3ti.com\\\/wp-content\\\/uploads\\\/2021\\\/04\\\/Effe3ti_logo-350.gif\",\"width\":350,\"height\":128,\"caption\":\"Effe3ti\"},\"image\":{\"@id\":\"https:\\\/\\\/www.effe3ti.com\\\/#\\\/schema\\\/logo\\\/image\\\/\"},\"sameAs\":[\"https:\\\/\\\/www.facebook.com\\\/effe3ti.packaging\",\"https:\\\/\\\/www.instagram.com\\\/EFFE3TI\\\/\",\"https:\\\/\\\/www.linkedin.com\\\/company\\\/effe3ti-srl\",\"https:\\\/\\\/www.youtube.com\\\/effe3ti\"]},{\"@type\":\"Person\",\"@id\":\"https:\\\/\\\/www.effe3ti.com\\\/#\\\/schema\\\/person\\\/6cef6f087618c649ebbf63a4ea46e0d6\",\"name\":\"admin\",\"image\":{\"@type\":\"ImageObject\",\"inLanguage\":\"fr-FR\",\"@id\":\"https:\\\/\\\/secure.gravatar.com\\\/avatar\\\/b253dd15467b2329f0e140e2e96d7a7963ee736a560580d3f5e9ae1015d2b5fd?s=96&d=mm&r=g\",\"url\":\"https:\\\/\\\/secure.gravatar.com\\\/avatar\\\/b253dd15467b2329f0e140e2e96d7a7963ee736a560580d3f5e9ae1015d2b5fd?s=96&d=mm&r=g\",\"contentUrl\":\"https:\\\/\\\/secure.gravatar.com\\\/avatar\\\/b253dd15467b2329f0e140e2e96d7a7963ee736a560580d3f5e9ae1015d2b5fd?s=96&d=mm&r=g\",\"caption\":\"admin\"}}]}<\/script>\n<!-- \/ Yoast SEO plugin. -->","yoast_head_json":{"title":"Technologies d&#039;emballage et efficacit\u00e9 \u00e9nerg\u00e9tique Effe3ti - Effe3ti","description":"EFFE3ti packaging s&#039;occupe de l&#039;\u00e9tude et de la conception de machines et de syst\u00e8mes d&#039;emballage pour tous types d&#039;industries","robots":{"index":"index","follow":"follow","max-snippet":"max-snippet:-1","max-image-preview":"max-image-preview:large","max-video-preview":"max-video-preview:-1"},"canonical":"https:\/\/www.effe3ti.com\/fr\/effe3ti-et-efficacite-energetique\/","og_locale":"fr_FR","og_type":"article","og_title":"Effe3ti Packaging Technologies e l'efficienza energetica - Effe3ti","og_description":"EFFE3ti packaging si occupa dello studio e progettazione di macchine e impianti di avvolgimento per tutti i tipi di industria","og_url":"https:\/\/www.effe3ti.com\/fr\/effe3ti-et-efficacite-energetique\/","og_site_name":"Effe3ti","article_publisher":"https:\/\/www.facebook.com\/effe3ti.packaging","article_published_time":"2018-04-25T08:47:53+00:00","article_modified_time":"2025-04-15T12:43:08+00:00","og_image":[{"width":1600,"height":900,"url":"https:\/\/www.effe3ti.com\/wp-content\/uploads\/2021\/04\/Riciclo.jpg","type":"image\/jpeg"}],"author":"admin","twitter_card":"summary_large_image","twitter_misc":{"\u00c9crit par":"admin","Dur\u00e9e de lecture estim\u00e9e":"3 minutes"},"schema":{"@context":"https:\/\/schema.org","@graph":[{"@type":"Article","@id":"https:\/\/www.effe3ti.com\/effe3ti-e-lefficienza-energetica\/#article","isPartOf":{"@id":"https:\/\/www.effe3ti.com\/effe3ti-e-lefficienza-energetica\/"},"author":{"name":"admin","@id":"https:\/\/www.effe3ti.com\/#\/schema\/person\/6cef6f087618c649ebbf63a4ea46e0d6"},"headline":"Effe3ti Packaging Technologies e l&#8217;efficienza energetica","datePublished":"2018-04-25T08:47:53+00:00","dateModified":"2025-04-15T12:43:08+00:00","mainEntityOfPage":{"@id":"https:\/\/www.effe3ti.com\/effe3ti-e-lefficienza-energetica\/"},"wordCount":431,"publisher":{"@id":"https:\/\/www.effe3ti.com\/#organization"},"image":{"@id":"https:\/\/www.effe3ti.com\/effe3ti-e-lefficienza-energetica\/#primaryimage"},"thumbnailUrl":"https:\/\/www.effe3ti.com\/wp-content\/uploads\/2021\/04\/Riciclo.jpg","articleSection":["Approfondimenti"],"inLanguage":"fr-FR"},{"@type":"WebPage","@id":"https:\/\/www.effe3ti.com\/effe3ti-e-lefficienza-energetica\/","url":"https:\/\/www.effe3ti.com\/effe3ti-e-lefficienza-energetica\/","name":"Technologies d&#039;emballage et efficacit\u00e9 \u00e9nerg\u00e9tique Effe3ti - Effe3ti","isPartOf":{"@id":"https:\/\/www.effe3ti.com\/#website"},"primaryImageOfPage":{"@id":"https:\/\/www.effe3ti.com\/effe3ti-e-lefficienza-energetica\/#primaryimage"},"image":{"@id":"https:\/\/www.effe3ti.com\/effe3ti-e-lefficienza-energetica\/#primaryimage"},"thumbnailUrl":"https:\/\/www.effe3ti.com\/wp-content\/uploads\/2021\/04\/Riciclo.jpg","datePublished":"2018-04-25T08:47:53+00:00","dateModified":"2025-04-15T12:43:08+00:00","description":"EFFE3ti packaging s&#039;occupe de l&#039;\u00e9tude et de la conception de machines et de syst\u00e8mes d&#039;emballage pour tous types d&#039;industries","breadcrumb":{"@id":"https:\/\/www.effe3ti.com\/effe3ti-e-lefficienza-energetica\/#breadcrumb"},"inLanguage":"fr-FR","potentialAction":[{"@type":"ReadAction","target":["https:\/\/www.effe3ti.com\/effe3ti-e-lefficienza-energetica\/"]}]},{"@type":"ImageObject","inLanguage":"fr-FR","@id":"https:\/\/www.effe3ti.com\/effe3ti-e-lefficienza-energetica\/#primaryimage","url":"https:\/\/www.effe3ti.com\/wp-content\/uploads\/2021\/04\/Riciclo.jpg","contentUrl":"https:\/\/www.effe3ti.com\/wp-content\/uploads\/2021\/04\/Riciclo.jpg","width":1600,"height":900,"caption":"riciclo materiali"},{"@type":"BreadcrumbList","@id":"https:\/\/www.effe3ti.com\/effe3ti-e-lefficienza-energetica\/#breadcrumb","itemListElement":[{"@type":"ListItem","position":1,"name":"Home","item":"https:\/\/www.effe3ti.com\/"},{"@type":"ListItem","position":2,"name":"Effe3ti Packaging Technologies e l&#8217;efficienza energetica"}]},{"@type":"WebSite","@id":"https:\/\/www.effe3ti.com\/#website","url":"https:\/\/www.effe3ti.com\/","name":"Effe3ti","description":"Technologies d&#039;emballage","publisher":{"@id":"https:\/\/www.effe3ti.com\/#organization"},"potentialAction":[{"@type":"SearchAction","target":{"@type":"EntryPoint","urlTemplate":"https:\/\/www.effe3ti.com\/?s={search_term_string}"},"query-input":{"@type":"PropertyValueSpecification","valueRequired":true,"valueName":"search_term_string"}}],"inLanguage":"fr-FR"},{"@type":"Organization","@id":"https:\/\/www.effe3ti.com\/#organization","name":"Effe3ti","alternateName":"f3t","url":"https:\/\/www.effe3ti.com\/","logo":{"@type":"ImageObject","inLanguage":"fr-FR","@id":"https:\/\/www.effe3ti.com\/#\/schema\/logo\/image\/","url":"https:\/\/www.effe3ti.com\/wp-content\/uploads\/2021\/04\/Effe3ti_logo-350.gif","contentUrl":"https:\/\/www.effe3ti.com\/wp-content\/uploads\/2021\/04\/Effe3ti_logo-350.gif","width":350,"height":128,"caption":"Effe3ti"},"image":{"@id":"https:\/\/www.effe3ti.com\/#\/schema\/logo\/image\/"},"sameAs":["https:\/\/www.facebook.com\/effe3ti.packaging","https:\/\/www.instagram.com\/EFFE3TI\/","https:\/\/www.linkedin.com\/company\/effe3ti-srl","https:\/\/www.youtube.com\/effe3ti"]},{"@type":"Person","@id":"https:\/\/www.effe3ti.com\/#\/schema\/person\/6cef6f087618c649ebbf63a4ea46e0d6","name":"administrateur","image":{"@type":"ImageObject","inLanguage":"fr-FR","@id":"https:\/\/secure.gravatar.com\/avatar\/b253dd15467b2329f0e140e2e96d7a7963ee736a560580d3f5e9ae1015d2b5fd?s=96&d=mm&r=g","url":"https:\/\/secure.gravatar.com\/avatar\/b253dd15467b2329f0e140e2e96d7a7963ee736a560580d3f5e9ae1015d2b5fd?s=96&d=mm&r=g","contentUrl":"https:\/\/secure.gravatar.com\/avatar\/b253dd15467b2329f0e140e2e96d7a7963ee736a560580d3f5e9ae1015d2b5fd?s=96&d=mm&r=g","caption":"admin"}}]}},"_links":{"self":[{"href":"https:\/\/www.effe3ti.com\/fr\/wp-json\/wp\/v2\/posts\/810","targetHints":{"allow":["GET"]}}],"collection":[{"href":"https:\/\/www.effe3ti.com\/fr\/wp-json\/wp\/v2\/posts"}],"about":[{"href":"https:\/\/www.effe3ti.com\/fr\/wp-json\/wp\/v2\/types\/post"}],"author":[{"embeddable":true,"href":"https:\/\/www.effe3ti.com\/fr\/wp-json\/wp\/v2\/users\/1"}],"replies":[{"embeddable":true,"href":"https:\/\/www.effe3ti.com\/fr\/wp-json\/wp\/v2\/comments?post=810"}],"version-history":[{"count":4,"href":"https:\/\/www.effe3ti.com\/fr\/wp-json\/wp\/v2\/posts\/810\/revisions"}],"predecessor-version":[{"id":22962,"href":"https:\/\/www.effe3ti.com\/fr\/wp-json\/wp\/v2\/posts\/810\/revisions\/22962"}],"wp:featuredmedia":[{"embeddable":true,"href":"https:\/\/www.effe3ti.com\/fr\/wp-json\/wp\/v2\/media\/814"}],"wp:attachment":[{"href":"https:\/\/www.effe3ti.com\/fr\/wp-json\/wp\/v2\/media?parent=810"}],"wp:term":[{"taxonomy":"category","embeddable":true,"href":"https:\/\/www.effe3ti.com\/fr\/wp-json\/wp\/v2\/categories?post=810"},{"taxonomy":"post_tag","embeddable":true,"href":"https:\/\/www.effe3ti.com\/fr\/wp-json\/wp\/v2\/tags?post=810"}],"curies":[{"name":"wp","href":"https:\/\/api.w.org\/{rel}","templated":true}]}}