{"id":8452,"date":"2022-03-09T09:22:17","date_gmt":"2022-03-09T09:22:17","guid":{"rendered":"https:\/\/www.effe3ti.com\/?p=8452"},"modified":"2025-04-16T15:07:43","modified_gmt":"2025-04-16T15:07:43","slug":"effe3ti-et-energie-propre","status":"publish","type":"post","link":"https:\/\/www.effe3ti.com\/fr\/effe3ti-e-lenergia-pulita\/","title":{"rendered":"EFFE3ti et l&#039;\u00e9nergie propre"},"content":{"rendered":"<h2 class=\"wp-block-heading\">Transition \u00e9nerg\u00e9tique : le toit d&#039;EFFE3ti se transforme en source d&#039;\u00e9nergie propre<\/h2>\n\n\n\n<h3 class=\"wp-block-heading\">Un pas vers la durabilit\u00e9 et les \u00e9nergies renouvelables<\/h3>\n\n\n\n<p>En route vers le <strong data-start=\"302\" data-end=\"328\">transition \u00e9nerg\u00e9tique<\/strong>, <a href=\"https:\/\/www.effe3ti.com\/fr\/a-propos-de-lemballage-effe3ti\/\">EFFE3ti<\/a> a franchi une \u00e9tape importante en 2022 avec l&#039;installation de panneaux photovolta\u00efques sur le toit de son si\u00e8ge social. Cette initiative s\u2019inscrit dans le cadre de notre engagement continu en faveur du d\u00e9veloppement durable et de la r\u00e9duction de l\u2019impact environnemental, en utilisant <strong data-start=\"582\" data-end=\"600\">\u00e9nergie propre<\/strong> pour alimenter les op\u00e9rations commerciales quotidiennes.<\/p>\n\n\n\n<p>Le choix de produire de l\u2019\u00e9nergie renouvelable directement dans l\u2019entreprise n\u2019est pas seulement un investissement dans <strong data-start=\"750\" data-end=\"776\">transition \u00e9nerg\u00e9tique<\/strong>, mais aussi une r\u00e9ponse concr\u00e8te au besoin croissant de r\u00e9duire la consommation \u00e9nerg\u00e9tique et de limiter les \u00e9missions de CO2. EFFE3ti est en effet de plus en plus attentif aux \u00e9conomies d\u2019\u00e9nergie, visant \u00e0 r\u00e9duire les gaspillages dans chaque processus de l\u2019entreprise. Avec l&#039;installation de panneaux photovolta\u00efques, nous pouvons d\u00e9sormais alimenter l&#039;entreprise en \u00e9nergie <strong data-start=\"1119\" data-end=\"1137\">\u00e9nergie propre<\/strong>, provenant directement du soleil, qui est une ressource naturelle, renouvelable et durable.<\/p>\n\n\n\n<figure class=\"wp-block-image\"><img decoding=\"async\" src=\"https:\/\/www.effe3ti.com\/wp-content\/uploads\/2022\/03\/energia-pulita-effe3ti-2.jpg\" alt=\"\"\/><\/figure>\n\n\n\n<h3 class=\"wp-block-heading\">Production d&#039;\u00e9nergie autonome et r\u00e9duction de l&#039;impact environnemental<\/h3>\n\n\n\n<p>Nous sommes fiers de dire que cette initiative repr\u00e9sente une \u00e9tape importante vers un <strong data-start=\"1389\" data-end=\"1423\">production d&#039;\u00e9nergie autonome<\/strong>ce qui non seulement am\u00e9liore l\u2019efficacit\u00e9 \u00e9nerg\u00e9tique de notre entreprise, mais contribue \u00e9galement \u00e0 r\u00e9duire notre impact sur l\u2019environnement. La production de <strong data-start=\"1576\" data-end=\"1599\">\u00e9nergie renouvelable<\/strong> Cela nous permet d\u2019alimenter nos centrales, r\u00e9duisant ainsi notre d\u00e9pendance aux sources d\u2019\u00e9nergie traditionnelles et polluantes.<\/p>\n\n\n\n<p>EFFE3ti continue de progresser dans son parcours de <strong data-start=\"1775\" data-end=\"1801\">transition \u00e9nerg\u00e9tique<\/strong>, dans le but de r\u00e9duire davantage notre impact environnemental. Avec l\u2019engagement constant pour l\u2019adoption de solutions \u00e9cologiques et la valorisation de <strong data-start=\"1964\" data-end=\"1982\">\u00e9nergie propre<\/strong>, nous souhaitons faire de notre entreprise un mod\u00e8le d\u2019efficacit\u00e9 et de durabilit\u00e9 pour l\u2019avenir. Notre vision est claire : une entreprise qui grandit en respectant l\u2019environnement et en utilisant des ressources renouvelables.<\/p>\n\n\n\n<p><\/p>\n\n\n\n<figure class=\"wp-block-image\"><img decoding=\"async\" src=\"https:\/\/www.effe3ti.com\/wp-content\/uploads\/2022\/03\/energia-pulita-effe3ti-3-1024x576.jpg\" alt=\"\"\/><\/figure>\n\n\n\n<p><\/p>\n\n\n\n<p><\/p>","protected":false},"excerpt":{"rendered":"<p>Transizione Energetica: Il tetto di EFFE3ti si trasforma in una fonte di energia pulita Un passo verso la sostenibilit\u00e0 e l&#8217;energia rinnovabile Nel percorso verso la transizione energetica, EFFE3ti ha intrapreso un importante passo nel 2022 con l&#8217;installazione di pannelli fotovoltaici sul tetto della sua sede. Questa iniziativa fa parte del nostro impegno continuo verso [&hellip;]<\/p>\n","protected":false},"author":1,"featured_media":8454,"comment_status":"closed","ping_status":"closed","sticky":false,"template":"","format":"standard","meta":{"footnotes":""},"categories":[42],"tags":[],"class_list":["post-8452","post","type-post","status-publish","format-standard","has-post-thumbnail","hentry","category-news-approfondimenti"],"yoast_head":"<!-- This site is optimized with the Yoast SEO plugin v27.5 - https:\/\/yoast.com\/product\/yoast-seo-wordpress\/ -->\n<title>EFFE3ti e l&#039;energia pulita - Effe3ti<\/title>\n<meta name=\"description\" content=\"EFFE3ti produce ora energia pulita, iniziando la sua transizione energetica\" \/>\n<meta name=\"robots\" content=\"index, follow, max-snippet:-1, max-image-preview:large, max-video-preview:-1\" \/>\n<link rel=\"canonical\" href=\"https:\/\/www.effe3ti.com\/fr\/effe3ti-et-energie-propre\/\" \/>\n<meta property=\"og:locale\" content=\"fr_FR\" \/>\n<meta property=\"og:type\" content=\"article\" \/>\n<meta property=\"og:title\" content=\"EFFE3ti e l&#039;energia pulita - Effe3ti\" \/>\n<meta property=\"og:description\" content=\"EFFE3ti produce ora energia pulita, iniziando la sua transizione energetica\" \/>\n<meta property=\"og:url\" content=\"https:\/\/www.effe3ti.com\/fr\/effe3ti-et-energie-propre\/\" \/>\n<meta property=\"og:site_name\" content=\"Effe3ti\" \/>\n<meta property=\"article:publisher\" content=\"https:\/\/www.facebook.com\/effe3ti.packaging\" \/>\n<meta property=\"article:published_time\" content=\"2022-03-09T09:22:17+00:00\" \/>\n<meta property=\"article:modified_time\" content=\"2025-04-16T15:07:43+00:00\" \/>\n<meta property=\"og:image\" content=\"https:\/\/www.effe3ti.com\/wp-content\/uploads\/2022\/03\/energia-pulita-effe3ti-1-scaled.jpg\" \/>\n\t<meta property=\"og:image:width\" content=\"2560\" \/>\n\t<meta property=\"og:image:height\" content=\"1440\" \/>\n\t<meta property=\"og:image:type\" content=\"image\/jpeg\" \/>\n<meta name=\"author\" content=\"admin\" \/>\n<meta name=\"twitter:card\" content=\"summary_large_image\" \/>\n<meta name=\"twitter:label1\" content=\"\u00c9crit par\" \/>\n\t<meta name=\"twitter:data1\" content=\"admin\" \/>\n\t<meta name=\"twitter:label2\" content=\"Dur\u00e9e de lecture estim\u00e9e\" \/>\n\t<meta name=\"twitter:data2\" content=\"3 minutes\" \/>\n<script type=\"application\/ld+json\" class=\"yoast-schema-graph\">{\"@context\":\"https:\\\/\\\/schema.org\",\"@graph\":[{\"@type\":\"Article\",\"@id\":\"https:\\\/\\\/www.effe3ti.com\\\/effe3ti-e-lenergia-pulita\\\/#article\",\"isPartOf\":{\"@id\":\"https:\\\/\\\/www.effe3ti.com\\\/effe3ti-e-lenergia-pulita\\\/\"},\"author\":{\"name\":\"admin\",\"@id\":\"https:\\\/\\\/www.effe3ti.com\\\/#\\\/schema\\\/person\\\/6cef6f087618c649ebbf63a4ea46e0d6\"},\"headline\":\"EFFE3ti e l&#8217;energia pulita\",\"datePublished\":\"2022-03-09T09:22:17+00:00\",\"dateModified\":\"2025-04-16T15:07:43+00:00\",\"mainEntityOfPage\":{\"@id\":\"https:\\\/\\\/www.effe3ti.com\\\/effe3ti-e-lenergia-pulita\\\/\"},\"wordCount\":293,\"publisher\":{\"@id\":\"https:\\\/\\\/www.effe3ti.com\\\/#organization\"},\"image\":{\"@id\":\"https:\\\/\\\/www.effe3ti.com\\\/effe3ti-e-lenergia-pulita\\\/#primaryimage\"},\"thumbnailUrl\":\"https:\\\/\\\/www.effe3ti.com\\\/wp-content\\\/uploads\\\/2022\\\/03\\\/energia-pulita-effe3ti-1-scaled.jpg\",\"articleSection\":[\"Approfondimenti\"],\"inLanguage\":\"fr-FR\"},{\"@type\":\"WebPage\",\"@id\":\"https:\\\/\\\/www.effe3ti.com\\\/effe3ti-e-lenergia-pulita\\\/\",\"url\":\"https:\\\/\\\/www.effe3ti.com\\\/effe3ti-e-lenergia-pulita\\\/\",\"name\":\"EFFE3ti e l'energia pulita - Effe3ti\",\"isPartOf\":{\"@id\":\"https:\\\/\\\/www.effe3ti.com\\\/#website\"},\"primaryImageOfPage\":{\"@id\":\"https:\\\/\\\/www.effe3ti.com\\\/effe3ti-e-lenergia-pulita\\\/#primaryimage\"},\"image\":{\"@id\":\"https:\\\/\\\/www.effe3ti.com\\\/effe3ti-e-lenergia-pulita\\\/#primaryimage\"},\"thumbnailUrl\":\"https:\\\/\\\/www.effe3ti.com\\\/wp-content\\\/uploads\\\/2022\\\/03\\\/energia-pulita-effe3ti-1-scaled.jpg\",\"datePublished\":\"2022-03-09T09:22:17+00:00\",\"dateModified\":\"2025-04-16T15:07:43+00:00\",\"description\":\"EFFE3ti produce ora energia pulita, iniziando la sua transizione energetica\",\"breadcrumb\":{\"@id\":\"https:\\\/\\\/www.effe3ti.com\\\/effe3ti-e-lenergia-pulita\\\/#breadcrumb\"},\"inLanguage\":\"fr-FR\",\"potentialAction\":[{\"@type\":\"ReadAction\",\"target\":[\"https:\\\/\\\/www.effe3ti.com\\\/effe3ti-e-lenergia-pulita\\\/\"]}]},{\"@type\":\"ImageObject\",\"inLanguage\":\"fr-FR\",\"@id\":\"https:\\\/\\\/www.effe3ti.com\\\/effe3ti-e-lenergia-pulita\\\/#primaryimage\",\"url\":\"https:\\\/\\\/www.effe3ti.com\\\/wp-content\\\/uploads\\\/2022\\\/03\\\/energia-pulita-effe3ti-1-scaled.jpg\",\"contentUrl\":\"https:\\\/\\\/www.effe3ti.com\\\/wp-content\\\/uploads\\\/2022\\\/03\\\/energia-pulita-effe3ti-1-scaled.jpg\",\"width\":2560,\"height\":1440,\"caption\":\"energia pulita\"},{\"@type\":\"BreadcrumbList\",\"@id\":\"https:\\\/\\\/www.effe3ti.com\\\/effe3ti-e-lenergia-pulita\\\/#breadcrumb\",\"itemListElement\":[{\"@type\":\"ListItem\",\"position\":1,\"name\":\"Home\",\"item\":\"https:\\\/\\\/www.effe3ti.com\\\/\"},{\"@type\":\"ListItem\",\"position\":2,\"name\":\"EFFE3ti e l&#8217;energia pulita\"}]},{\"@type\":\"WebSite\",\"@id\":\"https:\\\/\\\/www.effe3ti.com\\\/#website\",\"url\":\"https:\\\/\\\/www.effe3ti.com\\\/\",\"name\":\"Effe3ti\",\"description\":\"Packaging Technologies\",\"publisher\":{\"@id\":\"https:\\\/\\\/www.effe3ti.com\\\/#organization\"},\"potentialAction\":[{\"@type\":\"SearchAction\",\"target\":{\"@type\":\"EntryPoint\",\"urlTemplate\":\"https:\\\/\\\/www.effe3ti.com\\\/?s={search_term_string}\"},\"query-input\":{\"@type\":\"PropertyValueSpecification\",\"valueRequired\":true,\"valueName\":\"search_term_string\"}}],\"inLanguage\":\"fr-FR\"},{\"@type\":\"Organization\",\"@id\":\"https:\\\/\\\/www.effe3ti.com\\\/#organization\",\"name\":\"Effe3ti\",\"alternateName\":\"f3t\",\"url\":\"https:\\\/\\\/www.effe3ti.com\\\/\",\"logo\":{\"@type\":\"ImageObject\",\"inLanguage\":\"fr-FR\",\"@id\":\"https:\\\/\\\/www.effe3ti.com\\\/#\\\/schema\\\/logo\\\/image\\\/\",\"url\":\"https:\\\/\\\/www.effe3ti.com\\\/wp-content\\\/uploads\\\/2021\\\/04\\\/Effe3ti_logo-350.gif\",\"contentUrl\":\"https:\\\/\\\/www.effe3ti.com\\\/wp-content\\\/uploads\\\/2021\\\/04\\\/Effe3ti_logo-350.gif\",\"width\":350,\"height\":128,\"caption\":\"Effe3ti\"},\"image\":{\"@id\":\"https:\\\/\\\/www.effe3ti.com\\\/#\\\/schema\\\/logo\\\/image\\\/\"},\"sameAs\":[\"https:\\\/\\\/www.facebook.com\\\/effe3ti.packaging\",\"https:\\\/\\\/www.instagram.com\\\/EFFE3TI\\\/\",\"https:\\\/\\\/www.linkedin.com\\\/company\\\/effe3ti-srl\",\"https:\\\/\\\/www.youtube.com\\\/effe3ti\"]},{\"@type\":\"Person\",\"@id\":\"https:\\\/\\\/www.effe3ti.com\\\/#\\\/schema\\\/person\\\/6cef6f087618c649ebbf63a4ea46e0d6\",\"name\":\"admin\",\"image\":{\"@type\":\"ImageObject\",\"inLanguage\":\"fr-FR\",\"@id\":\"https:\\\/\\\/secure.gravatar.com\\\/avatar\\\/b253dd15467b2329f0e140e2e96d7a7963ee736a560580d3f5e9ae1015d2b5fd?s=96&d=mm&r=g\",\"url\":\"https:\\\/\\\/secure.gravatar.com\\\/avatar\\\/b253dd15467b2329f0e140e2e96d7a7963ee736a560580d3f5e9ae1015d2b5fd?s=96&d=mm&r=g\",\"contentUrl\":\"https:\\\/\\\/secure.gravatar.com\\\/avatar\\\/b253dd15467b2329f0e140e2e96d7a7963ee736a560580d3f5e9ae1015d2b5fd?s=96&d=mm&r=g\",\"caption\":\"admin\"}}]}<\/script>\n<!-- \/ Yoast SEO plugin. -->","yoast_head_json":{"title":"EFFE3ti et l&#039;\u00e9nergie propre - Effe3ti","description":"EFFE3ti produit d\u00e9sormais de l&#039;\u00e9nergie propre et entame sa transition \u00e9nerg\u00e9tique","robots":{"index":"index","follow":"follow","max-snippet":"max-snippet:-1","max-image-preview":"max-image-preview:large","max-video-preview":"max-video-preview:-1"},"canonical":"https:\/\/www.effe3ti.com\/fr\/effe3ti-et-energie-propre\/","og_locale":"fr_FR","og_type":"article","og_title":"EFFE3ti e l'energia pulita - Effe3ti","og_description":"EFFE3ti produce ora energia pulita, iniziando la sua transizione energetica","og_url":"https:\/\/www.effe3ti.com\/fr\/effe3ti-et-energie-propre\/","og_site_name":"Effe3ti","article_publisher":"https:\/\/www.facebook.com\/effe3ti.packaging","article_published_time":"2022-03-09T09:22:17+00:00","article_modified_time":"2025-04-16T15:07:43+00:00","og_image":[{"width":2560,"height":1440,"url":"https:\/\/www.effe3ti.com\/wp-content\/uploads\/2022\/03\/energia-pulita-effe3ti-1-scaled.jpg","type":"image\/jpeg"}],"author":"admin","twitter_card":"summary_large_image","twitter_misc":{"\u00c9crit par":"admin","Dur\u00e9e de lecture estim\u00e9e":"3 minutes"},"schema":{"@context":"https:\/\/schema.org","@graph":[{"@type":"Article","@id":"https:\/\/www.effe3ti.com\/effe3ti-e-lenergia-pulita\/#article","isPartOf":{"@id":"https:\/\/www.effe3ti.com\/effe3ti-e-lenergia-pulita\/"},"author":{"name":"admin","@id":"https:\/\/www.effe3ti.com\/#\/schema\/person\/6cef6f087618c649ebbf63a4ea46e0d6"},"headline":"EFFE3ti e l&#8217;energia pulita","datePublished":"2022-03-09T09:22:17+00:00","dateModified":"2025-04-16T15:07:43+00:00","mainEntityOfPage":{"@id":"https:\/\/www.effe3ti.com\/effe3ti-e-lenergia-pulita\/"},"wordCount":293,"publisher":{"@id":"https:\/\/www.effe3ti.com\/#organization"},"image":{"@id":"https:\/\/www.effe3ti.com\/effe3ti-e-lenergia-pulita\/#primaryimage"},"thumbnailUrl":"https:\/\/www.effe3ti.com\/wp-content\/uploads\/2022\/03\/energia-pulita-effe3ti-1-scaled.jpg","articleSection":["Approfondimenti"],"inLanguage":"fr-FR"},{"@type":"WebPage","@id":"https:\/\/www.effe3ti.com\/effe3ti-e-lenergia-pulita\/","url":"https:\/\/www.effe3ti.com\/effe3ti-e-lenergia-pulita\/","name":"EFFE3ti et l&#039;\u00e9nergie propre - Effe3ti","isPartOf":{"@id":"https:\/\/www.effe3ti.com\/#website"},"primaryImageOfPage":{"@id":"https:\/\/www.effe3ti.com\/effe3ti-e-lenergia-pulita\/#primaryimage"},"image":{"@id":"https:\/\/www.effe3ti.com\/effe3ti-e-lenergia-pulita\/#primaryimage"},"thumbnailUrl":"https:\/\/www.effe3ti.com\/wp-content\/uploads\/2022\/03\/energia-pulita-effe3ti-1-scaled.jpg","datePublished":"2022-03-09T09:22:17+00:00","dateModified":"2025-04-16T15:07:43+00:00","description":"EFFE3ti produit d\u00e9sormais de l&#039;\u00e9nergie propre et entame sa transition \u00e9nerg\u00e9tique","breadcrumb":{"@id":"https:\/\/www.effe3ti.com\/effe3ti-e-lenergia-pulita\/#breadcrumb"},"inLanguage":"fr-FR","potentialAction":[{"@type":"ReadAction","target":["https:\/\/www.effe3ti.com\/effe3ti-e-lenergia-pulita\/"]}]},{"@type":"ImageObject","inLanguage":"fr-FR","@id":"https:\/\/www.effe3ti.com\/effe3ti-e-lenergia-pulita\/#primaryimage","url":"https:\/\/www.effe3ti.com\/wp-content\/uploads\/2022\/03\/energia-pulita-effe3ti-1-scaled.jpg","contentUrl":"https:\/\/www.effe3ti.com\/wp-content\/uploads\/2022\/03\/energia-pulita-effe3ti-1-scaled.jpg","width":2560,"height":1440,"caption":"energia pulita"},{"@type":"BreadcrumbList","@id":"https:\/\/www.effe3ti.com\/effe3ti-e-lenergia-pulita\/#breadcrumb","itemListElement":[{"@type":"ListItem","position":1,"name":"Home","item":"https:\/\/www.effe3ti.com\/"},{"@type":"ListItem","position":2,"name":"EFFE3ti e l&#8217;energia pulita"}]},{"@type":"WebSite","@id":"https:\/\/www.effe3ti.com\/#website","url":"https:\/\/www.effe3ti.com\/","name":"Effe3ti","description":"Technologies d&#039;emballage","publisher":{"@id":"https:\/\/www.effe3ti.com\/#organization"},"potentialAction":[{"@type":"SearchAction","target":{"@type":"EntryPoint","urlTemplate":"https:\/\/www.effe3ti.com\/?s={search_term_string}"},"query-input":{"@type":"PropertyValueSpecification","valueRequired":true,"valueName":"search_term_string"}}],"inLanguage":"fr-FR"},{"@type":"Organization","@id":"https:\/\/www.effe3ti.com\/#organization","name":"Effe3ti","alternateName":"f3t","url":"https:\/\/www.effe3ti.com\/","logo":{"@type":"ImageObject","inLanguage":"fr-FR","@id":"https:\/\/www.effe3ti.com\/#\/schema\/logo\/image\/","url":"https:\/\/www.effe3ti.com\/wp-content\/uploads\/2021\/04\/Effe3ti_logo-350.gif","contentUrl":"https:\/\/www.effe3ti.com\/wp-content\/uploads\/2021\/04\/Effe3ti_logo-350.gif","width":350,"height":128,"caption":"Effe3ti"},"image":{"@id":"https:\/\/www.effe3ti.com\/#\/schema\/logo\/image\/"},"sameAs":["https:\/\/www.facebook.com\/effe3ti.packaging","https:\/\/www.instagram.com\/EFFE3TI\/","https:\/\/www.linkedin.com\/company\/effe3ti-srl","https:\/\/www.youtube.com\/effe3ti"]},{"@type":"Person","@id":"https:\/\/www.effe3ti.com\/#\/schema\/person\/6cef6f087618c649ebbf63a4ea46e0d6","name":"administrateur","image":{"@type":"ImageObject","inLanguage":"fr-FR","@id":"https:\/\/secure.gravatar.com\/avatar\/b253dd15467b2329f0e140e2e96d7a7963ee736a560580d3f5e9ae1015d2b5fd?s=96&d=mm&r=g","url":"https:\/\/secure.gravatar.com\/avatar\/b253dd15467b2329f0e140e2e96d7a7963ee736a560580d3f5e9ae1015d2b5fd?s=96&d=mm&r=g","contentUrl":"https:\/\/secure.gravatar.com\/avatar\/b253dd15467b2329f0e140e2e96d7a7963ee736a560580d3f5e9ae1015d2b5fd?s=96&d=mm&r=g","caption":"admin"}}]}},"_links":{"self":[{"href":"https:\/\/www.effe3ti.com\/fr\/wp-json\/wp\/v2\/posts\/8452","targetHints":{"allow":["GET"]}}],"collection":[{"href":"https:\/\/www.effe3ti.com\/fr\/wp-json\/wp\/v2\/posts"}],"about":[{"href":"https:\/\/www.effe3ti.com\/fr\/wp-json\/wp\/v2\/types\/post"}],"author":[{"embeddable":true,"href":"https:\/\/www.effe3ti.com\/fr\/wp-json\/wp\/v2\/users\/1"}],"replies":[{"embeddable":true,"href":"https:\/\/www.effe3ti.com\/fr\/wp-json\/wp\/v2\/comments?post=8452"}],"version-history":[{"count":2,"href":"https:\/\/www.effe3ti.com\/fr\/wp-json\/wp\/v2\/posts\/8452\/revisions"}],"predecessor-version":[{"id":22974,"href":"https:\/\/www.effe3ti.com\/fr\/wp-json\/wp\/v2\/posts\/8452\/revisions\/22974"}],"wp:featuredmedia":[{"embeddable":true,"href":"https:\/\/www.effe3ti.com\/fr\/wp-json\/wp\/v2\/media\/8454"}],"wp:attachment":[{"href":"https:\/\/www.effe3ti.com\/fr\/wp-json\/wp\/v2\/media?parent=8452"}],"wp:term":[{"taxonomy":"category","embeddable":true,"href":"https:\/\/www.effe3ti.com\/fr\/wp-json\/wp\/v2\/categories?post=8452"},{"taxonomy":"post_tag","embeddable":true,"href":"https:\/\/www.effe3ti.com\/fr\/wp-json\/wp\/v2\/tags?post=8452"}],"curies":[{"name":"wp","href":"https:\/\/api.w.org\/{rel}","templated":true}]}}