{"id":11305,"date":"2023-06-30T08:22:11","date_gmt":"2023-06-30T08:22:11","guid":{"rendered":"https:\/\/www.effe3ti.com\/?p=11305"},"modified":"2025-04-15T10:15:21","modified_gmt":"2025-04-15T10:15:21","slug":"styropress-do-zageszczania-opakowan-styropianowych","status":"publish","type":"post","link":"https:\/\/www.effe3ti.com\/pl\/styropress-per-compattare-imballi-in-polistirolo\/","title":{"rendered":"Styropress do zag\u0119szczania opakowa\u0144 styropianowych"},"content":{"rendered":"<h2 class=\"wp-block-heading\">Zgniatarki styropianu rozdrabniaj\u0105 i prasuj\u0105 odpady EPS (polistyrenu spienionego) na bloki, kt\u00f3re u\u0142atwiaj\u0105 ich przechowywanie, obr\u00f3bk\u0119 i utylizacj\u0119.<\/h2>\n\n\n\n<p>W logistyce transportowej, elektronice, handlu \u017cywno\u015bci\u0105 firmy codziennie gromadz\u0105 du\u017ce ilo\u015bci odpad\u00f3w polistyrenowych. Trafiaj\u0105 one do du\u017cych work\u00f3w lub du\u017cych palet, zajmuj\u0105c miejsce w oczekiwaniu na odbi\u00f3r i wys\u0142anie na wysypisko.<\/p>\n\n\n\n<p>Istnieje jednak o wiele skuteczniejszy i zdecydowanie korzystniejszy model gospodarowania tymi odpadami: <strong>zag\u0119szczanie.<\/strong><\/p>\n\n\n\n<h3 class=\"wp-block-heading\">Du\u017co jako\u015bci, ale du\u017co obj\u0119to\u015bci<\/h3>\n\n\n\n<p>Polistyren spieniony (EPS), powszechnie znany jako styropian, to materia\u0142, kt\u00f3ry mo\u017cna \u0142atwo podda\u0107 recyklingowi i ponownie wykorzysta\u0107 do tworzenia nowych opakowa\u0144 lub materia\u0142\u00f3w, kt\u00f3re mo\u017cna wykorzysta\u0107 w r\u00f3\u017cnych sektorach.<\/p>\n\n\n\n<p>Polistyren jest materia\u0142em nietoksycznym, wodoodpornym, izoluj\u0105cym, odpornym na wstrz\u0105sy i bakterie, dlatego te\u017c jest szeroko stosowany w produkcji opakowa\u0144, kt\u00f3re jednak s\u0105 bardzo du\u017ce.<\/p>\n\n\n\n<p>Kiedy firma produkuje du\u017ce ilo\u015bci odpad\u00f3w EPS, staje w obliczu trudno\u015bci takich jak zwi\u0119kszone koszty i ryzyko zwi\u0105zane z logistyk\u0105 wewn\u0119trzn\u0105, utrata cennej przestrzeni, zwi\u0119kszone koszty utylizacji z powodu konieczno\u015bci cz\u0119stego ich odbioru przez wyspecjalizowane firmy.<\/p>\n\n\n\n<figure class=\"wp-block-image\"><img decoding=\"async\" src=\"https:\/\/www.effe3ti.com\/wp-content\/uploads\/2023\/06\/styropress-1.jpeg\" alt=\"Polistyren sprasowany\"\/><\/figure>\n\n\n\n<p><\/p>\n\n\n\n<h3 class=\"wp-block-heading\">Zag\u0119szczanie polistyrenu staje si\u0119 zalet\u0105<\/h3>\n\n\n\n<p>Wprowadzenie zag\u0119szczarki polistyrenu do gospodarki odpadami firmowymi jest z pewno\u015bci\u0105 najskuteczniejszym rozwi\u0105zaniem strategicznym.<\/p>\n\n\n\n<p><strong><a href=\"https:\/\/www.effe3ti.com\/pl\/produkt\/prasa-brykietujaca-styropress-do-polistyrenu\/\">Styropian<\/a><\/strong> M\u00f3c <strong>zimny kompakt<\/strong> Odpad EPS poprzez zmniejszenie jego obj\u0119to\u015bci <strong>do 97%!<\/strong><\/p>\n\n\n\n<p>Wyprodukowane brykiety s\u0105 stabilne, jednorodne, \u0142atwe w obs\u0142udze i upraszczaj\u0105 logistyk\u0119 wewn\u0119trzn\u0105.<\/p>\n\n\n\n<p>Zalety?<\/p>\n\n\n\n<ul class=\"wp-block-list\">\n<li><strong>zmniejsza powierzchni\u0119 potrzebn\u0105 do przechowywania:<\/strong> Zag\u0119szczony EPS mo\u017cna \u0142atwo uk\u0142ada\u0107 na paletach<\/li>\n\n\n\n<li><strong>obni\u017ca koszty<\/strong>:zag\u0119szczone bloki pozwalaj\u0105 na maksymalizacj\u0119 obci\u0105\u017ce\u0144<\/li>\n\n\n\n<li><strong>optymalizacja logistyki wewn\u0119trznej:<\/strong> Strategicznie umieszczona prasa ogranicza ruch i zmniejsza koszty operacyjne (oraz liczb\u0119 wypadk\u00f3w)<\/li>\n\n\n\n<li><strong>Zwi\u0119ksz swoje zarobki:<\/strong> Polistyren prasowany na zimno mo\u017cna odsprzeda\u0107 firmom zajmuj\u0105cym si\u0119 recyklingiem<\/li>\n<\/ul>\n\n\n\n<h3 class=\"wp-block-heading\">Jeste\u015bmy tego pewni<\/h3>\n\n\n\n<p>Zainstalowali\u015bmy <a href=\"https:\/\/www.effe3ti.com\/pl\/produkt\/prasa-brykietujaca-styropress-do-polistyrenu\/\">Styropian<\/a> w wielu sytuacjach i gwarantujemy, \u017ce wyniki b\u0119d\u0105 doskona\u0142e!<\/p>\n\n\n\n<p>Jest to r\u00f3wnie\u017c prasa, kt\u00f3ra mo\u017ce pracowa\u0107 automatycznie 24 godziny na dob\u0119, 7 dni w tygodniu.<\/p>\n\n\n\n<figure class=\"wp-block-video\"><video height=\"480\" style=\"aspect-ratio: 854 \/ 480;\" width=\"854\" controls src=\"https:\/\/www.effe3ti.com\/wp-content\/uploads\/2023\/06\/styropress-effe3ti.mp4\"><\/video><\/figure>","protected":false},"excerpt":{"rendered":"<p>Le presse per compattare polistirolo triturano e compattano gli scarti di EPS (polistirolo espanso) in blocchi che ne semplificano lo stoccaggio, la movimentazione e lo smaltimento. Nella logistica dei trasporti, nell\u2019elettronica, nel commercio alimentare, le imprese ogni giorno accumulano elevati quantitativi di scarti di polistirolo. Finiscono in sacchi voluminosi o bancali ingombranti, a occupare spazio [&hellip;]<\/p>\n","protected":false},"author":1,"featured_media":282,"comment_status":"closed","ping_status":"open","sticky":false,"template":"","format":"standard","meta":{"footnotes":""},"categories":[42],"tags":[],"class_list":["post-11305","post","type-post","status-publish","format-standard","has-post-thumbnail","hentry","category-news-approfondimenti"],"yoast_head":"<!-- This site is optimized with the Yoast SEO plugin v27.5 - https:\/\/yoast.com\/product\/yoast-seo-wordpress\/ -->\n<title>Styropress per compattare imballi in polistirolo - Effe3ti<\/title>\n<meta name=\"description\" content=\"Compattare polistirolo? Con Styropress riducete il volume dell&#039;EPS di scarto fino al 97%!\" \/>\n<meta name=\"robots\" content=\"index, follow, max-snippet:-1, max-image-preview:large, max-video-preview:-1\" \/>\n<link rel=\"canonical\" href=\"https:\/\/www.effe3ti.com\/pl\/styropress-do-zageszczania-opakowan-styropianowych\/\" \/>\n<meta property=\"og:locale\" content=\"pl_PL\" \/>\n<meta property=\"og:type\" content=\"article\" \/>\n<meta property=\"og:title\" content=\"Styropress per compattare imballi in polistirolo - Effe3ti\" \/>\n<meta property=\"og:description\" content=\"Compattare polistirolo? Con Styropress riducete il volume dell&#039;EPS di scarto fino al 97%!\" \/>\n<meta property=\"og:url\" content=\"https:\/\/www.effe3ti.com\/pl\/styropress-do-zageszczania-opakowan-styropianowych\/\" \/>\n<meta property=\"og:site_name\" content=\"Effe3ti\" \/>\n<meta property=\"article:publisher\" content=\"https:\/\/www.facebook.com\/effe3ti.packaging\" \/>\n<meta property=\"article:published_time\" content=\"2023-06-30T08:22:11+00:00\" \/>\n<meta property=\"article:modified_time\" content=\"2025-04-15T10:15:21+00:00\" \/>\n<meta property=\"og:image\" content=\"https:\/\/www.effe3ti.com\/wp-content\/uploads\/2021\/04\/Cutcompact.jpg\" \/>\n\t<meta property=\"og:image:width\" content=\"1200\" \/>\n\t<meta property=\"og:image:height\" content=\"1200\" \/>\n\t<meta property=\"og:image:type\" content=\"image\/jpeg\" \/>\n<meta name=\"author\" content=\"admin\" \/>\n<meta name=\"twitter:card\" content=\"summary_large_image\" \/>\n<meta name=\"twitter:label1\" content=\"Napisane przez\" \/>\n\t<meta name=\"twitter:data1\" content=\"admin\" \/>\n\t<meta name=\"twitter:label2\" content=\"Szacowany czas czytania\" \/>\n\t<meta name=\"twitter:data2\" content=\"3 minuty\" \/>\n<script type=\"application\/ld+json\" class=\"yoast-schema-graph\">{\"@context\":\"https:\\\/\\\/schema.org\",\"@graph\":[{\"@type\":\"Article\",\"@id\":\"https:\\\/\\\/www.effe3ti.com\\\/styropress-per-compattare-imballi-in-polistirolo\\\/#article\",\"isPartOf\":{\"@id\":\"https:\\\/\\\/www.effe3ti.com\\\/styropress-per-compattare-imballi-in-polistirolo\\\/\"},\"author\":{\"name\":\"admin\",\"@id\":\"https:\\\/\\\/www.effe3ti.com\\\/#\\\/schema\\\/person\\\/6cef6f087618c649ebbf63a4ea46e0d6\"},\"headline\":\"Styropress per compattare imballi in polistirolo\",\"datePublished\":\"2023-06-30T08:22:11+00:00\",\"dateModified\":\"2025-04-15T10:15:21+00:00\",\"mainEntityOfPage\":{\"@id\":\"https:\\\/\\\/www.effe3ti.com\\\/styropress-per-compattare-imballi-in-polistirolo\\\/\"},\"wordCount\":328,\"publisher\":{\"@id\":\"https:\\\/\\\/www.effe3ti.com\\\/#organization\"},\"image\":{\"@id\":\"https:\\\/\\\/www.effe3ti.com\\\/styropress-per-compattare-imballi-in-polistirolo\\\/#primaryimage\"},\"thumbnailUrl\":\"https:\\\/\\\/www.effe3ti.com\\\/wp-content\\\/uploads\\\/2021\\\/04\\\/Cutcompact.jpg\",\"articleSection\":[\"Approfondimenti\"],\"inLanguage\":\"pl-PL\"},{\"@type\":\"WebPage\",\"@id\":\"https:\\\/\\\/www.effe3ti.com\\\/styropress-per-compattare-imballi-in-polistirolo\\\/\",\"url\":\"https:\\\/\\\/www.effe3ti.com\\\/styropress-per-compattare-imballi-in-polistirolo\\\/\",\"name\":\"Styropress per compattare imballi in polistirolo - Effe3ti\",\"isPartOf\":{\"@id\":\"https:\\\/\\\/www.effe3ti.com\\\/#website\"},\"primaryImageOfPage\":{\"@id\":\"https:\\\/\\\/www.effe3ti.com\\\/styropress-per-compattare-imballi-in-polistirolo\\\/#primaryimage\"},\"image\":{\"@id\":\"https:\\\/\\\/www.effe3ti.com\\\/styropress-per-compattare-imballi-in-polistirolo\\\/#primaryimage\"},\"thumbnailUrl\":\"https:\\\/\\\/www.effe3ti.com\\\/wp-content\\\/uploads\\\/2021\\\/04\\\/Cutcompact.jpg\",\"datePublished\":\"2023-06-30T08:22:11+00:00\",\"dateModified\":\"2025-04-15T10:15:21+00:00\",\"description\":\"Compattare polistirolo? Con Styropress riducete il volume dell'EPS di scarto fino al 97%!\",\"breadcrumb\":{\"@id\":\"https:\\\/\\\/www.effe3ti.com\\\/styropress-per-compattare-imballi-in-polistirolo\\\/#breadcrumb\"},\"inLanguage\":\"pl-PL\",\"potentialAction\":[{\"@type\":\"ReadAction\",\"target\":[\"https:\\\/\\\/www.effe3ti.com\\\/styropress-per-compattare-imballi-in-polistirolo\\\/\"]}]},{\"@type\":\"ImageObject\",\"inLanguage\":\"pl-PL\",\"@id\":\"https:\\\/\\\/www.effe3ti.com\\\/styropress-per-compattare-imballi-in-polistirolo\\\/#primaryimage\",\"url\":\"https:\\\/\\\/www.effe3ti.com\\\/wp-content\\\/uploads\\\/2021\\\/04\\\/Cutcompact.jpg\",\"contentUrl\":\"https:\\\/\\\/www.effe3ti.com\\\/wp-content\\\/uploads\\\/2021\\\/04\\\/Cutcompact.jpg\",\"width\":1200,\"height\":1200,\"caption\":\"compattazione polistirolo\"},{\"@type\":\"BreadcrumbList\",\"@id\":\"https:\\\/\\\/www.effe3ti.com\\\/styropress-per-compattare-imballi-in-polistirolo\\\/#breadcrumb\",\"itemListElement\":[{\"@type\":\"ListItem\",\"position\":1,\"name\":\"Home\",\"item\":\"https:\\\/\\\/www.effe3ti.com\\\/\"},{\"@type\":\"ListItem\",\"position\":2,\"name\":\"Styropress per compattare imballi in polistirolo\"}]},{\"@type\":\"WebSite\",\"@id\":\"https:\\\/\\\/www.effe3ti.com\\\/#website\",\"url\":\"https:\\\/\\\/www.effe3ti.com\\\/\",\"name\":\"Effe3ti\",\"description\":\"Packaging Technologies\",\"publisher\":{\"@id\":\"https:\\\/\\\/www.effe3ti.com\\\/#organization\"},\"potentialAction\":[{\"@type\":\"SearchAction\",\"target\":{\"@type\":\"EntryPoint\",\"urlTemplate\":\"https:\\\/\\\/www.effe3ti.com\\\/?s={search_term_string}\"},\"query-input\":{\"@type\":\"PropertyValueSpecification\",\"valueRequired\":true,\"valueName\":\"search_term_string\"}}],\"inLanguage\":\"pl-PL\"},{\"@type\":\"Organization\",\"@id\":\"https:\\\/\\\/www.effe3ti.com\\\/#organization\",\"name\":\"Effe3ti\",\"alternateName\":\"f3t\",\"url\":\"https:\\\/\\\/www.effe3ti.com\\\/\",\"logo\":{\"@type\":\"ImageObject\",\"inLanguage\":\"pl-PL\",\"@id\":\"https:\\\/\\\/www.effe3ti.com\\\/#\\\/schema\\\/logo\\\/image\\\/\",\"url\":\"https:\\\/\\\/www.effe3ti.com\\\/wp-content\\\/uploads\\\/2021\\\/04\\\/Effe3ti_logo-350.gif\",\"contentUrl\":\"https:\\\/\\\/www.effe3ti.com\\\/wp-content\\\/uploads\\\/2021\\\/04\\\/Effe3ti_logo-350.gif\",\"width\":350,\"height\":128,\"caption\":\"Effe3ti\"},\"image\":{\"@id\":\"https:\\\/\\\/www.effe3ti.com\\\/#\\\/schema\\\/logo\\\/image\\\/\"},\"sameAs\":[\"https:\\\/\\\/www.facebook.com\\\/effe3ti.packaging\",\"https:\\\/\\\/www.instagram.com\\\/EFFE3TI\\\/\",\"https:\\\/\\\/www.linkedin.com\\\/company\\\/effe3ti-srl\",\"https:\\\/\\\/www.youtube.com\\\/effe3ti\"]},{\"@type\":\"Person\",\"@id\":\"https:\\\/\\\/www.effe3ti.com\\\/#\\\/schema\\\/person\\\/6cef6f087618c649ebbf63a4ea46e0d6\",\"name\":\"admin\",\"image\":{\"@type\":\"ImageObject\",\"inLanguage\":\"pl-PL\",\"@id\":\"https:\\\/\\\/secure.gravatar.com\\\/avatar\\\/b253dd15467b2329f0e140e2e96d7a7963ee736a560580d3f5e9ae1015d2b5fd?s=96&d=mm&r=g\",\"url\":\"https:\\\/\\\/secure.gravatar.com\\\/avatar\\\/b253dd15467b2329f0e140e2e96d7a7963ee736a560580d3f5e9ae1015d2b5fd?s=96&d=mm&r=g\",\"contentUrl\":\"https:\\\/\\\/secure.gravatar.com\\\/avatar\\\/b253dd15467b2329f0e140e2e96d7a7963ee736a560580d3f5e9ae1015d2b5fd?s=96&d=mm&r=g\",\"caption\":\"admin\"}}]}<\/script>\n<!-- \/ Yoast SEO plugin. -->","yoast_head_json":{"title":"Styropress do zag\u0119szczania opakowa\u0144 styropianowych - Effe3ti","description":"Zag\u0119szczanie styropianu? Dzi\u0119ki Styropress mo\u017cesz zmniejszy\u0107 obj\u0119to\u015b\u0107 odpad\u00f3w EPS nawet o 97%!","robots":{"index":"index","follow":"follow","max-snippet":"max-snippet:-1","max-image-preview":"max-image-preview:large","max-video-preview":"max-video-preview:-1"},"canonical":"https:\/\/www.effe3ti.com\/pl\/styropress-do-zageszczania-opakowan-styropianowych\/","og_locale":"pl_PL","og_type":"article","og_title":"Styropress per compattare imballi in polistirolo - Effe3ti","og_description":"Compattare polistirolo? Con Styropress riducete il volume dell'EPS di scarto fino al 97%!","og_url":"https:\/\/www.effe3ti.com\/pl\/styropress-do-zageszczania-opakowan-styropianowych\/","og_site_name":"Effe3ti","article_publisher":"https:\/\/www.facebook.com\/effe3ti.packaging","article_published_time":"2023-06-30T08:22:11+00:00","article_modified_time":"2025-04-15T10:15:21+00:00","og_image":[{"width":1200,"height":1200,"url":"https:\/\/www.effe3ti.com\/wp-content\/uploads\/2021\/04\/Cutcompact.jpg","type":"image\/jpeg"}],"author":"admin","twitter_card":"summary_large_image","twitter_misc":{"Napisane przez":"admin","Szacowany czas czytania":"3 minuty"},"schema":{"@context":"https:\/\/schema.org","@graph":[{"@type":"Article","@id":"https:\/\/www.effe3ti.com\/styropress-per-compattare-imballi-in-polistirolo\/#article","isPartOf":{"@id":"https:\/\/www.effe3ti.com\/styropress-per-compattare-imballi-in-polistirolo\/"},"author":{"name":"admin","@id":"https:\/\/www.effe3ti.com\/#\/schema\/person\/6cef6f087618c649ebbf63a4ea46e0d6"},"headline":"Styropress per compattare imballi in polistirolo","datePublished":"2023-06-30T08:22:11+00:00","dateModified":"2025-04-15T10:15:21+00:00","mainEntityOfPage":{"@id":"https:\/\/www.effe3ti.com\/styropress-per-compattare-imballi-in-polistirolo\/"},"wordCount":328,"publisher":{"@id":"https:\/\/www.effe3ti.com\/#organization"},"image":{"@id":"https:\/\/www.effe3ti.com\/styropress-per-compattare-imballi-in-polistirolo\/#primaryimage"},"thumbnailUrl":"https:\/\/www.effe3ti.com\/wp-content\/uploads\/2021\/04\/Cutcompact.jpg","articleSection":["Approfondimenti"],"inLanguage":"pl-PL"},{"@type":"WebPage","@id":"https:\/\/www.effe3ti.com\/styropress-per-compattare-imballi-in-polistirolo\/","url":"https:\/\/www.effe3ti.com\/styropress-per-compattare-imballi-in-polistirolo\/","name":"Styropress do zag\u0119szczania opakowa\u0144 styropianowych - Effe3ti","isPartOf":{"@id":"https:\/\/www.effe3ti.com\/#website"},"primaryImageOfPage":{"@id":"https:\/\/www.effe3ti.com\/styropress-per-compattare-imballi-in-polistirolo\/#primaryimage"},"image":{"@id":"https:\/\/www.effe3ti.com\/styropress-per-compattare-imballi-in-polistirolo\/#primaryimage"},"thumbnailUrl":"https:\/\/www.effe3ti.com\/wp-content\/uploads\/2021\/04\/Cutcompact.jpg","datePublished":"2023-06-30T08:22:11+00:00","dateModified":"2025-04-15T10:15:21+00:00","description":"Zag\u0119szczanie styropianu? Dzi\u0119ki Styropress mo\u017cesz zmniejszy\u0107 obj\u0119to\u015b\u0107 odpad\u00f3w EPS nawet o 97%!","breadcrumb":{"@id":"https:\/\/www.effe3ti.com\/styropress-per-compattare-imballi-in-polistirolo\/#breadcrumb"},"inLanguage":"pl-PL","potentialAction":[{"@type":"ReadAction","target":["https:\/\/www.effe3ti.com\/styropress-per-compattare-imballi-in-polistirolo\/"]}]},{"@type":"ImageObject","inLanguage":"pl-PL","@id":"https:\/\/www.effe3ti.com\/styropress-per-compattare-imballi-in-polistirolo\/#primaryimage","url":"https:\/\/www.effe3ti.com\/wp-content\/uploads\/2021\/04\/Cutcompact.jpg","contentUrl":"https:\/\/www.effe3ti.com\/wp-content\/uploads\/2021\/04\/Cutcompact.jpg","width":1200,"height":1200,"caption":"compattazione polistirolo"},{"@type":"BreadcrumbList","@id":"https:\/\/www.effe3ti.com\/styropress-per-compattare-imballi-in-polistirolo\/#breadcrumb","itemListElement":[{"@type":"ListItem","position":1,"name":"Home","item":"https:\/\/www.effe3ti.com\/"},{"@type":"ListItem","position":2,"name":"Styropress per compattare imballi in polistirolo"}]},{"@type":"WebSite","@id":"https:\/\/www.effe3ti.com\/#website","url":"https:\/\/www.effe3ti.com\/","name":"Efektywny","description":"Technologie pakowania","publisher":{"@id":"https:\/\/www.effe3ti.com\/#organization"},"potentialAction":[{"@type":"SearchAction","target":{"@type":"EntryPoint","urlTemplate":"https:\/\/www.effe3ti.com\/?s={search_term_string}"},"query-input":{"@type":"PropertyValueSpecification","valueRequired":true,"valueName":"search_term_string"}}],"inLanguage":"pl-PL"},{"@type":"Organization","@id":"https:\/\/www.effe3ti.com\/#organization","name":"Efektywny","alternateName":"f3t","url":"https:\/\/www.effe3ti.com\/","logo":{"@type":"ImageObject","inLanguage":"pl-PL","@id":"https:\/\/www.effe3ti.com\/#\/schema\/logo\/image\/","url":"https:\/\/www.effe3ti.com\/wp-content\/uploads\/2021\/04\/Effe3ti_logo-350.gif","contentUrl":"https:\/\/www.effe3ti.com\/wp-content\/uploads\/2021\/04\/Effe3ti_logo-350.gif","width":350,"height":128,"caption":"Effe3ti"},"image":{"@id":"https:\/\/www.effe3ti.com\/#\/schema\/logo\/image\/"},"sameAs":["https:\/\/www.facebook.com\/effe3ti.packaging","https:\/\/www.instagram.com\/EFFE3TI\/","https:\/\/www.linkedin.com\/company\/effe3ti-srl","https:\/\/www.youtube.com\/effe3ti"]},{"@type":"Person","@id":"https:\/\/www.effe3ti.com\/#\/schema\/person\/6cef6f087618c649ebbf63a4ea46e0d6","name":"administracja","image":{"@type":"ImageObject","inLanguage":"pl-PL","@id":"https:\/\/secure.gravatar.com\/avatar\/b253dd15467b2329f0e140e2e96d7a7963ee736a560580d3f5e9ae1015d2b5fd?s=96&d=mm&r=g","url":"https:\/\/secure.gravatar.com\/avatar\/b253dd15467b2329f0e140e2e96d7a7963ee736a560580d3f5e9ae1015d2b5fd?s=96&d=mm&r=g","contentUrl":"https:\/\/secure.gravatar.com\/avatar\/b253dd15467b2329f0e140e2e96d7a7963ee736a560580d3f5e9ae1015d2b5fd?s=96&d=mm&r=g","caption":"admin"}}]}},"_links":{"self":[{"href":"https:\/\/www.effe3ti.com\/pl\/wp-json\/wp\/v2\/posts\/11305","targetHints":{"allow":["GET"]}}],"collection":[{"href":"https:\/\/www.effe3ti.com\/pl\/wp-json\/wp\/v2\/posts"}],"about":[{"href":"https:\/\/www.effe3ti.com\/pl\/wp-json\/wp\/v2\/types\/post"}],"author":[{"embeddable":true,"href":"https:\/\/www.effe3ti.com\/pl\/wp-json\/wp\/v2\/users\/1"}],"replies":[{"embeddable":true,"href":"https:\/\/www.effe3ti.com\/pl\/wp-json\/wp\/v2\/comments?post=11305"}],"version-history":[{"count":4,"href":"https:\/\/www.effe3ti.com\/pl\/wp-json\/wp\/v2\/posts\/11305\/revisions"}],"predecessor-version":[{"id":22927,"href":"https:\/\/www.effe3ti.com\/pl\/wp-json\/wp\/v2\/posts\/11305\/revisions\/22927"}],"wp:featuredmedia":[{"embeddable":true,"href":"https:\/\/www.effe3ti.com\/pl\/wp-json\/wp\/v2\/media\/282"}],"wp:attachment":[{"href":"https:\/\/www.effe3ti.com\/pl\/wp-json\/wp\/v2\/media?parent=11305"}],"wp:term":[{"taxonomy":"category","embeddable":true,"href":"https:\/\/www.effe3ti.com\/pl\/wp-json\/wp\/v2\/categories?post=11305"},{"taxonomy":"post_tag","embeddable":true,"href":"https:\/\/www.effe3ti.com\/pl\/wp-json\/wp\/v2\/tags?post=11305"}],"curies":[{"name":"wp","href":"https:\/\/api.w.org\/{rel}","templated":true}]}}