{"id":20948,"date":"2024-10-21T13:59:40","date_gmt":"2024-10-21T13:59:40","guid":{"rendered":"https:\/\/www.effe3ti.com\/?p=20948"},"modified":"2025-06-24T09:39:02","modified_gmt":"2025-06-24T09:39:02","slug":"prasy-do-odpadow","status":"publish","type":"post","link":"https:\/\/www.effe3ti.com\/pl\/le-presse-per-rifiuti\/","title":{"rendered":"Prasy do recyklingu tektury, plastiku i innych odpad\u00f3w"},"content":{"rendered":"<h2 class=\"wp-block-heading\">Zoptymalizuj gospodark\u0119 odpadami w firmie dzi\u0119ki prasom do recyklingu<\/h2>\n\n\n\n<p>Odpady opakowaniowe s\u0105 cz\u0119sto uwa\u017cane za obci\u0105\u017cenie dla gospodarki przedsi\u0119biorstw. Jednak\u017ce strategiczne zarz\u0105dzanie mo\u017ce przyczyni\u0107 si\u0119 do ograniczenia koszt\u00f3w i uwolnienia zasob\u00f3w, kt\u00f3re mo\u017cna ponownie zainwestowa\u0107 we wzrost. W rzeczywisto\u015bci uproszczenie przetwarzania odpad\u00f3w mo\u017ce mie\u0107 istotny wp\u0142yw na sytuacj\u0119 ekonomiczn\u0105 przedsi\u0119biorstwa.<\/p>\n\n\n\n<p>Ten <a href=\"https:\/\/www.effe3ti.com\/pl\/logistyka-zageszczarek\/\">prasy<\/a> umo\u017cliwiaj\u0105 kompresj\u0119 papieru, tektury, plastiku, metalu itp. Materia\u0142y s\u0105 prasowane wewn\u0105trz maszyny i przekszta\u0142cane w bele, kt\u00f3re s\u0105 wi\u0105zane r\u0119cznie lub za pomoc\u0105 system\u00f3w automatycznych, zajmuj\u0105c ma\u0142o miejsca i u\u0142atwiaj\u0105c przechowywanie.<\/p>\n\n\n\n<p>Prasa do recyklingu pozwala na natychmiastow\u0105 segregacj\u0119 odpad\u00f3w.<\/p>\n\n\n\n<h3 class=\"wp-block-heading\"><b>Prasy pionowe<\/b><\/h3>\n\n\n\n<p>Tego typu prasy to bardzo wydajne maszyny, kt\u00f3re zajmuj\u0105 ma\u0142o miejsca. Mo\u017cna je \u0142atwo zainstalowa\u0107 bez po\u015bwi\u0119cania przestrzeni roboczej i s\u0105 <b>najlepsze rozwi\u0105zanie dla ma\u0142ych i \u015brednich przedsi\u0119biorstw<\/b>. Istniej\u0105 pokoje jednoosobowe i <a href=\"https:\/\/www.effe3ti.com\/pl\/produkt\/prasa-pionowa-wielokomorowa-mk1100-20t\/\">wielokamerowy<\/a>; Te drugie pozwalaj\u0105 na uzyskanie bel r\u00f3\u017cnych materia\u0142\u00f3w przy u\u017cyciu tej samej maszyny.<\/p>\n\n\n\n<h3 class=\"wp-block-heading\"><b>Prasy do recyklingu du\u017cych ilo\u015bci odpad\u00f3w<\/b><\/h3>\n\n\n\n<p>Dla firm, kt\u00f3re musz\u0105 zarz\u0105dza\u0107 du\u017cymi ilo\u015bciami materia\u0142\u00f3w, dost\u0119pne s\u0105 w pe\u0142ni automatyczne prasy do odpad\u00f3w, takie jak: <a href=\"https:\/\/www.effe3ti.com\/pl\/produkt\/automatyczna-prasa-do-belowania\/\"><b>Automatyczna \u0142adowarka do pras <\/b><\/a>I<a href=\"https:\/\/www.effe3ti.com\/pl\/produkt\/automatyczna-prasa-do-belowania-jumboloadballer\/\"><b> JumboLoadBaler<\/b><\/a>, idealny do dom\u00f3w towarowych i supermarket\u00f3w, <a href=\"https:\/\/www.effe3ti.com\/pl\/produkt\/automatyczna-prasa-do-baletainerow\/\"><b>BaleTainer<\/b><\/a>, dla du\u017cych obj\u0119to\u015bci.<\/p>\n\n\n\n<p>G\u0142\u00f3wnymi cechami tych pras jest du\u017ca moc i wydajno\u015b\u0107 po\u0142\u0105czona z mo\u017cliwo\u015bci\u0105 ca\u0142kowicie automatycznego wi\u0105zania beli.<\/p>\n\n\n\n<h3 class=\"wp-block-heading\"><b>Potrzeby specjalne<\/b><\/h3>\n\n\n\n<p>Dla firm, kt\u00f3re musz\u0105 radzi\u0107 sobie z <b>polistyren spieniony<\/b> W du\u017cych ilo\u015bciach dost\u0119pne s\u0105 maszyny, kt\u00f3re rozdrabniaj\u0105 ten materia\u0142 i prasuj\u0105 go w brykiety, kt\u00f3re mo\u017cna uk\u0142ada\u0107 na palecie, a nast\u0119pnie bezpo\u015brednio wysy\u0142a\u0107 do procesu recyklingu. Naci\u015bnij Lubi\u0119 to <a href=\"https:\/\/www.effe3ti.com\/pl\/produkt\/prasa-brykietujaca-styropress-do-polistyrenu\/\"><b>Styropian<\/b><\/a> pozwalaj\u0105 na \u0142atw\u0105 i bezpieczn\u0105 automatyzacj\u0119 tego procesu.<\/p>\n\n\n\n<p>Je\u015bli masz do czynienia z plastikowymi butelkami, kt\u00f3re najpierw trzeba opr\u00f3\u017cni\u0107, LiquiDrainer, wykonany w ca\u0142o\u015bci ze stali nierdzewnej, b\u0119dzie dla Ciebie idealnym rozwi\u0105zaniem.<\/p>\n\n\n\n<figure class=\"wp-block-image\"><img decoding=\"async\" src=\"https:\/\/www.effe3ti.com\/wp-content\/uploads\/2024\/10\/presse-per-rifiuti.jpeg\" alt=\"prasa do odpad\u00f3w\"\/><\/figure>\n\n\n\n<p><\/p>\n\n\n\n<h3 class=\"wp-block-heading\"><b>Znaczenie konsultacji<\/b><\/h3>\n\n\n\n<p>Temat odzysku i recyklingu jest bardzo aktualny i istniej\u0105 przepisy, kt\u00f3re go reguluj\u0105.<\/p>\n\n\n\n<p>Ka\u017cda firma ma swoje w\u0142asne, specyficzne potrzeby i wa\u017cne jest, aby zwr\u00f3ci\u0107 si\u0119 do dostawc\u00f3w, kt\u00f3rzy maj\u0105 do\u015bwiadczenie w tej dziedzinie, aby znale\u017a\u0107 w\u0142a\u015bciwe rozwi\u0105zania.<\/p>\n\n\n\n<p>Firma EFFE3ti dzia\u0142a w tej bran\u017cy od lat i jest w\u0142oskim dystrybutorem pras Strautmann.<\/p>","protected":false},"excerpt":{"rendered":"<p>Ottimizzare la gestione dei rifiuti in azienda con le presse per riciclare Gli scarti da imballaggio sono spesso considerati un peso nell\u2019economia delle imprese. Una loro gestione strategica, per\u00f2, pu\u00f2 ridurre i costi e liberare risorse da reinvestire nella crescita. Infatti semplificare il trattamento degli scarti pu\u00f2 fare la differenza nell\u2019economia dell\u2019impresa. Le presse permettono [&hellip;]<\/p>\n","protected":false},"author":1,"featured_media":23259,"comment_status":"closed","ping_status":"closed","sticky":false,"template":"","format":"standard","meta":{"footnotes":""},"categories":[42,41],"tags":[],"class_list":["post-20948","post","type-post","status-publish","format-standard","has-post-thumbnail","hentry","category-news-approfondimenti","category-news-prodotto"],"yoast_head":"<!-- This site is optimized with the Yoast SEO plugin v27.5 - https:\/\/yoast.com\/product\/yoast-seo-wordpress\/ -->\n<title>Le presse per riciclare cartone, plastica e altri scarti - Effe3ti<\/title>\n<meta name=\"description\" content=\"Le presse per riciclare gli scarti sono macchine molto efficienti che occupano poco spazio e permettono di guadagnare dai vostri scarti\" \/>\n<meta name=\"robots\" content=\"index, follow, max-snippet:-1, max-image-preview:large, max-video-preview:-1\" \/>\n<link rel=\"canonical\" href=\"https:\/\/www.effe3ti.com\/pl\/prasy-do-odpadow\/\" \/>\n<meta property=\"og:locale\" content=\"pl_PL\" \/>\n<meta property=\"og:type\" content=\"article\" \/>\n<meta property=\"og:title\" content=\"Le presse per riciclare cartone, plastica e altri scarti - Effe3ti\" \/>\n<meta property=\"og:description\" content=\"Le presse per riciclare gli scarti sono macchine molto efficienti che occupano poco spazio e permettono di guadagnare dai vostri scarti\" \/>\n<meta property=\"og:url\" content=\"https:\/\/www.effe3ti.com\/pl\/prasy-do-odpadow\/\" \/>\n<meta property=\"og:site_name\" content=\"Effe3ti\" \/>\n<meta property=\"article:publisher\" content=\"https:\/\/www.facebook.com\/effe3ti.packaging\" \/>\n<meta property=\"article:published_time\" content=\"2024-10-21T13:59:40+00:00\" \/>\n<meta property=\"article:modified_time\" content=\"2025-06-24T09:39:02+00:00\" \/>\n<meta property=\"og:image\" content=\"https:\/\/www.effe3ti.com\/wp-content\/uploads\/2021\/04\/MK1100-1.jpg\" \/>\n\t<meta property=\"og:image:width\" content=\"2000\" \/>\n\t<meta property=\"og:image:height\" content=\"1334\" \/>\n\t<meta property=\"og:image:type\" content=\"image\/jpeg\" \/>\n<meta name=\"author\" content=\"admin\" \/>\n<meta name=\"twitter:card\" content=\"summary_large_image\" \/>\n<meta name=\"twitter:label1\" content=\"Napisane przez\" \/>\n\t<meta name=\"twitter:data1\" content=\"admin\" \/>\n\t<meta name=\"twitter:label2\" content=\"Szacowany czas czytania\" \/>\n\t<meta name=\"twitter:data2\" content=\"3 minuty\" \/>\n<script type=\"application\/ld+json\" class=\"yoast-schema-graph\">{\"@context\":\"https:\\\/\\\/schema.org\",\"@graph\":[{\"@type\":\"Article\",\"@id\":\"https:\\\/\\\/www.effe3ti.com\\\/le-presse-per-rifiuti\\\/#article\",\"isPartOf\":{\"@id\":\"https:\\\/\\\/www.effe3ti.com\\\/le-presse-per-rifiuti\\\/\"},\"author\":{\"name\":\"admin\",\"@id\":\"https:\\\/\\\/www.effe3ti.com\\\/#\\\/schema\\\/person\\\/6cef6f087618c649ebbf63a4ea46e0d6\"},\"headline\":\"Le presse per riciclare cartone, plastica e altri scarti\",\"datePublished\":\"2024-10-21T13:59:40+00:00\",\"dateModified\":\"2025-06-24T09:39:02+00:00\",\"mainEntityOfPage\":{\"@id\":\"https:\\\/\\\/www.effe3ti.com\\\/le-presse-per-rifiuti\\\/\"},\"wordCount\":373,\"publisher\":{\"@id\":\"https:\\\/\\\/www.effe3ti.com\\\/#organization\"},\"image\":{\"@id\":\"https:\\\/\\\/www.effe3ti.com\\\/le-presse-per-rifiuti\\\/#primaryimage\"},\"thumbnailUrl\":\"https:\\\/\\\/www.effe3ti.com\\\/wp-content\\\/uploads\\\/2021\\\/04\\\/MK1100-1.jpg\",\"articleSection\":[\"Approfondimenti\",\"Prodotto\"],\"inLanguage\":\"pl-PL\"},{\"@type\":\"WebPage\",\"@id\":\"https:\\\/\\\/www.effe3ti.com\\\/le-presse-per-rifiuti\\\/\",\"url\":\"https:\\\/\\\/www.effe3ti.com\\\/le-presse-per-rifiuti\\\/\",\"name\":\"Le presse per riciclare cartone, plastica e altri scarti - Effe3ti\",\"isPartOf\":{\"@id\":\"https:\\\/\\\/www.effe3ti.com\\\/#website\"},\"primaryImageOfPage\":{\"@id\":\"https:\\\/\\\/www.effe3ti.com\\\/le-presse-per-rifiuti\\\/#primaryimage\"},\"image\":{\"@id\":\"https:\\\/\\\/www.effe3ti.com\\\/le-presse-per-rifiuti\\\/#primaryimage\"},\"thumbnailUrl\":\"https:\\\/\\\/www.effe3ti.com\\\/wp-content\\\/uploads\\\/2021\\\/04\\\/MK1100-1.jpg\",\"datePublished\":\"2024-10-21T13:59:40+00:00\",\"dateModified\":\"2025-06-24T09:39:02+00:00\",\"description\":\"Le presse per riciclare gli scarti sono macchine molto efficienti che occupano poco spazio e permettono di guadagnare dai vostri scarti\",\"breadcrumb\":{\"@id\":\"https:\\\/\\\/www.effe3ti.com\\\/le-presse-per-rifiuti\\\/#breadcrumb\"},\"inLanguage\":\"pl-PL\",\"potentialAction\":[{\"@type\":\"ReadAction\",\"target\":[\"https:\\\/\\\/www.effe3ti.com\\\/le-presse-per-rifiuti\\\/\"]}]},{\"@type\":\"ImageObject\",\"inLanguage\":\"pl-PL\",\"@id\":\"https:\\\/\\\/www.effe3ti.com\\\/le-presse-per-rifiuti\\\/#primaryimage\",\"url\":\"https:\\\/\\\/www.effe3ti.com\\\/wp-content\\\/uploads\\\/2021\\\/04\\\/MK1100-1.jpg\",\"contentUrl\":\"https:\\\/\\\/www.effe3ti.com\\\/wp-content\\\/uploads\\\/2021\\\/04\\\/MK1100-1.jpg\",\"width\":2000,\"height\":1334,\"caption\":\"MK1100\"},{\"@type\":\"BreadcrumbList\",\"@id\":\"https:\\\/\\\/www.effe3ti.com\\\/le-presse-per-rifiuti\\\/#breadcrumb\",\"itemListElement\":[{\"@type\":\"ListItem\",\"position\":1,\"name\":\"Home\",\"item\":\"https:\\\/\\\/www.effe3ti.com\\\/\"},{\"@type\":\"ListItem\",\"position\":2,\"name\":\"Le presse per riciclare cartone, plastica e altri scarti\"}]},{\"@type\":\"WebSite\",\"@id\":\"https:\\\/\\\/www.effe3ti.com\\\/#website\",\"url\":\"https:\\\/\\\/www.effe3ti.com\\\/\",\"name\":\"Effe3ti\",\"description\":\"Packaging Technologies\",\"publisher\":{\"@id\":\"https:\\\/\\\/www.effe3ti.com\\\/#organization\"},\"potentialAction\":[{\"@type\":\"SearchAction\",\"target\":{\"@type\":\"EntryPoint\",\"urlTemplate\":\"https:\\\/\\\/www.effe3ti.com\\\/?s={search_term_string}\"},\"query-input\":{\"@type\":\"PropertyValueSpecification\",\"valueRequired\":true,\"valueName\":\"search_term_string\"}}],\"inLanguage\":\"pl-PL\"},{\"@type\":\"Organization\",\"@id\":\"https:\\\/\\\/www.effe3ti.com\\\/#organization\",\"name\":\"Effe3ti\",\"alternateName\":\"f3t\",\"url\":\"https:\\\/\\\/www.effe3ti.com\\\/\",\"logo\":{\"@type\":\"ImageObject\",\"inLanguage\":\"pl-PL\",\"@id\":\"https:\\\/\\\/www.effe3ti.com\\\/#\\\/schema\\\/logo\\\/image\\\/\",\"url\":\"https:\\\/\\\/www.effe3ti.com\\\/wp-content\\\/uploads\\\/2021\\\/04\\\/Effe3ti_logo-350.gif\",\"contentUrl\":\"https:\\\/\\\/www.effe3ti.com\\\/wp-content\\\/uploads\\\/2021\\\/04\\\/Effe3ti_logo-350.gif\",\"width\":350,\"height\":128,\"caption\":\"Effe3ti\"},\"image\":{\"@id\":\"https:\\\/\\\/www.effe3ti.com\\\/#\\\/schema\\\/logo\\\/image\\\/\"},\"sameAs\":[\"https:\\\/\\\/www.facebook.com\\\/effe3ti.packaging\",\"https:\\\/\\\/www.instagram.com\\\/EFFE3TI\\\/\",\"https:\\\/\\\/www.linkedin.com\\\/company\\\/effe3ti-srl\",\"https:\\\/\\\/www.youtube.com\\\/effe3ti\"]},{\"@type\":\"Person\",\"@id\":\"https:\\\/\\\/www.effe3ti.com\\\/#\\\/schema\\\/person\\\/6cef6f087618c649ebbf63a4ea46e0d6\",\"name\":\"admin\",\"image\":{\"@type\":\"ImageObject\",\"inLanguage\":\"pl-PL\",\"@id\":\"https:\\\/\\\/secure.gravatar.com\\\/avatar\\\/b253dd15467b2329f0e140e2e96d7a7963ee736a560580d3f5e9ae1015d2b5fd?s=96&d=mm&r=g\",\"url\":\"https:\\\/\\\/secure.gravatar.com\\\/avatar\\\/b253dd15467b2329f0e140e2e96d7a7963ee736a560580d3f5e9ae1015d2b5fd?s=96&d=mm&r=g\",\"contentUrl\":\"https:\\\/\\\/secure.gravatar.com\\\/avatar\\\/b253dd15467b2329f0e140e2e96d7a7963ee736a560580d3f5e9ae1015d2b5fd?s=96&d=mm&r=g\",\"caption\":\"admin\"}}]}<\/script>\n<!-- \/ Yoast SEO plugin. -->","yoast_head_json":{"title":"Prasy do recyklingu tektury, plastiku i innych odpad\u00f3w - Effe3ti","description":"Prasy do recyklingu odpad\u00f3w to bardzo wydajne maszyny, kt\u00f3re zajmuj\u0105 ma\u0142o miejsca i pozwalaj\u0105 zarabia\u0107 pieni\u0105dze na odpadach.","robots":{"index":"index","follow":"follow","max-snippet":"max-snippet:-1","max-image-preview":"max-image-preview:large","max-video-preview":"max-video-preview:-1"},"canonical":"https:\/\/www.effe3ti.com\/pl\/prasy-do-odpadow\/","og_locale":"pl_PL","og_type":"article","og_title":"Le presse per riciclare cartone, plastica e altri scarti - Effe3ti","og_description":"Le presse per riciclare gli scarti sono macchine molto efficienti che occupano poco spazio e permettono di guadagnare dai vostri scarti","og_url":"https:\/\/www.effe3ti.com\/pl\/prasy-do-odpadow\/","og_site_name":"Effe3ti","article_publisher":"https:\/\/www.facebook.com\/effe3ti.packaging","article_published_time":"2024-10-21T13:59:40+00:00","article_modified_time":"2025-06-24T09:39:02+00:00","og_image":[{"width":2000,"height":1334,"url":"https:\/\/www.effe3ti.com\/wp-content\/uploads\/2021\/04\/MK1100-1.jpg","type":"image\/jpeg"}],"author":"admin","twitter_card":"summary_large_image","twitter_misc":{"Napisane przez":"admin","Szacowany czas czytania":"3 minuty"},"schema":{"@context":"https:\/\/schema.org","@graph":[{"@type":"Article","@id":"https:\/\/www.effe3ti.com\/le-presse-per-rifiuti\/#article","isPartOf":{"@id":"https:\/\/www.effe3ti.com\/le-presse-per-rifiuti\/"},"author":{"name":"admin","@id":"https:\/\/www.effe3ti.com\/#\/schema\/person\/6cef6f087618c649ebbf63a4ea46e0d6"},"headline":"Le presse per riciclare cartone, plastica e altri scarti","datePublished":"2024-10-21T13:59:40+00:00","dateModified":"2025-06-24T09:39:02+00:00","mainEntityOfPage":{"@id":"https:\/\/www.effe3ti.com\/le-presse-per-rifiuti\/"},"wordCount":373,"publisher":{"@id":"https:\/\/www.effe3ti.com\/#organization"},"image":{"@id":"https:\/\/www.effe3ti.com\/le-presse-per-rifiuti\/#primaryimage"},"thumbnailUrl":"https:\/\/www.effe3ti.com\/wp-content\/uploads\/2021\/04\/MK1100-1.jpg","articleSection":["Approfondimenti","Prodotto"],"inLanguage":"pl-PL"},{"@type":"WebPage","@id":"https:\/\/www.effe3ti.com\/le-presse-per-rifiuti\/","url":"https:\/\/www.effe3ti.com\/le-presse-per-rifiuti\/","name":"Prasy do recyklingu tektury, plastiku i innych odpad\u00f3w - Effe3ti","isPartOf":{"@id":"https:\/\/www.effe3ti.com\/#website"},"primaryImageOfPage":{"@id":"https:\/\/www.effe3ti.com\/le-presse-per-rifiuti\/#primaryimage"},"image":{"@id":"https:\/\/www.effe3ti.com\/le-presse-per-rifiuti\/#primaryimage"},"thumbnailUrl":"https:\/\/www.effe3ti.com\/wp-content\/uploads\/2021\/04\/MK1100-1.jpg","datePublished":"2024-10-21T13:59:40+00:00","dateModified":"2025-06-24T09:39:02+00:00","description":"Prasy do recyklingu odpad\u00f3w to bardzo wydajne maszyny, kt\u00f3re zajmuj\u0105 ma\u0142o miejsca i pozwalaj\u0105 zarabia\u0107 pieni\u0105dze na odpadach.","breadcrumb":{"@id":"https:\/\/www.effe3ti.com\/le-presse-per-rifiuti\/#breadcrumb"},"inLanguage":"pl-PL","potentialAction":[{"@type":"ReadAction","target":["https:\/\/www.effe3ti.com\/le-presse-per-rifiuti\/"]}]},{"@type":"ImageObject","inLanguage":"pl-PL","@id":"https:\/\/www.effe3ti.com\/le-presse-per-rifiuti\/#primaryimage","url":"https:\/\/www.effe3ti.com\/wp-content\/uploads\/2021\/04\/MK1100-1.jpg","contentUrl":"https:\/\/www.effe3ti.com\/wp-content\/uploads\/2021\/04\/MK1100-1.jpg","width":2000,"height":1334,"caption":"MK1100"},{"@type":"BreadcrumbList","@id":"https:\/\/www.effe3ti.com\/le-presse-per-rifiuti\/#breadcrumb","itemListElement":[{"@type":"ListItem","position":1,"name":"Home","item":"https:\/\/www.effe3ti.com\/"},{"@type":"ListItem","position":2,"name":"Le presse per riciclare cartone, plastica e altri scarti"}]},{"@type":"WebSite","@id":"https:\/\/www.effe3ti.com\/#website","url":"https:\/\/www.effe3ti.com\/","name":"Efektywny","description":"Technologie pakowania","publisher":{"@id":"https:\/\/www.effe3ti.com\/#organization"},"potentialAction":[{"@type":"SearchAction","target":{"@type":"EntryPoint","urlTemplate":"https:\/\/www.effe3ti.com\/?s={search_term_string}"},"query-input":{"@type":"PropertyValueSpecification","valueRequired":true,"valueName":"search_term_string"}}],"inLanguage":"pl-PL"},{"@type":"Organization","@id":"https:\/\/www.effe3ti.com\/#organization","name":"Efektywny","alternateName":"f3t","url":"https:\/\/www.effe3ti.com\/","logo":{"@type":"ImageObject","inLanguage":"pl-PL","@id":"https:\/\/www.effe3ti.com\/#\/schema\/logo\/image\/","url":"https:\/\/www.effe3ti.com\/wp-content\/uploads\/2021\/04\/Effe3ti_logo-350.gif","contentUrl":"https:\/\/www.effe3ti.com\/wp-content\/uploads\/2021\/04\/Effe3ti_logo-350.gif","width":350,"height":128,"caption":"Effe3ti"},"image":{"@id":"https:\/\/www.effe3ti.com\/#\/schema\/logo\/image\/"},"sameAs":["https:\/\/www.facebook.com\/effe3ti.packaging","https:\/\/www.instagram.com\/EFFE3TI\/","https:\/\/www.linkedin.com\/company\/effe3ti-srl","https:\/\/www.youtube.com\/effe3ti"]},{"@type":"Person","@id":"https:\/\/www.effe3ti.com\/#\/schema\/person\/6cef6f087618c649ebbf63a4ea46e0d6","name":"administracja","image":{"@type":"ImageObject","inLanguage":"pl-PL","@id":"https:\/\/secure.gravatar.com\/avatar\/b253dd15467b2329f0e140e2e96d7a7963ee736a560580d3f5e9ae1015d2b5fd?s=96&d=mm&r=g","url":"https:\/\/secure.gravatar.com\/avatar\/b253dd15467b2329f0e140e2e96d7a7963ee736a560580d3f5e9ae1015d2b5fd?s=96&d=mm&r=g","contentUrl":"https:\/\/secure.gravatar.com\/avatar\/b253dd15467b2329f0e140e2e96d7a7963ee736a560580d3f5e9ae1015d2b5fd?s=96&d=mm&r=g","caption":"admin"}}]}},"_links":{"self":[{"href":"https:\/\/www.effe3ti.com\/pl\/wp-json\/wp\/v2\/posts\/20948","targetHints":{"allow":["GET"]}}],"collection":[{"href":"https:\/\/www.effe3ti.com\/pl\/wp-json\/wp\/v2\/posts"}],"about":[{"href":"https:\/\/www.effe3ti.com\/pl\/wp-json\/wp\/v2\/types\/post"}],"author":[{"embeddable":true,"href":"https:\/\/www.effe3ti.com\/pl\/wp-json\/wp\/v2\/users\/1"}],"replies":[{"embeddable":true,"href":"https:\/\/www.effe3ti.com\/pl\/wp-json\/wp\/v2\/comments?post=20948"}],"version-history":[{"count":4,"href":"https:\/\/www.effe3ti.com\/pl\/wp-json\/wp\/v2\/posts\/20948\/revisions"}],"predecessor-version":[{"id":22917,"href":"https:\/\/www.effe3ti.com\/pl\/wp-json\/wp\/v2\/posts\/20948\/revisions\/22917"}],"wp:featuredmedia":[{"embeddable":true,"href":"https:\/\/www.effe3ti.com\/pl\/wp-json\/wp\/v2\/media\/23259"}],"wp:attachment":[{"href":"https:\/\/www.effe3ti.com\/pl\/wp-json\/wp\/v2\/media?parent=20948"}],"wp:term":[{"taxonomy":"category","embeddable":true,"href":"https:\/\/www.effe3ti.com\/pl\/wp-json\/wp\/v2\/categories?post=20948"},{"taxonomy":"post_tag","embeddable":true,"href":"https:\/\/www.effe3ti.com\/pl\/wp-json\/wp\/v2\/tags?post=20948"}],"curies":[{"name":"wp","href":"https:\/\/api.w.org\/{rel}","templated":true}]}}