{"id":21416,"date":"2025-01-15T16:23:13","date_gmt":"2025-01-15T16:23:13","guid":{"rendered":"https:\/\/www.effe3ti.com\/?p=21416"},"modified":"2025-04-16T14:15:23","modified_gmt":"2025-04-16T14:15:23","slug":"zageszczac-odpady-do-pojemnikow-i-kontenerow","status":"publish","type":"post","link":"https:\/\/www.effe3ti.com\/pl\/compattare-rifiuti-in-bidoni-e-cassonetti\/","title":{"rendered":"Kompaktuj odpady w pojemnikach i kontenerach"},"content":{"rendered":"<h2 class=\"wp-block-heading\">Znaczenie zag\u0119szczania odpad\u00f3w w pojemnikach i kontenerach<\/h2>\n\n\n\n<p>Efektywne gospodarowanie odpadami staje si\u0119 coraz wa\u017cniejszym priorytetem we wszystkich kontekstach, od gospodarstw domowych po du\u017ce obiekty publiczne, w tym osiedla mieszkaniowe, biura, firmy i plac\u00f3wki s\u0142u\u017cby zdrowia, takie jak szpitale i kliniki. W tym scenariuszu zag\u0119szczanie odpad\u00f3w zgromadzonych w pojemnikach i kontenerach wydaje si\u0119 rozwi\u0105zaniem praktycznym, korzystnym i \u0142atwym do wdro\u017cenia. Umo\u017cliwia znacz\u0105ce zmniejszenie obj\u0119to\u015bci, optymalne wykorzystanie dost\u0119pnej przestrzeni oraz uproszczenie operacji zbi\u00f3rki i utylizacji. Ponadto promuje bardziej zr\u00f3wnowa\u017con\u0105 i odpowiedzialn\u0105 gospodark\u0119 odpadami, przyczyniaj\u0105c si\u0119 do zmniejszenia negatywnego wp\u0142ywu na \u015brodowisko i promuj\u0105c bardziej cnotliwe zachowania nawet poza \u015bci\u015ble przemys\u0142owym kontekstem.<\/p>\n\n\n\n<figure class=\"wp-block-image\"><img decoding=\"async\" src=\"https:\/\/www.effe3ti.com\/wp-content\/uploads\/2025\/01\/pressa-cassonetti.jpg\" alt=\"\"\/><\/figure>\n\n\n\n<p><\/p>\n\n\n\n<h3 class=\"wp-block-heading\">Obszary zastosowa\u0144<\/h3>\n\n\n\n<p>Ten <a href=\"https:\/\/www.effe3ti.com\/pl\/produkt\/prasa-koszowa-mt240-mt120-mt360\/\"><strong>prasy do pojemnik\u00f3w<\/strong><\/a> i te <strong><a href=\"https:\/\/www.effe3ti.com\/pl\/produkt\/prasa-do-kontenerow-rc1100-i-rc660-770\/\">do koszy<\/a><\/strong> mo\u017cna stosowa\u0107 z du\u017cymi korzy\u015bciami w:<\/p>\n\n\n\n<ul class=\"wp-block-list\">\n<li>szko\u0142y<\/li>\n\n\n\n<li>budynki publiczne<\/li>\n\n\n\n<li>biura<\/li>\n\n\n\n<li>biblioteki<\/li>\n\n\n\n<li>sektor hotelowy<\/li>\n\n\n\n<li>sektor gastronomiczny<\/li>\n\n\n\n<li>szpitale<\/li>\n\n\n\n<li>wsp\u00f3lnota<\/li>\n<\/ul>\n\n\n\n<p>gdzie zag\u0119szczanie odpad\u00f3w pozwala na redukcj\u0119 przestrzeni, stworzenie czystszego i bardziej odpowiedniego otoczenia oraz optymalizacj\u0119 system\u00f3w zbi\u00f3rki.<\/p>\n\n\n\n<p>Ponadto zmniejszenie liczby pojemnik\u00f3w zarejestrowanych w firmach zajmuj\u0105cych si\u0119 utylizacj\u0105 odpad\u00f3w przek\u0142ada si\u0119 na <strong>oszcz\u0119dno\u015bci ekonomiczne i mniejszy wp\u0142yw na \u015brodowisko.<\/strong><\/p>\n\n\n\n<figure class=\"wp-block-image\"><img decoding=\"async\" src=\"https:\/\/www.effe3ti.com\/wp-content\/uploads\/2025\/01\/bidoni-spazzatura-1024x230.jpg\" alt=\"\"\/><\/figure>\n\n\n\n<p><\/p>\n\n\n\n<p>Te prasy wykonane s\u0105 z trwa\u0142ych i odpornych materia\u0142\u00f3w, mog\u0105 by\u0107 ustawiane i u\u017cytkowane zar\u00f3wno wewn\u0105trz, jak i na zewn\u0105trz, a tak\u017ce doskonale nadaj\u0105 si\u0119 do zag\u0119szczania:<\/p>\n\n\n\n<ul class=\"wp-block-list\">\n<li>odpady og\u00f3lne<\/li>\n\n\n\n<li>papier<\/li>\n\n\n\n<li>karton<\/li>\n\n\n\n<li>plastikowy<\/li>\n<\/ul>\n\n\n\n<p>Promowanie stosowania system\u00f3w zag\u0119szczania odpad\u00f3w w pojemnikach i kontenerach to m\u0105dry wyb\u00f3r, kt\u00f3ry pozwoli zwi\u0119kszy\u0107 efektywno\u015b\u0107 zarz\u0105dzania, przynosz\u0105c wymierne korzy\u015bci \u015brodowisku i ludziom.<\/p>\n\n\n\n<p><\/p>","protected":false},"excerpt":{"rendered":"<p>L&#8217;importanza della compattazione dei rifiuti nei bidoni e nei cassonetti La gestione efficiente dei rifiuti rappresenta una priorit\u00e0 sempre pi\u00f9 rilevante in tutti i contesti, dai nuclei familiari alle grandi strutture pubbliche, passando per condomini, uffici, aziende e strutture sanitarie come ospedali e cliniche. In questo scenario, la compattazione dei rifiuti contenuti nei bidoni e [&hellip;]<\/p>\n","protected":false},"author":1,"featured_media":21427,"comment_status":"closed","ping_status":"closed","sticky":false,"template":"","format":"standard","meta":{"footnotes":""},"categories":[41],"tags":[],"class_list":["post-21416","post","type-post","status-publish","format-standard","has-post-thumbnail","hentry","category-news-prodotto"],"yoast_head":"<!-- This site is optimized with the Yoast SEO plugin v27.5 - https:\/\/yoast.com\/product\/yoast-seo-wordpress\/ -->\n<title>Compattare rifiuti in bidoni e cassonetti - Effe3ti<\/title>\n<meta name=\"description\" content=\"Compattare i rifiuti nei bidoni e nei cassonetti \u00e8 una soluzione pratica e vantaggiosa per favorire una gestione pi\u00f9 sostenibile\" \/>\n<meta name=\"robots\" content=\"index, follow, max-snippet:-1, max-image-preview:large, max-video-preview:-1\" \/>\n<link rel=\"canonical\" href=\"https:\/\/www.effe3ti.com\/pl\/zageszczac-odpady-do-pojemnikow-i-kontenerow\/\" \/>\n<meta property=\"og:locale\" content=\"pl_PL\" \/>\n<meta property=\"og:type\" content=\"article\" \/>\n<meta property=\"og:title\" content=\"Compattare rifiuti in bidoni e cassonetti - Effe3ti\" \/>\n<meta property=\"og:description\" content=\"Compattare i rifiuti nei bidoni e nei cassonetti \u00e8 una soluzione pratica e vantaggiosa per favorire una gestione pi\u00f9 sostenibile\" \/>\n<meta property=\"og:url\" content=\"https:\/\/www.effe3ti.com\/pl\/zageszczac-odpady-do-pojemnikow-i-kontenerow\/\" \/>\n<meta property=\"og:site_name\" content=\"Effe3ti\" \/>\n<meta property=\"article:publisher\" content=\"https:\/\/www.facebook.com\/effe3ti.packaging\" \/>\n<meta property=\"article:published_time\" content=\"2025-01-15T16:23:13+00:00\" \/>\n<meta property=\"article:modified_time\" content=\"2025-04-16T14:15:23+00:00\" \/>\n<meta property=\"og:image\" content=\"https:\/\/www.effe3ti.com\/wp-content\/uploads\/2025\/01\/pressa-bidoni.jpg\" \/>\n\t<meta property=\"og:image:width\" content=\"1500\" \/>\n\t<meta property=\"og:image:height\" content=\"1001\" \/>\n\t<meta property=\"og:image:type\" content=\"image\/jpeg\" \/>\n<meta name=\"author\" content=\"admin\" \/>\n<meta name=\"twitter:card\" content=\"summary_large_image\" \/>\n<meta name=\"twitter:label1\" content=\"Napisane przez\" \/>\n\t<meta name=\"twitter:data1\" content=\"admin\" \/>\n\t<meta name=\"twitter:label2\" content=\"Szacowany czas czytania\" \/>\n\t<meta name=\"twitter:data2\" content=\"2 minuty\" \/>\n<script type=\"application\/ld+json\" class=\"yoast-schema-graph\">{\"@context\":\"https:\\\/\\\/schema.org\",\"@graph\":[{\"@type\":\"Article\",\"@id\":\"https:\\\/\\\/www.effe3ti.com\\\/compattare-rifiuti-in-bidoni-e-cassonetti\\\/#article\",\"isPartOf\":{\"@id\":\"https:\\\/\\\/www.effe3ti.com\\\/compattare-rifiuti-in-bidoni-e-cassonetti\\\/\"},\"author\":{\"name\":\"admin\",\"@id\":\"https:\\\/\\\/www.effe3ti.com\\\/#\\\/schema\\\/person\\\/6cef6f087618c649ebbf63a4ea46e0d6\"},\"headline\":\"Compattare rifiuti in bidoni e cassonetti\",\"datePublished\":\"2025-01-15T16:23:13+00:00\",\"dateModified\":\"2025-04-16T14:15:23+00:00\",\"mainEntityOfPage\":{\"@id\":\"https:\\\/\\\/www.effe3ti.com\\\/compattare-rifiuti-in-bidoni-e-cassonetti\\\/\"},\"wordCount\":261,\"publisher\":{\"@id\":\"https:\\\/\\\/www.effe3ti.com\\\/#organization\"},\"image\":{\"@id\":\"https:\\\/\\\/www.effe3ti.com\\\/compattare-rifiuti-in-bidoni-e-cassonetti\\\/#primaryimage\"},\"thumbnailUrl\":\"https:\\\/\\\/www.effe3ti.com\\\/wp-content\\\/uploads\\\/2025\\\/01\\\/pressa-bidoni.jpg\",\"articleSection\":[\"Prodotto\"],\"inLanguage\":\"pl-PL\"},{\"@type\":\"WebPage\",\"@id\":\"https:\\\/\\\/www.effe3ti.com\\\/compattare-rifiuti-in-bidoni-e-cassonetti\\\/\",\"url\":\"https:\\\/\\\/www.effe3ti.com\\\/compattare-rifiuti-in-bidoni-e-cassonetti\\\/\",\"name\":\"Compattare rifiuti in bidoni e cassonetti - Effe3ti\",\"isPartOf\":{\"@id\":\"https:\\\/\\\/www.effe3ti.com\\\/#website\"},\"primaryImageOfPage\":{\"@id\":\"https:\\\/\\\/www.effe3ti.com\\\/compattare-rifiuti-in-bidoni-e-cassonetti\\\/#primaryimage\"},\"image\":{\"@id\":\"https:\\\/\\\/www.effe3ti.com\\\/compattare-rifiuti-in-bidoni-e-cassonetti\\\/#primaryimage\"},\"thumbnailUrl\":\"https:\\\/\\\/www.effe3ti.com\\\/wp-content\\\/uploads\\\/2025\\\/01\\\/pressa-bidoni.jpg\",\"datePublished\":\"2025-01-15T16:23:13+00:00\",\"dateModified\":\"2025-04-16T14:15:23+00:00\",\"description\":\"Compattare i rifiuti nei bidoni e nei cassonetti \u00e8 una soluzione pratica e vantaggiosa per favorire una gestione pi\u00f9 sostenibile\",\"breadcrumb\":{\"@id\":\"https:\\\/\\\/www.effe3ti.com\\\/compattare-rifiuti-in-bidoni-e-cassonetti\\\/#breadcrumb\"},\"inLanguage\":\"pl-PL\",\"potentialAction\":[{\"@type\":\"ReadAction\",\"target\":[\"https:\\\/\\\/www.effe3ti.com\\\/compattare-rifiuti-in-bidoni-e-cassonetti\\\/\"]}]},{\"@type\":\"ImageObject\",\"inLanguage\":\"pl-PL\",\"@id\":\"https:\\\/\\\/www.effe3ti.com\\\/compattare-rifiuti-in-bidoni-e-cassonetti\\\/#primaryimage\",\"url\":\"https:\\\/\\\/www.effe3ti.com\\\/wp-content\\\/uploads\\\/2025\\\/01\\\/pressa-bidoni.jpg\",\"contentUrl\":\"https:\\\/\\\/www.effe3ti.com\\\/wp-content\\\/uploads\\\/2025\\\/01\\\/pressa-bidoni.jpg\",\"width\":1500,\"height\":1001,\"caption\":\"pressa per rifiuti in bidoni e cassonetti\"},{\"@type\":\"BreadcrumbList\",\"@id\":\"https:\\\/\\\/www.effe3ti.com\\\/compattare-rifiuti-in-bidoni-e-cassonetti\\\/#breadcrumb\",\"itemListElement\":[{\"@type\":\"ListItem\",\"position\":1,\"name\":\"Home\",\"item\":\"https:\\\/\\\/www.effe3ti.com\\\/\"},{\"@type\":\"ListItem\",\"position\":2,\"name\":\"Compattare rifiuti in bidoni e cassonetti\"}]},{\"@type\":\"WebSite\",\"@id\":\"https:\\\/\\\/www.effe3ti.com\\\/#website\",\"url\":\"https:\\\/\\\/www.effe3ti.com\\\/\",\"name\":\"Effe3ti\",\"description\":\"Packaging Technologies\",\"publisher\":{\"@id\":\"https:\\\/\\\/www.effe3ti.com\\\/#organization\"},\"potentialAction\":[{\"@type\":\"SearchAction\",\"target\":{\"@type\":\"EntryPoint\",\"urlTemplate\":\"https:\\\/\\\/www.effe3ti.com\\\/?s={search_term_string}\"},\"query-input\":{\"@type\":\"PropertyValueSpecification\",\"valueRequired\":true,\"valueName\":\"search_term_string\"}}],\"inLanguage\":\"pl-PL\"},{\"@type\":\"Organization\",\"@id\":\"https:\\\/\\\/www.effe3ti.com\\\/#organization\",\"name\":\"Effe3ti\",\"alternateName\":\"f3t\",\"url\":\"https:\\\/\\\/www.effe3ti.com\\\/\",\"logo\":{\"@type\":\"ImageObject\",\"inLanguage\":\"pl-PL\",\"@id\":\"https:\\\/\\\/www.effe3ti.com\\\/#\\\/schema\\\/logo\\\/image\\\/\",\"url\":\"https:\\\/\\\/www.effe3ti.com\\\/wp-content\\\/uploads\\\/2021\\\/04\\\/Effe3ti_logo-350.gif\",\"contentUrl\":\"https:\\\/\\\/www.effe3ti.com\\\/wp-content\\\/uploads\\\/2021\\\/04\\\/Effe3ti_logo-350.gif\",\"width\":350,\"height\":128,\"caption\":\"Effe3ti\"},\"image\":{\"@id\":\"https:\\\/\\\/www.effe3ti.com\\\/#\\\/schema\\\/logo\\\/image\\\/\"},\"sameAs\":[\"https:\\\/\\\/www.facebook.com\\\/effe3ti.packaging\",\"https:\\\/\\\/www.instagram.com\\\/EFFE3TI\\\/\",\"https:\\\/\\\/www.linkedin.com\\\/company\\\/effe3ti-srl\",\"https:\\\/\\\/www.youtube.com\\\/effe3ti\"]},{\"@type\":\"Person\",\"@id\":\"https:\\\/\\\/www.effe3ti.com\\\/#\\\/schema\\\/person\\\/6cef6f087618c649ebbf63a4ea46e0d6\",\"name\":\"admin\",\"image\":{\"@type\":\"ImageObject\",\"inLanguage\":\"pl-PL\",\"@id\":\"https:\\\/\\\/secure.gravatar.com\\\/avatar\\\/b253dd15467b2329f0e140e2e96d7a7963ee736a560580d3f5e9ae1015d2b5fd?s=96&d=mm&r=g\",\"url\":\"https:\\\/\\\/secure.gravatar.com\\\/avatar\\\/b253dd15467b2329f0e140e2e96d7a7963ee736a560580d3f5e9ae1015d2b5fd?s=96&d=mm&r=g\",\"contentUrl\":\"https:\\\/\\\/secure.gravatar.com\\\/avatar\\\/b253dd15467b2329f0e140e2e96d7a7963ee736a560580d3f5e9ae1015d2b5fd?s=96&d=mm&r=g\",\"caption\":\"admin\"}}]}<\/script>\n<!-- \/ Yoast SEO plugin. -->","yoast_head_json":{"title":"Kompaktowanie odpad\u00f3w w pojemnikach i kontenerach - Effe3ti","description":"Kompaktowanie odpad\u00f3w w pojemnikach i kontenerach to praktyczne i korzystne rozwi\u0105zanie, kt\u00f3re sprzyja bardziej zr\u00f3wnowa\u017conemu zarz\u0105dzaniu","robots":{"index":"index","follow":"follow","max-snippet":"max-snippet:-1","max-image-preview":"max-image-preview:large","max-video-preview":"max-video-preview:-1"},"canonical":"https:\/\/www.effe3ti.com\/pl\/zageszczac-odpady-do-pojemnikow-i-kontenerow\/","og_locale":"pl_PL","og_type":"article","og_title":"Compattare rifiuti in bidoni e cassonetti - Effe3ti","og_description":"Compattare i rifiuti nei bidoni e nei cassonetti \u00e8 una soluzione pratica e vantaggiosa per favorire una gestione pi\u00f9 sostenibile","og_url":"https:\/\/www.effe3ti.com\/pl\/zageszczac-odpady-do-pojemnikow-i-kontenerow\/","og_site_name":"Effe3ti","article_publisher":"https:\/\/www.facebook.com\/effe3ti.packaging","article_published_time":"2025-01-15T16:23:13+00:00","article_modified_time":"2025-04-16T14:15:23+00:00","og_image":[{"width":1500,"height":1001,"url":"https:\/\/www.effe3ti.com\/wp-content\/uploads\/2025\/01\/pressa-bidoni.jpg","type":"image\/jpeg"}],"author":"admin","twitter_card":"summary_large_image","twitter_misc":{"Napisane przez":"admin","Szacowany czas czytania":"2 minuty"},"schema":{"@context":"https:\/\/schema.org","@graph":[{"@type":"Article","@id":"https:\/\/www.effe3ti.com\/compattare-rifiuti-in-bidoni-e-cassonetti\/#article","isPartOf":{"@id":"https:\/\/www.effe3ti.com\/compattare-rifiuti-in-bidoni-e-cassonetti\/"},"author":{"name":"admin","@id":"https:\/\/www.effe3ti.com\/#\/schema\/person\/6cef6f087618c649ebbf63a4ea46e0d6"},"headline":"Compattare rifiuti in bidoni e cassonetti","datePublished":"2025-01-15T16:23:13+00:00","dateModified":"2025-04-16T14:15:23+00:00","mainEntityOfPage":{"@id":"https:\/\/www.effe3ti.com\/compattare-rifiuti-in-bidoni-e-cassonetti\/"},"wordCount":261,"publisher":{"@id":"https:\/\/www.effe3ti.com\/#organization"},"image":{"@id":"https:\/\/www.effe3ti.com\/compattare-rifiuti-in-bidoni-e-cassonetti\/#primaryimage"},"thumbnailUrl":"https:\/\/www.effe3ti.com\/wp-content\/uploads\/2025\/01\/pressa-bidoni.jpg","articleSection":["Prodotto"],"inLanguage":"pl-PL"},{"@type":"WebPage","@id":"https:\/\/www.effe3ti.com\/compattare-rifiuti-in-bidoni-e-cassonetti\/","url":"https:\/\/www.effe3ti.com\/compattare-rifiuti-in-bidoni-e-cassonetti\/","name":"Kompaktowanie odpad\u00f3w w pojemnikach i kontenerach - Effe3ti","isPartOf":{"@id":"https:\/\/www.effe3ti.com\/#website"},"primaryImageOfPage":{"@id":"https:\/\/www.effe3ti.com\/compattare-rifiuti-in-bidoni-e-cassonetti\/#primaryimage"},"image":{"@id":"https:\/\/www.effe3ti.com\/compattare-rifiuti-in-bidoni-e-cassonetti\/#primaryimage"},"thumbnailUrl":"https:\/\/www.effe3ti.com\/wp-content\/uploads\/2025\/01\/pressa-bidoni.jpg","datePublished":"2025-01-15T16:23:13+00:00","dateModified":"2025-04-16T14:15:23+00:00","description":"Kompaktowanie odpad\u00f3w w pojemnikach i kontenerach to praktyczne i korzystne rozwi\u0105zanie, kt\u00f3re sprzyja bardziej zr\u00f3wnowa\u017conemu zarz\u0105dzaniu","breadcrumb":{"@id":"https:\/\/www.effe3ti.com\/compattare-rifiuti-in-bidoni-e-cassonetti\/#breadcrumb"},"inLanguage":"pl-PL","potentialAction":[{"@type":"ReadAction","target":["https:\/\/www.effe3ti.com\/compattare-rifiuti-in-bidoni-e-cassonetti\/"]}]},{"@type":"ImageObject","inLanguage":"pl-PL","@id":"https:\/\/www.effe3ti.com\/compattare-rifiuti-in-bidoni-e-cassonetti\/#primaryimage","url":"https:\/\/www.effe3ti.com\/wp-content\/uploads\/2025\/01\/pressa-bidoni.jpg","contentUrl":"https:\/\/www.effe3ti.com\/wp-content\/uploads\/2025\/01\/pressa-bidoni.jpg","width":1500,"height":1001,"caption":"pressa per rifiuti in bidoni e cassonetti"},{"@type":"BreadcrumbList","@id":"https:\/\/www.effe3ti.com\/compattare-rifiuti-in-bidoni-e-cassonetti\/#breadcrumb","itemListElement":[{"@type":"ListItem","position":1,"name":"Home","item":"https:\/\/www.effe3ti.com\/"},{"@type":"ListItem","position":2,"name":"Compattare rifiuti in bidoni e cassonetti"}]},{"@type":"WebSite","@id":"https:\/\/www.effe3ti.com\/#website","url":"https:\/\/www.effe3ti.com\/","name":"Efektywny","description":"Technologie pakowania","publisher":{"@id":"https:\/\/www.effe3ti.com\/#organization"},"potentialAction":[{"@type":"SearchAction","target":{"@type":"EntryPoint","urlTemplate":"https:\/\/www.effe3ti.com\/?s={search_term_string}"},"query-input":{"@type":"PropertyValueSpecification","valueRequired":true,"valueName":"search_term_string"}}],"inLanguage":"pl-PL"},{"@type":"Organization","@id":"https:\/\/www.effe3ti.com\/#organization","name":"Efektywny","alternateName":"f3t","url":"https:\/\/www.effe3ti.com\/","logo":{"@type":"ImageObject","inLanguage":"pl-PL","@id":"https:\/\/www.effe3ti.com\/#\/schema\/logo\/image\/","url":"https:\/\/www.effe3ti.com\/wp-content\/uploads\/2021\/04\/Effe3ti_logo-350.gif","contentUrl":"https:\/\/www.effe3ti.com\/wp-content\/uploads\/2021\/04\/Effe3ti_logo-350.gif","width":350,"height":128,"caption":"Effe3ti"},"image":{"@id":"https:\/\/www.effe3ti.com\/#\/schema\/logo\/image\/"},"sameAs":["https:\/\/www.facebook.com\/effe3ti.packaging","https:\/\/www.instagram.com\/EFFE3TI\/","https:\/\/www.linkedin.com\/company\/effe3ti-srl","https:\/\/www.youtube.com\/effe3ti"]},{"@type":"Person","@id":"https:\/\/www.effe3ti.com\/#\/schema\/person\/6cef6f087618c649ebbf63a4ea46e0d6","name":"administracja","image":{"@type":"ImageObject","inLanguage":"pl-PL","@id":"https:\/\/secure.gravatar.com\/avatar\/b253dd15467b2329f0e140e2e96d7a7963ee736a560580d3f5e9ae1015d2b5fd?s=96&d=mm&r=g","url":"https:\/\/secure.gravatar.com\/avatar\/b253dd15467b2329f0e140e2e96d7a7963ee736a560580d3f5e9ae1015d2b5fd?s=96&d=mm&r=g","contentUrl":"https:\/\/secure.gravatar.com\/avatar\/b253dd15467b2329f0e140e2e96d7a7963ee736a560580d3f5e9ae1015d2b5fd?s=96&d=mm&r=g","caption":"admin"}}]}},"_links":{"self":[{"href":"https:\/\/www.effe3ti.com\/pl\/wp-json\/wp\/v2\/posts\/21416","targetHints":{"allow":["GET"]}}],"collection":[{"href":"https:\/\/www.effe3ti.com\/pl\/wp-json\/wp\/v2\/posts"}],"about":[{"href":"https:\/\/www.effe3ti.com\/pl\/wp-json\/wp\/v2\/types\/post"}],"author":[{"embeddable":true,"href":"https:\/\/www.effe3ti.com\/pl\/wp-json\/wp\/v2\/users\/1"}],"replies":[{"embeddable":true,"href":"https:\/\/www.effe3ti.com\/pl\/wp-json\/wp\/v2\/comments?post=21416"}],"version-history":[{"count":5,"href":"https:\/\/www.effe3ti.com\/pl\/wp-json\/wp\/v2\/posts\/21416\/revisions"}],"predecessor-version":[{"id":22964,"href":"https:\/\/www.effe3ti.com\/pl\/wp-json\/wp\/v2\/posts\/21416\/revisions\/22964"}],"wp:featuredmedia":[{"embeddable":true,"href":"https:\/\/www.effe3ti.com\/pl\/wp-json\/wp\/v2\/media\/21427"}],"wp:attachment":[{"href":"https:\/\/www.effe3ti.com\/pl\/wp-json\/wp\/v2\/media?parent=21416"}],"wp:term":[{"taxonomy":"category","embeddable":true,"href":"https:\/\/www.effe3ti.com\/pl\/wp-json\/wp\/v2\/categories?post=21416"},{"taxonomy":"post_tag","embeddable":true,"href":"https:\/\/www.effe3ti.com\/pl\/wp-json\/wp\/v2\/tags?post=21416"}],"curies":[{"name":"wp","href":"https:\/\/api.w.org\/{rel}","templated":true}]}}