{"id":23191,"date":"2025-06-27T10:06:54","date_gmt":"2025-06-27T10:06:54","guid":{"rendered":"https:\/\/www.effe3ti.com\/?p=23191"},"modified":"2025-12-01T10:12:35","modified_gmt":"2025-12-01T10:12:35","slug":"ktora-prase-do-papieru-wybrac-do-duzych-wolumenow-biznesowych","status":"publish","type":"post","link":"https:\/\/www.effe3ti.com\/pl\/compattatore-per-carta-quale-scegliere-per-grandi-volumi-aziendali\/","title":{"rendered":"Zgniatarka do papieru i tektury: jak\u0105 wybra\u0107 do du\u017cych wolumen\u00f3w biznesowych?"},"content":{"rendered":"<p>Prasa do papieru zaspokaja bardzo konkretn\u0105 i coraz bardziej pal\u0105c\u0105 potrzeb\u0119: codzienne zarz\u0105dzanie du\u017cymi ilo\u015bciami odpad\u00f3w papierowych, szczeg\u00f3lnie w sektorach takich jak logistyka, handel detaliczny, handel detaliczny na du\u017c\u0105 skal\u0119 i produkcja przemys\u0142owa. Co wa\u017cniejsze, pozwala przekszta\u0142ci\u0107 rutynow\u0105 dzia\u0142alno\u015b\u0107 zwi\u0105zan\u0105 z gospodark\u0105 odpadami w okazj\u0119 biznesow\u0105, oferuj\u0105c bezpo\u015bredni\u0105 sprzeda\u017c wyprodukowanych bel.<\/p>\n\n\n\n<p>Dlatego odpowiednia prasa do papieru nie tylko pozwala zoptymalizowa\u0107 przestrze\u0144 i obni\u017cy\u0107 koszty utylizacji, ale tak\u017ce poprawia wydajno\u015b\u0107 operacyjn\u0105 i przyczynia si\u0119 do bardziej zr\u00f3wnowa\u017conego gospodarowania materia\u0142ami odpadowymi.<\/p>\n\n\n\n<p>Dzi\u0119ki \u015bcis\u0142ej wsp\u00f3\u0142pracy ze specjalistyczn\u0105 mark\u0105 Strautmann, kt\u00f3rej jest wy\u0142\u0105cznym przedstawicielem we W\u0142oszech, Effe3Ti oferuje wydajne, wydajne i niezwykle wszechstronne rozwi\u0105zania.<\/p>\n\n\n\n<h2 class=\"wp-block-heading\">Do czego s\u0142u\u017cy zag\u0119szczarka do papieru?<\/h2>\n\n\n\n<p>A <a href=\"https:\/\/www.effe3ti.com\/pl\/logistyka-zageszczarek\/\">zag\u0119szczarka do papieru<\/a> To maszyna przeznaczona do prasowania du\u017cych ilo\u015bci tektury, papieru i podobnych materia\u0142\u00f3w w kompaktowe, \u0142atwe w obs\u0142udze bele. G\u0142\u00f3wn\u0105 zalet\u0105 tego procesu jest znaczne zmniejszenie obj\u0119to\u015bci odpad\u00f3w, a jednocze\u015bnie uproszczenie sk\u0142adowania oraz u\u0142atwienie transportu i recyklingu.<\/p>\n\n\n\n<p>Ponadto redukuje emisj\u0119 dwutlenku w\u0119gla, umo\u017cliwia prac\u0119 niezale\u017cnie od warunk\u00f3w pogodowych, zwi\u0119ksza porz\u0105dek i czysto\u015b\u0107, a tak\u017ce generuje przychody ze sprzeda\u017cy bezpo\u015bredniej bel. Umo\u017cliwia to integracj\u0119 procesu zag\u0119szczania z procesem produkcyjnym, minimalizuj\u0105c r\u0119czn\u0105 interwencj\u0119 i optymalizuj\u0105c zasoby.<\/p>\n\n\n\n<p>W praktyce: pracuj lepiej, w kr\u00f3tszym czasie i bez marnotrawstwa.<\/p>\n\n\n\n<h3 class=\"wp-block-heading\">Czego potrzebuj\u0105 du\u017ce firmy<\/h3>\n\n\n\n<p>Firmy przetwarzaj\u0105ce du\u017ce ilo\u015bci papieru i tektury maj\u0105 specyficzne potrzeby:<\/p>\n\n\n\n<ul class=\"wp-block-list\">\n<li>musz\u0105 automatyzowa\u0107 prac\u0119, aby ograniczy\u0107 czynno\u015bci wykonywane r\u0119cznie i przyspieszy\u0107 operacje;<\/li>\n\n\n\n<li>no\u015bno\u015b\u0107 musi by\u0107 ci\u0105g\u0142a, aby unikn\u0105\u0107 przerw w cyklu produkcyjnym;<\/li>\n\n\n\n<li>potrzebne s\u0105 stabilne, g\u0119ste bele o standardowych rozmiarach;<\/li>\n\n\n\n<li>a nast\u0119pnie prasa do papieru musi umo\u017cliwia\u0107 transport wewn\u0119trzny i utylizacj\u0119.<\/li>\n<\/ul>\n\n\n\n<p>Effe3Ti oferuje w szczeg\u00f3lno\u015bci trzy zaawansowane rozwi\u0105zania: AutoLoadBaler, BaleTainer i JumboLoadBaler, kt\u00f3re s\u0105 zag\u0119szczarkami zaprojektowanymi specjalnie do zastosowa\u0144 przemys\u0142owych i komercyjnych o du\u017cej obj\u0119to\u015bci.<\/p>\n\n\n\n<h3 class=\"wp-block-heading\">Kompaktor do papieru AutoLoadBaler: wydajne i automatyczne \u0142adowanie<\/h3>\n\n\n\n<p><a href=\"https:\/\/www.effe3ti.com\/pl\/produkt\/automatyczna-prasa-do-belowania\/\">Automatyczna \u0142adowarka do pras<\/a> To automatyczna prasa zaprojektowana z my\u015bl\u0105 o zwi\u0119kszeniu wydajno\u015bci procesu prasowania. Jej unikaln\u0105 cech\u0105 jest automatyczny system \u0142adowania, kt\u00f3ry pozwala operatorom podawa\u0107 papier bez konieczno\u015bci r\u0119cznego sortowania lub niszczenia.<\/p>\n\n\n\n<figure class=\"wp-block-image size-large\"><img fetchpriority=\"high\" decoding=\"async\" width=\"1024\" height=\"656\" src=\"https:\/\/www.effe3ti.com\/wp-content\/uploads\/2021\/04\/Autoloadbaler-2-1024x656.jpg\" alt=\"\" class=\"wp-image-23223\" srcset=\"https:\/\/www.effe3ti.com\/wp-content\/uploads\/2021\/04\/Autoloadbaler-2-1024x656.jpg 1024w, https:\/\/www.effe3ti.com\/wp-content\/uploads\/2021\/04\/Autoloadbaler-2-300x192.jpg 300w, https:\/\/www.effe3ti.com\/wp-content\/uploads\/2021\/04\/Autoloadbaler-2-768x492.jpg 768w, https:\/\/www.effe3ti.com\/wp-content\/uploads\/2021\/04\/Autoloadbaler-2-1536x985.jpg 1536w, https:\/\/www.effe3ti.com\/wp-content\/uploads\/2021\/04\/Autoloadbaler-2-18x12.jpg 18w, https:\/\/www.effe3ti.com\/wp-content\/uploads\/2021\/04\/Autoloadbaler-2-600x385.jpg 600w, https:\/\/www.effe3ti.com\/wp-content\/uploads\/2021\/04\/Autoloadbaler-2.jpg 2000w\" sizes=\"(max-width: 1024px) 100vw, 1024px\" \/><\/figure>\n\n\n\n<p>AutoLoadBaler mo\u017ce pochwali\u0107 si\u0119 szeregiem cenionych funkcji technicznych:<\/p>\n\n\n\n<ul class=\"wp-block-list\">\n<li>pracuje przy zasilaniu 400 V i ma moc 4 kW;<\/li>\n\n\n\n<li>si\u0142a nacisku wynosi 530 kN, a czas cyklu 37 sekund;<\/li>\n\n\n\n<li>Wyprodukowana bela osi\u0105ga wymiary 1200 x 800 x 1100 mm i mo\u017ce wa\u017cy\u0107 do 400 kg.<\/li>\n<\/ul>\n\n\n\n<p>System wi\u0105zania drutem zapewnia kompaktowo\u015b\u0107 i bezpiecze\u0144stwo podczas transportu. Prasa AutoLoadBaler jest szczeg\u00f3lnie przydatna w supermarketach, magazynach, centrach dystrybucyjnych i wsz\u0119dzie tam, gdzie wymagane jest szybkie i ci\u0105g\u0142e zarz\u0105dzanie odpadami papierowymi. Co wi\u0119cej, w\u00f3zek mo\u017cna dostosowa\u0107 do indywidualnych potrzeb, staj\u0105c si\u0119 samodzielnym gad\u017cetem promocyjnym.<\/p>\n\n\n\n<p>Co wi\u0119cej, u\u017cycie pras samoza\u0142adowczych AutoLoadBaler w terenie wykaza\u0142o, \u017ce mo\u017cna zaoszcz\u0119dzi\u0107 do 3 godzin i 45 minut na bel\u0119 \u2013 wzrost wydajno\u015bci przewy\u017cszaj\u0105cy ten w przypadku modelu 800%. Dwa w\u00f3zki umo\u017cliwiaj\u0105 r\u00f3wnie\u017c ci\u0105g\u0142y zbi\u00f3r: gdy jeden znajduje si\u0119 w maszynie, drugi znajduje si\u0119 w magazynie.<\/p>\n\n\n\n<h3 class=\"wp-block-heading\">Prasa do papieru BaleTainer: w pe\u0142ni zautomatyzowane rozwi\u0105zanie<\/h3>\n\n\n\n<p><a href=\"https:\/\/www.effe3ti.com\/pl\/produkt\/automatyczna-prasa-do-baletainerow\/\">BaleTainer<\/a> To kolejny krok w kierunku ca\u0142kowitej automatyzacji. Jest to w pe\u0142ni automatyczna prasa do papieru, kt\u00f3ra mo\u017ce obs\u0142ugiwa\u0107 du\u017ce ilo\u015bci tektury bez konieczno\u015bci r\u0119cznej ingerencji, od za\u0142adunku po formowanie bel. Mo\u017ce r\u00f3wnie\u017c obs\u0142ugiwa\u0107 puste butelki PET, puszki i foli\u0119.<\/p>\n\n\n\n<figure class=\"wp-block-image size-large\"><img decoding=\"async\" width=\"1024\" height=\"565\" src=\"https:\/\/www.effe3ti.com\/wp-content\/uploads\/2021\/04\/Baletainer-2-1024x565.jpg\" alt=\"\" class=\"wp-image-160\" srcset=\"https:\/\/www.effe3ti.com\/wp-content\/uploads\/2021\/04\/Baletainer-2-1024x565.jpg 1024w, https:\/\/www.effe3ti.com\/wp-content\/uploads\/2021\/04\/Baletainer-2-600x331.jpg 600w, https:\/\/www.effe3ti.com\/wp-content\/uploads\/2021\/04\/Baletainer-2-300x166.jpg 300w, https:\/\/www.effe3ti.com\/wp-content\/uploads\/2021\/04\/Baletainer-2-768x424.jpg 768w, https:\/\/www.effe3ti.com\/wp-content\/uploads\/2021\/04\/Baletainer-2.jpg 1181w\" sizes=\"(max-width: 1024px) 100vw, 1024px\" \/><\/figure>\n\n\n\n<p>W\u015br\u00f3d cech technicznych BaleTainera znajduj\u0105 si\u0119:<\/p>\n\n\n\n<ul class=\"wp-block-list\">\n<li>si\u0142a zag\u0119szczania 600 kN;<\/li>\n\n\n\n<li>ci\u015bnienie jednostkowe si\u0119gaj\u0105ce 180 ton na metr sze\u015bcienny;<\/li>\n\n\n\n<li>mo\u017cliwo\u015b\u0107 nape\u0142niania du\u017cych ilo\u015bci materia\u0142\u00f3w nadaj\u0105cych si\u0119 do recyklingu bez konieczno\u015bci wst\u0119pnego rozdrabniania;<\/li>\n\n\n\n<li>Produkowane bele sk\u0142adaj\u0105 si\u0119 z trzech segment\u00f3w, kt\u00f3re po po\u0142\u0105czeniu wa\u017c\u0105 do 400 kg. Po zako\u0144czeniu bele s\u0105 wi\u0105zane i automatycznie wyrzucane.<\/li>\n<\/ul>\n\n\n\n<p>R\u00f3wnie\u017c w tym przypadku wi\u0105zanie odbywa si\u0119 automatycznie za pomoc\u0105 drutu. BaleTainer idealnie sprawdza si\u0119 w z\u0142o\u017conych \u015brodowiskach przemys\u0142owych, centrach logistycznych i obiektach, w kt\u00f3rych priorytetem jest wydajno\u015b\u0107 i automatyzacja. <\/p>\n\n\n\n<h3 class=\"wp-block-heading\">Prasa do papieru JumboLoadBaler w wielu wariantach<\/h3>\n\n\n\n<p>Trzeci\u0105 opcj\u0105 jest <a href=\"https:\/\/www.effe3ti.com\/pl\/produkt\/automatyczna-prasa-do-belowania-jumboloadballer\/\">JumboLoadBaler<\/a>. Model ten wyr\u00f3\u017cnia si\u0119 wysok\u0105 wydajno\u015bci\u0105 godzinow\u0105, elastyczn\u0105 konfiguracj\u0105 oraz mo\u017cliwo\u015bci\u0105 bezpiecznego i profesjonalnego przetwarzania tektury, ale tak\u017ce folii, pustych butelek PET, puszek i oktabin.<\/p>\n\n\n\n<p>Bele produkowane przez JumboLoadBaler wa\u017c\u0105 oko\u0142o 400 kg. Maszyna mo\u017ce produkowa\u0107 dwie bele na godzin\u0119 (czyli 800 kg na godzin\u0119).<\/p>\n\n\n\n<figure class=\"wp-block-image size-large\"><img decoding=\"async\" width=\"1024\" height=\"683\" src=\"https:\/\/www.effe3ti.com\/wp-content\/uploads\/2023\/11\/Jumboloadbaler-2-1-1024x683.jpg\" alt=\"\" class=\"wp-image-23230\" srcset=\"https:\/\/www.effe3ti.com\/wp-content\/uploads\/2023\/11\/Jumboloadbaler-2-1-1024x683.jpg 1024w, https:\/\/www.effe3ti.com\/wp-content\/uploads\/2023\/11\/Jumboloadbaler-2-1-300x200.jpg 300w, https:\/\/www.effe3ti.com\/wp-content\/uploads\/2023\/11\/Jumboloadbaler-2-1-768x512.jpg 768w, https:\/\/www.effe3ti.com\/wp-content\/uploads\/2023\/11\/Jumboloadbaler-2-1-1536x1025.jpg 1536w, https:\/\/www.effe3ti.com\/wp-content\/uploads\/2023\/11\/Jumboloadbaler-2-1-18x12.jpg 18w, https:\/\/www.effe3ti.com\/wp-content\/uploads\/2023\/11\/Jumboloadbaler-2-1-600x400.jpg 600w, https:\/\/www.effe3ti.com\/wp-content\/uploads\/2023\/11\/Jumboloadbaler-2-1.jpg 2000w\" sizes=\"(max-width: 1024px) 100vw, 1024px\" \/><\/figure>\n\n\n\n<p>W\u015br\u00f3d innych cech technicznych warto wymieni\u0107:<\/p>\n\n\n\n<ul class=\"wp-block-list\">\n<li>kompaktowa konstrukcja, kt\u00f3ra umo\u017cliwia monta\u017c nawet w ma\u0142ych przestrzeniach i bezpo\u015brednio w miejscu u\u017cytkowania;<\/li>\n\n\n\n<li>du\u017cy otw\u00f3r podaj\u0105cy (2250 x 1085 x 1700 mm);<\/li>\n\n\n\n<li>R\u00f3\u017cnorodno\u015b\u0107 sposob\u00f3w podawania: mo\u017cna wybiera\u0107 mi\u0119dzy r\u0119cznym za\u0142adunkiem z pod\u0142ogi lub z g\u00f3ry, za pomoc\u0105 podno\u015bnika i wywrotki, przeno\u015bnika ta\u015bmowego, w\u00f3zka wid\u0142owego lub mocowania \u015bciennego.<\/li>\n<\/ul>\n\n\n\n<p>JumboLoadBaler to idealny wyb\u00f3r dla przedsi\u0119biorstw, kt\u00f3re potrzebuj\u0105 solidnego, ci\u0105g\u0142ego i elastycznego zag\u0119szczania nawet trudnych lub du\u017cych materia\u0142\u00f3w.<\/p>\n\n\n\n<h3 class=\"wp-block-heading\">Jak\u0105 zag\u0119szczark\u0119 do papieru powinienem wybra\u0107?<\/h3>\n\n\n\n<p>Wyb\u00f3r odpowiedniej zag\u0119szczarki do papieru jest bardzo wa\u017cn\u0105 decyzj\u0105, poniewa\u017c, jak ju\u017c widzieli\u015bmy, ma ona bezpo\u015bredni wp\u0142yw na wydajno\u015b\u0107 operacyjn\u0105 i koszty zarz\u0105dzania, a tak\u017ce mo\u017cliwo\u015b\u0107 bezpo\u015bredniej sprzeda\u017cy bel.<\/p>\n\n\n\n<p>Modele AutoLoadBaler, BaleTainer i JumboLoadBaler to trzy zaawansowane rozwi\u0105zania, z kt\u00f3rych ka\u017cde zosta\u0142o zaprojektowane specjalnie z my\u015bl\u0105 o potrzebach firm obs\u0142uguj\u0105cych du\u017ce wolumeny:<\/p>\n\n\n\n<ul class=\"wp-block-list\">\n<li>AutoLoadBaler idealnie sprawdza si\u0119 w dynamicznych kontekstach, takich jak handel detaliczny na du\u017c\u0105 skal\u0119, logistyka i magazyny;<\/li>\n\n\n\n<li>BaleTainer skierowany jest do przedsi\u0119biorstw przemys\u0142owych, kt\u00f3re potrzebuj\u0105 w pe\u0142ni zautomatyzowanego systemu, kt\u00f3ry mo\u017cna zintegrowa\u0107 z procesami produkcyjnymi 24 godziny na dob\u0119;<\/li>\n\n\n\n<li>JumboLoadBaler to wydajna i wszechstronna maszyna, zaprojektowana do pakowania materia\u0142\u00f3w du\u017cych i trudnych w obs\u0142udze, nie tylko papieru i tektury.<\/li>\n<\/ul>\n\n\n\n<p>Zalety tych maszyn s\u0105 naprawd\u0119 liczne. Porz\u0105dek, czysto\u015b\u0107, bezpiecze\u0144stwo w miejscu pracy, kr\u00f3tsze trasy, brak czekania, oszcz\u0119dno\u015b\u0107 energii i wymierne korzy\u015bci finansowe: dzi\u0119ki rozwi\u0105zaniom Effe3Ti utylizacja odpad\u00f3w staje si\u0119 nowoczesnym, p\u0142ynnym i op\u0142acalnym procesem.<\/p>","protected":false},"excerpt":{"rendered":"<p>Un compattatore per carta risponde a un\u2019esigenze molto concreta, nonch\u00e9 sempre pi\u00f9 sentita: gestire grandi quantit\u00e0 di rifiuti cartacei ogni giorno, soprattutto in settori come la logistica, il retail, la GDO e la produzione industriale. Ma ancora di pi\u00f9, permette di trasformare una normale attivit\u00e0 di gestione dei rifiuti in un\u2019opportunit\u00e0 commerciale, vendendo direttamente le [&hellip;]<\/p>\n","protected":false},"author":1,"featured_media":23233,"comment_status":"closed","ping_status":"closed","sticky":false,"template":"","format":"standard","meta":{"footnotes":""},"categories":[42],"tags":[],"class_list":["post-23191","post","type-post","status-publish","format-standard","has-post-thumbnail","hentry","category-news-approfondimenti"],"yoast_head":"<!-- This site is optimized with the Yoast SEO plugin v27.5 - https:\/\/yoast.com\/product\/yoast-seo-wordpress\/ -->\n<title>Compattatore per carta e cartone, quale scegliere per grandi volumi aziendali - Effe3ti<\/title>\n<meta name=\"description\" content=\"Un compattatore per carta \u00e8 pi\u00f9 di uno strumento per gestire i rifiuti: \u00e8 un\u2019opportunit\u00e0 per aumentare la redditivit\u00e0 dell\u2019azienda.\" \/>\n<meta name=\"robots\" content=\"index, follow, max-snippet:-1, max-image-preview:large, max-video-preview:-1\" \/>\n<link rel=\"canonical\" href=\"https:\/\/www.effe3ti.com\/pl\/ktora-prase-do-papieru-wybrac-do-duzych-wolumenow-biznesowych\/\" \/>\n<meta property=\"og:locale\" content=\"pl_PL\" \/>\n<meta property=\"og:type\" content=\"article\" \/>\n<meta property=\"og:title\" content=\"Compattatore per carta e cartone, quale scegliere per grandi volumi aziendali - Effe3ti\" \/>\n<meta property=\"og:description\" content=\"Un compattatore per carta \u00e8 pi\u00f9 di uno strumento per gestire i rifiuti: \u00e8 un\u2019opportunit\u00e0 per aumentare la redditivit\u00e0 dell\u2019azienda.\" \/>\n<meta property=\"og:url\" content=\"https:\/\/www.effe3ti.com\/pl\/ktora-prase-do-papieru-wybrac-do-duzych-wolumenow-biznesowych\/\" \/>\n<meta property=\"og:site_name\" content=\"Effe3ti\" \/>\n<meta property=\"article:publisher\" content=\"https:\/\/www.facebook.com\/effe3ti.packaging\" \/>\n<meta property=\"article:published_time\" content=\"2025-06-27T10:06:54+00:00\" \/>\n<meta property=\"article:modified_time\" content=\"2025-12-01T10:12:35+00:00\" \/>\n<meta property=\"og:image\" content=\"https:\/\/www.effe3ti.com\/wp-content\/uploads\/2023\/11\/Jumboloadbaler-4.jpg\" \/>\n\t<meta property=\"og:image:width\" content=\"2000\" \/>\n\t<meta property=\"og:image:height\" content=\"1334\" \/>\n\t<meta property=\"og:image:type\" content=\"image\/jpeg\" \/>\n<meta name=\"author\" content=\"admin\" \/>\n<meta name=\"twitter:card\" content=\"summary_large_image\" \/>\n<meta name=\"twitter:label1\" content=\"Napisane przez\" \/>\n\t<meta name=\"twitter:data1\" content=\"admin\" \/>\n\t<meta name=\"twitter:label2\" content=\"Szacowany czas czytania\" \/>\n\t<meta name=\"twitter:data2\" content=\"7 minut\" \/>\n<script type=\"application\/ld+json\" class=\"yoast-schema-graph\">{\"@context\":\"https:\\\/\\\/schema.org\",\"@graph\":[{\"@type\":\"Article\",\"@id\":\"https:\\\/\\\/www.effe3ti.com\\\/compattatore-per-carta-quale-scegliere-per-grandi-volumi-aziendali\\\/#article\",\"isPartOf\":{\"@id\":\"https:\\\/\\\/www.effe3ti.com\\\/compattatore-per-carta-quale-scegliere-per-grandi-volumi-aziendali\\\/\"},\"author\":{\"name\":\"admin\",\"@id\":\"https:\\\/\\\/www.effe3ti.com\\\/#\\\/schema\\\/person\\\/6cef6f087618c649ebbf63a4ea46e0d6\"},\"headline\":\"Compattatore per carta e cartone, quale scegliere per grandi volumi aziendali\",\"datePublished\":\"2025-06-27T10:06:54+00:00\",\"dateModified\":\"2025-12-01T10:12:35+00:00\",\"mainEntityOfPage\":{\"@id\":\"https:\\\/\\\/www.effe3ti.com\\\/compattatore-per-carta-quale-scegliere-per-grandi-volumi-aziendali\\\/\"},\"wordCount\":981,\"publisher\":{\"@id\":\"https:\\\/\\\/www.effe3ti.com\\\/#organization\"},\"image\":{\"@id\":\"https:\\\/\\\/www.effe3ti.com\\\/compattatore-per-carta-quale-scegliere-per-grandi-volumi-aziendali\\\/#primaryimage\"},\"thumbnailUrl\":\"https:\\\/\\\/www.effe3ti.com\\\/wp-content\\\/uploads\\\/2023\\\/11\\\/Jumboloadbaler-4.jpg\",\"articleSection\":[\"Approfondimenti\"],\"inLanguage\":\"pl-PL\"},{\"@type\":\"WebPage\",\"@id\":\"https:\\\/\\\/www.effe3ti.com\\\/compattatore-per-carta-quale-scegliere-per-grandi-volumi-aziendali\\\/\",\"url\":\"https:\\\/\\\/www.effe3ti.com\\\/compattatore-per-carta-quale-scegliere-per-grandi-volumi-aziendali\\\/\",\"name\":\"Compattatore per carta e cartone, quale scegliere per grandi volumi aziendali - Effe3ti\",\"isPartOf\":{\"@id\":\"https:\\\/\\\/www.effe3ti.com\\\/#website\"},\"primaryImageOfPage\":{\"@id\":\"https:\\\/\\\/www.effe3ti.com\\\/compattatore-per-carta-quale-scegliere-per-grandi-volumi-aziendali\\\/#primaryimage\"},\"image\":{\"@id\":\"https:\\\/\\\/www.effe3ti.com\\\/compattatore-per-carta-quale-scegliere-per-grandi-volumi-aziendali\\\/#primaryimage\"},\"thumbnailUrl\":\"https:\\\/\\\/www.effe3ti.com\\\/wp-content\\\/uploads\\\/2023\\\/11\\\/Jumboloadbaler-4.jpg\",\"datePublished\":\"2025-06-27T10:06:54+00:00\",\"dateModified\":\"2025-12-01T10:12:35+00:00\",\"description\":\"Un compattatore per carta \u00e8 pi\u00f9 di uno strumento per gestire i rifiuti: \u00e8 un\u2019opportunit\u00e0 per aumentare la redditivit\u00e0 dell\u2019azienda.\",\"breadcrumb\":{\"@id\":\"https:\\\/\\\/www.effe3ti.com\\\/compattatore-per-carta-quale-scegliere-per-grandi-volumi-aziendali\\\/#breadcrumb\"},\"inLanguage\":\"pl-PL\",\"potentialAction\":[{\"@type\":\"ReadAction\",\"target\":[\"https:\\\/\\\/www.effe3ti.com\\\/compattatore-per-carta-quale-scegliere-per-grandi-volumi-aziendali\\\/\"]}]},{\"@type\":\"ImageObject\",\"inLanguage\":\"pl-PL\",\"@id\":\"https:\\\/\\\/www.effe3ti.com\\\/compattatore-per-carta-quale-scegliere-per-grandi-volumi-aziendali\\\/#primaryimage\",\"url\":\"https:\\\/\\\/www.effe3ti.com\\\/wp-content\\\/uploads\\\/2023\\\/11\\\/Jumboloadbaler-4.jpg\",\"contentUrl\":\"https:\\\/\\\/www.effe3ti.com\\\/wp-content\\\/uploads\\\/2023\\\/11\\\/Jumboloadbaler-4.jpg\",\"width\":2000,\"height\":1334,\"caption\":\"presse\"},{\"@type\":\"BreadcrumbList\",\"@id\":\"https:\\\/\\\/www.effe3ti.com\\\/compattatore-per-carta-quale-scegliere-per-grandi-volumi-aziendali\\\/#breadcrumb\",\"itemListElement\":[{\"@type\":\"ListItem\",\"position\":1,\"name\":\"Home\",\"item\":\"https:\\\/\\\/www.effe3ti.com\\\/\"},{\"@type\":\"ListItem\",\"position\":2,\"name\":\"Compattatore per carta e cartone, quale scegliere per grandi volumi aziendali\"}]},{\"@type\":\"WebSite\",\"@id\":\"https:\\\/\\\/www.effe3ti.com\\\/#website\",\"url\":\"https:\\\/\\\/www.effe3ti.com\\\/\",\"name\":\"Effe3ti\",\"description\":\"Packaging Technologies\",\"publisher\":{\"@id\":\"https:\\\/\\\/www.effe3ti.com\\\/#organization\"},\"potentialAction\":[{\"@type\":\"SearchAction\",\"target\":{\"@type\":\"EntryPoint\",\"urlTemplate\":\"https:\\\/\\\/www.effe3ti.com\\\/?s={search_term_string}\"},\"query-input\":{\"@type\":\"PropertyValueSpecification\",\"valueRequired\":true,\"valueName\":\"search_term_string\"}}],\"inLanguage\":\"pl-PL\"},{\"@type\":\"Organization\",\"@id\":\"https:\\\/\\\/www.effe3ti.com\\\/#organization\",\"name\":\"Effe3ti\",\"alternateName\":\"f3t\",\"url\":\"https:\\\/\\\/www.effe3ti.com\\\/\",\"logo\":{\"@type\":\"ImageObject\",\"inLanguage\":\"pl-PL\",\"@id\":\"https:\\\/\\\/www.effe3ti.com\\\/#\\\/schema\\\/logo\\\/image\\\/\",\"url\":\"https:\\\/\\\/www.effe3ti.com\\\/wp-content\\\/uploads\\\/2021\\\/04\\\/Effe3ti_logo-350.gif\",\"contentUrl\":\"https:\\\/\\\/www.effe3ti.com\\\/wp-content\\\/uploads\\\/2021\\\/04\\\/Effe3ti_logo-350.gif\",\"width\":350,\"height\":128,\"caption\":\"Effe3ti\"},\"image\":{\"@id\":\"https:\\\/\\\/www.effe3ti.com\\\/#\\\/schema\\\/logo\\\/image\\\/\"},\"sameAs\":[\"https:\\\/\\\/www.facebook.com\\\/effe3ti.packaging\",\"https:\\\/\\\/www.instagram.com\\\/EFFE3TI\\\/\",\"https:\\\/\\\/www.linkedin.com\\\/company\\\/effe3ti-srl\",\"https:\\\/\\\/www.youtube.com\\\/effe3ti\"]},{\"@type\":\"Person\",\"@id\":\"https:\\\/\\\/www.effe3ti.com\\\/#\\\/schema\\\/person\\\/6cef6f087618c649ebbf63a4ea46e0d6\",\"name\":\"admin\",\"image\":{\"@type\":\"ImageObject\",\"inLanguage\":\"pl-PL\",\"@id\":\"https:\\\/\\\/secure.gravatar.com\\\/avatar\\\/b253dd15467b2329f0e140e2e96d7a7963ee736a560580d3f5e9ae1015d2b5fd?s=96&d=mm&r=g\",\"url\":\"https:\\\/\\\/secure.gravatar.com\\\/avatar\\\/b253dd15467b2329f0e140e2e96d7a7963ee736a560580d3f5e9ae1015d2b5fd?s=96&d=mm&r=g\",\"contentUrl\":\"https:\\\/\\\/secure.gravatar.com\\\/avatar\\\/b253dd15467b2329f0e140e2e96d7a7963ee736a560580d3f5e9ae1015d2b5fd?s=96&d=mm&r=g\",\"caption\":\"admin\"}}]}<\/script>\n<!-- \/ Yoast SEO plugin. -->","yoast_head_json":{"title":"Prasa do papieru i tektury: jak\u0105 wybra\u0107 do du\u017cych wolumen\u00f3w biznesowych - Effe3ti","description":"Zgniatarka do papieru to co\u015b wi\u0119cej ni\u017c tylko narz\u0119dzie do gospodarowania odpadami: to szansa na zwi\u0119kszenie rentowno\u015bci Twojej firmy.","robots":{"index":"index","follow":"follow","max-snippet":"max-snippet:-1","max-image-preview":"max-image-preview:large","max-video-preview":"max-video-preview:-1"},"canonical":"https:\/\/www.effe3ti.com\/pl\/ktora-prase-do-papieru-wybrac-do-duzych-wolumenow-biznesowych\/","og_locale":"pl_PL","og_type":"article","og_title":"Compattatore per carta e cartone, quale scegliere per grandi volumi aziendali - Effe3ti","og_description":"Un compattatore per carta \u00e8 pi\u00f9 di uno strumento per gestire i rifiuti: \u00e8 un\u2019opportunit\u00e0 per aumentare la redditivit\u00e0 dell\u2019azienda.","og_url":"https:\/\/www.effe3ti.com\/pl\/ktora-prase-do-papieru-wybrac-do-duzych-wolumenow-biznesowych\/","og_site_name":"Effe3ti","article_publisher":"https:\/\/www.facebook.com\/effe3ti.packaging","article_published_time":"2025-06-27T10:06:54+00:00","article_modified_time":"2025-12-01T10:12:35+00:00","og_image":[{"width":2000,"height":1334,"url":"https:\/\/www.effe3ti.com\/wp-content\/uploads\/2023\/11\/Jumboloadbaler-4.jpg","type":"image\/jpeg"}],"author":"admin","twitter_card":"summary_large_image","twitter_misc":{"Napisane przez":"admin","Szacowany czas czytania":"7 minut"},"schema":{"@context":"https:\/\/schema.org","@graph":[{"@type":"Article","@id":"https:\/\/www.effe3ti.com\/compattatore-per-carta-quale-scegliere-per-grandi-volumi-aziendali\/#article","isPartOf":{"@id":"https:\/\/www.effe3ti.com\/compattatore-per-carta-quale-scegliere-per-grandi-volumi-aziendali\/"},"author":{"name":"admin","@id":"https:\/\/www.effe3ti.com\/#\/schema\/person\/6cef6f087618c649ebbf63a4ea46e0d6"},"headline":"Compattatore per carta e cartone, quale scegliere per grandi volumi aziendali","datePublished":"2025-06-27T10:06:54+00:00","dateModified":"2025-12-01T10:12:35+00:00","mainEntityOfPage":{"@id":"https:\/\/www.effe3ti.com\/compattatore-per-carta-quale-scegliere-per-grandi-volumi-aziendali\/"},"wordCount":981,"publisher":{"@id":"https:\/\/www.effe3ti.com\/#organization"},"image":{"@id":"https:\/\/www.effe3ti.com\/compattatore-per-carta-quale-scegliere-per-grandi-volumi-aziendali\/#primaryimage"},"thumbnailUrl":"https:\/\/www.effe3ti.com\/wp-content\/uploads\/2023\/11\/Jumboloadbaler-4.jpg","articleSection":["Approfondimenti"],"inLanguage":"pl-PL"},{"@type":"WebPage","@id":"https:\/\/www.effe3ti.com\/compattatore-per-carta-quale-scegliere-per-grandi-volumi-aziendali\/","url":"https:\/\/www.effe3ti.com\/compattatore-per-carta-quale-scegliere-per-grandi-volumi-aziendali\/","name":"Prasa do papieru i tektury: jak\u0105 wybra\u0107 do du\u017cych wolumen\u00f3w biznesowych - Effe3ti","isPartOf":{"@id":"https:\/\/www.effe3ti.com\/#website"},"primaryImageOfPage":{"@id":"https:\/\/www.effe3ti.com\/compattatore-per-carta-quale-scegliere-per-grandi-volumi-aziendali\/#primaryimage"},"image":{"@id":"https:\/\/www.effe3ti.com\/compattatore-per-carta-quale-scegliere-per-grandi-volumi-aziendali\/#primaryimage"},"thumbnailUrl":"https:\/\/www.effe3ti.com\/wp-content\/uploads\/2023\/11\/Jumboloadbaler-4.jpg","datePublished":"2025-06-27T10:06:54+00:00","dateModified":"2025-12-01T10:12:35+00:00","description":"Zgniatarka do papieru to co\u015b wi\u0119cej ni\u017c tylko narz\u0119dzie do gospodarowania odpadami: to szansa na zwi\u0119kszenie rentowno\u015bci Twojej firmy.","breadcrumb":{"@id":"https:\/\/www.effe3ti.com\/compattatore-per-carta-quale-scegliere-per-grandi-volumi-aziendali\/#breadcrumb"},"inLanguage":"pl-PL","potentialAction":[{"@type":"ReadAction","target":["https:\/\/www.effe3ti.com\/compattatore-per-carta-quale-scegliere-per-grandi-volumi-aziendali\/"]}]},{"@type":"ImageObject","inLanguage":"pl-PL","@id":"https:\/\/www.effe3ti.com\/compattatore-per-carta-quale-scegliere-per-grandi-volumi-aziendali\/#primaryimage","url":"https:\/\/www.effe3ti.com\/wp-content\/uploads\/2023\/11\/Jumboloadbaler-4.jpg","contentUrl":"https:\/\/www.effe3ti.com\/wp-content\/uploads\/2023\/11\/Jumboloadbaler-4.jpg","width":2000,"height":1334,"caption":"presse"},{"@type":"BreadcrumbList","@id":"https:\/\/www.effe3ti.com\/compattatore-per-carta-quale-scegliere-per-grandi-volumi-aziendali\/#breadcrumb","itemListElement":[{"@type":"ListItem","position":1,"name":"Home","item":"https:\/\/www.effe3ti.com\/"},{"@type":"ListItem","position":2,"name":"Compattatore per carta e cartone, quale scegliere per grandi volumi aziendali"}]},{"@type":"WebSite","@id":"https:\/\/www.effe3ti.com\/#website","url":"https:\/\/www.effe3ti.com\/","name":"Efektywny","description":"Technologie pakowania","publisher":{"@id":"https:\/\/www.effe3ti.com\/#organization"},"potentialAction":[{"@type":"SearchAction","target":{"@type":"EntryPoint","urlTemplate":"https:\/\/www.effe3ti.com\/?s={search_term_string}"},"query-input":{"@type":"PropertyValueSpecification","valueRequired":true,"valueName":"search_term_string"}}],"inLanguage":"pl-PL"},{"@type":"Organization","@id":"https:\/\/www.effe3ti.com\/#organization","name":"Efektywny","alternateName":"f3t","url":"https:\/\/www.effe3ti.com\/","logo":{"@type":"ImageObject","inLanguage":"pl-PL","@id":"https:\/\/www.effe3ti.com\/#\/schema\/logo\/image\/","url":"https:\/\/www.effe3ti.com\/wp-content\/uploads\/2021\/04\/Effe3ti_logo-350.gif","contentUrl":"https:\/\/www.effe3ti.com\/wp-content\/uploads\/2021\/04\/Effe3ti_logo-350.gif","width":350,"height":128,"caption":"Effe3ti"},"image":{"@id":"https:\/\/www.effe3ti.com\/#\/schema\/logo\/image\/"},"sameAs":["https:\/\/www.facebook.com\/effe3ti.packaging","https:\/\/www.instagram.com\/EFFE3TI\/","https:\/\/www.linkedin.com\/company\/effe3ti-srl","https:\/\/www.youtube.com\/effe3ti"]},{"@type":"Person","@id":"https:\/\/www.effe3ti.com\/#\/schema\/person\/6cef6f087618c649ebbf63a4ea46e0d6","name":"administracja","image":{"@type":"ImageObject","inLanguage":"pl-PL","@id":"https:\/\/secure.gravatar.com\/avatar\/b253dd15467b2329f0e140e2e96d7a7963ee736a560580d3f5e9ae1015d2b5fd?s=96&d=mm&r=g","url":"https:\/\/secure.gravatar.com\/avatar\/b253dd15467b2329f0e140e2e96d7a7963ee736a560580d3f5e9ae1015d2b5fd?s=96&d=mm&r=g","contentUrl":"https:\/\/secure.gravatar.com\/avatar\/b253dd15467b2329f0e140e2e96d7a7963ee736a560580d3f5e9ae1015d2b5fd?s=96&d=mm&r=g","caption":"admin"}}]}},"_links":{"self":[{"href":"https:\/\/www.effe3ti.com\/pl\/wp-json\/wp\/v2\/posts\/23191","targetHints":{"allow":["GET"]}}],"collection":[{"href":"https:\/\/www.effe3ti.com\/pl\/wp-json\/wp\/v2\/posts"}],"about":[{"href":"https:\/\/www.effe3ti.com\/pl\/wp-json\/wp\/v2\/types\/post"}],"author":[{"embeddable":true,"href":"https:\/\/www.effe3ti.com\/pl\/wp-json\/wp\/v2\/users\/1"}],"replies":[{"embeddable":true,"href":"https:\/\/www.effe3ti.com\/pl\/wp-json\/wp\/v2\/comments?post=23191"}],"version-history":[{"count":3,"href":"https:\/\/www.effe3ti.com\/pl\/wp-json\/wp\/v2\/posts\/23191\/revisions"}],"predecessor-version":[{"id":23994,"href":"https:\/\/www.effe3ti.com\/pl\/wp-json\/wp\/v2\/posts\/23191\/revisions\/23994"}],"wp:featuredmedia":[{"embeddable":true,"href":"https:\/\/www.effe3ti.com\/pl\/wp-json\/wp\/v2\/media\/23233"}],"wp:attachment":[{"href":"https:\/\/www.effe3ti.com\/pl\/wp-json\/wp\/v2\/media?parent=23191"}],"wp:term":[{"taxonomy":"category","embeddable":true,"href":"https:\/\/www.effe3ti.com\/pl\/wp-json\/wp\/v2\/categories?post=23191"},{"taxonomy":"post_tag","embeddable":true,"href":"https:\/\/www.effe3ti.com\/pl\/wp-json\/wp\/v2\/tags?post=23191"}],"curies":[{"name":"wp","href":"https:\/\/api.w.org\/{rel}","templated":true}]}}