{"id":630,"date":"2019-07-04T09:37:00","date_gmt":"2019-07-04T09:37:00","guid":{"rendered":"https:\/\/vps-de1b14d9.vps.ovh.net\/effe3ti\/?p=630"},"modified":"2025-04-17T08:29:22","modified_gmt":"2025-04-17T08:29:22","slug":"effe3ti-i-technologie-srodowiskowe","status":"publish","type":"post","link":"https:\/\/www.effe3ti.com\/pl\/effe3ti-e-le-tecnologie-ambientali\/","title":{"rendered":"EFFE3ti i technologie dla \u015brodowiska"},"content":{"rendered":"<h2 class=\"wp-block-heading\">Odpady, zasoby wodne i energia \u2013 szanse dla w\u0142oskiej zielonej gospodarki<\/h2>\n\n\n\n<p>We W\u0142oszech znaczna cz\u0119\u015b\u0107 infrastruktury s\u0142u\u017c\u0105cej do sk\u0142adowania i usuwania odpad\u00f3w miejskich oraz zintegrowanego zarz\u0105dzania cyklem wodnym jest przestarza\u0142a. W\u0142osko-Niemiecka Izba Handlowa zamierza wspiera\u0107 podmioty publiczne i prywatne w wyborze najlepszych rozwi\u0105za\u0144 technicznych, aby kraj m\u00f3g\u0142 sprosta\u0107 zobowi\u0105zaniom europejskim i wdro\u017cy\u0107 koncepcj\u0119 gospodarki o obiegu zamkni\u0119tym.<\/p>\n\n\n\n<p>Wyzwaniem stoj\u0105cym przed Uni\u0105 Europejsk\u0105 jest ograniczenie ilo\u015bci odpad\u00f3w i rozpocz\u0119cie pozytywnego cyklu recyklingu i ponownego wykorzystywania cennych surowc\u00f3w. Pa\u0144stwa cz\u0142onkowskie postawi\u0142y sobie za cel osi\u0105gni\u0119cie do 2020 r. \u015bredniej europejskiej recyklingu na poziomie 45%.<\/p>\n\n\n\n<p><strong>EFFE3ti jest osob\u0105 kontaktow\u0105 we W\u0142oszech <a href=\"https:\/\/www.effe3ti.com\/pl\/logistyka-zageszczarek\/\">Strautmann<\/a>, wiod\u0105ca firma w produkcji system\u00f3w do recyklingu plastiku, aluminium, papieru, tektury, polistyrenu itp.<\/strong><\/p>","protected":false},"excerpt":{"rendered":"<p>Rifiuti, risorse idriche ed energia \u2013 le opportunit\u00e0 per la green economy italiana In Italia buona parte delle infrastrutture per lo stoccaggio e lo smaltimento dei rifiuti urbani e per la gestione integrata del ciclo idrico \u00e8 obsoleta. La Camera di Commercio Italo-Germanica intende supportare gli operatori pubblici e privati nella selezione delle migliori soluzioni [&hellip;]<\/p>\n","protected":false},"author":1,"featured_media":632,"comment_status":"closed","ping_status":"closed","sticky":false,"template":"","format":"standard","meta":{"footnotes":""},"categories":[42],"tags":[],"class_list":["post-630","post","type-post","status-publish","format-standard","has-post-thumbnail","hentry","category-news-approfondimenti"],"yoast_head":"<!-- This site is optimized with the Yoast SEO plugin v27.4 - https:\/\/yoast.com\/product\/yoast-seo-wordpress\/ -->\n<title>EFFE3ti e le tecnologie per l&#039;ambiente - Effe3ti<\/title>\n<meta name=\"description\" content=\"EFFE3ti per l&#039;ambiente. Siamo il referente per l\u2019Italia di Strautmann, azienda leader nella produzione di sistemi per il riciclo\" \/>\n<meta name=\"robots\" content=\"index, follow, max-snippet:-1, max-image-preview:large, max-video-preview:-1\" \/>\n<link rel=\"canonical\" href=\"https:\/\/www.effe3ti.com\/pl\/effe3ti-i-technologie-srodowiskowe\/\" \/>\n<meta property=\"og:locale\" content=\"pl_PL\" \/>\n<meta property=\"og:type\" content=\"article\" \/>\n<meta property=\"og:title\" content=\"EFFE3ti e le tecnologie per l&#039;ambiente - Effe3ti\" \/>\n<meta property=\"og:description\" content=\"EFFE3ti per l&#039;ambiente. Siamo il referente per l\u2019Italia di Strautmann, azienda leader nella produzione di sistemi per il riciclo\" \/>\n<meta property=\"og:url\" content=\"https:\/\/www.effe3ti.com\/pl\/effe3ti-i-technologie-srodowiskowe\/\" \/>\n<meta property=\"og:site_name\" content=\"Effe3ti\" \/>\n<meta property=\"article:publisher\" content=\"https:\/\/www.facebook.com\/effe3ti.packaging\" \/>\n<meta property=\"article:published_time\" content=\"2019-07-04T09:37:00+00:00\" \/>\n<meta property=\"article:modified_time\" content=\"2025-04-17T08:29:22+00:00\" \/>\n<meta property=\"og:image\" content=\"https:\/\/www.effe3ti.com\/wp-content\/uploads\/2021\/04\/TecnologieAmbientali.jpg\" \/>\n\t<meta property=\"og:image:width\" content=\"1600\" \/>\n\t<meta property=\"og:image:height\" content=\"900\" \/>\n\t<meta property=\"og:image:type\" content=\"image\/jpeg\" \/>\n<meta name=\"author\" content=\"admin\" \/>\n<meta name=\"twitter:card\" content=\"summary_large_image\" \/>\n<meta name=\"twitter:label1\" content=\"Napisane przez\" \/>\n\t<meta name=\"twitter:data1\" content=\"admin\" \/>\n\t<meta name=\"twitter:label2\" content=\"Szacowany czas czytania\" \/>\n\t<meta name=\"twitter:data2\" content=\"1 minuta\" \/>\n<script type=\"application\/ld+json\" class=\"yoast-schema-graph\">{\"@context\":\"https:\\\/\\\/schema.org\",\"@graph\":[{\"@type\":\"Article\",\"@id\":\"https:\\\/\\\/www.effe3ti.com\\\/effe3ti-e-le-tecnologie-ambientali\\\/#article\",\"isPartOf\":{\"@id\":\"https:\\\/\\\/www.effe3ti.com\\\/effe3ti-e-le-tecnologie-ambientali\\\/\"},\"author\":{\"name\":\"admin\",\"@id\":\"https:\\\/\\\/www.effe3ti.com\\\/#\\\/schema\\\/person\\\/6cef6f087618c649ebbf63a4ea46e0d6\"},\"headline\":\"EFFE3ti e le tecnologie per l&#8217;ambiente\",\"datePublished\":\"2019-07-04T09:37:00+00:00\",\"dateModified\":\"2025-04-17T08:29:22+00:00\",\"mainEntityOfPage\":{\"@id\":\"https:\\\/\\\/www.effe3ti.com\\\/effe3ti-e-le-tecnologie-ambientali\\\/\"},\"wordCount\":144,\"publisher\":{\"@id\":\"https:\\\/\\\/www.effe3ti.com\\\/#organization\"},\"image\":{\"@id\":\"https:\\\/\\\/www.effe3ti.com\\\/effe3ti-e-le-tecnologie-ambientali\\\/#primaryimage\"},\"thumbnailUrl\":\"https:\\\/\\\/www.effe3ti.com\\\/wp-content\\\/uploads\\\/2021\\\/04\\\/TecnologieAmbientali.jpg\",\"articleSection\":[\"Approfondimenti\"],\"inLanguage\":\"pl-PL\"},{\"@type\":\"WebPage\",\"@id\":\"https:\\\/\\\/www.effe3ti.com\\\/effe3ti-e-le-tecnologie-ambientali\\\/\",\"url\":\"https:\\\/\\\/www.effe3ti.com\\\/effe3ti-e-le-tecnologie-ambientali\\\/\",\"name\":\"EFFE3ti e le tecnologie per l'ambiente - Effe3ti\",\"isPartOf\":{\"@id\":\"https:\\\/\\\/www.effe3ti.com\\\/#website\"},\"primaryImageOfPage\":{\"@id\":\"https:\\\/\\\/www.effe3ti.com\\\/effe3ti-e-le-tecnologie-ambientali\\\/#primaryimage\"},\"image\":{\"@id\":\"https:\\\/\\\/www.effe3ti.com\\\/effe3ti-e-le-tecnologie-ambientali\\\/#primaryimage\"},\"thumbnailUrl\":\"https:\\\/\\\/www.effe3ti.com\\\/wp-content\\\/uploads\\\/2021\\\/04\\\/TecnologieAmbientali.jpg\",\"datePublished\":\"2019-07-04T09:37:00+00:00\",\"dateModified\":\"2025-04-17T08:29:22+00:00\",\"description\":\"EFFE3ti per l'ambiente. Siamo il referente per l\u2019Italia di Strautmann, azienda leader nella produzione di sistemi per il riciclo\",\"breadcrumb\":{\"@id\":\"https:\\\/\\\/www.effe3ti.com\\\/effe3ti-e-le-tecnologie-ambientali\\\/#breadcrumb\"},\"inLanguage\":\"pl-PL\",\"potentialAction\":[{\"@type\":\"ReadAction\",\"target\":[\"https:\\\/\\\/www.effe3ti.com\\\/effe3ti-e-le-tecnologie-ambientali\\\/\"]}]},{\"@type\":\"ImageObject\",\"inLanguage\":\"pl-PL\",\"@id\":\"https:\\\/\\\/www.effe3ti.com\\\/effe3ti-e-le-tecnologie-ambientali\\\/#primaryimage\",\"url\":\"https:\\\/\\\/www.effe3ti.com\\\/wp-content\\\/uploads\\\/2021\\\/04\\\/TecnologieAmbientali.jpg\",\"contentUrl\":\"https:\\\/\\\/www.effe3ti.com\\\/wp-content\\\/uploads\\\/2021\\\/04\\\/TecnologieAmbientali.jpg\",\"width\":1600,\"height\":900,\"caption\":\"ambiente\"},{\"@type\":\"BreadcrumbList\",\"@id\":\"https:\\\/\\\/www.effe3ti.com\\\/effe3ti-e-le-tecnologie-ambientali\\\/#breadcrumb\",\"itemListElement\":[{\"@type\":\"ListItem\",\"position\":1,\"name\":\"Home\",\"item\":\"https:\\\/\\\/www.effe3ti.com\\\/\"},{\"@type\":\"ListItem\",\"position\":2,\"name\":\"EFFE3ti e le tecnologie per l&#8217;ambiente\"}]},{\"@type\":\"WebSite\",\"@id\":\"https:\\\/\\\/www.effe3ti.com\\\/#website\",\"url\":\"https:\\\/\\\/www.effe3ti.com\\\/\",\"name\":\"Effe3ti\",\"description\":\"Packaging Technologies\",\"publisher\":{\"@id\":\"https:\\\/\\\/www.effe3ti.com\\\/#organization\"},\"potentialAction\":[{\"@type\":\"SearchAction\",\"target\":{\"@type\":\"EntryPoint\",\"urlTemplate\":\"https:\\\/\\\/www.effe3ti.com\\\/?s={search_term_string}\"},\"query-input\":{\"@type\":\"PropertyValueSpecification\",\"valueRequired\":true,\"valueName\":\"search_term_string\"}}],\"inLanguage\":\"pl-PL\"},{\"@type\":\"Organization\",\"@id\":\"https:\\\/\\\/www.effe3ti.com\\\/#organization\",\"name\":\"Effe3ti\",\"alternateName\":\"f3t\",\"url\":\"https:\\\/\\\/www.effe3ti.com\\\/\",\"logo\":{\"@type\":\"ImageObject\",\"inLanguage\":\"pl-PL\",\"@id\":\"https:\\\/\\\/www.effe3ti.com\\\/#\\\/schema\\\/logo\\\/image\\\/\",\"url\":\"https:\\\/\\\/www.effe3ti.com\\\/wp-content\\\/uploads\\\/2021\\\/04\\\/Effe3ti_logo-350.gif\",\"contentUrl\":\"https:\\\/\\\/www.effe3ti.com\\\/wp-content\\\/uploads\\\/2021\\\/04\\\/Effe3ti_logo-350.gif\",\"width\":350,\"height\":128,\"caption\":\"Effe3ti\"},\"image\":{\"@id\":\"https:\\\/\\\/www.effe3ti.com\\\/#\\\/schema\\\/logo\\\/image\\\/\"},\"sameAs\":[\"https:\\\/\\\/www.facebook.com\\\/effe3ti.packaging\",\"https:\\\/\\\/www.instagram.com\\\/EFFE3TI\\\/\",\"https:\\\/\\\/www.linkedin.com\\\/company\\\/effe3ti-srl\",\"https:\\\/\\\/www.youtube.com\\\/effe3ti\"]},{\"@type\":\"Person\",\"@id\":\"https:\\\/\\\/www.effe3ti.com\\\/#\\\/schema\\\/person\\\/6cef6f087618c649ebbf63a4ea46e0d6\",\"name\":\"admin\",\"image\":{\"@type\":\"ImageObject\",\"inLanguage\":\"pl-PL\",\"@id\":\"https:\\\/\\\/secure.gravatar.com\\\/avatar\\\/b253dd15467b2329f0e140e2e96d7a7963ee736a560580d3f5e9ae1015d2b5fd?s=96&d=mm&r=g\",\"url\":\"https:\\\/\\\/secure.gravatar.com\\\/avatar\\\/b253dd15467b2329f0e140e2e96d7a7963ee736a560580d3f5e9ae1015d2b5fd?s=96&d=mm&r=g\",\"contentUrl\":\"https:\\\/\\\/secure.gravatar.com\\\/avatar\\\/b253dd15467b2329f0e140e2e96d7a7963ee736a560580d3f5e9ae1015d2b5fd?s=96&d=mm&r=g\",\"caption\":\"admin\"}}]}<\/script>\n<!-- \/ Yoast SEO plugin. -->","yoast_head_json":{"title":"EFFE3ti i technologie \u015brodowiskowe - Effe3ti","description":"EFFE3ti dla \u015brodowiska. Jeste\u015bmy w\u0142oskim przedstawicielem firmy Strautmann, wiod\u0105cej firmy w produkcji system\u00f3w recyklingowych","robots":{"index":"index","follow":"follow","max-snippet":"max-snippet:-1","max-image-preview":"max-image-preview:large","max-video-preview":"max-video-preview:-1"},"canonical":"https:\/\/www.effe3ti.com\/pl\/effe3ti-i-technologie-srodowiskowe\/","og_locale":"pl_PL","og_type":"article","og_title":"EFFE3ti e le tecnologie per l'ambiente - Effe3ti","og_description":"EFFE3ti per l'ambiente. Siamo il referente per l\u2019Italia di Strautmann, azienda leader nella produzione di sistemi per il riciclo","og_url":"https:\/\/www.effe3ti.com\/pl\/effe3ti-i-technologie-srodowiskowe\/","og_site_name":"Effe3ti","article_publisher":"https:\/\/www.facebook.com\/effe3ti.packaging","article_published_time":"2019-07-04T09:37:00+00:00","article_modified_time":"2025-04-17T08:29:22+00:00","og_image":[{"width":1600,"height":900,"url":"https:\/\/www.effe3ti.com\/wp-content\/uploads\/2021\/04\/TecnologieAmbientali.jpg","type":"image\/jpeg"}],"author":"admin","twitter_card":"summary_large_image","twitter_misc":{"Napisane przez":"admin","Szacowany czas czytania":"1 minuta"},"schema":{"@context":"https:\/\/schema.org","@graph":[{"@type":"Article","@id":"https:\/\/www.effe3ti.com\/effe3ti-e-le-tecnologie-ambientali\/#article","isPartOf":{"@id":"https:\/\/www.effe3ti.com\/effe3ti-e-le-tecnologie-ambientali\/"},"author":{"name":"admin","@id":"https:\/\/www.effe3ti.com\/#\/schema\/person\/6cef6f087618c649ebbf63a4ea46e0d6"},"headline":"EFFE3ti e le tecnologie per l&#8217;ambiente","datePublished":"2019-07-04T09:37:00+00:00","dateModified":"2025-04-17T08:29:22+00:00","mainEntityOfPage":{"@id":"https:\/\/www.effe3ti.com\/effe3ti-e-le-tecnologie-ambientali\/"},"wordCount":144,"publisher":{"@id":"https:\/\/www.effe3ti.com\/#organization"},"image":{"@id":"https:\/\/www.effe3ti.com\/effe3ti-e-le-tecnologie-ambientali\/#primaryimage"},"thumbnailUrl":"https:\/\/www.effe3ti.com\/wp-content\/uploads\/2021\/04\/TecnologieAmbientali.jpg","articleSection":["Approfondimenti"],"inLanguage":"pl-PL"},{"@type":"WebPage","@id":"https:\/\/www.effe3ti.com\/effe3ti-e-le-tecnologie-ambientali\/","url":"https:\/\/www.effe3ti.com\/effe3ti-e-le-tecnologie-ambientali\/","name":"EFFE3ti i technologie \u015brodowiskowe - Effe3ti","isPartOf":{"@id":"https:\/\/www.effe3ti.com\/#website"},"primaryImageOfPage":{"@id":"https:\/\/www.effe3ti.com\/effe3ti-e-le-tecnologie-ambientali\/#primaryimage"},"image":{"@id":"https:\/\/www.effe3ti.com\/effe3ti-e-le-tecnologie-ambientali\/#primaryimage"},"thumbnailUrl":"https:\/\/www.effe3ti.com\/wp-content\/uploads\/2021\/04\/TecnologieAmbientali.jpg","datePublished":"2019-07-04T09:37:00+00:00","dateModified":"2025-04-17T08:29:22+00:00","description":"EFFE3ti dla \u015brodowiska. Jeste\u015bmy w\u0142oskim przedstawicielem firmy Strautmann, wiod\u0105cej firmy w produkcji system\u00f3w recyklingowych","breadcrumb":{"@id":"https:\/\/www.effe3ti.com\/effe3ti-e-le-tecnologie-ambientali\/#breadcrumb"},"inLanguage":"pl-PL","potentialAction":[{"@type":"ReadAction","target":["https:\/\/www.effe3ti.com\/effe3ti-e-le-tecnologie-ambientali\/"]}]},{"@type":"ImageObject","inLanguage":"pl-PL","@id":"https:\/\/www.effe3ti.com\/effe3ti-e-le-tecnologie-ambientali\/#primaryimage","url":"https:\/\/www.effe3ti.com\/wp-content\/uploads\/2021\/04\/TecnologieAmbientali.jpg","contentUrl":"https:\/\/www.effe3ti.com\/wp-content\/uploads\/2021\/04\/TecnologieAmbientali.jpg","width":1600,"height":900,"caption":"ambiente"},{"@type":"BreadcrumbList","@id":"https:\/\/www.effe3ti.com\/effe3ti-e-le-tecnologie-ambientali\/#breadcrumb","itemListElement":[{"@type":"ListItem","position":1,"name":"Home","item":"https:\/\/www.effe3ti.com\/"},{"@type":"ListItem","position":2,"name":"EFFE3ti e le tecnologie per l&#8217;ambiente"}]},{"@type":"WebSite","@id":"https:\/\/www.effe3ti.com\/#website","url":"https:\/\/www.effe3ti.com\/","name":"Efektywny","description":"Technologie pakowania","publisher":{"@id":"https:\/\/www.effe3ti.com\/#organization"},"potentialAction":[{"@type":"SearchAction","target":{"@type":"EntryPoint","urlTemplate":"https:\/\/www.effe3ti.com\/?s={search_term_string}"},"query-input":{"@type":"PropertyValueSpecification","valueRequired":true,"valueName":"search_term_string"}}],"inLanguage":"pl-PL"},{"@type":"Organization","@id":"https:\/\/www.effe3ti.com\/#organization","name":"Efektywny","alternateName":"f3t","url":"https:\/\/www.effe3ti.com\/","logo":{"@type":"ImageObject","inLanguage":"pl-PL","@id":"https:\/\/www.effe3ti.com\/#\/schema\/logo\/image\/","url":"https:\/\/www.effe3ti.com\/wp-content\/uploads\/2021\/04\/Effe3ti_logo-350.gif","contentUrl":"https:\/\/www.effe3ti.com\/wp-content\/uploads\/2021\/04\/Effe3ti_logo-350.gif","width":350,"height":128,"caption":"Effe3ti"},"image":{"@id":"https:\/\/www.effe3ti.com\/#\/schema\/logo\/image\/"},"sameAs":["https:\/\/www.facebook.com\/effe3ti.packaging","https:\/\/www.instagram.com\/EFFE3TI\/","https:\/\/www.linkedin.com\/company\/effe3ti-srl","https:\/\/www.youtube.com\/effe3ti"]},{"@type":"Person","@id":"https:\/\/www.effe3ti.com\/#\/schema\/person\/6cef6f087618c649ebbf63a4ea46e0d6","name":"administracja","image":{"@type":"ImageObject","inLanguage":"pl-PL","@id":"https:\/\/secure.gravatar.com\/avatar\/b253dd15467b2329f0e140e2e96d7a7963ee736a560580d3f5e9ae1015d2b5fd?s=96&d=mm&r=g","url":"https:\/\/secure.gravatar.com\/avatar\/b253dd15467b2329f0e140e2e96d7a7963ee736a560580d3f5e9ae1015d2b5fd?s=96&d=mm&r=g","contentUrl":"https:\/\/secure.gravatar.com\/avatar\/b253dd15467b2329f0e140e2e96d7a7963ee736a560580d3f5e9ae1015d2b5fd?s=96&d=mm&r=g","caption":"admin"}}]}},"_links":{"self":[{"href":"https:\/\/www.effe3ti.com\/pl\/wp-json\/wp\/v2\/posts\/630","targetHints":{"allow":["GET"]}}],"collection":[{"href":"https:\/\/www.effe3ti.com\/pl\/wp-json\/wp\/v2\/posts"}],"about":[{"href":"https:\/\/www.effe3ti.com\/pl\/wp-json\/wp\/v2\/types\/post"}],"author":[{"embeddable":true,"href":"https:\/\/www.effe3ti.com\/pl\/wp-json\/wp\/v2\/users\/1"}],"replies":[{"embeddable":true,"href":"https:\/\/www.effe3ti.com\/pl\/wp-json\/wp\/v2\/comments?post=630"}],"version-history":[{"count":3,"href":"https:\/\/www.effe3ti.com\/pl\/wp-json\/wp\/v2\/posts\/630\/revisions"}],"predecessor-version":[{"id":23011,"href":"https:\/\/www.effe3ti.com\/pl\/wp-json\/wp\/v2\/posts\/630\/revisions\/23011"}],"wp:featuredmedia":[{"embeddable":true,"href":"https:\/\/www.effe3ti.com\/pl\/wp-json\/wp\/v2\/media\/632"}],"wp:attachment":[{"href":"https:\/\/www.effe3ti.com\/pl\/wp-json\/wp\/v2\/media?parent=630"}],"wp:term":[{"taxonomy":"category","embeddable":true,"href":"https:\/\/www.effe3ti.com\/pl\/wp-json\/wp\/v2\/categories?post=630"},{"taxonomy":"post_tag","embeddable":true,"href":"https:\/\/www.effe3ti.com\/pl\/wp-json\/wp\/v2\/tags?post=630"}],"curies":[{"name":"wp","href":"https:\/\/api.w.org\/{rel}","templated":true}]}}