{"id":810,"date":"2018-04-25T08:47:53","date_gmt":"2018-04-25T08:47:53","guid":{"rendered":"https:\/\/vps-de1b14d9.vps.ovh.net\/effe3ti\/?p=810"},"modified":"2025-04-15T12:43:08","modified_gmt":"2025-04-15T12:43:08","slug":"effe3ti-i-efektywnosc-energetyczna","status":"publish","type":"post","link":"https:\/\/www.effe3ti.com\/pl\/effe3ti-e-lefficienza-energetica\/","title":{"rendered":"Effe3ti Packaging Technologies i efektywno\u015b\u0107 energetyczna"},"content":{"rendered":"<p>Zdolno\u015b\u0107 systemu fizycznego do osi\u0105gni\u0119cia okre\u015blonego wyniku przy wykorzystaniu mniejszej ilo\u015bci energii ni\u017c inne systemy (tzw. mniejsza efektywno\u015b\u0107) zazwyczaj zwi\u0119ksza wydajno\u015b\u0107, pozwala na oszcz\u0119dno\u015b\u0107 energii i redukcj\u0119 koszt\u00f3w operacyjnych. Efektywno\u015b\u0107 energetyczna to zatem zdolno\u015b\u0107 do <strong>mo\u017cliwo\u015b\u0107 \u201ezrobienia wi\u0119cej mniejszym kosztem\u201d<\/strong>, wdra\u017caj\u0105c najlepsze technologie i techniki, a tak\u017ce podejmuj\u0105c bardziej \u015bwiadome i odpowiedzialne dzia\u0142ania w zakresie wykorzystania energii.<\/p>\n\n\n\n<figure class=\"wp-block-image\"><img decoding=\"async\" src=\"https:\/\/www.effe3ti.com\/wp-content\/uploads\/2021\/04\/Azienda-1024x576.jpg\" alt=\"Opakowanie effe3ti\"\/><\/figure>\n\n\n\n<p><\/p>\n\n\n\n<h3 class=\"wp-block-heading\">Jak zachowuje si\u0119 EFFE3ti Packaging Technologies?<\/h3>\n\n\n\n<p>EFFE3ti Packaging Technologies to firma zajmuj\u0105ca si\u0119 badaniem i projektowaniem <a href=\"https:\/\/www.effe3ti.com\/pl\/produkty-effe3ti\/\">maszyny i systemy nawijaj\u0105ce<\/a> do produkt\u00f3w na paletach, dedykowanych dla wszystkich ga\u0142\u0119zi przemys\u0142u: od najmniejszych do najwi\u0119kszych. W tym celu zlecamy prac\u0119 kilku innym firmom: stolarskim, spawalniczym, malarskim, elektrycznym itp.<\/p>\n\n\n\n<p>Poza niekt\u00f3rymi komponentami, kt\u00f3re jeste\u015bmy zmuszeni kupowa\u0107 od du\u017cych firm (np. panele sterowania firmy Siemens), nasz\u0105 filozofi\u0105 zawsze by\u0142o poszukiwanie <strong>najlepszy produkt w najkr\u00f3tszej odleg\u0142o\u015bci<\/strong>. Dlatego te\u017c wszyscy nasi partnerzy produkcyjni znajduj\u0105 si\u0119 w promieniu 30 km od Gattinary, gdzie mie\u015bci si\u0119 nasza siedziba.<\/p>\n\n\n\n<p>Oznacza to mo\u017cliwo\u015b\u0107 korzystania z szeregu korzy\u015bci, takich jak mo\u017cliwo\u015b\u0107 <strong>sprawdza\u0107<\/strong> artefaktu, mo\u017cliwo\u015b\u0107 wykonania pewnych <strong>poprawki<\/strong> w fazie roboczej zalet\u0105 jest posiadanie <strong>wywiad<\/strong> bezpo\u015brednio z tymi, kt\u00f3rzy produkuj\u0105 potrzebne nam dzie\u0142a, przyjemno\u015b\u0107 z mo\u017cliwo\u015bci dawania <strong>Praca<\/strong> do rzemie\u015blnik\u00f3w z naszego regionu itp.<\/p>\n\n\n\n<h3 class=\"wp-block-heading\">Jakie wyniki?<\/h3>\n\n\n\n<p>Obok wszystkich naszych zalet mo\u017cemy z dum\u0105 podkre\u015bli\u0107, \u017ce w ten spos\u00f3b nasza firma zyskuje <strong>lepsza efektywno\u015b\u0107 energetyczna.<\/strong><\/p>\n\n\n\n<ul class=\"wp-block-list\">\n<li>Wybieramy materia\u0142y, kt\u00f3rych u\u017cywamy<\/li>\n\n\n\n<li>Znamy naszych rzemie\u015blnik\u00f3w osobi\u015bcie<\/li>\n\n\n\n<li>Dzi\u0119ki zmniejszeniu transportu materia\u0142\u00f3w produkujemy mniej CO2<\/li>\n\n\n\n<li>Dzi\u0119ki mo\u017cliwo\u015bci korygowania b\u0142\u0119d\u00f3w w czasie rzeczywistym produkujemy mniej odpad\u00f3w produkcyjnych<\/li>\n<\/ul>\n\n\n\n<p>\u2026taj<\/p>\n\n\n\n<ul class=\"wp-block-list\">\n<li>Staramy si\u0119 optymalizowa\u0107 \u015brodowiska pracy<\/li>\n\n\n\n<li>Wyeliminowali\u015bmy z naszych magazyn\u00f3w elementy zanieczyszczaj\u0105ce, takie jak eternit<\/li>\n\n\n\n<li>W miar\u0119 mo\u017cliwo\u015bci poddajemy recyklingowi opakowania otrzymywanych przez nas produkt\u00f3w, prasuj\u0105c papier, tektur\u0119 i plastik, a nast\u0119pnie wysy\u0142aj\u0105c bele do firm zajmuj\u0105cych si\u0119 recyklingiem materia\u0142\u00f3w.<\/li>\n\n\n\n<li>Wysy\u0142amy nasze produkty do klient\u00f3w w opakowaniach metalowych, kt\u00f3re mo\u017cna ponownie wykorzystywa\u0107 praktycznie w niesko\u0144czono\u015b\u0107.<\/li>\n<\/ul>\n\n\n\n<figure class=\"wp-block-image\"><img decoding=\"async\" src=\"https:\/\/www.effe3ti.com\/wp-content\/uploads\/2021\/04\/Riciclo-1024x576.jpg\" alt=\"recykling materia\u0142\u00f3w\"\/><\/figure>\n\n\n\n<p><\/p>\n\n\n\n<p>W czasach, gdy opakowania s\u0105 wskazywane jako g\u0142\u00f3wna przyczyna zanieczyszczenia, staramy si\u0119 wnie\u015b\u0107 sw\u00f3j ma\u0142y wk\u0142ad w ochron\u0119 \u015brodowiska, opracowuj\u0105c urz\u0105dzenia, kt\u00f3re zu\u017cywaj\u0105 jak najmniej materia\u0142\u00f3w eksploatacyjnych, a wsp\u00f3lnie staramy si\u0119 by\u0107 tak energooszcz\u0119dni, jak to tylko mo\u017cliwe.<\/p>\n\n\n\n<h4 class=\"wp-block-heading\">Zapytaj nas, co mo\u017cemy zrobi\u0107, aby ulepszy\u0107 Twoje opakowanie<\/h4>","protected":false},"excerpt":{"rendered":"<p>La capacit\u00e0 di un sistema fisico di ottenere un certo risultato utilizzando meno energia rispetto ad altri sistemi (detti a minor efficienza), aumenta generalmente il rendimento e consente un risparmio energetico ed una riduzione dei costi di esercizio. Efficienza energetica \u00e8 dunque la capacit\u00e0 di riuscire a \u201cfare di pi\u00f9 con meno\u201d, adottando le migliori [&hellip;]<\/p>\n","protected":false},"author":1,"featured_media":814,"comment_status":"closed","ping_status":"closed","sticky":false,"template":"","format":"standard","meta":{"footnotes":""},"categories":[42],"tags":[],"class_list":["post-810","post","type-post","status-publish","format-standard","has-post-thumbnail","hentry","category-news-approfondimenti"],"yoast_head":"<!-- This site is optimized with the Yoast SEO plugin v27.5 - https:\/\/yoast.com\/product\/yoast-seo-wordpress\/ -->\n<title>Effe3ti Packaging Technologies e l&#039;efficienza energetica - Effe3ti<\/title>\n<meta name=\"description\" content=\"EFFE3ti packaging si occupa dello studio e progettazione di macchine e impianti di avvolgimento per tutti i tipi di industria\" \/>\n<meta name=\"robots\" content=\"index, follow, max-snippet:-1, max-image-preview:large, max-video-preview:-1\" \/>\n<link rel=\"canonical\" href=\"https:\/\/www.effe3ti.com\/pl\/effe3ti-i-efektywnosc-energetyczna\/\" \/>\n<meta property=\"og:locale\" content=\"pl_PL\" \/>\n<meta property=\"og:type\" content=\"article\" \/>\n<meta property=\"og:title\" content=\"Effe3ti Packaging Technologies e l&#039;efficienza energetica - Effe3ti\" \/>\n<meta property=\"og:description\" content=\"EFFE3ti packaging si occupa dello studio e progettazione di macchine e impianti di avvolgimento per tutti i tipi di industria\" \/>\n<meta property=\"og:url\" content=\"https:\/\/www.effe3ti.com\/pl\/effe3ti-i-efektywnosc-energetyczna\/\" \/>\n<meta property=\"og:site_name\" content=\"Effe3ti\" \/>\n<meta property=\"article:publisher\" content=\"https:\/\/www.facebook.com\/effe3ti.packaging\" \/>\n<meta property=\"article:published_time\" content=\"2018-04-25T08:47:53+00:00\" \/>\n<meta property=\"article:modified_time\" content=\"2025-04-15T12:43:08+00:00\" \/>\n<meta property=\"og:image\" content=\"https:\/\/www.effe3ti.com\/wp-content\/uploads\/2021\/04\/Riciclo.jpg\" \/>\n\t<meta property=\"og:image:width\" content=\"1600\" \/>\n\t<meta property=\"og:image:height\" content=\"900\" \/>\n\t<meta property=\"og:image:type\" content=\"image\/jpeg\" \/>\n<meta name=\"author\" content=\"admin\" \/>\n<meta name=\"twitter:card\" content=\"summary_large_image\" \/>\n<meta name=\"twitter:label1\" content=\"Napisane przez\" \/>\n\t<meta name=\"twitter:data1\" content=\"admin\" \/>\n\t<meta name=\"twitter:label2\" content=\"Szacowany czas czytania\" \/>\n\t<meta name=\"twitter:data2\" content=\"3 minuty\" \/>\n<script type=\"application\/ld+json\" class=\"yoast-schema-graph\">{\"@context\":\"https:\\\/\\\/schema.org\",\"@graph\":[{\"@type\":\"Article\",\"@id\":\"https:\\\/\\\/www.effe3ti.com\\\/effe3ti-e-lefficienza-energetica\\\/#article\",\"isPartOf\":{\"@id\":\"https:\\\/\\\/www.effe3ti.com\\\/effe3ti-e-lefficienza-energetica\\\/\"},\"author\":{\"name\":\"admin\",\"@id\":\"https:\\\/\\\/www.effe3ti.com\\\/#\\\/schema\\\/person\\\/6cef6f087618c649ebbf63a4ea46e0d6\"},\"headline\":\"Effe3ti Packaging Technologies e l&#8217;efficienza energetica\",\"datePublished\":\"2018-04-25T08:47:53+00:00\",\"dateModified\":\"2025-04-15T12:43:08+00:00\",\"mainEntityOfPage\":{\"@id\":\"https:\\\/\\\/www.effe3ti.com\\\/effe3ti-e-lefficienza-energetica\\\/\"},\"wordCount\":431,\"publisher\":{\"@id\":\"https:\\\/\\\/www.effe3ti.com\\\/#organization\"},\"image\":{\"@id\":\"https:\\\/\\\/www.effe3ti.com\\\/effe3ti-e-lefficienza-energetica\\\/#primaryimage\"},\"thumbnailUrl\":\"https:\\\/\\\/www.effe3ti.com\\\/wp-content\\\/uploads\\\/2021\\\/04\\\/Riciclo.jpg\",\"articleSection\":[\"Approfondimenti\"],\"inLanguage\":\"pl-PL\"},{\"@type\":\"WebPage\",\"@id\":\"https:\\\/\\\/www.effe3ti.com\\\/effe3ti-e-lefficienza-energetica\\\/\",\"url\":\"https:\\\/\\\/www.effe3ti.com\\\/effe3ti-e-lefficienza-energetica\\\/\",\"name\":\"Effe3ti Packaging Technologies e l'efficienza energetica - Effe3ti\",\"isPartOf\":{\"@id\":\"https:\\\/\\\/www.effe3ti.com\\\/#website\"},\"primaryImageOfPage\":{\"@id\":\"https:\\\/\\\/www.effe3ti.com\\\/effe3ti-e-lefficienza-energetica\\\/#primaryimage\"},\"image\":{\"@id\":\"https:\\\/\\\/www.effe3ti.com\\\/effe3ti-e-lefficienza-energetica\\\/#primaryimage\"},\"thumbnailUrl\":\"https:\\\/\\\/www.effe3ti.com\\\/wp-content\\\/uploads\\\/2021\\\/04\\\/Riciclo.jpg\",\"datePublished\":\"2018-04-25T08:47:53+00:00\",\"dateModified\":\"2025-04-15T12:43:08+00:00\",\"description\":\"EFFE3ti packaging si occupa dello studio e progettazione di macchine e impianti di avvolgimento per tutti i tipi di industria\",\"breadcrumb\":{\"@id\":\"https:\\\/\\\/www.effe3ti.com\\\/effe3ti-e-lefficienza-energetica\\\/#breadcrumb\"},\"inLanguage\":\"pl-PL\",\"potentialAction\":[{\"@type\":\"ReadAction\",\"target\":[\"https:\\\/\\\/www.effe3ti.com\\\/effe3ti-e-lefficienza-energetica\\\/\"]}]},{\"@type\":\"ImageObject\",\"inLanguage\":\"pl-PL\",\"@id\":\"https:\\\/\\\/www.effe3ti.com\\\/effe3ti-e-lefficienza-energetica\\\/#primaryimage\",\"url\":\"https:\\\/\\\/www.effe3ti.com\\\/wp-content\\\/uploads\\\/2021\\\/04\\\/Riciclo.jpg\",\"contentUrl\":\"https:\\\/\\\/www.effe3ti.com\\\/wp-content\\\/uploads\\\/2021\\\/04\\\/Riciclo.jpg\",\"width\":1600,\"height\":900,\"caption\":\"riciclo materiali\"},{\"@type\":\"BreadcrumbList\",\"@id\":\"https:\\\/\\\/www.effe3ti.com\\\/effe3ti-e-lefficienza-energetica\\\/#breadcrumb\",\"itemListElement\":[{\"@type\":\"ListItem\",\"position\":1,\"name\":\"Home\",\"item\":\"https:\\\/\\\/www.effe3ti.com\\\/\"},{\"@type\":\"ListItem\",\"position\":2,\"name\":\"Effe3ti Packaging Technologies e l&#8217;efficienza energetica\"}]},{\"@type\":\"WebSite\",\"@id\":\"https:\\\/\\\/www.effe3ti.com\\\/#website\",\"url\":\"https:\\\/\\\/www.effe3ti.com\\\/\",\"name\":\"Effe3ti\",\"description\":\"Packaging Technologies\",\"publisher\":{\"@id\":\"https:\\\/\\\/www.effe3ti.com\\\/#organization\"},\"potentialAction\":[{\"@type\":\"SearchAction\",\"target\":{\"@type\":\"EntryPoint\",\"urlTemplate\":\"https:\\\/\\\/www.effe3ti.com\\\/?s={search_term_string}\"},\"query-input\":{\"@type\":\"PropertyValueSpecification\",\"valueRequired\":true,\"valueName\":\"search_term_string\"}}],\"inLanguage\":\"pl-PL\"},{\"@type\":\"Organization\",\"@id\":\"https:\\\/\\\/www.effe3ti.com\\\/#organization\",\"name\":\"Effe3ti\",\"alternateName\":\"f3t\",\"url\":\"https:\\\/\\\/www.effe3ti.com\\\/\",\"logo\":{\"@type\":\"ImageObject\",\"inLanguage\":\"pl-PL\",\"@id\":\"https:\\\/\\\/www.effe3ti.com\\\/#\\\/schema\\\/logo\\\/image\\\/\",\"url\":\"https:\\\/\\\/www.effe3ti.com\\\/wp-content\\\/uploads\\\/2021\\\/04\\\/Effe3ti_logo-350.gif\",\"contentUrl\":\"https:\\\/\\\/www.effe3ti.com\\\/wp-content\\\/uploads\\\/2021\\\/04\\\/Effe3ti_logo-350.gif\",\"width\":350,\"height\":128,\"caption\":\"Effe3ti\"},\"image\":{\"@id\":\"https:\\\/\\\/www.effe3ti.com\\\/#\\\/schema\\\/logo\\\/image\\\/\"},\"sameAs\":[\"https:\\\/\\\/www.facebook.com\\\/effe3ti.packaging\",\"https:\\\/\\\/www.instagram.com\\\/EFFE3TI\\\/\",\"https:\\\/\\\/www.linkedin.com\\\/company\\\/effe3ti-srl\",\"https:\\\/\\\/www.youtube.com\\\/effe3ti\"]},{\"@type\":\"Person\",\"@id\":\"https:\\\/\\\/www.effe3ti.com\\\/#\\\/schema\\\/person\\\/6cef6f087618c649ebbf63a4ea46e0d6\",\"name\":\"admin\",\"image\":{\"@type\":\"ImageObject\",\"inLanguage\":\"pl-PL\",\"@id\":\"https:\\\/\\\/secure.gravatar.com\\\/avatar\\\/b253dd15467b2329f0e140e2e96d7a7963ee736a560580d3f5e9ae1015d2b5fd?s=96&d=mm&r=g\",\"url\":\"https:\\\/\\\/secure.gravatar.com\\\/avatar\\\/b253dd15467b2329f0e140e2e96d7a7963ee736a560580d3f5e9ae1015d2b5fd?s=96&d=mm&r=g\",\"contentUrl\":\"https:\\\/\\\/secure.gravatar.com\\\/avatar\\\/b253dd15467b2329f0e140e2e96d7a7963ee736a560580d3f5e9ae1015d2b5fd?s=96&d=mm&r=g\",\"caption\":\"admin\"}}]}<\/script>\n<!-- \/ Yoast SEO plugin. -->","yoast_head_json":{"title":"Effe3ti Packaging Technologies i efektywno\u015b\u0107 energetyczna - Effe3ti","description":"EFFE3ti Packaging zajmuje si\u0119 badaniem i projektowaniem maszyn i system\u00f3w pakuj\u0105cych dla wszystkich rodzaj\u00f3w przemys\u0142u","robots":{"index":"index","follow":"follow","max-snippet":"max-snippet:-1","max-image-preview":"max-image-preview:large","max-video-preview":"max-video-preview:-1"},"canonical":"https:\/\/www.effe3ti.com\/pl\/effe3ti-i-efektywnosc-energetyczna\/","og_locale":"pl_PL","og_type":"article","og_title":"Effe3ti Packaging Technologies e l'efficienza energetica - Effe3ti","og_description":"EFFE3ti packaging si occupa dello studio e progettazione di macchine e impianti di avvolgimento per tutti i tipi di industria","og_url":"https:\/\/www.effe3ti.com\/pl\/effe3ti-i-efektywnosc-energetyczna\/","og_site_name":"Effe3ti","article_publisher":"https:\/\/www.facebook.com\/effe3ti.packaging","article_published_time":"2018-04-25T08:47:53+00:00","article_modified_time":"2025-04-15T12:43:08+00:00","og_image":[{"width":1600,"height":900,"url":"https:\/\/www.effe3ti.com\/wp-content\/uploads\/2021\/04\/Riciclo.jpg","type":"image\/jpeg"}],"author":"admin","twitter_card":"summary_large_image","twitter_misc":{"Napisane przez":"admin","Szacowany czas czytania":"3 minuty"},"schema":{"@context":"https:\/\/schema.org","@graph":[{"@type":"Article","@id":"https:\/\/www.effe3ti.com\/effe3ti-e-lefficienza-energetica\/#article","isPartOf":{"@id":"https:\/\/www.effe3ti.com\/effe3ti-e-lefficienza-energetica\/"},"author":{"name":"admin","@id":"https:\/\/www.effe3ti.com\/#\/schema\/person\/6cef6f087618c649ebbf63a4ea46e0d6"},"headline":"Effe3ti Packaging Technologies e l&#8217;efficienza energetica","datePublished":"2018-04-25T08:47:53+00:00","dateModified":"2025-04-15T12:43:08+00:00","mainEntityOfPage":{"@id":"https:\/\/www.effe3ti.com\/effe3ti-e-lefficienza-energetica\/"},"wordCount":431,"publisher":{"@id":"https:\/\/www.effe3ti.com\/#organization"},"image":{"@id":"https:\/\/www.effe3ti.com\/effe3ti-e-lefficienza-energetica\/#primaryimage"},"thumbnailUrl":"https:\/\/www.effe3ti.com\/wp-content\/uploads\/2021\/04\/Riciclo.jpg","articleSection":["Approfondimenti"],"inLanguage":"pl-PL"},{"@type":"WebPage","@id":"https:\/\/www.effe3ti.com\/effe3ti-e-lefficienza-energetica\/","url":"https:\/\/www.effe3ti.com\/effe3ti-e-lefficienza-energetica\/","name":"Effe3ti Packaging Technologies i efektywno\u015b\u0107 energetyczna - Effe3ti","isPartOf":{"@id":"https:\/\/www.effe3ti.com\/#website"},"primaryImageOfPage":{"@id":"https:\/\/www.effe3ti.com\/effe3ti-e-lefficienza-energetica\/#primaryimage"},"image":{"@id":"https:\/\/www.effe3ti.com\/effe3ti-e-lefficienza-energetica\/#primaryimage"},"thumbnailUrl":"https:\/\/www.effe3ti.com\/wp-content\/uploads\/2021\/04\/Riciclo.jpg","datePublished":"2018-04-25T08:47:53+00:00","dateModified":"2025-04-15T12:43:08+00:00","description":"EFFE3ti Packaging zajmuje si\u0119 badaniem i projektowaniem maszyn i system\u00f3w pakuj\u0105cych dla wszystkich rodzaj\u00f3w przemys\u0142u","breadcrumb":{"@id":"https:\/\/www.effe3ti.com\/effe3ti-e-lefficienza-energetica\/#breadcrumb"},"inLanguage":"pl-PL","potentialAction":[{"@type":"ReadAction","target":["https:\/\/www.effe3ti.com\/effe3ti-e-lefficienza-energetica\/"]}]},{"@type":"ImageObject","inLanguage":"pl-PL","@id":"https:\/\/www.effe3ti.com\/effe3ti-e-lefficienza-energetica\/#primaryimage","url":"https:\/\/www.effe3ti.com\/wp-content\/uploads\/2021\/04\/Riciclo.jpg","contentUrl":"https:\/\/www.effe3ti.com\/wp-content\/uploads\/2021\/04\/Riciclo.jpg","width":1600,"height":900,"caption":"riciclo materiali"},{"@type":"BreadcrumbList","@id":"https:\/\/www.effe3ti.com\/effe3ti-e-lefficienza-energetica\/#breadcrumb","itemListElement":[{"@type":"ListItem","position":1,"name":"Home","item":"https:\/\/www.effe3ti.com\/"},{"@type":"ListItem","position":2,"name":"Effe3ti Packaging Technologies e l&#8217;efficienza energetica"}]},{"@type":"WebSite","@id":"https:\/\/www.effe3ti.com\/#website","url":"https:\/\/www.effe3ti.com\/","name":"Efektywny","description":"Technologie pakowania","publisher":{"@id":"https:\/\/www.effe3ti.com\/#organization"},"potentialAction":[{"@type":"SearchAction","target":{"@type":"EntryPoint","urlTemplate":"https:\/\/www.effe3ti.com\/?s={search_term_string}"},"query-input":{"@type":"PropertyValueSpecification","valueRequired":true,"valueName":"search_term_string"}}],"inLanguage":"pl-PL"},{"@type":"Organization","@id":"https:\/\/www.effe3ti.com\/#organization","name":"Efektywny","alternateName":"f3t","url":"https:\/\/www.effe3ti.com\/","logo":{"@type":"ImageObject","inLanguage":"pl-PL","@id":"https:\/\/www.effe3ti.com\/#\/schema\/logo\/image\/","url":"https:\/\/www.effe3ti.com\/wp-content\/uploads\/2021\/04\/Effe3ti_logo-350.gif","contentUrl":"https:\/\/www.effe3ti.com\/wp-content\/uploads\/2021\/04\/Effe3ti_logo-350.gif","width":350,"height":128,"caption":"Effe3ti"},"image":{"@id":"https:\/\/www.effe3ti.com\/#\/schema\/logo\/image\/"},"sameAs":["https:\/\/www.facebook.com\/effe3ti.packaging","https:\/\/www.instagram.com\/EFFE3TI\/","https:\/\/www.linkedin.com\/company\/effe3ti-srl","https:\/\/www.youtube.com\/effe3ti"]},{"@type":"Person","@id":"https:\/\/www.effe3ti.com\/#\/schema\/person\/6cef6f087618c649ebbf63a4ea46e0d6","name":"administracja","image":{"@type":"ImageObject","inLanguage":"pl-PL","@id":"https:\/\/secure.gravatar.com\/avatar\/b253dd15467b2329f0e140e2e96d7a7963ee736a560580d3f5e9ae1015d2b5fd?s=96&d=mm&r=g","url":"https:\/\/secure.gravatar.com\/avatar\/b253dd15467b2329f0e140e2e96d7a7963ee736a560580d3f5e9ae1015d2b5fd?s=96&d=mm&r=g","contentUrl":"https:\/\/secure.gravatar.com\/avatar\/b253dd15467b2329f0e140e2e96d7a7963ee736a560580d3f5e9ae1015d2b5fd?s=96&d=mm&r=g","caption":"admin"}}]}},"_links":{"self":[{"href":"https:\/\/www.effe3ti.com\/pl\/wp-json\/wp\/v2\/posts\/810","targetHints":{"allow":["GET"]}}],"collection":[{"href":"https:\/\/www.effe3ti.com\/pl\/wp-json\/wp\/v2\/posts"}],"about":[{"href":"https:\/\/www.effe3ti.com\/pl\/wp-json\/wp\/v2\/types\/post"}],"author":[{"embeddable":true,"href":"https:\/\/www.effe3ti.com\/pl\/wp-json\/wp\/v2\/users\/1"}],"replies":[{"embeddable":true,"href":"https:\/\/www.effe3ti.com\/pl\/wp-json\/wp\/v2\/comments?post=810"}],"version-history":[{"count":4,"href":"https:\/\/www.effe3ti.com\/pl\/wp-json\/wp\/v2\/posts\/810\/revisions"}],"predecessor-version":[{"id":22962,"href":"https:\/\/www.effe3ti.com\/pl\/wp-json\/wp\/v2\/posts\/810\/revisions\/22962"}],"wp:featuredmedia":[{"embeddable":true,"href":"https:\/\/www.effe3ti.com\/pl\/wp-json\/wp\/v2\/media\/814"}],"wp:attachment":[{"href":"https:\/\/www.effe3ti.com\/pl\/wp-json\/wp\/v2\/media?parent=810"}],"wp:term":[{"taxonomy":"category","embeddable":true,"href":"https:\/\/www.effe3ti.com\/pl\/wp-json\/wp\/v2\/categories?post=810"},{"taxonomy":"post_tag","embeddable":true,"href":"https:\/\/www.effe3ti.com\/pl\/wp-json\/wp\/v2\/tags?post=810"}],"curies":[{"name":"wp","href":"https:\/\/api.w.org\/{rel}","templated":true}]}}