{"id":8452,"date":"2022-03-09T09:22:17","date_gmt":"2022-03-09T09:22:17","guid":{"rendered":"https:\/\/www.effe3ti.com\/?p=8452"},"modified":"2025-04-16T15:07:43","modified_gmt":"2025-04-16T15:07:43","slug":"effe3ti-i-czysta-energia","status":"publish","type":"post","link":"https:\/\/www.effe3ti.com\/pl\/effe3ti-e-lenergia-pulita\/","title":{"rendered":"EFFE3ti i czysta energia"},"content":{"rendered":"<h2 class=\"wp-block-heading\">Transformacja energetyczna: dach EFFE3ti zmienia si\u0119 w czyste \u017ar\u00f3d\u0142o energii<\/h2>\n\n\n\n<h3 class=\"wp-block-heading\">Krok w stron\u0119 zr\u00f3wnowa\u017conego rozwoju i energii odnawialnej<\/h3>\n\n\n\n<p>W drodze do <strong data-start=\"302\" data-end=\"328\">transformacja energetyczna<\/strong>, <a href=\"https:\/\/www.effe3ti.com\/pl\/o-opakowaniach-effe3ti\/\">Efektywny3ti<\/a> podj\u0119\u0142a wa\u017cny krok w 2022 r., instaluj\u0105c panele fotowoltaiczne na dachu swojej siedziby. Ta inicjatywa jest cz\u0119\u015bci\u0105 naszego sta\u0142ego zaanga\u017cowania na rzecz zr\u00f3wnowa\u017conego rozwoju i ograniczania wp\u0142ywu na \u015brodowisko, wykorzystuj\u0105c <strong data-start=\"582\" data-end=\"600\">czysta energia<\/strong> aby zasila\u0107 codzienne operacje biznesowe.<\/p>\n\n\n\n<p>Decyzja o wytwarzaniu energii odnawialnej bezpo\u015brednio w firmie to nie tylko inwestycja w <strong data-start=\"750\" data-end=\"776\">transformacja energetyczna<\/strong>, ale tak\u017ce konkretna odpowied\u017a na rosn\u0105c\u0105 potrzeb\u0119 redukcji zu\u017cycia energii i ograniczenia emisji CO2. EFFE3ti w rzeczywisto\u015bci coraz bardziej zwraca uwag\u0119 na oszcz\u0119dzanie energii, koncentruj\u0105c si\u0119 na redukcji odpad\u00f3w w ka\u017cdym procesie biznesowym. Dzi\u0119ki instalacji paneli fotowoltaicznych mo\u017cemy teraz zasila\u0107 firm\u0119, wykorzystuj\u0105c <strong data-start=\"1119\" data-end=\"1137\">czysta energia<\/strong>, pochodz\u0105ce bezpo\u015brednio ze s\u0142o\u0144ca, kt\u00f3re jest naturalnym, odnawialnym i zr\u00f3wnowa\u017conym zasobem.<\/p>\n\n\n\n<figure class=\"wp-block-image\"><img decoding=\"async\" src=\"https:\/\/www.effe3ti.com\/wp-content\/uploads\/2022\/03\/energia-pulita-effe3ti-2.jpg\" alt=\"\"\/><\/figure>\n\n\n\n<h3 class=\"wp-block-heading\">Autonomiczna produkcja energii i redukcja wp\u0142ywu na \u015brodowisko<\/h3>\n\n\n\n<p>Z dum\u0105 mo\u017cemy powiedzie\u0107, \u017ce ten krok stanowi znacz\u0105cy krok w kierunku <strong data-start=\"1389\" data-end=\"1423\">autonomiczna produkcja energii<\/strong>co nie tylko poprawia efektywno\u015b\u0107 energetyczn\u0105 naszej firmy, ale tak\u017ce pomaga zmniejszy\u0107 nasz wp\u0142yw na \u015brodowisko. Produkcja <strong data-start=\"1576\" data-end=\"1599\">energia odnawialna<\/strong> Umo\u017cliwia nam zasilanie naszych elektrowni, zmniejszaj\u0105c zale\u017cno\u015b\u0107 od tradycyjnych i zanieczyszczaj\u0105cych \u015brodowisko \u017ar\u00f3de\u0142 energii.<\/p>\n\n\n\n<p>EFFE3ti nadal czyni post\u0119py w swojej podr\u00f3\u017cy <strong data-start=\"1775\" data-end=\"1801\">transformacja energetyczna<\/strong>, w celu dalszego zmniejszenia naszego wp\u0142ywu na \u015brodowisko. Dzi\u0119ki sta\u0142emu zaanga\u017cowaniu w przyjmowanie ekologicznych rozwi\u0105za\u0144 i waloryzacj\u0119 <strong data-start=\"1964\" data-end=\"1982\">czysta energia<\/strong>, naszym celem jest uczynienie naszej firmy modelem wydajno\u015bci i zr\u00f3wnowa\u017conego rozwoju na przysz\u0142o\u015b\u0107. Nasza wizja jest jasna: firma, kt\u00f3ra ro\u015bnie, szanuj\u0105c \u015brodowisko i wykorzystuj\u0105c odnawialne zasoby.<\/p>\n\n\n\n<p><\/p>\n\n\n\n<figure class=\"wp-block-image\"><img decoding=\"async\" src=\"https:\/\/www.effe3ti.com\/wp-content\/uploads\/2022\/03\/energia-pulita-effe3ti-3-1024x576.jpg\" alt=\"\"\/><\/figure>\n\n\n\n<p><\/p>\n\n\n\n<p><\/p>","protected":false},"excerpt":{"rendered":"<p>Transizione Energetica: Il tetto di EFFE3ti si trasforma in una fonte di energia pulita Un passo verso la sostenibilit\u00e0 e l&#8217;energia rinnovabile Nel percorso verso la transizione energetica, EFFE3ti ha intrapreso un importante passo nel 2022 con l&#8217;installazione di pannelli fotovoltaici sul tetto della sua sede. Questa iniziativa fa parte del nostro impegno continuo verso [&hellip;]<\/p>\n","protected":false},"author":1,"featured_media":8454,"comment_status":"closed","ping_status":"closed","sticky":false,"template":"","format":"standard","meta":{"footnotes":""},"categories":[42],"tags":[],"class_list":["post-8452","post","type-post","status-publish","format-standard","has-post-thumbnail","hentry","category-news-approfondimenti"],"yoast_head":"<!-- This site is optimized with the Yoast SEO plugin v27.5 - https:\/\/yoast.com\/product\/yoast-seo-wordpress\/ -->\n<title>EFFE3ti e l&#039;energia pulita - Effe3ti<\/title>\n<meta name=\"description\" content=\"EFFE3ti produce ora energia pulita, iniziando la sua transizione energetica\" \/>\n<meta name=\"robots\" content=\"index, follow, max-snippet:-1, max-image-preview:large, max-video-preview:-1\" \/>\n<link rel=\"canonical\" href=\"https:\/\/www.effe3ti.com\/pl\/effe3ti-i-czysta-energia\/\" \/>\n<meta property=\"og:locale\" content=\"pl_PL\" \/>\n<meta property=\"og:type\" content=\"article\" \/>\n<meta property=\"og:title\" content=\"EFFE3ti e l&#039;energia pulita - Effe3ti\" \/>\n<meta property=\"og:description\" content=\"EFFE3ti produce ora energia pulita, iniziando la sua transizione energetica\" \/>\n<meta property=\"og:url\" content=\"https:\/\/www.effe3ti.com\/pl\/effe3ti-i-czysta-energia\/\" \/>\n<meta property=\"og:site_name\" content=\"Effe3ti\" \/>\n<meta property=\"article:publisher\" content=\"https:\/\/www.facebook.com\/effe3ti.packaging\" \/>\n<meta property=\"article:published_time\" content=\"2022-03-09T09:22:17+00:00\" \/>\n<meta property=\"article:modified_time\" content=\"2025-04-16T15:07:43+00:00\" \/>\n<meta property=\"og:image\" content=\"https:\/\/www.effe3ti.com\/wp-content\/uploads\/2022\/03\/energia-pulita-effe3ti-1-scaled.jpg\" \/>\n\t<meta property=\"og:image:width\" content=\"2560\" \/>\n\t<meta property=\"og:image:height\" content=\"1440\" \/>\n\t<meta property=\"og:image:type\" content=\"image\/jpeg\" \/>\n<meta name=\"author\" content=\"admin\" \/>\n<meta name=\"twitter:card\" content=\"summary_large_image\" \/>\n<meta name=\"twitter:label1\" content=\"Napisane przez\" \/>\n\t<meta name=\"twitter:data1\" content=\"admin\" \/>\n\t<meta name=\"twitter:label2\" content=\"Szacowany czas czytania\" \/>\n\t<meta name=\"twitter:data2\" content=\"3 minuty\" \/>\n<script type=\"application\/ld+json\" class=\"yoast-schema-graph\">{\"@context\":\"https:\\\/\\\/schema.org\",\"@graph\":[{\"@type\":\"Article\",\"@id\":\"https:\\\/\\\/www.effe3ti.com\\\/effe3ti-e-lenergia-pulita\\\/#article\",\"isPartOf\":{\"@id\":\"https:\\\/\\\/www.effe3ti.com\\\/effe3ti-e-lenergia-pulita\\\/\"},\"author\":{\"name\":\"admin\",\"@id\":\"https:\\\/\\\/www.effe3ti.com\\\/#\\\/schema\\\/person\\\/6cef6f087618c649ebbf63a4ea46e0d6\"},\"headline\":\"EFFE3ti e l&#8217;energia pulita\",\"datePublished\":\"2022-03-09T09:22:17+00:00\",\"dateModified\":\"2025-04-16T15:07:43+00:00\",\"mainEntityOfPage\":{\"@id\":\"https:\\\/\\\/www.effe3ti.com\\\/effe3ti-e-lenergia-pulita\\\/\"},\"wordCount\":293,\"publisher\":{\"@id\":\"https:\\\/\\\/www.effe3ti.com\\\/#organization\"},\"image\":{\"@id\":\"https:\\\/\\\/www.effe3ti.com\\\/effe3ti-e-lenergia-pulita\\\/#primaryimage\"},\"thumbnailUrl\":\"https:\\\/\\\/www.effe3ti.com\\\/wp-content\\\/uploads\\\/2022\\\/03\\\/energia-pulita-effe3ti-1-scaled.jpg\",\"articleSection\":[\"Approfondimenti\"],\"inLanguage\":\"pl-PL\"},{\"@type\":\"WebPage\",\"@id\":\"https:\\\/\\\/www.effe3ti.com\\\/effe3ti-e-lenergia-pulita\\\/\",\"url\":\"https:\\\/\\\/www.effe3ti.com\\\/effe3ti-e-lenergia-pulita\\\/\",\"name\":\"EFFE3ti e l'energia pulita - Effe3ti\",\"isPartOf\":{\"@id\":\"https:\\\/\\\/www.effe3ti.com\\\/#website\"},\"primaryImageOfPage\":{\"@id\":\"https:\\\/\\\/www.effe3ti.com\\\/effe3ti-e-lenergia-pulita\\\/#primaryimage\"},\"image\":{\"@id\":\"https:\\\/\\\/www.effe3ti.com\\\/effe3ti-e-lenergia-pulita\\\/#primaryimage\"},\"thumbnailUrl\":\"https:\\\/\\\/www.effe3ti.com\\\/wp-content\\\/uploads\\\/2022\\\/03\\\/energia-pulita-effe3ti-1-scaled.jpg\",\"datePublished\":\"2022-03-09T09:22:17+00:00\",\"dateModified\":\"2025-04-16T15:07:43+00:00\",\"description\":\"EFFE3ti produce ora energia pulita, iniziando la sua transizione energetica\",\"breadcrumb\":{\"@id\":\"https:\\\/\\\/www.effe3ti.com\\\/effe3ti-e-lenergia-pulita\\\/#breadcrumb\"},\"inLanguage\":\"pl-PL\",\"potentialAction\":[{\"@type\":\"ReadAction\",\"target\":[\"https:\\\/\\\/www.effe3ti.com\\\/effe3ti-e-lenergia-pulita\\\/\"]}]},{\"@type\":\"ImageObject\",\"inLanguage\":\"pl-PL\",\"@id\":\"https:\\\/\\\/www.effe3ti.com\\\/effe3ti-e-lenergia-pulita\\\/#primaryimage\",\"url\":\"https:\\\/\\\/www.effe3ti.com\\\/wp-content\\\/uploads\\\/2022\\\/03\\\/energia-pulita-effe3ti-1-scaled.jpg\",\"contentUrl\":\"https:\\\/\\\/www.effe3ti.com\\\/wp-content\\\/uploads\\\/2022\\\/03\\\/energia-pulita-effe3ti-1-scaled.jpg\",\"width\":2560,\"height\":1440,\"caption\":\"energia pulita\"},{\"@type\":\"BreadcrumbList\",\"@id\":\"https:\\\/\\\/www.effe3ti.com\\\/effe3ti-e-lenergia-pulita\\\/#breadcrumb\",\"itemListElement\":[{\"@type\":\"ListItem\",\"position\":1,\"name\":\"Home\",\"item\":\"https:\\\/\\\/www.effe3ti.com\\\/\"},{\"@type\":\"ListItem\",\"position\":2,\"name\":\"EFFE3ti e l&#8217;energia pulita\"}]},{\"@type\":\"WebSite\",\"@id\":\"https:\\\/\\\/www.effe3ti.com\\\/#website\",\"url\":\"https:\\\/\\\/www.effe3ti.com\\\/\",\"name\":\"Effe3ti\",\"description\":\"Packaging Technologies\",\"publisher\":{\"@id\":\"https:\\\/\\\/www.effe3ti.com\\\/#organization\"},\"potentialAction\":[{\"@type\":\"SearchAction\",\"target\":{\"@type\":\"EntryPoint\",\"urlTemplate\":\"https:\\\/\\\/www.effe3ti.com\\\/?s={search_term_string}\"},\"query-input\":{\"@type\":\"PropertyValueSpecification\",\"valueRequired\":true,\"valueName\":\"search_term_string\"}}],\"inLanguage\":\"pl-PL\"},{\"@type\":\"Organization\",\"@id\":\"https:\\\/\\\/www.effe3ti.com\\\/#organization\",\"name\":\"Effe3ti\",\"alternateName\":\"f3t\",\"url\":\"https:\\\/\\\/www.effe3ti.com\\\/\",\"logo\":{\"@type\":\"ImageObject\",\"inLanguage\":\"pl-PL\",\"@id\":\"https:\\\/\\\/www.effe3ti.com\\\/#\\\/schema\\\/logo\\\/image\\\/\",\"url\":\"https:\\\/\\\/www.effe3ti.com\\\/wp-content\\\/uploads\\\/2021\\\/04\\\/Effe3ti_logo-350.gif\",\"contentUrl\":\"https:\\\/\\\/www.effe3ti.com\\\/wp-content\\\/uploads\\\/2021\\\/04\\\/Effe3ti_logo-350.gif\",\"width\":350,\"height\":128,\"caption\":\"Effe3ti\"},\"image\":{\"@id\":\"https:\\\/\\\/www.effe3ti.com\\\/#\\\/schema\\\/logo\\\/image\\\/\"},\"sameAs\":[\"https:\\\/\\\/www.facebook.com\\\/effe3ti.packaging\",\"https:\\\/\\\/www.instagram.com\\\/EFFE3TI\\\/\",\"https:\\\/\\\/www.linkedin.com\\\/company\\\/effe3ti-srl\",\"https:\\\/\\\/www.youtube.com\\\/effe3ti\"]},{\"@type\":\"Person\",\"@id\":\"https:\\\/\\\/www.effe3ti.com\\\/#\\\/schema\\\/person\\\/6cef6f087618c649ebbf63a4ea46e0d6\",\"name\":\"admin\",\"image\":{\"@type\":\"ImageObject\",\"inLanguage\":\"pl-PL\",\"@id\":\"https:\\\/\\\/secure.gravatar.com\\\/avatar\\\/b253dd15467b2329f0e140e2e96d7a7963ee736a560580d3f5e9ae1015d2b5fd?s=96&d=mm&r=g\",\"url\":\"https:\\\/\\\/secure.gravatar.com\\\/avatar\\\/b253dd15467b2329f0e140e2e96d7a7963ee736a560580d3f5e9ae1015d2b5fd?s=96&d=mm&r=g\",\"contentUrl\":\"https:\\\/\\\/secure.gravatar.com\\\/avatar\\\/b253dd15467b2329f0e140e2e96d7a7963ee736a560580d3f5e9ae1015d2b5fd?s=96&d=mm&r=g\",\"caption\":\"admin\"}}]}<\/script>\n<!-- \/ Yoast SEO plugin. -->","yoast_head_json":{"title":"EFFE3ti i czysta energia - Effe3ti","description":"EFFE3ti produkuje teraz czyst\u0105 energi\u0119, rozpoczynaj\u0105c transformacj\u0119 energetyczn\u0105","robots":{"index":"index","follow":"follow","max-snippet":"max-snippet:-1","max-image-preview":"max-image-preview:large","max-video-preview":"max-video-preview:-1"},"canonical":"https:\/\/www.effe3ti.com\/pl\/effe3ti-i-czysta-energia\/","og_locale":"pl_PL","og_type":"article","og_title":"EFFE3ti e l'energia pulita - Effe3ti","og_description":"EFFE3ti produce ora energia pulita, iniziando la sua transizione energetica","og_url":"https:\/\/www.effe3ti.com\/pl\/effe3ti-i-czysta-energia\/","og_site_name":"Effe3ti","article_publisher":"https:\/\/www.facebook.com\/effe3ti.packaging","article_published_time":"2022-03-09T09:22:17+00:00","article_modified_time":"2025-04-16T15:07:43+00:00","og_image":[{"width":2560,"height":1440,"url":"https:\/\/www.effe3ti.com\/wp-content\/uploads\/2022\/03\/energia-pulita-effe3ti-1-scaled.jpg","type":"image\/jpeg"}],"author":"admin","twitter_card":"summary_large_image","twitter_misc":{"Napisane przez":"admin","Szacowany czas czytania":"3 minuty"},"schema":{"@context":"https:\/\/schema.org","@graph":[{"@type":"Article","@id":"https:\/\/www.effe3ti.com\/effe3ti-e-lenergia-pulita\/#article","isPartOf":{"@id":"https:\/\/www.effe3ti.com\/effe3ti-e-lenergia-pulita\/"},"author":{"name":"admin","@id":"https:\/\/www.effe3ti.com\/#\/schema\/person\/6cef6f087618c649ebbf63a4ea46e0d6"},"headline":"EFFE3ti e l&#8217;energia pulita","datePublished":"2022-03-09T09:22:17+00:00","dateModified":"2025-04-16T15:07:43+00:00","mainEntityOfPage":{"@id":"https:\/\/www.effe3ti.com\/effe3ti-e-lenergia-pulita\/"},"wordCount":293,"publisher":{"@id":"https:\/\/www.effe3ti.com\/#organization"},"image":{"@id":"https:\/\/www.effe3ti.com\/effe3ti-e-lenergia-pulita\/#primaryimage"},"thumbnailUrl":"https:\/\/www.effe3ti.com\/wp-content\/uploads\/2022\/03\/energia-pulita-effe3ti-1-scaled.jpg","articleSection":["Approfondimenti"],"inLanguage":"pl-PL"},{"@type":"WebPage","@id":"https:\/\/www.effe3ti.com\/effe3ti-e-lenergia-pulita\/","url":"https:\/\/www.effe3ti.com\/effe3ti-e-lenergia-pulita\/","name":"EFFE3ti i czysta energia - Effe3ti","isPartOf":{"@id":"https:\/\/www.effe3ti.com\/#website"},"primaryImageOfPage":{"@id":"https:\/\/www.effe3ti.com\/effe3ti-e-lenergia-pulita\/#primaryimage"},"image":{"@id":"https:\/\/www.effe3ti.com\/effe3ti-e-lenergia-pulita\/#primaryimage"},"thumbnailUrl":"https:\/\/www.effe3ti.com\/wp-content\/uploads\/2022\/03\/energia-pulita-effe3ti-1-scaled.jpg","datePublished":"2022-03-09T09:22:17+00:00","dateModified":"2025-04-16T15:07:43+00:00","description":"EFFE3ti produkuje teraz czyst\u0105 energi\u0119, rozpoczynaj\u0105c transformacj\u0119 energetyczn\u0105","breadcrumb":{"@id":"https:\/\/www.effe3ti.com\/effe3ti-e-lenergia-pulita\/#breadcrumb"},"inLanguage":"pl-PL","potentialAction":[{"@type":"ReadAction","target":["https:\/\/www.effe3ti.com\/effe3ti-e-lenergia-pulita\/"]}]},{"@type":"ImageObject","inLanguage":"pl-PL","@id":"https:\/\/www.effe3ti.com\/effe3ti-e-lenergia-pulita\/#primaryimage","url":"https:\/\/www.effe3ti.com\/wp-content\/uploads\/2022\/03\/energia-pulita-effe3ti-1-scaled.jpg","contentUrl":"https:\/\/www.effe3ti.com\/wp-content\/uploads\/2022\/03\/energia-pulita-effe3ti-1-scaled.jpg","width":2560,"height":1440,"caption":"energia pulita"},{"@type":"BreadcrumbList","@id":"https:\/\/www.effe3ti.com\/effe3ti-e-lenergia-pulita\/#breadcrumb","itemListElement":[{"@type":"ListItem","position":1,"name":"Home","item":"https:\/\/www.effe3ti.com\/"},{"@type":"ListItem","position":2,"name":"EFFE3ti e l&#8217;energia pulita"}]},{"@type":"WebSite","@id":"https:\/\/www.effe3ti.com\/#website","url":"https:\/\/www.effe3ti.com\/","name":"Efektywny","description":"Technologie pakowania","publisher":{"@id":"https:\/\/www.effe3ti.com\/#organization"},"potentialAction":[{"@type":"SearchAction","target":{"@type":"EntryPoint","urlTemplate":"https:\/\/www.effe3ti.com\/?s={search_term_string}"},"query-input":{"@type":"PropertyValueSpecification","valueRequired":true,"valueName":"search_term_string"}}],"inLanguage":"pl-PL"},{"@type":"Organization","@id":"https:\/\/www.effe3ti.com\/#organization","name":"Efektywny","alternateName":"f3t","url":"https:\/\/www.effe3ti.com\/","logo":{"@type":"ImageObject","inLanguage":"pl-PL","@id":"https:\/\/www.effe3ti.com\/#\/schema\/logo\/image\/","url":"https:\/\/www.effe3ti.com\/wp-content\/uploads\/2021\/04\/Effe3ti_logo-350.gif","contentUrl":"https:\/\/www.effe3ti.com\/wp-content\/uploads\/2021\/04\/Effe3ti_logo-350.gif","width":350,"height":128,"caption":"Effe3ti"},"image":{"@id":"https:\/\/www.effe3ti.com\/#\/schema\/logo\/image\/"},"sameAs":["https:\/\/www.facebook.com\/effe3ti.packaging","https:\/\/www.instagram.com\/EFFE3TI\/","https:\/\/www.linkedin.com\/company\/effe3ti-srl","https:\/\/www.youtube.com\/effe3ti"]},{"@type":"Person","@id":"https:\/\/www.effe3ti.com\/#\/schema\/person\/6cef6f087618c649ebbf63a4ea46e0d6","name":"administracja","image":{"@type":"ImageObject","inLanguage":"pl-PL","@id":"https:\/\/secure.gravatar.com\/avatar\/b253dd15467b2329f0e140e2e96d7a7963ee736a560580d3f5e9ae1015d2b5fd?s=96&d=mm&r=g","url":"https:\/\/secure.gravatar.com\/avatar\/b253dd15467b2329f0e140e2e96d7a7963ee736a560580d3f5e9ae1015d2b5fd?s=96&d=mm&r=g","contentUrl":"https:\/\/secure.gravatar.com\/avatar\/b253dd15467b2329f0e140e2e96d7a7963ee736a560580d3f5e9ae1015d2b5fd?s=96&d=mm&r=g","caption":"admin"}}]}},"_links":{"self":[{"href":"https:\/\/www.effe3ti.com\/pl\/wp-json\/wp\/v2\/posts\/8452","targetHints":{"allow":["GET"]}}],"collection":[{"href":"https:\/\/www.effe3ti.com\/pl\/wp-json\/wp\/v2\/posts"}],"about":[{"href":"https:\/\/www.effe3ti.com\/pl\/wp-json\/wp\/v2\/types\/post"}],"author":[{"embeddable":true,"href":"https:\/\/www.effe3ti.com\/pl\/wp-json\/wp\/v2\/users\/1"}],"replies":[{"embeddable":true,"href":"https:\/\/www.effe3ti.com\/pl\/wp-json\/wp\/v2\/comments?post=8452"}],"version-history":[{"count":2,"href":"https:\/\/www.effe3ti.com\/pl\/wp-json\/wp\/v2\/posts\/8452\/revisions"}],"predecessor-version":[{"id":22974,"href":"https:\/\/www.effe3ti.com\/pl\/wp-json\/wp\/v2\/posts\/8452\/revisions\/22974"}],"wp:featuredmedia":[{"embeddable":true,"href":"https:\/\/www.effe3ti.com\/pl\/wp-json\/wp\/v2\/media\/8454"}],"wp:attachment":[{"href":"https:\/\/www.effe3ti.com\/pl\/wp-json\/wp\/v2\/media?parent=8452"}],"wp:term":[{"taxonomy":"category","embeddable":true,"href":"https:\/\/www.effe3ti.com\/pl\/wp-json\/wp\/v2\/categories?post=8452"},{"taxonomy":"post_tag","embeddable":true,"href":"https:\/\/www.effe3ti.com\/pl\/wp-json\/wp\/v2\/tags?post=8452"}],"curies":[{"name":"wp","href":"https:\/\/api.w.org\/{rel}","templated":true}]}}