{"id":11305,"date":"2023-06-30T08:22:11","date_gmt":"2023-06-30T08:22:11","guid":{"rendered":"https:\/\/www.effe3ti.com\/?p=11305"},"modified":"2025-04-15T10:15:21","modified_gmt":"2025-04-15T10:15:21","slug":"prensa-de-isopor-para-compactacao-de-embalagens-de-poliestireno","status":"publish","type":"post","link":"https:\/\/www.effe3ti.com\/pt\/styropress-per-compattare-imballi-in-polistirolo\/","title":{"rendered":"Styropress para compacta\u00e7\u00e3o de embalagens de poliestireno"},"content":{"rendered":"<h2 class=\"wp-block-heading\">Compactadores de isopor trituram e compactam res\u00edduos de EPS (poliestireno expandido) em blocos que simplificam o armazenamento, o manuseio e o descarte.<\/h2>\n\n\n\n<p>Na log\u00edstica de transporte, na eletr\u00f4nica, no com\u00e9rcio de alimentos, as empresas acumulam grandes quantidades de res\u00edduos de poliestireno todos os dias. Eles acabam em sacos volumosos ou em paletes volumosos, ocupando espa\u00e7o enquanto esperam para serem coletados e enviados para aterros sanit\u00e1rios.<\/p>\n\n\n\n<p>No entanto, existe um modelo muito mais eficaz e decididamente vantajoso para gerir estes res\u00edduos: <strong>compacta\u00e7\u00e3o.<\/strong><\/p>\n\n\n\n<h3 class=\"wp-block-heading\">Muita qualidade, mas muito volume<\/h3>\n\n\n\n<p>O poliestireno expandido (EPS), comumente conhecido como isopor, \u00e9 um material que pode ser facilmente reciclado e reutilizado para criar novas embalagens ou materiais que podem ser usados em v\u00e1rios setores.<\/p>\n\n\n\n<p>O poliestireno \u00e9 um material at\u00f3xico, imperme\u00e1vel, isolante, resistente a choques e bact\u00e9rias, sendo, portanto, amplamente utilizado na produ\u00e7\u00e3o de embalagens, por\u00e9m muito volumosas.<\/p>\n\n\n\n<p>Quando uma empresa produz muitos res\u00edduos de EPS, ela enfrenta dificuldades como aumento de custos e riscos relacionados \u00e0 log\u00edstica interna, perda de espa\u00e7o precioso, aumento de custos de descarte devido \u00e0s in\u00fameras coletas por empresas especializadas.<\/p>\n\n\n\n<figure class=\"wp-block-image\"><img decoding=\"async\" src=\"https:\/\/www.effe3ti.com\/wp-content\/uploads\/2023\/06\/styropress-1.jpeg\" alt=\"Poliestireno compactado\"\/><\/figure>\n\n\n\n<p><\/p>\n\n\n\n<h3 class=\"wp-block-heading\">A compacta\u00e7\u00e3o do poliestireno se torna uma vantagem<\/h3>\n\n\n\n<p>A introdu\u00e7\u00e3o de um compactador de poliestireno na gest\u00e3o de res\u00edduos empresariais \u00e9 certamente a solu\u00e7\u00e3o estrat\u00e9gica mais eficaz.<\/p>\n\n\n\n<p><strong><a href=\"https:\/\/www.effe3ti.com\/pt\/produto\/prensa-de-briquetagem-styropress-para-poliestireno\/\">Estiroprensa<\/a><\/strong> pode <strong>compacto frio<\/strong> Res\u00edduos de EPS reduzindo seu volume <strong>at\u00e9 97%!<\/strong><\/p>\n\n\n\n<p>Os briquetes produzidos s\u00e3o est\u00e1veis, uniformes, f\u00e1ceis de manusear e simplificam a log\u00edstica interna.<\/p>\n\n\n\n<p>As vantagens?<\/p>\n\n\n\n<ul class=\"wp-block-list\">\n<li><strong>reduz a \u00e1rea de superf\u00edcie necess\u00e1ria para armazenamento:<\/strong> O EPS compactado \u00e9 facilmente empilh\u00e1vel em paletes<\/li>\n\n\n\n<li><strong>reduz custos<\/strong>: blocos compactados permitem maximizar cargas<\/li>\n\n\n\n<li><strong>otimizar a log\u00edstica interna:<\/strong> Uma prensa estrategicamente posicionada limita o movimento e reduz os custos operacionais (e acidentes)<\/li>\n\n\n\n<li><strong>Aumente seus ganhos:<\/strong> Poliestireno compactado a frio pode ser revendido para empresas de reciclagem<\/li>\n<\/ul>\n\n\n\n<h3 class=\"wp-block-heading\">Temos certeza disso<\/h3>\n\n\n\n<p>N\u00f3s instalamos <a href=\"https:\/\/www.effe3ti.com\/pt\/produto\/prensa-de-briquetagem-styropress-para-poliestireno\/\">Estiroprensa<\/a> em muitas situa\u00e7\u00f5es e podemos garantir que os resultados s\u00e3o excelentes!<\/p>\n\n\n\n<p>\u00c9 tamb\u00e9m uma prensa que pode trabalhar 24 horas por dia, 7 dias por semana, automaticamente.<\/p>\n\n\n\n<figure class=\"wp-block-video\"><video height=\"480\" style=\"aspect-ratio: 854 \/ 480;\" width=\"854\" controls src=\"https:\/\/www.effe3ti.com\/wp-content\/uploads\/2023\/06\/styropress-effe3ti.mp4\"><\/video><\/figure>","protected":false},"excerpt":{"rendered":"<p>Le presse per compattare polistirolo triturano e compattano gli scarti di EPS (polistirolo espanso) in blocchi che ne semplificano lo stoccaggio, la movimentazione e lo smaltimento. Nella logistica dei trasporti, nell\u2019elettronica, nel commercio alimentare, le imprese ogni giorno accumulano elevati quantitativi di scarti di polistirolo. Finiscono in sacchi voluminosi o bancali ingombranti, a occupare spazio [&hellip;]<\/p>\n","protected":false},"author":1,"featured_media":282,"comment_status":"closed","ping_status":"open","sticky":false,"template":"","format":"standard","meta":{"footnotes":""},"categories":[42],"tags":[],"class_list":["post-11305","post","type-post","status-publish","format-standard","has-post-thumbnail","hentry","category-news-approfondimenti"],"yoast_head":"<!-- This site is optimized with the Yoast SEO plugin v27.5 - https:\/\/yoast.com\/product\/yoast-seo-wordpress\/ -->\n<title>Styropress per compattare imballi in polistirolo - Effe3ti<\/title>\n<meta name=\"description\" content=\"Compattare polistirolo? Con Styropress riducete il volume dell&#039;EPS di scarto fino al 97%!\" \/>\n<meta name=\"robots\" content=\"index, follow, max-snippet:-1, max-image-preview:large, max-video-preview:-1\" \/>\n<link rel=\"canonical\" href=\"https:\/\/www.effe3ti.com\/pt\/prensa-de-isopor-para-compactacao-de-embalagens-de-poliestireno\/\" \/>\n<meta property=\"og:locale\" content=\"pt_PT\" \/>\n<meta property=\"og:type\" content=\"article\" \/>\n<meta property=\"og:title\" content=\"Styropress per compattare imballi in polistirolo - Effe3ti\" \/>\n<meta property=\"og:description\" content=\"Compattare polistirolo? Con Styropress riducete il volume dell&#039;EPS di scarto fino al 97%!\" \/>\n<meta property=\"og:url\" content=\"https:\/\/www.effe3ti.com\/pt\/prensa-de-isopor-para-compactacao-de-embalagens-de-poliestireno\/\" \/>\n<meta property=\"og:site_name\" content=\"Effe3ti\" \/>\n<meta property=\"article:publisher\" content=\"https:\/\/www.facebook.com\/effe3ti.packaging\" \/>\n<meta property=\"article:published_time\" content=\"2023-06-30T08:22:11+00:00\" \/>\n<meta property=\"article:modified_time\" content=\"2025-04-15T10:15:21+00:00\" \/>\n<meta property=\"og:image\" content=\"https:\/\/www.effe3ti.com\/wp-content\/uploads\/2021\/04\/Cutcompact.jpg\" \/>\n\t<meta property=\"og:image:width\" content=\"1200\" \/>\n\t<meta property=\"og:image:height\" content=\"1200\" \/>\n\t<meta property=\"og:image:type\" content=\"image\/jpeg\" \/>\n<meta name=\"author\" content=\"admin\" \/>\n<meta name=\"twitter:card\" content=\"summary_large_image\" \/>\n<meta name=\"twitter:label1\" content=\"Escrito por\" \/>\n\t<meta name=\"twitter:data1\" content=\"admin\" \/>\n\t<meta name=\"twitter:label2\" content=\"Tempo estimado de leitura\" \/>\n\t<meta name=\"twitter:data2\" content=\"3 minutos\" \/>\n<script type=\"application\/ld+json\" class=\"yoast-schema-graph\">{\"@context\":\"https:\\\/\\\/schema.org\",\"@graph\":[{\"@type\":\"Article\",\"@id\":\"https:\\\/\\\/www.effe3ti.com\\\/styropress-per-compattare-imballi-in-polistirolo\\\/#article\",\"isPartOf\":{\"@id\":\"https:\\\/\\\/www.effe3ti.com\\\/styropress-per-compattare-imballi-in-polistirolo\\\/\"},\"author\":{\"name\":\"admin\",\"@id\":\"https:\\\/\\\/www.effe3ti.com\\\/#\\\/schema\\\/person\\\/6cef6f087618c649ebbf63a4ea46e0d6\"},\"headline\":\"Styropress per compattare imballi in polistirolo\",\"datePublished\":\"2023-06-30T08:22:11+00:00\",\"dateModified\":\"2025-04-15T10:15:21+00:00\",\"mainEntityOfPage\":{\"@id\":\"https:\\\/\\\/www.effe3ti.com\\\/styropress-per-compattare-imballi-in-polistirolo\\\/\"},\"wordCount\":328,\"publisher\":{\"@id\":\"https:\\\/\\\/www.effe3ti.com\\\/#organization\"},\"image\":{\"@id\":\"https:\\\/\\\/www.effe3ti.com\\\/styropress-per-compattare-imballi-in-polistirolo\\\/#primaryimage\"},\"thumbnailUrl\":\"https:\\\/\\\/www.effe3ti.com\\\/wp-content\\\/uploads\\\/2021\\\/04\\\/Cutcompact.jpg\",\"articleSection\":[\"Approfondimenti\"],\"inLanguage\":\"pt-PT\"},{\"@type\":\"WebPage\",\"@id\":\"https:\\\/\\\/www.effe3ti.com\\\/styropress-per-compattare-imballi-in-polistirolo\\\/\",\"url\":\"https:\\\/\\\/www.effe3ti.com\\\/styropress-per-compattare-imballi-in-polistirolo\\\/\",\"name\":\"Styropress per compattare imballi in polistirolo - Effe3ti\",\"isPartOf\":{\"@id\":\"https:\\\/\\\/www.effe3ti.com\\\/#website\"},\"primaryImageOfPage\":{\"@id\":\"https:\\\/\\\/www.effe3ti.com\\\/styropress-per-compattare-imballi-in-polistirolo\\\/#primaryimage\"},\"image\":{\"@id\":\"https:\\\/\\\/www.effe3ti.com\\\/styropress-per-compattare-imballi-in-polistirolo\\\/#primaryimage\"},\"thumbnailUrl\":\"https:\\\/\\\/www.effe3ti.com\\\/wp-content\\\/uploads\\\/2021\\\/04\\\/Cutcompact.jpg\",\"datePublished\":\"2023-06-30T08:22:11+00:00\",\"dateModified\":\"2025-04-15T10:15:21+00:00\",\"description\":\"Compattare polistirolo? Con Styropress riducete il volume dell'EPS di scarto fino al 97%!\",\"breadcrumb\":{\"@id\":\"https:\\\/\\\/www.effe3ti.com\\\/styropress-per-compattare-imballi-in-polistirolo\\\/#breadcrumb\"},\"inLanguage\":\"pt-PT\",\"potentialAction\":[{\"@type\":\"ReadAction\",\"target\":[\"https:\\\/\\\/www.effe3ti.com\\\/styropress-per-compattare-imballi-in-polistirolo\\\/\"]}]},{\"@type\":\"ImageObject\",\"inLanguage\":\"pt-PT\",\"@id\":\"https:\\\/\\\/www.effe3ti.com\\\/styropress-per-compattare-imballi-in-polistirolo\\\/#primaryimage\",\"url\":\"https:\\\/\\\/www.effe3ti.com\\\/wp-content\\\/uploads\\\/2021\\\/04\\\/Cutcompact.jpg\",\"contentUrl\":\"https:\\\/\\\/www.effe3ti.com\\\/wp-content\\\/uploads\\\/2021\\\/04\\\/Cutcompact.jpg\",\"width\":1200,\"height\":1200,\"caption\":\"compattazione polistirolo\"},{\"@type\":\"BreadcrumbList\",\"@id\":\"https:\\\/\\\/www.effe3ti.com\\\/styropress-per-compattare-imballi-in-polistirolo\\\/#breadcrumb\",\"itemListElement\":[{\"@type\":\"ListItem\",\"position\":1,\"name\":\"Home\",\"item\":\"https:\\\/\\\/www.effe3ti.com\\\/\"},{\"@type\":\"ListItem\",\"position\":2,\"name\":\"Styropress per compattare imballi in polistirolo\"}]},{\"@type\":\"WebSite\",\"@id\":\"https:\\\/\\\/www.effe3ti.com\\\/#website\",\"url\":\"https:\\\/\\\/www.effe3ti.com\\\/\",\"name\":\"Effe3ti\",\"description\":\"Packaging Technologies\",\"publisher\":{\"@id\":\"https:\\\/\\\/www.effe3ti.com\\\/#organization\"},\"potentialAction\":[{\"@type\":\"SearchAction\",\"target\":{\"@type\":\"EntryPoint\",\"urlTemplate\":\"https:\\\/\\\/www.effe3ti.com\\\/?s={search_term_string}\"},\"query-input\":{\"@type\":\"PropertyValueSpecification\",\"valueRequired\":true,\"valueName\":\"search_term_string\"}}],\"inLanguage\":\"pt-PT\"},{\"@type\":\"Organization\",\"@id\":\"https:\\\/\\\/www.effe3ti.com\\\/#organization\",\"name\":\"Effe3ti\",\"alternateName\":\"f3t\",\"url\":\"https:\\\/\\\/www.effe3ti.com\\\/\",\"logo\":{\"@type\":\"ImageObject\",\"inLanguage\":\"pt-PT\",\"@id\":\"https:\\\/\\\/www.effe3ti.com\\\/#\\\/schema\\\/logo\\\/image\\\/\",\"url\":\"https:\\\/\\\/www.effe3ti.com\\\/wp-content\\\/uploads\\\/2021\\\/04\\\/Effe3ti_logo-350.gif\",\"contentUrl\":\"https:\\\/\\\/www.effe3ti.com\\\/wp-content\\\/uploads\\\/2021\\\/04\\\/Effe3ti_logo-350.gif\",\"width\":350,\"height\":128,\"caption\":\"Effe3ti\"},\"image\":{\"@id\":\"https:\\\/\\\/www.effe3ti.com\\\/#\\\/schema\\\/logo\\\/image\\\/\"},\"sameAs\":[\"https:\\\/\\\/www.facebook.com\\\/effe3ti.packaging\",\"https:\\\/\\\/www.instagram.com\\\/EFFE3TI\\\/\",\"https:\\\/\\\/www.linkedin.com\\\/company\\\/effe3ti-srl\",\"https:\\\/\\\/www.youtube.com\\\/effe3ti\"]},{\"@type\":\"Person\",\"@id\":\"https:\\\/\\\/www.effe3ti.com\\\/#\\\/schema\\\/person\\\/6cef6f087618c649ebbf63a4ea46e0d6\",\"name\":\"admin\",\"image\":{\"@type\":\"ImageObject\",\"inLanguage\":\"pt-PT\",\"@id\":\"https:\\\/\\\/secure.gravatar.com\\\/avatar\\\/b253dd15467b2329f0e140e2e96d7a7963ee736a560580d3f5e9ae1015d2b5fd?s=96&d=mm&r=g\",\"url\":\"https:\\\/\\\/secure.gravatar.com\\\/avatar\\\/b253dd15467b2329f0e140e2e96d7a7963ee736a560580d3f5e9ae1015d2b5fd?s=96&d=mm&r=g\",\"contentUrl\":\"https:\\\/\\\/secure.gravatar.com\\\/avatar\\\/b253dd15467b2329f0e140e2e96d7a7963ee736a560580d3f5e9ae1015d2b5fd?s=96&d=mm&r=g\",\"caption\":\"admin\"}}]}<\/script>\n<!-- \/ Yoast SEO plugin. -->","yoast_head_json":{"title":"Styropress para compacta\u00e7\u00e3o de embalagens de poliestireno - Effe3ti","description":"Compactando isopor? Com a Styropress voc\u00ea reduz o volume de res\u00edduos de EPS em at\u00e9 97%!","robots":{"index":"index","follow":"follow","max-snippet":"max-snippet:-1","max-image-preview":"max-image-preview:large","max-video-preview":"max-video-preview:-1"},"canonical":"https:\/\/www.effe3ti.com\/pt\/prensa-de-isopor-para-compactacao-de-embalagens-de-poliestireno\/","og_locale":"pt_PT","og_type":"article","og_title":"Styropress per compattare imballi in polistirolo - Effe3ti","og_description":"Compattare polistirolo? Con Styropress riducete il volume dell'EPS di scarto fino al 97%!","og_url":"https:\/\/www.effe3ti.com\/pt\/prensa-de-isopor-para-compactacao-de-embalagens-de-poliestireno\/","og_site_name":"Effe3ti","article_publisher":"https:\/\/www.facebook.com\/effe3ti.packaging","article_published_time":"2023-06-30T08:22:11+00:00","article_modified_time":"2025-04-15T10:15:21+00:00","og_image":[{"width":1200,"height":1200,"url":"https:\/\/www.effe3ti.com\/wp-content\/uploads\/2021\/04\/Cutcompact.jpg","type":"image\/jpeg"}],"author":"admin","twitter_card":"summary_large_image","twitter_misc":{"Escrito por":"admin","Tempo estimado de leitura":"3 minutos"},"schema":{"@context":"https:\/\/schema.org","@graph":[{"@type":"Article","@id":"https:\/\/www.effe3ti.com\/styropress-per-compattare-imballi-in-polistirolo\/#article","isPartOf":{"@id":"https:\/\/www.effe3ti.com\/styropress-per-compattare-imballi-in-polistirolo\/"},"author":{"name":"admin","@id":"https:\/\/www.effe3ti.com\/#\/schema\/person\/6cef6f087618c649ebbf63a4ea46e0d6"},"headline":"Styropress per compattare imballi in polistirolo","datePublished":"2023-06-30T08:22:11+00:00","dateModified":"2025-04-15T10:15:21+00:00","mainEntityOfPage":{"@id":"https:\/\/www.effe3ti.com\/styropress-per-compattare-imballi-in-polistirolo\/"},"wordCount":328,"publisher":{"@id":"https:\/\/www.effe3ti.com\/#organization"},"image":{"@id":"https:\/\/www.effe3ti.com\/styropress-per-compattare-imballi-in-polistirolo\/#primaryimage"},"thumbnailUrl":"https:\/\/www.effe3ti.com\/wp-content\/uploads\/2021\/04\/Cutcompact.jpg","articleSection":["Approfondimenti"],"inLanguage":"pt-PT"},{"@type":"WebPage","@id":"https:\/\/www.effe3ti.com\/styropress-per-compattare-imballi-in-polistirolo\/","url":"https:\/\/www.effe3ti.com\/styropress-per-compattare-imballi-in-polistirolo\/","name":"Styropress para compacta\u00e7\u00e3o de embalagens de poliestireno - Effe3ti","isPartOf":{"@id":"https:\/\/www.effe3ti.com\/#website"},"primaryImageOfPage":{"@id":"https:\/\/www.effe3ti.com\/styropress-per-compattare-imballi-in-polistirolo\/#primaryimage"},"image":{"@id":"https:\/\/www.effe3ti.com\/styropress-per-compattare-imballi-in-polistirolo\/#primaryimage"},"thumbnailUrl":"https:\/\/www.effe3ti.com\/wp-content\/uploads\/2021\/04\/Cutcompact.jpg","datePublished":"2023-06-30T08:22:11+00:00","dateModified":"2025-04-15T10:15:21+00:00","description":"Compactando isopor? Com a Styropress voc\u00ea reduz o volume de res\u00edduos de EPS em at\u00e9 97%!","breadcrumb":{"@id":"https:\/\/www.effe3ti.com\/styropress-per-compattare-imballi-in-polistirolo\/#breadcrumb"},"inLanguage":"pt-PT","potentialAction":[{"@type":"ReadAction","target":["https:\/\/www.effe3ti.com\/styropress-per-compattare-imballi-in-polistirolo\/"]}]},{"@type":"ImageObject","inLanguage":"pt-PT","@id":"https:\/\/www.effe3ti.com\/styropress-per-compattare-imballi-in-polistirolo\/#primaryimage","url":"https:\/\/www.effe3ti.com\/wp-content\/uploads\/2021\/04\/Cutcompact.jpg","contentUrl":"https:\/\/www.effe3ti.com\/wp-content\/uploads\/2021\/04\/Cutcompact.jpg","width":1200,"height":1200,"caption":"compattazione polistirolo"},{"@type":"BreadcrumbList","@id":"https:\/\/www.effe3ti.com\/styropress-per-compattare-imballi-in-polistirolo\/#breadcrumb","itemListElement":[{"@type":"ListItem","position":1,"name":"Home","item":"https:\/\/www.effe3ti.com\/"},{"@type":"ListItem","position":2,"name":"Styropress per compattare imballi in polistirolo"}]},{"@type":"WebSite","@id":"https:\/\/www.effe3ti.com\/#website","url":"https:\/\/www.effe3ti.com\/","name":"Efe3ti","description":"Tecnologias de Embalagem","publisher":{"@id":"https:\/\/www.effe3ti.com\/#organization"},"potentialAction":[{"@type":"SearchAction","target":{"@type":"EntryPoint","urlTemplate":"https:\/\/www.effe3ti.com\/?s={search_term_string}"},"query-input":{"@type":"PropertyValueSpecification","valueRequired":true,"valueName":"search_term_string"}}],"inLanguage":"pt-PT"},{"@type":"Organization","@id":"https:\/\/www.effe3ti.com\/#organization","name":"Efe3ti","alternateName":"f3t","url":"https:\/\/www.effe3ti.com\/","logo":{"@type":"ImageObject","inLanguage":"pt-PT","@id":"https:\/\/www.effe3ti.com\/#\/schema\/logo\/image\/","url":"https:\/\/www.effe3ti.com\/wp-content\/uploads\/2021\/04\/Effe3ti_logo-350.gif","contentUrl":"https:\/\/www.effe3ti.com\/wp-content\/uploads\/2021\/04\/Effe3ti_logo-350.gif","width":350,"height":128,"caption":"Effe3ti"},"image":{"@id":"https:\/\/www.effe3ti.com\/#\/schema\/logo\/image\/"},"sameAs":["https:\/\/www.facebook.com\/effe3ti.packaging","https:\/\/www.instagram.com\/EFFE3TI\/","https:\/\/www.linkedin.com\/company\/effe3ti-srl","https:\/\/www.youtube.com\/effe3ti"]},{"@type":"Person","@id":"https:\/\/www.effe3ti.com\/#\/schema\/person\/6cef6f087618c649ebbf63a4ea46e0d6","name":"administrador","image":{"@type":"ImageObject","inLanguage":"pt-PT","@id":"https:\/\/secure.gravatar.com\/avatar\/b253dd15467b2329f0e140e2e96d7a7963ee736a560580d3f5e9ae1015d2b5fd?s=96&d=mm&r=g","url":"https:\/\/secure.gravatar.com\/avatar\/b253dd15467b2329f0e140e2e96d7a7963ee736a560580d3f5e9ae1015d2b5fd?s=96&d=mm&r=g","contentUrl":"https:\/\/secure.gravatar.com\/avatar\/b253dd15467b2329f0e140e2e96d7a7963ee736a560580d3f5e9ae1015d2b5fd?s=96&d=mm&r=g","caption":"admin"}}]}},"_links":{"self":[{"href":"https:\/\/www.effe3ti.com\/pt\/wp-json\/wp\/v2\/posts\/11305","targetHints":{"allow":["GET"]}}],"collection":[{"href":"https:\/\/www.effe3ti.com\/pt\/wp-json\/wp\/v2\/posts"}],"about":[{"href":"https:\/\/www.effe3ti.com\/pt\/wp-json\/wp\/v2\/types\/post"}],"author":[{"embeddable":true,"href":"https:\/\/www.effe3ti.com\/pt\/wp-json\/wp\/v2\/users\/1"}],"replies":[{"embeddable":true,"href":"https:\/\/www.effe3ti.com\/pt\/wp-json\/wp\/v2\/comments?post=11305"}],"version-history":[{"count":4,"href":"https:\/\/www.effe3ti.com\/pt\/wp-json\/wp\/v2\/posts\/11305\/revisions"}],"predecessor-version":[{"id":22927,"href":"https:\/\/www.effe3ti.com\/pt\/wp-json\/wp\/v2\/posts\/11305\/revisions\/22927"}],"wp:featuredmedia":[{"embeddable":true,"href":"https:\/\/www.effe3ti.com\/pt\/wp-json\/wp\/v2\/media\/282"}],"wp:attachment":[{"href":"https:\/\/www.effe3ti.com\/pt\/wp-json\/wp\/v2\/media?parent=11305"}],"wp:term":[{"taxonomy":"category","embeddable":true,"href":"https:\/\/www.effe3ti.com\/pt\/wp-json\/wp\/v2\/categories?post=11305"},{"taxonomy":"post_tag","embeddable":true,"href":"https:\/\/www.effe3ti.com\/pt\/wp-json\/wp\/v2\/tags?post=11305"}],"curies":[{"name":"wp","href":"https:\/\/api.w.org\/{rel}","templated":true}]}}