{"id":21152,"date":"2024-10-25T07:10:39","date_gmt":"2024-10-25T07:10:39","guid":{"rendered":"https:\/\/www.effe3ti.com\/?p=21152"},"modified":"2025-04-15T09:20:50","modified_gmt":"2025-04-15T09:20:50","slug":"a-importancia-do-treinamento-eficaz","status":"publish","type":"post","link":"https:\/\/www.effe3ti.com\/pt\/limportanza-della-formazione-effe3ti\/","title":{"rendered":"A import\u00e2ncia do treinamento de vendas EFFE3ti"},"content":{"rendered":"<h2 class=\"wp-block-heading\">Por que \u00e9 importante fazer um treinamento de vendas corporativas?<\/h2>\n\n\n\n<p>No mundo corporativo de hoje, caracterizado pela competi\u00e7\u00e3o acirrada e um cen\u00e1rio em constante mudan\u00e7a, o treinamento de vendas desempenha um papel vital. O treinamento de vendas estruturado e cont\u00ednuo que a EFFE3ti oferece \u00e0s empresas parceiras n\u00e3o s\u00f3 permite que elas melhorem o desempenho de suas equipes de vendas, mas tamb\u00e9m obtenham uma vantagem competitiva significativa.<\/p>\n\n\n\n<h3 class=\"wp-block-heading\">Melhorando as habilidades de vendas<\/h3>\n\n\n\n<p>O treinamento de vendas permite que os funcion\u00e1rios aprimorem suas habilidades de vendas, fornecendo a eles o conhecimento necess\u00e1rio para navegar com sucesso pelo processo de vendas, do contato inicial at\u00e9 o fechamento do neg\u00f3cio. Profissionais aprendem t\u00e9cnicas avan\u00e7adas de comunica\u00e7\u00e3o, estrat\u00e9gias para lidar com obje\u00e7\u00f5es e m\u00e9todos para identificar e atender \u00e0s necessidades dos clientes. Com treinamento de vendas adequado, cada membro da equipe se torna mais h\u00e1bil em fidelizar clientes, gerando assim resultados mais consistentes.<\/p>\n\n\n\n<h3 class=\"wp-block-heading\">Treinamento de vendas para adapta\u00e7\u00e3o \u00e0s mudan\u00e7as do mercado<\/h3>\n\n\n\n<p>O mercado est\u00e1 evoluindo rapidamente, com novas tecnologias, tend\u00eancias e expectativas dos consumidores mudando constantemente. O treinamento regular de vendas corporativas ajuda a manter os vendedores atualizados sobre <a href=\"https:\/\/www.effe3ti.com\/pt\/produtos-effe3ti\/\">\u00faltimas not\u00edcias<\/a> e adaptar estrat\u00e9gias de vendas de acordo com as tend\u00eancias do setor. Isso permite que as empresas mantenham uma vantagem competitiva sobre concorrentes menos atualizados, podendo oferecer aos clientes respostas e solu\u00e7\u00f5es que estejam em sintonia com os tempos.<\/p>\n\n\n\n<h3 class=\"wp-block-heading\">Fideliza\u00e7\u00e3o e satisfa\u00e7\u00e3o do cliente<\/h3>\n\n\n\n<p>Uma equipe de vendas bem treinada pode proporcionar aos clientes uma experi\u00eancia positiva e altamente profissional. Saber como <strong>ouvir<\/strong>, <strong>compreender<\/strong> as necessidades e <strong>propor<\/strong> solu\u00e7\u00f5es direcionadas aumentam a satisfa\u00e7\u00e3o e a confian\u00e7a do cliente, melhorando a probabilidade de fidelidade. Um cliente satisfeito n\u00e3o apenas compra novamente, mas tamb\u00e9m tem mais probabilidade de recomendar a empresa a outras pessoas, ajudando a gerar um boca a boca positivo que pode ser extremamente ben\u00e9fico.<\/p>\n\n\n\n<h3 class=\"wp-block-heading\">Aumento do moral e da motiva\u00e7\u00e3o da equipe<\/h3>\n\n\n\n<p>Um treinamento de vendas de qualidade n\u00e3o apenas fornece novas habilidades, mas tamb\u00e9m atua como uma ferramenta motivacional. Os funcion\u00e1rios que participam de sess\u00f5es de treinamento bem organizadas se sentem valorizados e apreciados pela empresa. Isso leva ao aumento do moral e da motiva\u00e7\u00e3o, o que se traduz em um ambiente de trabalho mais positivo e uma equipe de vendas mais produtiva e voltada para resultados.<\/p>\n\n\n\n<h3 class=\"wp-block-heading\">Redu\u00e7\u00e3o de erros e perdas<\/h3>\n\n\n\n<p>Uma equipe de vendas mal treinada pode cometer erros dispendiosos, como interpretar mal as necessidades do cliente ou fazer ofertas n\u00e3o competitivas. Um programa de treinamento de vendas bem estruturado reduz drasticamente essas possibilidades ao garantir que cada vendedor conhe\u00e7a as t\u00e9cnicas mais eficazes para gerenciar cada fase do ciclo de vendas. Isso reduz erros, minimiza perdas de clientes e aumenta a capacidade de fechar vendas lucrativas.<\/p>\n\n\n\n<h3 class=\"wp-block-heading\">Aumento da receita da empresa<\/h3>\n\n\n\n<p>Por fim, talvez o aspecto mais tang\u00edvel: uma equipe de vendas mais preparada se traduz em aumento no faturamento da empresa. A capacidade de atrair e reter clientes e fechar neg\u00f3cios com sucesso leva ao crescimento consistente da receita da empresa. As empresas que investem em treinamento de vendas geralmente obt\u00eam um retorno significativo sobre o investimento, com vendedores mais produtivos, clientes mais felizes e um neg\u00f3cio que cresce a um ritmo saud\u00e1vel.<\/p>\n\n\n\n<h3 class=\"wp-block-heading\">Treinamento de vendas corporativas n\u00e3o \u00e9 um custo<\/h3>\n\n\n\n<p>Em vez disso, podemos consider\u00e1-lo um investimento essencial para o futuro da empresa. Em um mercado cada vez mais competitivo e mut\u00e1vel, a forma\u00e7\u00e3o cont\u00ednua \u00e9 a chave para desenvolver uma equipe de vendas capaz de enfrentar os desafios do presente e do futuro, garantindo \u00e0 empresa uma posi\u00e7\u00e3o de for\u00e7a. Investir em treinamento significa, em \u00faltima an\u00e1lise, investir no sucesso empresarial a longo prazo.<\/p>","protected":false},"excerpt":{"rendered":"<p>Perch\u00e9 \u00e8 importante seguire una formazione commerciale aziendale Nel mondo aziendale odierno, caratterizzato da una concorrenza agguerrita e da un panorama in continua evoluzione, il training commerciale riveste un ruolo fondamentale. La formazione commerciale strutturata e continuativa che EFFE3ti offre alle aziende partner non solo permette loro di migliorare le performance dei team di vendita, [&hellip;]<\/p>\n","protected":false},"author":1,"featured_media":21153,"comment_status":"closed","ping_status":"closed","sticky":false,"template":"","format":"standard","meta":{"footnotes":""},"categories":[42],"tags":[],"class_list":["post-21152","post","type-post","status-publish","format-standard","has-post-thumbnail","hentry","category-news-approfondimenti"],"yoast_head":"<!-- This site is optimized with the Yoast SEO plugin v27.5 - https:\/\/yoast.com\/product\/yoast-seo-wordpress\/ -->\n<title>L&#039;importanza della formazione commerciale EFFE3ti - Effe3ti<\/title>\n<meta name=\"description\" content=\"La formazione commerciale permette di mantenere un vantaggio competitivo e di offrire ai clienti risposte e soluzioni al passo con i tempi\" \/>\n<meta name=\"robots\" content=\"index, follow, max-snippet:-1, max-image-preview:large, max-video-preview:-1\" \/>\n<link rel=\"canonical\" href=\"https:\/\/www.effe3ti.com\/pt\/a-importancia-do-treinamento-eficaz\/\" \/>\n<meta property=\"og:locale\" content=\"pt_PT\" \/>\n<meta property=\"og:type\" content=\"article\" \/>\n<meta property=\"og:title\" content=\"L&#039;importanza della formazione commerciale EFFE3ti - Effe3ti\" \/>\n<meta property=\"og:description\" content=\"La formazione commerciale permette di mantenere un vantaggio competitivo e di offrire ai clienti risposte e soluzioni al passo con i tempi\" \/>\n<meta property=\"og:url\" content=\"https:\/\/www.effe3ti.com\/pt\/a-importancia-do-treinamento-eficaz\/\" \/>\n<meta property=\"og:site_name\" content=\"Effe3ti\" \/>\n<meta property=\"article:publisher\" content=\"https:\/\/www.facebook.com\/effe3ti.packaging\" \/>\n<meta property=\"article:published_time\" content=\"2024-10-25T07:10:39+00:00\" \/>\n<meta property=\"article:modified_time\" content=\"2025-04-15T09:20:50+00:00\" \/>\n<meta property=\"og:image\" content=\"https:\/\/www.effe3ti.com\/wp-content\/uploads\/2024\/10\/cover.jpg\" \/>\n\t<meta property=\"og:image:width\" content=\"1701\" \/>\n\t<meta property=\"og:image:height\" content=\"957\" \/>\n\t<meta property=\"og:image:type\" content=\"image\/jpeg\" \/>\n<meta name=\"author\" content=\"admin\" \/>\n<meta name=\"twitter:card\" content=\"summary_large_image\" \/>\n<meta name=\"twitter:label1\" content=\"Escrito por\" \/>\n\t<meta name=\"twitter:data1\" content=\"admin\" \/>\n\t<meta name=\"twitter:label2\" content=\"Tempo estimado de leitura\" \/>\n\t<meta name=\"twitter:data2\" content=\"4 minutos\" \/>\n<script type=\"application\/ld+json\" class=\"yoast-schema-graph\">{\"@context\":\"https:\\\/\\\/schema.org\",\"@graph\":[{\"@type\":\"Article\",\"@id\":\"https:\\\/\\\/www.effe3ti.com\\\/limportanza-della-formazione-effe3ti\\\/#article\",\"isPartOf\":{\"@id\":\"https:\\\/\\\/www.effe3ti.com\\\/limportanza-della-formazione-effe3ti\\\/\"},\"author\":{\"name\":\"admin\",\"@id\":\"https:\\\/\\\/www.effe3ti.com\\\/#\\\/schema\\\/person\\\/6cef6f087618c649ebbf63a4ea46e0d6\"},\"headline\":\"L&#8217;importanza della formazione commerciale EFFE3ti\",\"datePublished\":\"2024-10-25T07:10:39+00:00\",\"dateModified\":\"2025-04-15T09:20:50+00:00\",\"mainEntityOfPage\":{\"@id\":\"https:\\\/\\\/www.effe3ti.com\\\/limportanza-della-formazione-effe3ti\\\/\"},\"wordCount\":602,\"publisher\":{\"@id\":\"https:\\\/\\\/www.effe3ti.com\\\/#organization\"},\"image\":{\"@id\":\"https:\\\/\\\/www.effe3ti.com\\\/limportanza-della-formazione-effe3ti\\\/#primaryimage\"},\"thumbnailUrl\":\"https:\\\/\\\/www.effe3ti.com\\\/wp-content\\\/uploads\\\/2024\\\/10\\\/cover.jpg\",\"articleSection\":[\"Approfondimenti\"],\"inLanguage\":\"pt-PT\"},{\"@type\":\"WebPage\",\"@id\":\"https:\\\/\\\/www.effe3ti.com\\\/limportanza-della-formazione-effe3ti\\\/\",\"url\":\"https:\\\/\\\/www.effe3ti.com\\\/limportanza-della-formazione-effe3ti\\\/\",\"name\":\"L'importanza della formazione commerciale EFFE3ti - Effe3ti\",\"isPartOf\":{\"@id\":\"https:\\\/\\\/www.effe3ti.com\\\/#website\"},\"primaryImageOfPage\":{\"@id\":\"https:\\\/\\\/www.effe3ti.com\\\/limportanza-della-formazione-effe3ti\\\/#primaryimage\"},\"image\":{\"@id\":\"https:\\\/\\\/www.effe3ti.com\\\/limportanza-della-formazione-effe3ti\\\/#primaryimage\"},\"thumbnailUrl\":\"https:\\\/\\\/www.effe3ti.com\\\/wp-content\\\/uploads\\\/2024\\\/10\\\/cover.jpg\",\"datePublished\":\"2024-10-25T07:10:39+00:00\",\"dateModified\":\"2025-04-15T09:20:50+00:00\",\"description\":\"La formazione commerciale permette di mantenere un vantaggio competitivo e di offrire ai clienti risposte e soluzioni al passo con i tempi\",\"breadcrumb\":{\"@id\":\"https:\\\/\\\/www.effe3ti.com\\\/limportanza-della-formazione-effe3ti\\\/#breadcrumb\"},\"inLanguage\":\"pt-PT\",\"potentialAction\":[{\"@type\":\"ReadAction\",\"target\":[\"https:\\\/\\\/www.effe3ti.com\\\/limportanza-della-formazione-effe3ti\\\/\"]}]},{\"@type\":\"ImageObject\",\"inLanguage\":\"pt-PT\",\"@id\":\"https:\\\/\\\/www.effe3ti.com\\\/limportanza-della-formazione-effe3ti\\\/#primaryimage\",\"url\":\"https:\\\/\\\/www.effe3ti.com\\\/wp-content\\\/uploads\\\/2024\\\/10\\\/cover.jpg\",\"contentUrl\":\"https:\\\/\\\/www.effe3ti.com\\\/wp-content\\\/uploads\\\/2024\\\/10\\\/cover.jpg\",\"width\":1701,\"height\":957,\"caption\":\"formazione commerciale\"},{\"@type\":\"BreadcrumbList\",\"@id\":\"https:\\\/\\\/www.effe3ti.com\\\/limportanza-della-formazione-effe3ti\\\/#breadcrumb\",\"itemListElement\":[{\"@type\":\"ListItem\",\"position\":1,\"name\":\"Home\",\"item\":\"https:\\\/\\\/www.effe3ti.com\\\/\"},{\"@type\":\"ListItem\",\"position\":2,\"name\":\"L&#8217;importanza della formazione commerciale EFFE3ti\"}]},{\"@type\":\"WebSite\",\"@id\":\"https:\\\/\\\/www.effe3ti.com\\\/#website\",\"url\":\"https:\\\/\\\/www.effe3ti.com\\\/\",\"name\":\"Effe3ti\",\"description\":\"Packaging Technologies\",\"publisher\":{\"@id\":\"https:\\\/\\\/www.effe3ti.com\\\/#organization\"},\"potentialAction\":[{\"@type\":\"SearchAction\",\"target\":{\"@type\":\"EntryPoint\",\"urlTemplate\":\"https:\\\/\\\/www.effe3ti.com\\\/?s={search_term_string}\"},\"query-input\":{\"@type\":\"PropertyValueSpecification\",\"valueRequired\":true,\"valueName\":\"search_term_string\"}}],\"inLanguage\":\"pt-PT\"},{\"@type\":\"Organization\",\"@id\":\"https:\\\/\\\/www.effe3ti.com\\\/#organization\",\"name\":\"Effe3ti\",\"alternateName\":\"f3t\",\"url\":\"https:\\\/\\\/www.effe3ti.com\\\/\",\"logo\":{\"@type\":\"ImageObject\",\"inLanguage\":\"pt-PT\",\"@id\":\"https:\\\/\\\/www.effe3ti.com\\\/#\\\/schema\\\/logo\\\/image\\\/\",\"url\":\"https:\\\/\\\/www.effe3ti.com\\\/wp-content\\\/uploads\\\/2021\\\/04\\\/Effe3ti_logo-350.gif\",\"contentUrl\":\"https:\\\/\\\/www.effe3ti.com\\\/wp-content\\\/uploads\\\/2021\\\/04\\\/Effe3ti_logo-350.gif\",\"width\":350,\"height\":128,\"caption\":\"Effe3ti\"},\"image\":{\"@id\":\"https:\\\/\\\/www.effe3ti.com\\\/#\\\/schema\\\/logo\\\/image\\\/\"},\"sameAs\":[\"https:\\\/\\\/www.facebook.com\\\/effe3ti.packaging\",\"https:\\\/\\\/www.instagram.com\\\/EFFE3TI\\\/\",\"https:\\\/\\\/www.linkedin.com\\\/company\\\/effe3ti-srl\",\"https:\\\/\\\/www.youtube.com\\\/effe3ti\"]},{\"@type\":\"Person\",\"@id\":\"https:\\\/\\\/www.effe3ti.com\\\/#\\\/schema\\\/person\\\/6cef6f087618c649ebbf63a4ea46e0d6\",\"name\":\"admin\",\"image\":{\"@type\":\"ImageObject\",\"inLanguage\":\"pt-PT\",\"@id\":\"https:\\\/\\\/secure.gravatar.com\\\/avatar\\\/b253dd15467b2329f0e140e2e96d7a7963ee736a560580d3f5e9ae1015d2b5fd?s=96&d=mm&r=g\",\"url\":\"https:\\\/\\\/secure.gravatar.com\\\/avatar\\\/b253dd15467b2329f0e140e2e96d7a7963ee736a560580d3f5e9ae1015d2b5fd?s=96&d=mm&r=g\",\"contentUrl\":\"https:\\\/\\\/secure.gravatar.com\\\/avatar\\\/b253dd15467b2329f0e140e2e96d7a7963ee736a560580d3f5e9ae1015d2b5fd?s=96&d=mm&r=g\",\"caption\":\"admin\"}}]}<\/script>\n<!-- \/ Yoast SEO plugin. -->","yoast_head_json":{"title":"A import\u00e2ncia do treinamento comercial EFFE3ti - Effe3ti","description":"O treinamento de vendas permite que voc\u00ea mantenha uma vantagem competitiva e ofere\u00e7a aos clientes respostas e solu\u00e7\u00f5es que est\u00e3o em sintonia com os tempos.","robots":{"index":"index","follow":"follow","max-snippet":"max-snippet:-1","max-image-preview":"max-image-preview:large","max-video-preview":"max-video-preview:-1"},"canonical":"https:\/\/www.effe3ti.com\/pt\/a-importancia-do-treinamento-eficaz\/","og_locale":"pt_PT","og_type":"article","og_title":"L'importanza della formazione commerciale EFFE3ti - Effe3ti","og_description":"La formazione commerciale permette di mantenere un vantaggio competitivo e di offrire ai clienti risposte e soluzioni al passo con i tempi","og_url":"https:\/\/www.effe3ti.com\/pt\/a-importancia-do-treinamento-eficaz\/","og_site_name":"Effe3ti","article_publisher":"https:\/\/www.facebook.com\/effe3ti.packaging","article_published_time":"2024-10-25T07:10:39+00:00","article_modified_time":"2025-04-15T09:20:50+00:00","og_image":[{"width":1701,"height":957,"url":"https:\/\/www.effe3ti.com\/wp-content\/uploads\/2024\/10\/cover.jpg","type":"image\/jpeg"}],"author":"admin","twitter_card":"summary_large_image","twitter_misc":{"Escrito por":"admin","Tempo estimado de leitura":"4 minutos"},"schema":{"@context":"https:\/\/schema.org","@graph":[{"@type":"Article","@id":"https:\/\/www.effe3ti.com\/limportanza-della-formazione-effe3ti\/#article","isPartOf":{"@id":"https:\/\/www.effe3ti.com\/limportanza-della-formazione-effe3ti\/"},"author":{"name":"admin","@id":"https:\/\/www.effe3ti.com\/#\/schema\/person\/6cef6f087618c649ebbf63a4ea46e0d6"},"headline":"L&#8217;importanza della formazione commerciale EFFE3ti","datePublished":"2024-10-25T07:10:39+00:00","dateModified":"2025-04-15T09:20:50+00:00","mainEntityOfPage":{"@id":"https:\/\/www.effe3ti.com\/limportanza-della-formazione-effe3ti\/"},"wordCount":602,"publisher":{"@id":"https:\/\/www.effe3ti.com\/#organization"},"image":{"@id":"https:\/\/www.effe3ti.com\/limportanza-della-formazione-effe3ti\/#primaryimage"},"thumbnailUrl":"https:\/\/www.effe3ti.com\/wp-content\/uploads\/2024\/10\/cover.jpg","articleSection":["Approfondimenti"],"inLanguage":"pt-PT"},{"@type":"WebPage","@id":"https:\/\/www.effe3ti.com\/limportanza-della-formazione-effe3ti\/","url":"https:\/\/www.effe3ti.com\/limportanza-della-formazione-effe3ti\/","name":"A import\u00e2ncia do treinamento comercial EFFE3ti - Effe3ti","isPartOf":{"@id":"https:\/\/www.effe3ti.com\/#website"},"primaryImageOfPage":{"@id":"https:\/\/www.effe3ti.com\/limportanza-della-formazione-effe3ti\/#primaryimage"},"image":{"@id":"https:\/\/www.effe3ti.com\/limportanza-della-formazione-effe3ti\/#primaryimage"},"thumbnailUrl":"https:\/\/www.effe3ti.com\/wp-content\/uploads\/2024\/10\/cover.jpg","datePublished":"2024-10-25T07:10:39+00:00","dateModified":"2025-04-15T09:20:50+00:00","description":"O treinamento de vendas permite que voc\u00ea mantenha uma vantagem competitiva e ofere\u00e7a aos clientes respostas e solu\u00e7\u00f5es que est\u00e3o em sintonia com os tempos.","breadcrumb":{"@id":"https:\/\/www.effe3ti.com\/limportanza-della-formazione-effe3ti\/#breadcrumb"},"inLanguage":"pt-PT","potentialAction":[{"@type":"ReadAction","target":["https:\/\/www.effe3ti.com\/limportanza-della-formazione-effe3ti\/"]}]},{"@type":"ImageObject","inLanguage":"pt-PT","@id":"https:\/\/www.effe3ti.com\/limportanza-della-formazione-effe3ti\/#primaryimage","url":"https:\/\/www.effe3ti.com\/wp-content\/uploads\/2024\/10\/cover.jpg","contentUrl":"https:\/\/www.effe3ti.com\/wp-content\/uploads\/2024\/10\/cover.jpg","width":1701,"height":957,"caption":"formazione commerciale"},{"@type":"BreadcrumbList","@id":"https:\/\/www.effe3ti.com\/limportanza-della-formazione-effe3ti\/#breadcrumb","itemListElement":[{"@type":"ListItem","position":1,"name":"Home","item":"https:\/\/www.effe3ti.com\/"},{"@type":"ListItem","position":2,"name":"L&#8217;importanza della formazione commerciale EFFE3ti"}]},{"@type":"WebSite","@id":"https:\/\/www.effe3ti.com\/#website","url":"https:\/\/www.effe3ti.com\/","name":"Efe3ti","description":"Tecnologias de Embalagem","publisher":{"@id":"https:\/\/www.effe3ti.com\/#organization"},"potentialAction":[{"@type":"SearchAction","target":{"@type":"EntryPoint","urlTemplate":"https:\/\/www.effe3ti.com\/?s={search_term_string}"},"query-input":{"@type":"PropertyValueSpecification","valueRequired":true,"valueName":"search_term_string"}}],"inLanguage":"pt-PT"},{"@type":"Organization","@id":"https:\/\/www.effe3ti.com\/#organization","name":"Efe3ti","alternateName":"f3t","url":"https:\/\/www.effe3ti.com\/","logo":{"@type":"ImageObject","inLanguage":"pt-PT","@id":"https:\/\/www.effe3ti.com\/#\/schema\/logo\/image\/","url":"https:\/\/www.effe3ti.com\/wp-content\/uploads\/2021\/04\/Effe3ti_logo-350.gif","contentUrl":"https:\/\/www.effe3ti.com\/wp-content\/uploads\/2021\/04\/Effe3ti_logo-350.gif","width":350,"height":128,"caption":"Effe3ti"},"image":{"@id":"https:\/\/www.effe3ti.com\/#\/schema\/logo\/image\/"},"sameAs":["https:\/\/www.facebook.com\/effe3ti.packaging","https:\/\/www.instagram.com\/EFFE3TI\/","https:\/\/www.linkedin.com\/company\/effe3ti-srl","https:\/\/www.youtube.com\/effe3ti"]},{"@type":"Person","@id":"https:\/\/www.effe3ti.com\/#\/schema\/person\/6cef6f087618c649ebbf63a4ea46e0d6","name":"administrador","image":{"@type":"ImageObject","inLanguage":"pt-PT","@id":"https:\/\/secure.gravatar.com\/avatar\/b253dd15467b2329f0e140e2e96d7a7963ee736a560580d3f5e9ae1015d2b5fd?s=96&d=mm&r=g","url":"https:\/\/secure.gravatar.com\/avatar\/b253dd15467b2329f0e140e2e96d7a7963ee736a560580d3f5e9ae1015d2b5fd?s=96&d=mm&r=g","contentUrl":"https:\/\/secure.gravatar.com\/avatar\/b253dd15467b2329f0e140e2e96d7a7963ee736a560580d3f5e9ae1015d2b5fd?s=96&d=mm&r=g","caption":"admin"}}]}},"_links":{"self":[{"href":"https:\/\/www.effe3ti.com\/pt\/wp-json\/wp\/v2\/posts\/21152","targetHints":{"allow":["GET"]}}],"collection":[{"href":"https:\/\/www.effe3ti.com\/pt\/wp-json\/wp\/v2\/posts"}],"about":[{"href":"https:\/\/www.effe3ti.com\/pt\/wp-json\/wp\/v2\/types\/post"}],"author":[{"embeddable":true,"href":"https:\/\/www.effe3ti.com\/pt\/wp-json\/wp\/v2\/users\/1"}],"replies":[{"embeddable":true,"href":"https:\/\/www.effe3ti.com\/pt\/wp-json\/wp\/v2\/comments?post=21152"}],"version-history":[{"count":4,"href":"https:\/\/www.effe3ti.com\/pt\/wp-json\/wp\/v2\/posts\/21152\/revisions"}],"predecessor-version":[{"id":22916,"href":"https:\/\/www.effe3ti.com\/pt\/wp-json\/wp\/v2\/posts\/21152\/revisions\/22916"}],"wp:featuredmedia":[{"embeddable":true,"href":"https:\/\/www.effe3ti.com\/pt\/wp-json\/wp\/v2\/media\/21153"}],"wp:attachment":[{"href":"https:\/\/www.effe3ti.com\/pt\/wp-json\/wp\/v2\/media?parent=21152"}],"wp:term":[{"taxonomy":"category","embeddable":true,"href":"https:\/\/www.effe3ti.com\/pt\/wp-json\/wp\/v2\/categories?post=21152"},{"taxonomy":"post_tag","embeddable":true,"href":"https:\/\/www.effe3ti.com\/pt\/wp-json\/wp\/v2\/tags?post=21152"}],"curies":[{"name":"wp","href":"https:\/\/api.w.org\/{rel}","templated":true}]}}