{"id":23846,"date":"2025-11-12T08:35:53","date_gmt":"2025-11-12T08:35:53","guid":{"rendered":"https:\/\/www.effe3ti.com\/?p=23846"},"modified":"2026-03-12T14:23:13","modified_gmt":"2026-03-12T14:23:13","slug":"enfardadeiras-de-papelao-guia-de-compra-para-pequenas-e-grandes-empresas","status":"publish","type":"post","link":"https:\/\/www.effe3ti.com\/pt\/presse-cartone-guida-allacquisto-per-piccole-e-grandi-imprese\/","title":{"rendered":"Enfardadeiras de papel\u00e3o: um guia de compra para pequenas e grandes empresas"},"content":{"rendered":"<p>As prensas de papel\u00e3o s\u00e3o essenciais para o gerenciamento eficiente de res\u00edduos de embalagens. Desde pequenas empresas com baixos volumes de produ\u00e7\u00e3o at\u00e9 grandes centros de log\u00edstica e grandes redes varejistas, uma prensa de papel\u00e3o dedicada permite reduzir drasticamente o volume de materiais, otimizar o espa\u00e7o, cortar custos de transporte e reciclar res\u00edduos recicl\u00e1veis.&nbsp;<\/p>\n\n\n\n<p>Mas quais tipos est\u00e3o dispon\u00edveis e como escolher o mais adequado?<\/p>\n\n\n\n<h2 class=\"wp-block-heading\">Por que as enfardadeiras de papel\u00e3o s\u00e3o uma escolha estrat\u00e9gica<\/h2>\n\n\n\n<p>Investir em um&nbsp;<a href=\"https:\/\/www.effe3ti.com\/pt\/logistica-de-compactadores\/\" target=\"_blank\" rel=\"noreferrer noopener\">prensa de papel\u00e3o<\/a>&nbsp;Significa melhorar a organiza\u00e7\u00e3o interna e tornar a gest\u00e3o de res\u00edduos mais sustent\u00e1vel.&nbsp;<\/p>\n\n\n\n<p>Ao compactar o material, na verdade:<\/p>\n\n\n\n<ul class=\"wp-block-list\">\n<li>o espa\u00e7o ocupado pela embalagem \u00e9 reduzido em at\u00e9 90%;<\/li>\n\n\n\n<li>As opera\u00e7\u00f5es de coleta e descarte s\u00e3o aceleradas;<\/li>\n\n\n\n<li>e voc\u00ea recebe um fardo pronto para ser enviado para reciclagem.&nbsp;<\/li>\n<\/ul>\n\n\n\n<p>Dessa forma, as empresas podem reduzir os custos de armazenamento e manuseio. Outro benef\u00edcio, talvez menos \u00f3bvio, mas ainda assim digno de considera\u00e7\u00e3o, \u00e9 que as pessoas trabalham melhor em um ambiente mais organizado e seguro.<\/p>\n\n\n\n<h2 class=\"wp-block-heading\">As enfardadeiras autom\u00e1ticas de papel\u00e3o s\u00e3o mais adequadas para grandes empresas.<\/h2>\n\n\n\n<p>As enfardadeiras autom\u00e1ticas de papel\u00e3o s\u00e3o os sistemas mais avan\u00e7ados dispon\u00edveis. Elas s\u00e3o projetadas para lidar com grandes quantidades de res\u00edduos sem exigir interven\u00e7\u00e3o constante do operador.&nbsp;<\/p>\n\n\n\n<figure class=\"wp-block-image size-large\"><img fetchpriority=\"high\" decoding=\"async\" width=\"1024\" height=\"683\" src=\"https:\/\/www.effe3ti.com\/wp-content\/uploads\/2023\/11\/Jumboloadbaler-4-1024x683.jpg\" alt=\"prensas\" class=\"wp-image-23233\" srcset=\"https:\/\/www.effe3ti.com\/wp-content\/uploads\/2023\/11\/Jumboloadbaler-4-1024x683.jpg 1024w, https:\/\/www.effe3ti.com\/wp-content\/uploads\/2023\/11\/Jumboloadbaler-4-300x200.jpg 300w, https:\/\/www.effe3ti.com\/wp-content\/uploads\/2023\/11\/Jumboloadbaler-4-768x512.jpg 768w, https:\/\/www.effe3ti.com\/wp-content\/uploads\/2023\/11\/Jumboloadbaler-4-1536x1025.jpg 1536w, https:\/\/www.effe3ti.com\/wp-content\/uploads\/2023\/11\/Jumboloadbaler-4-18x12.jpg 18w, https:\/\/www.effe3ti.com\/wp-content\/uploads\/2023\/11\/Jumboloadbaler-4-600x400.jpg 600w, https:\/\/www.effe3ti.com\/wp-content\/uploads\/2023\/11\/Jumboloadbaler-4.jpg 2000w\" sizes=\"(max-width: 1024px) 100vw, 1024px\" \/><\/figure>\n\n\n\n<p>Por isso, s\u00e3o ideais para armaz\u00e9ns, centros de log\u00edstica e supermercados, onde o fluxo de papel\u00e3o \u00e9 cont\u00ednuo e exige um sistema capaz de manter alta produtividade. Dois excelentes exemplos de enfardadeiras autom\u00e1ticas de papel\u00e3o oferecidas pela Effe3Ti s\u00e3o a BaleTainer e a AutoLoadBaler.<\/p>\n\n\n\n<h3 class=\"wp-block-heading\">BaleTainer: Gest\u00e3o cont\u00ednua e redu\u00e7\u00e3o at\u00e9 90%<\/h3>\n\n\n\n<p><a href=\"https:\/\/www.effe3ti.com\/pt\/produto\/prensa-automatica-baletainer\/\" target=\"_blank\" rel=\"noreferrer noopener\">A BaleTainer \u00e9 uma enfardadeira autom\u00e1tica adequada para papel e papel\u00e3o.<\/a>, mas tamb\u00e9m trabalha com filmes pl\u00e1sticos e garrafas PET.\u00a0<\/p>\n\n\n\n<p>Gra\u00e7as ao carregamento cont\u00ednuo, esta enfardadeira autom\u00e1tica reduz a interven\u00e7\u00e3o do operador e garante um fluxo de trabalho constante. Com uma for\u00e7a de enfardamento de 600 kN, produz fardos com peso at\u00e9 400 kg e alcan\u00e7a uma redu\u00e7\u00e3o de volume em compara\u00e7\u00e3o com a 90%, maximizando o espa\u00e7o e os custos de transporte. Os fardos s\u00e3o ent\u00e3o amarrados automaticamente com arame no tamanho ideal para carregamento direto em caminh\u00f5es, para transporte e venda a centros de reciclagem.<\/p>\n\n\n\n<h3 class=\"wp-block-heading\">O AutoLoadBaler aumenta a produtividade da 800%.<\/h3>\n\n\n\n<p>A enfardadeira AutoLoadBaler foi projetada para o com\u00e9rcio varejista em larga escala e para qualquer empresa que precise lidar com grandes quantidades de papel\u00e3o. Ela automatiza tanto o enchimento quanto a compacta\u00e7\u00e3o, aumentando a produtividade em at\u00e9 800 toneladas em compara\u00e7\u00e3o com uma enfardadeira vertical tradicional. Estudos e experi\u00eancia pr\u00e1tica demonstraram que leva apenas 31,5 minutos para produzir um \u00fanico fardo, em compara\u00e7\u00e3o com mais de 4 horas. A AutoLoadBaler produz fardos de 400 kg com dimens\u00f5es de 1200 x 800 x 1100 mm.<\/p>\n\n\n\n<p><a href=\"https:\/\/www.effe3ti.com\/pt\/produto\/enfardadeira-automatica\/\" target=\"_blank\" rel=\"noreferrer noopener\">Carregamento autom\u00e1tico<\/a><a href=\"https:\/\/www.effe3ti.com\/pt\/produto\/enfardadeira-automatica\/\">dBaler<\/a>&nbsp;Tamb\u00e9m \u00e9 compat\u00edvel com o sistema.&nbsp;<a href=\"https:\/\/www.effe3ti.com\/pt\/industria-4-0-escolha-sistemas-automaticos-para-operacoes-mais-rapidas\/\" target=\"_blank\" rel=\"noreferrer noopener\">Ind\u00fastria 4.0 para aquisi\u00e7\u00e3o de dados para an\u00e1lise do processo interno de descarte de res\u00edduos.<\/a>.<\/p>\n\n\n\n<p>Al\u00e9m disso, o carrinho pode ser personalizado com as cores, o logotipo ou o slogan da sua empresa: dessa forma, at\u00e9 mesmo as ferramentas de trabalho se tornam ferramentas de publicidade.<\/p>\n\n\n\n<h2 class=\"wp-block-heading\">Para pequenas e m\u00e9dias empresas, solu\u00e7\u00f5es compactas e vers\u00e1teis.<\/h2>\n\n\n\n<p>As enfardadeiras n\u00e3o autom\u00e1ticas s\u00e3o a escolha certa para pequenas e m\u00e9dias empresas que n\u00e3o produzem grandes quantidades de papel\u00e3o, mas ainda desejam gerenciar seus res\u00edduos de forma organizada e econ\u00f4mica. Elas oferecem baixo custo de investimento e facilidade de uso, sendo ideais para armaz\u00e9ns ou oficinas artesanais.<\/p>\n\n\n\n<figure class=\"wp-block-image size-full\"><img decoding=\"async\" width=\"613\" height=\"500\" src=\"https:\/\/www.effe3ti.com\/wp-content\/uploads\/2024\/02\/contentbilder-1.png\" alt=\"Prensas enfardadeiras EFFE3ti\" class=\"wp-image-14071\" srcset=\"https:\/\/www.effe3ti.com\/wp-content\/uploads\/2024\/02\/contentbilder-1.png 613w, https:\/\/www.effe3ti.com\/wp-content\/uploads\/2024\/02\/contentbilder-1-300x245.png 300w, https:\/\/www.effe3ti.com\/wp-content\/uploads\/2024\/02\/contentbilder-1-600x489.png 600w\" sizes=\"(max-width: 613px) 100vw, 613px\" \/><\/figure>\n\n\n\n<p>Um modelo popular do cat\u00e1logo da Effe3Ti \u00e9 o&nbsp;<a href=\"https:\/\/www.effe3ti.com\/pt\/produto\/prensa-de-camara-vertical-bp4-4t\/\" target=\"_blank\" rel=\"noreferrer noopener\">BP4, uma prensa de c\u00e2mara vertical<\/a> Com uma for\u00e7a de compress\u00e3o de 4 toneladas, foi projetada para reduzir eficazmente o volume de papel\u00e3o e at\u00e9 mesmo de pl\u00e1stico. O fardo resultante, com dimens\u00f5es de 700 x 500 x 800 mm, \u00e9 f\u00e1cil de manusear e perfeito para espa\u00e7os pequenos.&nbsp;<\/p>\n\n\n\n<p>Gra\u00e7as ao ciclo semiautom\u00e1tico, o operador s\u00f3 precisa inserir o material e ativar a m\u00e1quina, que ent\u00e3o se encarrega da compacta\u00e7\u00e3o e sinaliza quando estiver cheia.<\/p>\n\n\n\n<h2 class=\"wp-block-heading\">Qual enfardadeira de papel\u00e3o devo escolher?<\/h2>\n\n\n\n<p>A escolha da enfardadeira de papel\u00e3o adequada depende principalmente do volume de material a ser processado.&nbsp;<\/p>\n\n\n\n<p>Empresas de maior porte com um fluxo constante de embalagens encontrar\u00e3o em solu\u00e7\u00f5es automatizadas como o BaleTainer e o AutoLoadBaler uma aliada estrat\u00e9gica para aumentar a efici\u00eancia e reduzir custos. J\u00e1 as empresas menores podem contar com modelos compactos como o BP4, que combinam praticidade e redu\u00e7\u00e3o de custos.&nbsp;<\/p>\n\n\n\n<p>Em todo caso, investir em uma enfardadeira de papel\u00e3o significa transformar um problema em uma oportunidade de sustentabilidade e valor econ\u00f4mico, al\u00e9m de garantir maior seguran\u00e7a no local de trabalho e, simplesmente, fazer com que as pessoas trabalhem melhor.<\/p>\n\n\n\n<p><\/p>","protected":false},"excerpt":{"rendered":"<p>Le presse cartone non possono essere evitate se si vuole gestire in modo efficiente gli scarti di imballaggio. Dalla piccola impresa che produce volumi ridotti fino ai grandi centri logistici e alla GDO, una pressa dedicata al cartone consente di: ridurre drasticamente il volume dei materiali, ottimizzare gli spazi, abbattere i costi di trasporto e [&hellip;]<\/p>\n","protected":false},"author":1,"featured_media":23231,"comment_status":"closed","ping_status":"closed","sticky":false,"template":"","format":"standard","meta":{"footnotes":""},"categories":[42],"tags":[],"class_list":["post-23846","post","type-post","status-publish","format-standard","has-post-thumbnail","hentry","category-news-approfondimenti"],"yoast_head":"<!-- This site is optimized with the Yoast SEO plugin v27.5 - https:\/\/yoast.com\/product\/yoast-seo-wordpress\/ -->\n<title>Presse cartone: guida all\u2019acquisto per piccole e grandi imprese - Effe3ti<\/title>\n<meta name=\"description\" content=\"Le presse per cartone rivoluzionano la gestione dei rifiuti, anche nelle piccole aziende. Ecco quale scegliere.\" \/>\n<meta name=\"robots\" content=\"index, follow, max-snippet:-1, max-image-preview:large, max-video-preview:-1\" \/>\n<link rel=\"canonical\" href=\"https:\/\/www.effe3ti.com\/pt\/enfardadeiras-de-papelao-guia-de-compra-para-pequenas-e-grandes-empresas\/\" \/>\n<meta property=\"og:locale\" content=\"pt_PT\" \/>\n<meta property=\"og:type\" content=\"article\" \/>\n<meta property=\"og:title\" content=\"Presse cartone: guida all\u2019acquisto per piccole e grandi imprese - Effe3ti\" \/>\n<meta property=\"og:description\" content=\"Le presse per cartone rivoluzionano la gestione dei rifiuti, anche nelle piccole aziende. Ecco quale scegliere.\" \/>\n<meta property=\"og:url\" content=\"https:\/\/www.effe3ti.com\/pt\/enfardadeiras-de-papelao-guia-de-compra-para-pequenas-e-grandes-empresas\/\" \/>\n<meta property=\"og:site_name\" content=\"Effe3ti\" \/>\n<meta property=\"article:publisher\" content=\"https:\/\/www.facebook.com\/effe3ti.packaging\" \/>\n<meta property=\"article:published_time\" content=\"2025-11-12T08:35:53+00:00\" \/>\n<meta property=\"article:modified_time\" content=\"2026-03-12T14:23:13+00:00\" \/>\n<meta property=\"og:image\" content=\"https:\/\/www.effe3ti.com\/wp-content\/uploads\/2023\/11\/Jumboloadbaler-3.jpg\" \/>\n\t<meta property=\"og:image:width\" content=\"2000\" \/>\n\t<meta property=\"og:image:height\" content=\"1282\" \/>\n\t<meta property=\"og:image:type\" content=\"image\/jpeg\" \/>\n<meta name=\"author\" content=\"admin\" \/>\n<meta name=\"twitter:card\" content=\"summary_large_image\" \/>\n<meta name=\"twitter:label1\" content=\"Escrito por\" \/>\n\t<meta name=\"twitter:data1\" content=\"admin\" \/>\n\t<meta name=\"twitter:label2\" content=\"Tempo estimado de leitura\" \/>\n\t<meta name=\"twitter:data2\" content=\"5 minutos\" \/>\n<script type=\"application\/ld+json\" class=\"yoast-schema-graph\">{\"@context\":\"https:\\\/\\\/schema.org\",\"@graph\":[{\"@type\":\"Article\",\"@id\":\"https:\\\/\\\/www.effe3ti.com\\\/presse-cartone-guida-allacquisto-per-piccole-e-grandi-imprese\\\/#article\",\"isPartOf\":{\"@id\":\"https:\\\/\\\/www.effe3ti.com\\\/presse-cartone-guida-allacquisto-per-piccole-e-grandi-imprese\\\/\"},\"author\":{\"name\":\"admin\",\"@id\":\"https:\\\/\\\/www.effe3ti.com\\\/#\\\/schema\\\/person\\\/6cef6f087618c649ebbf63a4ea46e0d6\"},\"headline\":\"Presse cartone: guida all\u2019acquisto per piccole e grandi imprese\",\"datePublished\":\"2025-11-12T08:35:53+00:00\",\"dateModified\":\"2026-03-12T14:23:13+00:00\",\"mainEntityOfPage\":{\"@id\":\"https:\\\/\\\/www.effe3ti.com\\\/presse-cartone-guida-allacquisto-per-piccole-e-grandi-imprese\\\/\"},\"wordCount\":745,\"publisher\":{\"@id\":\"https:\\\/\\\/www.effe3ti.com\\\/#organization\"},\"image\":{\"@id\":\"https:\\\/\\\/www.effe3ti.com\\\/presse-cartone-guida-allacquisto-per-piccole-e-grandi-imprese\\\/#primaryimage\"},\"thumbnailUrl\":\"https:\\\/\\\/www.effe3ti.com\\\/wp-content\\\/uploads\\\/2023\\\/11\\\/Jumboloadbaler-3.jpg\",\"articleSection\":[\"Approfondimenti\"],\"inLanguage\":\"pt-PT\"},{\"@type\":\"WebPage\",\"@id\":\"https:\\\/\\\/www.effe3ti.com\\\/presse-cartone-guida-allacquisto-per-piccole-e-grandi-imprese\\\/\",\"url\":\"https:\\\/\\\/www.effe3ti.com\\\/presse-cartone-guida-allacquisto-per-piccole-e-grandi-imprese\\\/\",\"name\":\"Presse cartone: guida all\u2019acquisto per piccole e grandi imprese - Effe3ti\",\"isPartOf\":{\"@id\":\"https:\\\/\\\/www.effe3ti.com\\\/#website\"},\"primaryImageOfPage\":{\"@id\":\"https:\\\/\\\/www.effe3ti.com\\\/presse-cartone-guida-allacquisto-per-piccole-e-grandi-imprese\\\/#primaryimage\"},\"image\":{\"@id\":\"https:\\\/\\\/www.effe3ti.com\\\/presse-cartone-guida-allacquisto-per-piccole-e-grandi-imprese\\\/#primaryimage\"},\"thumbnailUrl\":\"https:\\\/\\\/www.effe3ti.com\\\/wp-content\\\/uploads\\\/2023\\\/11\\\/Jumboloadbaler-3.jpg\",\"datePublished\":\"2025-11-12T08:35:53+00:00\",\"dateModified\":\"2026-03-12T14:23:13+00:00\",\"description\":\"Le presse per cartone rivoluzionano la gestione dei rifiuti, anche nelle piccole aziende. Ecco quale scegliere.\",\"breadcrumb\":{\"@id\":\"https:\\\/\\\/www.effe3ti.com\\\/presse-cartone-guida-allacquisto-per-piccole-e-grandi-imprese\\\/#breadcrumb\"},\"inLanguage\":\"pt-PT\",\"potentialAction\":[{\"@type\":\"ReadAction\",\"target\":[\"https:\\\/\\\/www.effe3ti.com\\\/presse-cartone-guida-allacquisto-per-piccole-e-grandi-imprese\\\/\"]}]},{\"@type\":\"ImageObject\",\"inLanguage\":\"pt-PT\",\"@id\":\"https:\\\/\\\/www.effe3ti.com\\\/presse-cartone-guida-allacquisto-per-piccole-e-grandi-imprese\\\/#primaryimage\",\"url\":\"https:\\\/\\\/www.effe3ti.com\\\/wp-content\\\/uploads\\\/2023\\\/11\\\/Jumboloadbaler-3.jpg\",\"contentUrl\":\"https:\\\/\\\/www.effe3ti.com\\\/wp-content\\\/uploads\\\/2023\\\/11\\\/Jumboloadbaler-3.jpg\",\"width\":2000,\"height\":1282,\"caption\":\"Jumboloadbaler\"},{\"@type\":\"BreadcrumbList\",\"@id\":\"https:\\\/\\\/www.effe3ti.com\\\/presse-cartone-guida-allacquisto-per-piccole-e-grandi-imprese\\\/#breadcrumb\",\"itemListElement\":[{\"@type\":\"ListItem\",\"position\":1,\"name\":\"Home\",\"item\":\"https:\\\/\\\/www.effe3ti.com\\\/\"},{\"@type\":\"ListItem\",\"position\":2,\"name\":\"Presse cartone: guida all\u2019acquisto per piccole e grandi imprese\"}]},{\"@type\":\"WebSite\",\"@id\":\"https:\\\/\\\/www.effe3ti.com\\\/#website\",\"url\":\"https:\\\/\\\/www.effe3ti.com\\\/\",\"name\":\"Effe3ti\",\"description\":\"Packaging Technologies\",\"publisher\":{\"@id\":\"https:\\\/\\\/www.effe3ti.com\\\/#organization\"},\"potentialAction\":[{\"@type\":\"SearchAction\",\"target\":{\"@type\":\"EntryPoint\",\"urlTemplate\":\"https:\\\/\\\/www.effe3ti.com\\\/?s={search_term_string}\"},\"query-input\":{\"@type\":\"PropertyValueSpecification\",\"valueRequired\":true,\"valueName\":\"search_term_string\"}}],\"inLanguage\":\"pt-PT\"},{\"@type\":\"Organization\",\"@id\":\"https:\\\/\\\/www.effe3ti.com\\\/#organization\",\"name\":\"Effe3ti\",\"alternateName\":\"f3t\",\"url\":\"https:\\\/\\\/www.effe3ti.com\\\/\",\"logo\":{\"@type\":\"ImageObject\",\"inLanguage\":\"pt-PT\",\"@id\":\"https:\\\/\\\/www.effe3ti.com\\\/#\\\/schema\\\/logo\\\/image\\\/\",\"url\":\"https:\\\/\\\/www.effe3ti.com\\\/wp-content\\\/uploads\\\/2021\\\/04\\\/Effe3ti_logo-350.gif\",\"contentUrl\":\"https:\\\/\\\/www.effe3ti.com\\\/wp-content\\\/uploads\\\/2021\\\/04\\\/Effe3ti_logo-350.gif\",\"width\":350,\"height\":128,\"caption\":\"Effe3ti\"},\"image\":{\"@id\":\"https:\\\/\\\/www.effe3ti.com\\\/#\\\/schema\\\/logo\\\/image\\\/\"},\"sameAs\":[\"https:\\\/\\\/www.facebook.com\\\/effe3ti.packaging\",\"https:\\\/\\\/www.instagram.com\\\/EFFE3TI\\\/\",\"https:\\\/\\\/www.linkedin.com\\\/company\\\/effe3ti-srl\",\"https:\\\/\\\/www.youtube.com\\\/effe3ti\"]},{\"@type\":\"Person\",\"@id\":\"https:\\\/\\\/www.effe3ti.com\\\/#\\\/schema\\\/person\\\/6cef6f087618c649ebbf63a4ea46e0d6\",\"name\":\"admin\",\"image\":{\"@type\":\"ImageObject\",\"inLanguage\":\"pt-PT\",\"@id\":\"https:\\\/\\\/secure.gravatar.com\\\/avatar\\\/b253dd15467b2329f0e140e2e96d7a7963ee736a560580d3f5e9ae1015d2b5fd?s=96&d=mm&r=g\",\"url\":\"https:\\\/\\\/secure.gravatar.com\\\/avatar\\\/b253dd15467b2329f0e140e2e96d7a7963ee736a560580d3f5e9ae1015d2b5fd?s=96&d=mm&r=g\",\"contentUrl\":\"https:\\\/\\\/secure.gravatar.com\\\/avatar\\\/b253dd15467b2329f0e140e2e96d7a7963ee736a560580d3f5e9ae1015d2b5fd?s=96&d=mm&r=g\",\"caption\":\"admin\"}}]}<\/script>\n<!-- \/ Yoast SEO plugin. -->","yoast_head_json":{"title":"Enfardadeiras de papel\u00e3o: um guia de compra para pequenas e grandes empresas - Effe3ti","description":"As prensas de papel\u00e3o est\u00e3o revolucionando a gest\u00e3o de res\u00edduos, at\u00e9 mesmo para pequenas empresas. Veja qual escolher.","robots":{"index":"index","follow":"follow","max-snippet":"max-snippet:-1","max-image-preview":"max-image-preview:large","max-video-preview":"max-video-preview:-1"},"canonical":"https:\/\/www.effe3ti.com\/pt\/enfardadeiras-de-papelao-guia-de-compra-para-pequenas-e-grandes-empresas\/","og_locale":"pt_PT","og_type":"article","og_title":"Presse cartone: guida all\u2019acquisto per piccole e grandi imprese - Effe3ti","og_description":"Le presse per cartone rivoluzionano la gestione dei rifiuti, anche nelle piccole aziende. Ecco quale scegliere.","og_url":"https:\/\/www.effe3ti.com\/pt\/enfardadeiras-de-papelao-guia-de-compra-para-pequenas-e-grandes-empresas\/","og_site_name":"Effe3ti","article_publisher":"https:\/\/www.facebook.com\/effe3ti.packaging","article_published_time":"2025-11-12T08:35:53+00:00","article_modified_time":"2026-03-12T14:23:13+00:00","og_image":[{"width":2000,"height":1282,"url":"https:\/\/www.effe3ti.com\/wp-content\/uploads\/2023\/11\/Jumboloadbaler-3.jpg","type":"image\/jpeg"}],"author":"admin","twitter_card":"summary_large_image","twitter_misc":{"Escrito por":"admin","Tempo estimado de leitura":"5 minutos"},"schema":{"@context":"https:\/\/schema.org","@graph":[{"@type":"Article","@id":"https:\/\/www.effe3ti.com\/presse-cartone-guida-allacquisto-per-piccole-e-grandi-imprese\/#article","isPartOf":{"@id":"https:\/\/www.effe3ti.com\/presse-cartone-guida-allacquisto-per-piccole-e-grandi-imprese\/"},"author":{"name":"admin","@id":"https:\/\/www.effe3ti.com\/#\/schema\/person\/6cef6f087618c649ebbf63a4ea46e0d6"},"headline":"Presse cartone: guida all\u2019acquisto per piccole e grandi imprese","datePublished":"2025-11-12T08:35:53+00:00","dateModified":"2026-03-12T14:23:13+00:00","mainEntityOfPage":{"@id":"https:\/\/www.effe3ti.com\/presse-cartone-guida-allacquisto-per-piccole-e-grandi-imprese\/"},"wordCount":745,"publisher":{"@id":"https:\/\/www.effe3ti.com\/#organization"},"image":{"@id":"https:\/\/www.effe3ti.com\/presse-cartone-guida-allacquisto-per-piccole-e-grandi-imprese\/#primaryimage"},"thumbnailUrl":"https:\/\/www.effe3ti.com\/wp-content\/uploads\/2023\/11\/Jumboloadbaler-3.jpg","articleSection":["Approfondimenti"],"inLanguage":"pt-PT"},{"@type":"WebPage","@id":"https:\/\/www.effe3ti.com\/presse-cartone-guida-allacquisto-per-piccole-e-grandi-imprese\/","url":"https:\/\/www.effe3ti.com\/presse-cartone-guida-allacquisto-per-piccole-e-grandi-imprese\/","name":"Enfardadeiras de papel\u00e3o: um guia de compra para pequenas e grandes empresas - Effe3ti","isPartOf":{"@id":"https:\/\/www.effe3ti.com\/#website"},"primaryImageOfPage":{"@id":"https:\/\/www.effe3ti.com\/presse-cartone-guida-allacquisto-per-piccole-e-grandi-imprese\/#primaryimage"},"image":{"@id":"https:\/\/www.effe3ti.com\/presse-cartone-guida-allacquisto-per-piccole-e-grandi-imprese\/#primaryimage"},"thumbnailUrl":"https:\/\/www.effe3ti.com\/wp-content\/uploads\/2023\/11\/Jumboloadbaler-3.jpg","datePublished":"2025-11-12T08:35:53+00:00","dateModified":"2026-03-12T14:23:13+00:00","description":"As prensas de papel\u00e3o est\u00e3o revolucionando a gest\u00e3o de res\u00edduos, at\u00e9 mesmo para pequenas empresas. Veja qual escolher.","breadcrumb":{"@id":"https:\/\/www.effe3ti.com\/presse-cartone-guida-allacquisto-per-piccole-e-grandi-imprese\/#breadcrumb"},"inLanguage":"pt-PT","potentialAction":[{"@type":"ReadAction","target":["https:\/\/www.effe3ti.com\/presse-cartone-guida-allacquisto-per-piccole-e-grandi-imprese\/"]}]},{"@type":"ImageObject","inLanguage":"pt-PT","@id":"https:\/\/www.effe3ti.com\/presse-cartone-guida-allacquisto-per-piccole-e-grandi-imprese\/#primaryimage","url":"https:\/\/www.effe3ti.com\/wp-content\/uploads\/2023\/11\/Jumboloadbaler-3.jpg","contentUrl":"https:\/\/www.effe3ti.com\/wp-content\/uploads\/2023\/11\/Jumboloadbaler-3.jpg","width":2000,"height":1282,"caption":"Jumboloadbaler"},{"@type":"BreadcrumbList","@id":"https:\/\/www.effe3ti.com\/presse-cartone-guida-allacquisto-per-piccole-e-grandi-imprese\/#breadcrumb","itemListElement":[{"@type":"ListItem","position":1,"name":"Home","item":"https:\/\/www.effe3ti.com\/"},{"@type":"ListItem","position":2,"name":"Presse cartone: guida all\u2019acquisto per piccole e grandi imprese"}]},{"@type":"WebSite","@id":"https:\/\/www.effe3ti.com\/#website","url":"https:\/\/www.effe3ti.com\/","name":"Efe3ti","description":"Tecnologias de Embalagem","publisher":{"@id":"https:\/\/www.effe3ti.com\/#organization"},"potentialAction":[{"@type":"SearchAction","target":{"@type":"EntryPoint","urlTemplate":"https:\/\/www.effe3ti.com\/?s={search_term_string}"},"query-input":{"@type":"PropertyValueSpecification","valueRequired":true,"valueName":"search_term_string"}}],"inLanguage":"pt-PT"},{"@type":"Organization","@id":"https:\/\/www.effe3ti.com\/#organization","name":"Efe3ti","alternateName":"f3t","url":"https:\/\/www.effe3ti.com\/","logo":{"@type":"ImageObject","inLanguage":"pt-PT","@id":"https:\/\/www.effe3ti.com\/#\/schema\/logo\/image\/","url":"https:\/\/www.effe3ti.com\/wp-content\/uploads\/2021\/04\/Effe3ti_logo-350.gif","contentUrl":"https:\/\/www.effe3ti.com\/wp-content\/uploads\/2021\/04\/Effe3ti_logo-350.gif","width":350,"height":128,"caption":"Effe3ti"},"image":{"@id":"https:\/\/www.effe3ti.com\/#\/schema\/logo\/image\/"},"sameAs":["https:\/\/www.facebook.com\/effe3ti.packaging","https:\/\/www.instagram.com\/EFFE3TI\/","https:\/\/www.linkedin.com\/company\/effe3ti-srl","https:\/\/www.youtube.com\/effe3ti"]},{"@type":"Person","@id":"https:\/\/www.effe3ti.com\/#\/schema\/person\/6cef6f087618c649ebbf63a4ea46e0d6","name":"administrador","image":{"@type":"ImageObject","inLanguage":"pt-PT","@id":"https:\/\/secure.gravatar.com\/avatar\/b253dd15467b2329f0e140e2e96d7a7963ee736a560580d3f5e9ae1015d2b5fd?s=96&d=mm&r=g","url":"https:\/\/secure.gravatar.com\/avatar\/b253dd15467b2329f0e140e2e96d7a7963ee736a560580d3f5e9ae1015d2b5fd?s=96&d=mm&r=g","contentUrl":"https:\/\/secure.gravatar.com\/avatar\/b253dd15467b2329f0e140e2e96d7a7963ee736a560580d3f5e9ae1015d2b5fd?s=96&d=mm&r=g","caption":"admin"}}]}},"_links":{"self":[{"href":"https:\/\/www.effe3ti.com\/pt\/wp-json\/wp\/v2\/posts\/23846","targetHints":{"allow":["GET"]}}],"collection":[{"href":"https:\/\/www.effe3ti.com\/pt\/wp-json\/wp\/v2\/posts"}],"about":[{"href":"https:\/\/www.effe3ti.com\/pt\/wp-json\/wp\/v2\/types\/post"}],"author":[{"embeddable":true,"href":"https:\/\/www.effe3ti.com\/pt\/wp-json\/wp\/v2\/users\/1"}],"replies":[{"embeddable":true,"href":"https:\/\/www.effe3ti.com\/pt\/wp-json\/wp\/v2\/comments?post=23846"}],"version-history":[{"count":3,"href":"https:\/\/www.effe3ti.com\/pt\/wp-json\/wp\/v2\/posts\/23846\/revisions"}],"predecessor-version":[{"id":23983,"href":"https:\/\/www.effe3ti.com\/pt\/wp-json\/wp\/v2\/posts\/23846\/revisions\/23983"}],"wp:featuredmedia":[{"embeddable":true,"href":"https:\/\/www.effe3ti.com\/pt\/wp-json\/wp\/v2\/media\/23231"}],"wp:attachment":[{"href":"https:\/\/www.effe3ti.com\/pt\/wp-json\/wp\/v2\/media?parent=23846"}],"wp:term":[{"taxonomy":"category","embeddable":true,"href":"https:\/\/www.effe3ti.com\/pt\/wp-json\/wp\/v2\/categories?post=23846"},{"taxonomy":"post_tag","embeddable":true,"href":"https:\/\/www.effe3ti.com\/pt\/wp-json\/wp\/v2\/tags?post=23846"}],"curies":[{"name":"wp","href":"https:\/\/api.w.org\/{rel}","templated":true}]}}