{"id":568,"date":"2018-04-04T08:25:00","date_gmt":"2018-04-04T08:25:00","guid":{"rendered":"https:\/\/vps-de1b14d9.vps.ovh.net\/effe3ti\/?p=568"},"modified":"2025-04-16T15:49:44","modified_gmt":"2025-04-16T15:49:44","slug":"um-forno-novo","status":"publish","type":"post","link":"https:\/\/www.effe3ti.com\/pt\/un-forno-tutto-nuovo\/","title":{"rendered":"Envolt\u00f3rio retr\u00e1til"},"content":{"rendered":"<h2 class=\"wp-block-heading\">Inova\u00e7\u00e3o e Desempenho do Novo Forno<\/h2>\n\n\n\n<p>N\u00f3s temos completamente\u00a0<strong>redesenhou nosso <a href=\"https:\/\/www.effe3ti.com\/pt\/termoencolhivel\/\">Forno termoencolh\u00edvel<\/a><\/strong>\u00a0para oferecer ainda mais desempenho e maior efici\u00eancia. Sempre um carro-chefe em nossa linha de\u00a0<strong>m\u00e1quinas de embalagem<\/strong>, nosso forno se destacou pela capacidade de garantir excelente\u00a0<strong>termoencolh\u00edvel<\/strong>\u00a0Com alimenta\u00e7\u00e3o a g\u00e1s e el\u00e9trica. Gra\u00e7as ao seu design inovador, nosso forno \u00e9 apreciado pelos clientes por sua facilidade de uso, seguran\u00e7a garantida e embalagem de alta qualidade.<\/p>\n\n\n\n<p>Com a nova vers\u00e3o, o forno foi ainda mais otimizado. Reduzimos o sistema de movimento do sino para&nbsp;<strong>apenas um motor<\/strong>, simplificando assim o mecanismo de eleva\u00e7\u00e3o e abaixamento, aumentando a confiabilidade e a durabilidade. Isso n\u00e3o s\u00f3 facilita a opera\u00e7\u00e3o, como tamb\u00e9m reduz o consumo de energia e a necessidade de manuten\u00e7\u00e3o.<\/p>\n\n\n\n<h3 class=\"wp-block-heading\">Efici\u00eancia e economia com o novo forno termoencolh\u00edvel<\/h3>\n\n\n\n<p>Nosso&nbsp;<strong>forno termoencolh\u00edvel<\/strong>&nbsp;Foi projetado para operar de forma totalmente autom\u00e1tica, reduzindo ao m\u00ednimo a interven\u00e7\u00e3o do operador. Essa automa\u00e7\u00e3o n\u00e3o s\u00f3 simplifica as opera\u00e7\u00f5es, como tamb\u00e9m garante qualidade consistente na produ\u00e7\u00e3o.&nbsp;<strong>termoencolh\u00edvel<\/strong>. A facilidade de ajuste dos par\u00e2metros de opera\u00e7\u00e3o, aliada \u00e0 redu\u00e7\u00e3o do consumo de energia, tornam este forno ideal para empresas que buscam uma solu\u00e7\u00e3o eficiente, segura e de baixo impacto ambiental.<\/p>\n\n\n\n<p>Al\u00e9m disso, gra\u00e7as ao&nbsp;<strong>termoencolh\u00edvel<\/strong>&nbsp;De alta qualidade, o forno garante que o filme retr\u00e1til adira perfeitamente ao produto, protegendo-o com seguran\u00e7a durante o transporte e o armazenamento. A estrutura compacta e a facilidade de integra\u00e7\u00e3o ao processo de embalagem o tornam a escolha perfeita para empresas que buscam otimizar suas opera\u00e7\u00f5es e reduzir custos operacionais sem comprometer a qualidade do trabalho.<\/p>\n\n\n\n<figure class=\"wp-block-image\"><img decoding=\"async\" src=\"https:\/\/www.effe3ti.com\/wp-content\/uploads\/2021\/04\/Effe3ti-ts-32-e-1024x1024.jpg\" alt=\"\"\/><\/figure>\n\n\n\n<p><\/p>","protected":false},"excerpt":{"rendered":"<p>Innovazione e Prestazioni del Nuovo Forno Abbiamo completamente\u00a0ridisegnato il nostro Forno di Termoretrazione\u00a0per offrire prestazioni ancora pi\u00f9 elevate e una maggiore efficienza. Da sempre un fiore all&#8217;occhiello nella nostra gamma di\u00a0macchine per l\u2019imballaggio, il nostro forno si \u00e8 contraddistinto per la sua capacit\u00e0 di garantire un&#8217;ottima\u00a0termoretrazione\u00a0con alimentazione sia a gas che elettrica. Grazie a un [&hellip;]<\/p>\n","protected":false},"author":1,"featured_media":106,"comment_status":"closed","ping_status":"closed","sticky":false,"template":"","format":"standard","meta":{"footnotes":""},"categories":[41],"tags":[],"class_list":["post-568","post","type-post","status-publish","format-standard","has-post-thumbnail","hentry","category-news-prodotto"],"yoast_head":"<!-- This site is optimized with the Yoast SEO plugin v27.5 - https:\/\/yoast.com\/product\/yoast-seo-wordpress\/ -->\n<title>Imballaggio con termoretrazione - Effe3ti<\/title>\n<meta name=\"description\" content=\"Con alimentazione a Gas o Elettrica, il nostro Forno di Termoretrazione \u00e8 un gioiello nella nostra gamma di macchine per l\u2019imballaggio\" \/>\n<meta name=\"robots\" content=\"index, follow, max-snippet:-1, max-image-preview:large, max-video-preview:-1\" \/>\n<link rel=\"canonical\" href=\"https:\/\/www.effe3ti.com\/pt\/um-forno-novo\/\" \/>\n<meta property=\"og:locale\" content=\"pt_PT\" \/>\n<meta property=\"og:type\" content=\"article\" \/>\n<meta property=\"og:title\" content=\"Imballaggio con termoretrazione - Effe3ti\" \/>\n<meta property=\"og:description\" content=\"Con alimentazione a Gas o Elettrica, il nostro Forno di Termoretrazione \u00e8 un gioiello nella nostra gamma di macchine per l\u2019imballaggio\" \/>\n<meta property=\"og:url\" content=\"https:\/\/www.effe3ti.com\/pt\/um-forno-novo\/\" \/>\n<meta property=\"og:site_name\" content=\"Effe3ti\" \/>\n<meta property=\"article:publisher\" content=\"https:\/\/www.facebook.com\/effe3ti.packaging\" \/>\n<meta property=\"article:published_time\" content=\"2018-04-04T08:25:00+00:00\" \/>\n<meta property=\"article:modified_time\" content=\"2025-04-16T15:49:44+00:00\" \/>\n<meta property=\"og:image\" content=\"https:\/\/www.effe3ti.com\/wp-content\/uploads\/2021\/04\/Termoretrazione-1.jpg\" \/>\n\t<meta property=\"og:image:width\" content=\"200\" \/>\n\t<meta property=\"og:image:height\" content=\"200\" \/>\n\t<meta property=\"og:image:type\" content=\"image\/jpeg\" \/>\n<meta name=\"author\" content=\"admin\" \/>\n<meta name=\"twitter:card\" content=\"summary_large_image\" \/>\n<meta name=\"twitter:label1\" content=\"Escrito por\" \/>\n\t<meta name=\"twitter:data1\" content=\"admin\" \/>\n\t<meta name=\"twitter:label2\" content=\"Tempo estimado de leitura\" \/>\n\t<meta name=\"twitter:data2\" content=\"2 minutos\" \/>\n<script type=\"application\/ld+json\" class=\"yoast-schema-graph\">{\"@context\":\"https:\\\/\\\/schema.org\",\"@graph\":[{\"@type\":\"Article\",\"@id\":\"https:\\\/\\\/www.effe3ti.com\\\/un-forno-tutto-nuovo\\\/#article\",\"isPartOf\":{\"@id\":\"https:\\\/\\\/www.effe3ti.com\\\/un-forno-tutto-nuovo\\\/\"},\"author\":{\"name\":\"admin\",\"@id\":\"https:\\\/\\\/www.effe3ti.com\\\/#\\\/schema\\\/person\\\/6cef6f087618c649ebbf63a4ea46e0d6\"},\"headline\":\"Imballaggio con termoretrazione\",\"datePublished\":\"2018-04-04T08:25:00+00:00\",\"dateModified\":\"2025-04-16T15:49:44+00:00\",\"mainEntityOfPage\":{\"@id\":\"https:\\\/\\\/www.effe3ti.com\\\/un-forno-tutto-nuovo\\\/\"},\"wordCount\":293,\"publisher\":{\"@id\":\"https:\\\/\\\/www.effe3ti.com\\\/#organization\"},\"image\":{\"@id\":\"https:\\\/\\\/www.effe3ti.com\\\/un-forno-tutto-nuovo\\\/#primaryimage\"},\"thumbnailUrl\":\"https:\\\/\\\/www.effe3ti.com\\\/wp-content\\\/uploads\\\/2021\\\/04\\\/Termoretrazione-1.jpg\",\"articleSection\":[\"Prodotto\"],\"inLanguage\":\"pt-PT\"},{\"@type\":\"WebPage\",\"@id\":\"https:\\\/\\\/www.effe3ti.com\\\/un-forno-tutto-nuovo\\\/\",\"url\":\"https:\\\/\\\/www.effe3ti.com\\\/un-forno-tutto-nuovo\\\/\",\"name\":\"Imballaggio con termoretrazione - Effe3ti\",\"isPartOf\":{\"@id\":\"https:\\\/\\\/www.effe3ti.com\\\/#website\"},\"primaryImageOfPage\":{\"@id\":\"https:\\\/\\\/www.effe3ti.com\\\/un-forno-tutto-nuovo\\\/#primaryimage\"},\"image\":{\"@id\":\"https:\\\/\\\/www.effe3ti.com\\\/un-forno-tutto-nuovo\\\/#primaryimage\"},\"thumbnailUrl\":\"https:\\\/\\\/www.effe3ti.com\\\/wp-content\\\/uploads\\\/2021\\\/04\\\/Termoretrazione-1.jpg\",\"datePublished\":\"2018-04-04T08:25:00+00:00\",\"dateModified\":\"2025-04-16T15:49:44+00:00\",\"description\":\"Con alimentazione a Gas o Elettrica, il nostro Forno di Termoretrazione \u00e8 un gioiello nella nostra gamma di macchine per l\u2019imballaggio\",\"breadcrumb\":{\"@id\":\"https:\\\/\\\/www.effe3ti.com\\\/un-forno-tutto-nuovo\\\/#breadcrumb\"},\"inLanguage\":\"pt-PT\",\"potentialAction\":[{\"@type\":\"ReadAction\",\"target\":[\"https:\\\/\\\/www.effe3ti.com\\\/un-forno-tutto-nuovo\\\/\"]}]},{\"@type\":\"ImageObject\",\"inLanguage\":\"pt-PT\",\"@id\":\"https:\\\/\\\/www.effe3ti.com\\\/un-forno-tutto-nuovo\\\/#primaryimage\",\"url\":\"https:\\\/\\\/www.effe3ti.com\\\/wp-content\\\/uploads\\\/2021\\\/04\\\/Termoretrazione-1.jpg\",\"contentUrl\":\"https:\\\/\\\/www.effe3ti.com\\\/wp-content\\\/uploads\\\/2021\\\/04\\\/Termoretrazione-1.jpg\",\"width\":200,\"height\":200,\"caption\":\"Termoretrazione\"},{\"@type\":\"BreadcrumbList\",\"@id\":\"https:\\\/\\\/www.effe3ti.com\\\/un-forno-tutto-nuovo\\\/#breadcrumb\",\"itemListElement\":[{\"@type\":\"ListItem\",\"position\":1,\"name\":\"Home\",\"item\":\"https:\\\/\\\/www.effe3ti.com\\\/\"},{\"@type\":\"ListItem\",\"position\":2,\"name\":\"Imballaggio con termoretrazione\"}]},{\"@type\":\"WebSite\",\"@id\":\"https:\\\/\\\/www.effe3ti.com\\\/#website\",\"url\":\"https:\\\/\\\/www.effe3ti.com\\\/\",\"name\":\"Effe3ti\",\"description\":\"Packaging Technologies\",\"publisher\":{\"@id\":\"https:\\\/\\\/www.effe3ti.com\\\/#organization\"},\"potentialAction\":[{\"@type\":\"SearchAction\",\"target\":{\"@type\":\"EntryPoint\",\"urlTemplate\":\"https:\\\/\\\/www.effe3ti.com\\\/?s={search_term_string}\"},\"query-input\":{\"@type\":\"PropertyValueSpecification\",\"valueRequired\":true,\"valueName\":\"search_term_string\"}}],\"inLanguage\":\"pt-PT\"},{\"@type\":\"Organization\",\"@id\":\"https:\\\/\\\/www.effe3ti.com\\\/#organization\",\"name\":\"Effe3ti\",\"alternateName\":\"f3t\",\"url\":\"https:\\\/\\\/www.effe3ti.com\\\/\",\"logo\":{\"@type\":\"ImageObject\",\"inLanguage\":\"pt-PT\",\"@id\":\"https:\\\/\\\/www.effe3ti.com\\\/#\\\/schema\\\/logo\\\/image\\\/\",\"url\":\"https:\\\/\\\/www.effe3ti.com\\\/wp-content\\\/uploads\\\/2021\\\/04\\\/Effe3ti_logo-350.gif\",\"contentUrl\":\"https:\\\/\\\/www.effe3ti.com\\\/wp-content\\\/uploads\\\/2021\\\/04\\\/Effe3ti_logo-350.gif\",\"width\":350,\"height\":128,\"caption\":\"Effe3ti\"},\"image\":{\"@id\":\"https:\\\/\\\/www.effe3ti.com\\\/#\\\/schema\\\/logo\\\/image\\\/\"},\"sameAs\":[\"https:\\\/\\\/www.facebook.com\\\/effe3ti.packaging\",\"https:\\\/\\\/www.instagram.com\\\/EFFE3TI\\\/\",\"https:\\\/\\\/www.linkedin.com\\\/company\\\/effe3ti-srl\",\"https:\\\/\\\/www.youtube.com\\\/effe3ti\"]},{\"@type\":\"Person\",\"@id\":\"https:\\\/\\\/www.effe3ti.com\\\/#\\\/schema\\\/person\\\/6cef6f087618c649ebbf63a4ea46e0d6\",\"name\":\"admin\",\"image\":{\"@type\":\"ImageObject\",\"inLanguage\":\"pt-PT\",\"@id\":\"https:\\\/\\\/secure.gravatar.com\\\/avatar\\\/b253dd15467b2329f0e140e2e96d7a7963ee736a560580d3f5e9ae1015d2b5fd?s=96&d=mm&r=g\",\"url\":\"https:\\\/\\\/secure.gravatar.com\\\/avatar\\\/b253dd15467b2329f0e140e2e96d7a7963ee736a560580d3f5e9ae1015d2b5fd?s=96&d=mm&r=g\",\"contentUrl\":\"https:\\\/\\\/secure.gravatar.com\\\/avatar\\\/b253dd15467b2329f0e140e2e96d7a7963ee736a560580d3f5e9ae1015d2b5fd?s=96&d=mm&r=g\",\"caption\":\"admin\"}}]}<\/script>\n<!-- \/ Yoast SEO plugin. -->","yoast_head_json":{"title":"Envolt\u00f3rio retr\u00e1til - Effe3ti","description":"Alimentado a g\u00e1s ou el\u00e9trico, nosso forno de envolt\u00f3rio retr\u00e1til \u00e9 uma joia em nossa linha de m\u00e1quinas de embalagem.","robots":{"index":"index","follow":"follow","max-snippet":"max-snippet:-1","max-image-preview":"max-image-preview:large","max-video-preview":"max-video-preview:-1"},"canonical":"https:\/\/www.effe3ti.com\/pt\/um-forno-novo\/","og_locale":"pt_PT","og_type":"article","og_title":"Imballaggio con termoretrazione - Effe3ti","og_description":"Con alimentazione a Gas o Elettrica, il nostro Forno di Termoretrazione \u00e8 un gioiello nella nostra gamma di macchine per l\u2019imballaggio","og_url":"https:\/\/www.effe3ti.com\/pt\/um-forno-novo\/","og_site_name":"Effe3ti","article_publisher":"https:\/\/www.facebook.com\/effe3ti.packaging","article_published_time":"2018-04-04T08:25:00+00:00","article_modified_time":"2025-04-16T15:49:44+00:00","og_image":[{"width":200,"height":200,"url":"https:\/\/www.effe3ti.com\/wp-content\/uploads\/2021\/04\/Termoretrazione-1.jpg","type":"image\/jpeg"}],"author":"admin","twitter_card":"summary_large_image","twitter_misc":{"Escrito por":"admin","Tempo estimado de leitura":"2 minutos"},"schema":{"@context":"https:\/\/schema.org","@graph":[{"@type":"Article","@id":"https:\/\/www.effe3ti.com\/un-forno-tutto-nuovo\/#article","isPartOf":{"@id":"https:\/\/www.effe3ti.com\/un-forno-tutto-nuovo\/"},"author":{"name":"admin","@id":"https:\/\/www.effe3ti.com\/#\/schema\/person\/6cef6f087618c649ebbf63a4ea46e0d6"},"headline":"Imballaggio con termoretrazione","datePublished":"2018-04-04T08:25:00+00:00","dateModified":"2025-04-16T15:49:44+00:00","mainEntityOfPage":{"@id":"https:\/\/www.effe3ti.com\/un-forno-tutto-nuovo\/"},"wordCount":293,"publisher":{"@id":"https:\/\/www.effe3ti.com\/#organization"},"image":{"@id":"https:\/\/www.effe3ti.com\/un-forno-tutto-nuovo\/#primaryimage"},"thumbnailUrl":"https:\/\/www.effe3ti.com\/wp-content\/uploads\/2021\/04\/Termoretrazione-1.jpg","articleSection":["Prodotto"],"inLanguage":"pt-PT"},{"@type":"WebPage","@id":"https:\/\/www.effe3ti.com\/un-forno-tutto-nuovo\/","url":"https:\/\/www.effe3ti.com\/un-forno-tutto-nuovo\/","name":"Envolt\u00f3rio retr\u00e1til - Effe3ti","isPartOf":{"@id":"https:\/\/www.effe3ti.com\/#website"},"primaryImageOfPage":{"@id":"https:\/\/www.effe3ti.com\/un-forno-tutto-nuovo\/#primaryimage"},"image":{"@id":"https:\/\/www.effe3ti.com\/un-forno-tutto-nuovo\/#primaryimage"},"thumbnailUrl":"https:\/\/www.effe3ti.com\/wp-content\/uploads\/2021\/04\/Termoretrazione-1.jpg","datePublished":"2018-04-04T08:25:00+00:00","dateModified":"2025-04-16T15:49:44+00:00","description":"Alimentado a g\u00e1s ou el\u00e9trico, nosso forno de envolt\u00f3rio retr\u00e1til \u00e9 uma joia em nossa linha de m\u00e1quinas de embalagem.","breadcrumb":{"@id":"https:\/\/www.effe3ti.com\/un-forno-tutto-nuovo\/#breadcrumb"},"inLanguage":"pt-PT","potentialAction":[{"@type":"ReadAction","target":["https:\/\/www.effe3ti.com\/un-forno-tutto-nuovo\/"]}]},{"@type":"ImageObject","inLanguage":"pt-PT","@id":"https:\/\/www.effe3ti.com\/un-forno-tutto-nuovo\/#primaryimage","url":"https:\/\/www.effe3ti.com\/wp-content\/uploads\/2021\/04\/Termoretrazione-1.jpg","contentUrl":"https:\/\/www.effe3ti.com\/wp-content\/uploads\/2021\/04\/Termoretrazione-1.jpg","width":200,"height":200,"caption":"Termoretrazione"},{"@type":"BreadcrumbList","@id":"https:\/\/www.effe3ti.com\/un-forno-tutto-nuovo\/#breadcrumb","itemListElement":[{"@type":"ListItem","position":1,"name":"Home","item":"https:\/\/www.effe3ti.com\/"},{"@type":"ListItem","position":2,"name":"Imballaggio con termoretrazione"}]},{"@type":"WebSite","@id":"https:\/\/www.effe3ti.com\/#website","url":"https:\/\/www.effe3ti.com\/","name":"Efe3ti","description":"Tecnologias de Embalagem","publisher":{"@id":"https:\/\/www.effe3ti.com\/#organization"},"potentialAction":[{"@type":"SearchAction","target":{"@type":"EntryPoint","urlTemplate":"https:\/\/www.effe3ti.com\/?s={search_term_string}"},"query-input":{"@type":"PropertyValueSpecification","valueRequired":true,"valueName":"search_term_string"}}],"inLanguage":"pt-PT"},{"@type":"Organization","@id":"https:\/\/www.effe3ti.com\/#organization","name":"Efe3ti","alternateName":"f3t","url":"https:\/\/www.effe3ti.com\/","logo":{"@type":"ImageObject","inLanguage":"pt-PT","@id":"https:\/\/www.effe3ti.com\/#\/schema\/logo\/image\/","url":"https:\/\/www.effe3ti.com\/wp-content\/uploads\/2021\/04\/Effe3ti_logo-350.gif","contentUrl":"https:\/\/www.effe3ti.com\/wp-content\/uploads\/2021\/04\/Effe3ti_logo-350.gif","width":350,"height":128,"caption":"Effe3ti"},"image":{"@id":"https:\/\/www.effe3ti.com\/#\/schema\/logo\/image\/"},"sameAs":["https:\/\/www.facebook.com\/effe3ti.packaging","https:\/\/www.instagram.com\/EFFE3TI\/","https:\/\/www.linkedin.com\/company\/effe3ti-srl","https:\/\/www.youtube.com\/effe3ti"]},{"@type":"Person","@id":"https:\/\/www.effe3ti.com\/#\/schema\/person\/6cef6f087618c649ebbf63a4ea46e0d6","name":"administrador","image":{"@type":"ImageObject","inLanguage":"pt-PT","@id":"https:\/\/secure.gravatar.com\/avatar\/b253dd15467b2329f0e140e2e96d7a7963ee736a560580d3f5e9ae1015d2b5fd?s=96&d=mm&r=g","url":"https:\/\/secure.gravatar.com\/avatar\/b253dd15467b2329f0e140e2e96d7a7963ee736a560580d3f5e9ae1015d2b5fd?s=96&d=mm&r=g","contentUrl":"https:\/\/secure.gravatar.com\/avatar\/b253dd15467b2329f0e140e2e96d7a7963ee736a560580d3f5e9ae1015d2b5fd?s=96&d=mm&r=g","caption":"admin"}}]}},"_links":{"self":[{"href":"https:\/\/www.effe3ti.com\/pt\/wp-json\/wp\/v2\/posts\/568","targetHints":{"allow":["GET"]}}],"collection":[{"href":"https:\/\/www.effe3ti.com\/pt\/wp-json\/wp\/v2\/posts"}],"about":[{"href":"https:\/\/www.effe3ti.com\/pt\/wp-json\/wp\/v2\/types\/post"}],"author":[{"embeddable":true,"href":"https:\/\/www.effe3ti.com\/pt\/wp-json\/wp\/v2\/users\/1"}],"replies":[{"embeddable":true,"href":"https:\/\/www.effe3ti.com\/pt\/wp-json\/wp\/v2\/comments?post=568"}],"version-history":[{"count":5,"href":"https:\/\/www.effe3ti.com\/pt\/wp-json\/wp\/v2\/posts\/568\/revisions"}],"predecessor-version":[{"id":22986,"href":"https:\/\/www.effe3ti.com\/pt\/wp-json\/wp\/v2\/posts\/568\/revisions\/22986"}],"wp:featuredmedia":[{"embeddable":true,"href":"https:\/\/www.effe3ti.com\/pt\/wp-json\/wp\/v2\/media\/106"}],"wp:attachment":[{"href":"https:\/\/www.effe3ti.com\/pt\/wp-json\/wp\/v2\/media?parent=568"}],"wp:term":[{"taxonomy":"category","embeddable":true,"href":"https:\/\/www.effe3ti.com\/pt\/wp-json\/wp\/v2\/categories?post=568"},{"taxonomy":"post_tag","embeddable":true,"href":"https:\/\/www.effe3ti.com\/pt\/wp-json\/wp\/v2\/tags?post=568"}],"curies":[{"name":"wp","href":"https:\/\/api.w.org\/{rel}","templated":true}]}}