{"id":810,"date":"2018-04-25T08:47:53","date_gmt":"2018-04-25T08:47:53","guid":{"rendered":"https:\/\/vps-de1b14d9.vps.ovh.net\/effe3ti\/?p=810"},"modified":"2025-04-15T12:43:08","modified_gmt":"2025-04-15T12:43:08","slug":"effe3ti-e-eficiencia-energetica","status":"publish","type":"post","link":"https:\/\/www.effe3ti.com\/pt\/effe3ti-e-lefficienza-energetica\/","title":{"rendered":"Effe3ti Packaging Technologies e efici\u00eancia energ\u00e9tica"},"content":{"rendered":"<p>A capacidade de um sistema f\u00edsico de atingir um determinado resultado usando menos energia do que outros sistemas (chamado de menos eficiente) geralmente aumenta o desempenho e permite economia de energia e redu\u00e7\u00e3o de custos operacionais. A efici\u00eancia energ\u00e9tica \u00e9, portanto, a capacidade de <strong>ser capaz de \u201cfazer mais com menos\u201d<\/strong>, adotando as melhores tecnologias e t\u00e9cnicas, bem como um comportamento mais consciente e respons\u00e1vel em rela\u00e7\u00e3o ao uso de energia.<\/p>\n\n\n\n<figure class=\"wp-block-image\"><img decoding=\"async\" src=\"https:\/\/www.effe3ti.com\/wp-content\/uploads\/2021\/04\/Azienda-1024x576.jpg\" alt=\"embalagem effe3ti\"\/><\/figure>\n\n\n\n<p><\/p>\n\n\n\n<h3 class=\"wp-block-heading\">Como a EFFE3ti Packaging Technologies se comporta?<\/h3>\n\n\n\n<p>A EFFE3ti Packaging Technologies \u00e9 uma empresa que se dedica ao estudo e projeto de <a href=\"https:\/\/www.effe3ti.com\/pt\/produtos-effe3ti\/\">m\u00e1quinas e sistemas de enrolamento<\/a> Para produtos em paletes, dedicados a todos os tipos de ind\u00fastria: da menor \u00e0 maior. Para isso, prestamos servi\u00e7os a diversas outras empresas: carpintaria, soldagem, pintura, eletricistas, etc.<\/p>\n\n\n\n<p>Com exce\u00e7\u00e3o de alguns componentes que somos obrigados a comprar de grandes empresas (por exemplo, pain\u00e9is de controle da Siemens), nossa filosofia sempre foi buscar <strong>o melhor produto na menor dist\u00e2ncia<\/strong>. \u00c9 por isso que todos os nossos parceiros de produ\u00e7\u00e3o est\u00e3o localizados num raio de 30 km de Gattinara, onde fica nossa sede.<\/p>\n\n\n\n<p>Isto significa poder usufruir de uma s\u00e9rie de vantagens, como a possibilidade de <strong>verificar<\/strong> do artefato, a possibilidade de realizar alguma <strong>corre\u00e7\u00f5es<\/strong> durante a fase de trabalho, a vantagem de ter uma <strong>entrevista<\/strong> direto com quem produz as pe\u00e7as que precisamos, o prazer de poder dar <strong>Trabalhar<\/strong> aos artes\u00e3os da nossa regi\u00e3o, etc.<\/p>\n\n\n\n<h3 class=\"wp-block-heading\">Quais resultados?<\/h3>\n\n\n\n<p>Junto com todas as nossas vantagens podemos destacar com orgulho que desta forma nossa empresa obt\u00e9m uma <strong>melhor efici\u00eancia energ\u00e9tica.<\/strong><\/p>\n\n\n\n<ul class=\"wp-block-list\">\n<li>Selecionamos os materiais que usamos<\/li>\n\n\n\n<li>N\u00f3s conhecemos pessoalmente nossos artes\u00e3os<\/li>\n\n\n\n<li>Produzimos menos CO2 gra\u00e7as \u00e0 redu\u00e7\u00e3o do transporte de materiais<\/li>\n\n\n\n<li>Produzimos menos desperd\u00edcios de produ\u00e7\u00e3o gra\u00e7as \u00e0 capacidade de corrigir erros em tempo real<\/li>\n<\/ul>\n\n\n\n<p>\u2026e tamb\u00e9m<\/p>\n\n\n\n<ul class=\"wp-block-list\">\n<li>Tentamos otimizar os ambientes de trabalho<\/li>\n\n\n\n<li>Eliminamos elementos poluentes como Eternit de nossos armaz\u00e9ns<\/li>\n\n\n\n<li>Reciclamos o m\u00e1ximo poss\u00edvel as embalagens dos produtos que recebemos, prensando papel, papel\u00e3o e pl\u00e1stico e enviando os fardos para empresas que trabalham com materiais recicl\u00e1veis.<\/li>\n\n\n\n<li>N\u00f3s enviamos nossos produtos aos clientes usando embalagens de metal que podem ser reutilizadas praticamente infinitamente.<\/li>\n<\/ul>\n\n\n\n<figure class=\"wp-block-image\"><img decoding=\"async\" src=\"https:\/\/www.effe3ti.com\/wp-content\/uploads\/2021\/04\/Riciclo-1024x576.jpg\" alt=\"reciclagem de materiais\"\/><\/figure>\n\n\n\n<p><\/p>\n\n\n\n<p>Nestes tempos em que a embalagem \u00e9 apontada como a principal causa da polui\u00e7\u00e3o, \u00e0 nossa maneira tentamos dar a nossa contribui\u00e7\u00e3o para o meio ambiente, desenvolvendo dispositivos que utilizem a menor quantidade poss\u00edvel de consum\u00edveis e juntos tentamos ser o mais eficientes energeticamente poss\u00edvel.<\/p>\n\n\n\n<h4 class=\"wp-block-heading\">Pergunte-nos o que podemos fazer para melhorar sua embalagem<\/h4>","protected":false},"excerpt":{"rendered":"<p>La capacit\u00e0 di un sistema fisico di ottenere un certo risultato utilizzando meno energia rispetto ad altri sistemi (detti a minor efficienza), aumenta generalmente il rendimento e consente un risparmio energetico ed una riduzione dei costi di esercizio. Efficienza energetica \u00e8 dunque la capacit\u00e0 di riuscire a \u201cfare di pi\u00f9 con meno\u201d, adottando le migliori [&hellip;]<\/p>\n","protected":false},"author":1,"featured_media":814,"comment_status":"closed","ping_status":"closed","sticky":false,"template":"","format":"standard","meta":{"footnotes":""},"categories":[42],"tags":[],"class_list":["post-810","post","type-post","status-publish","format-standard","has-post-thumbnail","hentry","category-news-approfondimenti"],"yoast_head":"<!-- This site is optimized with the Yoast SEO plugin v27.5 - https:\/\/yoast.com\/product\/yoast-seo-wordpress\/ -->\n<title>Effe3ti Packaging Technologies e l&#039;efficienza energetica - Effe3ti<\/title>\n<meta name=\"description\" content=\"EFFE3ti packaging si occupa dello studio e progettazione di macchine e impianti di avvolgimento per tutti i tipi di industria\" \/>\n<meta name=\"robots\" content=\"index, follow, max-snippet:-1, max-image-preview:large, max-video-preview:-1\" \/>\n<link rel=\"canonical\" href=\"https:\/\/www.effe3ti.com\/pt\/effe3ti-e-eficiencia-energetica\/\" \/>\n<meta property=\"og:locale\" content=\"pt_PT\" \/>\n<meta property=\"og:type\" content=\"article\" \/>\n<meta property=\"og:title\" content=\"Effe3ti Packaging Technologies e l&#039;efficienza energetica - Effe3ti\" \/>\n<meta property=\"og:description\" content=\"EFFE3ti packaging si occupa dello studio e progettazione di macchine e impianti di avvolgimento per tutti i tipi di industria\" \/>\n<meta property=\"og:url\" content=\"https:\/\/www.effe3ti.com\/pt\/effe3ti-e-eficiencia-energetica\/\" \/>\n<meta property=\"og:site_name\" content=\"Effe3ti\" \/>\n<meta property=\"article:publisher\" content=\"https:\/\/www.facebook.com\/effe3ti.packaging\" \/>\n<meta property=\"article:published_time\" content=\"2018-04-25T08:47:53+00:00\" \/>\n<meta property=\"article:modified_time\" content=\"2025-04-15T12:43:08+00:00\" \/>\n<meta property=\"og:image\" content=\"https:\/\/www.effe3ti.com\/wp-content\/uploads\/2021\/04\/Riciclo.jpg\" \/>\n\t<meta property=\"og:image:width\" content=\"1600\" \/>\n\t<meta property=\"og:image:height\" content=\"900\" \/>\n\t<meta property=\"og:image:type\" content=\"image\/jpeg\" \/>\n<meta name=\"author\" content=\"admin\" \/>\n<meta name=\"twitter:card\" content=\"summary_large_image\" \/>\n<meta name=\"twitter:label1\" content=\"Escrito por\" \/>\n\t<meta name=\"twitter:data1\" content=\"admin\" \/>\n\t<meta name=\"twitter:label2\" content=\"Tempo estimado de leitura\" \/>\n\t<meta name=\"twitter:data2\" content=\"3 minutos\" \/>\n<script type=\"application\/ld+json\" class=\"yoast-schema-graph\">{\"@context\":\"https:\\\/\\\/schema.org\",\"@graph\":[{\"@type\":\"Article\",\"@id\":\"https:\\\/\\\/www.effe3ti.com\\\/effe3ti-e-lefficienza-energetica\\\/#article\",\"isPartOf\":{\"@id\":\"https:\\\/\\\/www.effe3ti.com\\\/effe3ti-e-lefficienza-energetica\\\/\"},\"author\":{\"name\":\"admin\",\"@id\":\"https:\\\/\\\/www.effe3ti.com\\\/#\\\/schema\\\/person\\\/6cef6f087618c649ebbf63a4ea46e0d6\"},\"headline\":\"Effe3ti Packaging Technologies e l&#8217;efficienza energetica\",\"datePublished\":\"2018-04-25T08:47:53+00:00\",\"dateModified\":\"2025-04-15T12:43:08+00:00\",\"mainEntityOfPage\":{\"@id\":\"https:\\\/\\\/www.effe3ti.com\\\/effe3ti-e-lefficienza-energetica\\\/\"},\"wordCount\":431,\"publisher\":{\"@id\":\"https:\\\/\\\/www.effe3ti.com\\\/#organization\"},\"image\":{\"@id\":\"https:\\\/\\\/www.effe3ti.com\\\/effe3ti-e-lefficienza-energetica\\\/#primaryimage\"},\"thumbnailUrl\":\"https:\\\/\\\/www.effe3ti.com\\\/wp-content\\\/uploads\\\/2021\\\/04\\\/Riciclo.jpg\",\"articleSection\":[\"Approfondimenti\"],\"inLanguage\":\"pt-PT\"},{\"@type\":\"WebPage\",\"@id\":\"https:\\\/\\\/www.effe3ti.com\\\/effe3ti-e-lefficienza-energetica\\\/\",\"url\":\"https:\\\/\\\/www.effe3ti.com\\\/effe3ti-e-lefficienza-energetica\\\/\",\"name\":\"Effe3ti Packaging Technologies e l'efficienza energetica - Effe3ti\",\"isPartOf\":{\"@id\":\"https:\\\/\\\/www.effe3ti.com\\\/#website\"},\"primaryImageOfPage\":{\"@id\":\"https:\\\/\\\/www.effe3ti.com\\\/effe3ti-e-lefficienza-energetica\\\/#primaryimage\"},\"image\":{\"@id\":\"https:\\\/\\\/www.effe3ti.com\\\/effe3ti-e-lefficienza-energetica\\\/#primaryimage\"},\"thumbnailUrl\":\"https:\\\/\\\/www.effe3ti.com\\\/wp-content\\\/uploads\\\/2021\\\/04\\\/Riciclo.jpg\",\"datePublished\":\"2018-04-25T08:47:53+00:00\",\"dateModified\":\"2025-04-15T12:43:08+00:00\",\"description\":\"EFFE3ti packaging si occupa dello studio e progettazione di macchine e impianti di avvolgimento per tutti i tipi di industria\",\"breadcrumb\":{\"@id\":\"https:\\\/\\\/www.effe3ti.com\\\/effe3ti-e-lefficienza-energetica\\\/#breadcrumb\"},\"inLanguage\":\"pt-PT\",\"potentialAction\":[{\"@type\":\"ReadAction\",\"target\":[\"https:\\\/\\\/www.effe3ti.com\\\/effe3ti-e-lefficienza-energetica\\\/\"]}]},{\"@type\":\"ImageObject\",\"inLanguage\":\"pt-PT\",\"@id\":\"https:\\\/\\\/www.effe3ti.com\\\/effe3ti-e-lefficienza-energetica\\\/#primaryimage\",\"url\":\"https:\\\/\\\/www.effe3ti.com\\\/wp-content\\\/uploads\\\/2021\\\/04\\\/Riciclo.jpg\",\"contentUrl\":\"https:\\\/\\\/www.effe3ti.com\\\/wp-content\\\/uploads\\\/2021\\\/04\\\/Riciclo.jpg\",\"width\":1600,\"height\":900,\"caption\":\"riciclo materiali\"},{\"@type\":\"BreadcrumbList\",\"@id\":\"https:\\\/\\\/www.effe3ti.com\\\/effe3ti-e-lefficienza-energetica\\\/#breadcrumb\",\"itemListElement\":[{\"@type\":\"ListItem\",\"position\":1,\"name\":\"Home\",\"item\":\"https:\\\/\\\/www.effe3ti.com\\\/\"},{\"@type\":\"ListItem\",\"position\":2,\"name\":\"Effe3ti Packaging Technologies e l&#8217;efficienza energetica\"}]},{\"@type\":\"WebSite\",\"@id\":\"https:\\\/\\\/www.effe3ti.com\\\/#website\",\"url\":\"https:\\\/\\\/www.effe3ti.com\\\/\",\"name\":\"Effe3ti\",\"description\":\"Packaging Technologies\",\"publisher\":{\"@id\":\"https:\\\/\\\/www.effe3ti.com\\\/#organization\"},\"potentialAction\":[{\"@type\":\"SearchAction\",\"target\":{\"@type\":\"EntryPoint\",\"urlTemplate\":\"https:\\\/\\\/www.effe3ti.com\\\/?s={search_term_string}\"},\"query-input\":{\"@type\":\"PropertyValueSpecification\",\"valueRequired\":true,\"valueName\":\"search_term_string\"}}],\"inLanguage\":\"pt-PT\"},{\"@type\":\"Organization\",\"@id\":\"https:\\\/\\\/www.effe3ti.com\\\/#organization\",\"name\":\"Effe3ti\",\"alternateName\":\"f3t\",\"url\":\"https:\\\/\\\/www.effe3ti.com\\\/\",\"logo\":{\"@type\":\"ImageObject\",\"inLanguage\":\"pt-PT\",\"@id\":\"https:\\\/\\\/www.effe3ti.com\\\/#\\\/schema\\\/logo\\\/image\\\/\",\"url\":\"https:\\\/\\\/www.effe3ti.com\\\/wp-content\\\/uploads\\\/2021\\\/04\\\/Effe3ti_logo-350.gif\",\"contentUrl\":\"https:\\\/\\\/www.effe3ti.com\\\/wp-content\\\/uploads\\\/2021\\\/04\\\/Effe3ti_logo-350.gif\",\"width\":350,\"height\":128,\"caption\":\"Effe3ti\"},\"image\":{\"@id\":\"https:\\\/\\\/www.effe3ti.com\\\/#\\\/schema\\\/logo\\\/image\\\/\"},\"sameAs\":[\"https:\\\/\\\/www.facebook.com\\\/effe3ti.packaging\",\"https:\\\/\\\/www.instagram.com\\\/EFFE3TI\\\/\",\"https:\\\/\\\/www.linkedin.com\\\/company\\\/effe3ti-srl\",\"https:\\\/\\\/www.youtube.com\\\/effe3ti\"]},{\"@type\":\"Person\",\"@id\":\"https:\\\/\\\/www.effe3ti.com\\\/#\\\/schema\\\/person\\\/6cef6f087618c649ebbf63a4ea46e0d6\",\"name\":\"admin\",\"image\":{\"@type\":\"ImageObject\",\"inLanguage\":\"pt-PT\",\"@id\":\"https:\\\/\\\/secure.gravatar.com\\\/avatar\\\/b253dd15467b2329f0e140e2e96d7a7963ee736a560580d3f5e9ae1015d2b5fd?s=96&d=mm&r=g\",\"url\":\"https:\\\/\\\/secure.gravatar.com\\\/avatar\\\/b253dd15467b2329f0e140e2e96d7a7963ee736a560580d3f5e9ae1015d2b5fd?s=96&d=mm&r=g\",\"contentUrl\":\"https:\\\/\\\/secure.gravatar.com\\\/avatar\\\/b253dd15467b2329f0e140e2e96d7a7963ee736a560580d3f5e9ae1015d2b5fd?s=96&d=mm&r=g\",\"caption\":\"admin\"}}]}<\/script>\n<!-- \/ Yoast SEO plugin. -->","yoast_head_json":{"title":"Tecnologias de Embalagem e Efici\u00eancia Energ\u00e9tica da Effe3ti - Effe3ti","description":"A EFFE3ti Packaging dedica-se ao estudo e projeto de m\u00e1quinas e sistemas de embalagem para todos os tipos de ind\u00fastria.","robots":{"index":"index","follow":"follow","max-snippet":"max-snippet:-1","max-image-preview":"max-image-preview:large","max-video-preview":"max-video-preview:-1"},"canonical":"https:\/\/www.effe3ti.com\/pt\/effe3ti-e-eficiencia-energetica\/","og_locale":"pt_PT","og_type":"article","og_title":"Effe3ti Packaging Technologies e l'efficienza energetica - Effe3ti","og_description":"EFFE3ti packaging si occupa dello studio e progettazione di macchine e impianti di avvolgimento per tutti i tipi di industria","og_url":"https:\/\/www.effe3ti.com\/pt\/effe3ti-e-eficiencia-energetica\/","og_site_name":"Effe3ti","article_publisher":"https:\/\/www.facebook.com\/effe3ti.packaging","article_published_time":"2018-04-25T08:47:53+00:00","article_modified_time":"2025-04-15T12:43:08+00:00","og_image":[{"width":1600,"height":900,"url":"https:\/\/www.effe3ti.com\/wp-content\/uploads\/2021\/04\/Riciclo.jpg","type":"image\/jpeg"}],"author":"admin","twitter_card":"summary_large_image","twitter_misc":{"Escrito por":"admin","Tempo estimado de leitura":"3 minutos"},"schema":{"@context":"https:\/\/schema.org","@graph":[{"@type":"Article","@id":"https:\/\/www.effe3ti.com\/effe3ti-e-lefficienza-energetica\/#article","isPartOf":{"@id":"https:\/\/www.effe3ti.com\/effe3ti-e-lefficienza-energetica\/"},"author":{"name":"admin","@id":"https:\/\/www.effe3ti.com\/#\/schema\/person\/6cef6f087618c649ebbf63a4ea46e0d6"},"headline":"Effe3ti Packaging Technologies e l&#8217;efficienza energetica","datePublished":"2018-04-25T08:47:53+00:00","dateModified":"2025-04-15T12:43:08+00:00","mainEntityOfPage":{"@id":"https:\/\/www.effe3ti.com\/effe3ti-e-lefficienza-energetica\/"},"wordCount":431,"publisher":{"@id":"https:\/\/www.effe3ti.com\/#organization"},"image":{"@id":"https:\/\/www.effe3ti.com\/effe3ti-e-lefficienza-energetica\/#primaryimage"},"thumbnailUrl":"https:\/\/www.effe3ti.com\/wp-content\/uploads\/2021\/04\/Riciclo.jpg","articleSection":["Approfondimenti"],"inLanguage":"pt-PT"},{"@type":"WebPage","@id":"https:\/\/www.effe3ti.com\/effe3ti-e-lefficienza-energetica\/","url":"https:\/\/www.effe3ti.com\/effe3ti-e-lefficienza-energetica\/","name":"Tecnologias de Embalagem e Efici\u00eancia Energ\u00e9tica da Effe3ti - Effe3ti","isPartOf":{"@id":"https:\/\/www.effe3ti.com\/#website"},"primaryImageOfPage":{"@id":"https:\/\/www.effe3ti.com\/effe3ti-e-lefficienza-energetica\/#primaryimage"},"image":{"@id":"https:\/\/www.effe3ti.com\/effe3ti-e-lefficienza-energetica\/#primaryimage"},"thumbnailUrl":"https:\/\/www.effe3ti.com\/wp-content\/uploads\/2021\/04\/Riciclo.jpg","datePublished":"2018-04-25T08:47:53+00:00","dateModified":"2025-04-15T12:43:08+00:00","description":"A EFFE3ti Packaging dedica-se ao estudo e projeto de m\u00e1quinas e sistemas de embalagem para todos os tipos de ind\u00fastria.","breadcrumb":{"@id":"https:\/\/www.effe3ti.com\/effe3ti-e-lefficienza-energetica\/#breadcrumb"},"inLanguage":"pt-PT","potentialAction":[{"@type":"ReadAction","target":["https:\/\/www.effe3ti.com\/effe3ti-e-lefficienza-energetica\/"]}]},{"@type":"ImageObject","inLanguage":"pt-PT","@id":"https:\/\/www.effe3ti.com\/effe3ti-e-lefficienza-energetica\/#primaryimage","url":"https:\/\/www.effe3ti.com\/wp-content\/uploads\/2021\/04\/Riciclo.jpg","contentUrl":"https:\/\/www.effe3ti.com\/wp-content\/uploads\/2021\/04\/Riciclo.jpg","width":1600,"height":900,"caption":"riciclo materiali"},{"@type":"BreadcrumbList","@id":"https:\/\/www.effe3ti.com\/effe3ti-e-lefficienza-energetica\/#breadcrumb","itemListElement":[{"@type":"ListItem","position":1,"name":"Home","item":"https:\/\/www.effe3ti.com\/"},{"@type":"ListItem","position":2,"name":"Effe3ti Packaging Technologies e l&#8217;efficienza energetica"}]},{"@type":"WebSite","@id":"https:\/\/www.effe3ti.com\/#website","url":"https:\/\/www.effe3ti.com\/","name":"Efe3ti","description":"Tecnologias de Embalagem","publisher":{"@id":"https:\/\/www.effe3ti.com\/#organization"},"potentialAction":[{"@type":"SearchAction","target":{"@type":"EntryPoint","urlTemplate":"https:\/\/www.effe3ti.com\/?s={search_term_string}"},"query-input":{"@type":"PropertyValueSpecification","valueRequired":true,"valueName":"search_term_string"}}],"inLanguage":"pt-PT"},{"@type":"Organization","@id":"https:\/\/www.effe3ti.com\/#organization","name":"Efe3ti","alternateName":"f3t","url":"https:\/\/www.effe3ti.com\/","logo":{"@type":"ImageObject","inLanguage":"pt-PT","@id":"https:\/\/www.effe3ti.com\/#\/schema\/logo\/image\/","url":"https:\/\/www.effe3ti.com\/wp-content\/uploads\/2021\/04\/Effe3ti_logo-350.gif","contentUrl":"https:\/\/www.effe3ti.com\/wp-content\/uploads\/2021\/04\/Effe3ti_logo-350.gif","width":350,"height":128,"caption":"Effe3ti"},"image":{"@id":"https:\/\/www.effe3ti.com\/#\/schema\/logo\/image\/"},"sameAs":["https:\/\/www.facebook.com\/effe3ti.packaging","https:\/\/www.instagram.com\/EFFE3TI\/","https:\/\/www.linkedin.com\/company\/effe3ti-srl","https:\/\/www.youtube.com\/effe3ti"]},{"@type":"Person","@id":"https:\/\/www.effe3ti.com\/#\/schema\/person\/6cef6f087618c649ebbf63a4ea46e0d6","name":"administrador","image":{"@type":"ImageObject","inLanguage":"pt-PT","@id":"https:\/\/secure.gravatar.com\/avatar\/b253dd15467b2329f0e140e2e96d7a7963ee736a560580d3f5e9ae1015d2b5fd?s=96&d=mm&r=g","url":"https:\/\/secure.gravatar.com\/avatar\/b253dd15467b2329f0e140e2e96d7a7963ee736a560580d3f5e9ae1015d2b5fd?s=96&d=mm&r=g","contentUrl":"https:\/\/secure.gravatar.com\/avatar\/b253dd15467b2329f0e140e2e96d7a7963ee736a560580d3f5e9ae1015d2b5fd?s=96&d=mm&r=g","caption":"admin"}}]}},"_links":{"self":[{"href":"https:\/\/www.effe3ti.com\/pt\/wp-json\/wp\/v2\/posts\/810","targetHints":{"allow":["GET"]}}],"collection":[{"href":"https:\/\/www.effe3ti.com\/pt\/wp-json\/wp\/v2\/posts"}],"about":[{"href":"https:\/\/www.effe3ti.com\/pt\/wp-json\/wp\/v2\/types\/post"}],"author":[{"embeddable":true,"href":"https:\/\/www.effe3ti.com\/pt\/wp-json\/wp\/v2\/users\/1"}],"replies":[{"embeddable":true,"href":"https:\/\/www.effe3ti.com\/pt\/wp-json\/wp\/v2\/comments?post=810"}],"version-history":[{"count":4,"href":"https:\/\/www.effe3ti.com\/pt\/wp-json\/wp\/v2\/posts\/810\/revisions"}],"predecessor-version":[{"id":22962,"href":"https:\/\/www.effe3ti.com\/pt\/wp-json\/wp\/v2\/posts\/810\/revisions\/22962"}],"wp:featuredmedia":[{"embeddable":true,"href":"https:\/\/www.effe3ti.com\/pt\/wp-json\/wp\/v2\/media\/814"}],"wp:attachment":[{"href":"https:\/\/www.effe3ti.com\/pt\/wp-json\/wp\/v2\/media?parent=810"}],"wp:term":[{"taxonomy":"category","embeddable":true,"href":"https:\/\/www.effe3ti.com\/pt\/wp-json\/wp\/v2\/categories?post=810"},{"taxonomy":"post_tag","embeddable":true,"href":"https:\/\/www.effe3ti.com\/pt\/wp-json\/wp\/v2\/tags?post=810"}],"curies":[{"name":"wp","href":"https:\/\/api.w.org\/{rel}","templated":true}]}}